{"id":14427,"date":"2023-10-18T16:05:03","date_gmt":"2023-10-18T14:05:03","guid":{"rendered":"https:\/\/www.naturparkmagazin.de\/stechlin\/?p=14427"},"modified":"2023-10-26T11:36:23","modified_gmt":"2023-10-26T09:36:23","slug":"6-landwirtschaftstag-unter-dem-motto-hofnachfolge","status":"publish","type":"post","link":"https:\/\/www.naturparkmagazin.de\/stechlin\/6-landwirtschaftstag-unter-dem-motto-hofnachfolge\/","title":{"rendered":"6. Landwirtschaftstag unter dem Motto Hofnachfolge"},"content":{"rendered":"<p>Unter dem Motto &#8222;Hofnachfolge&#8220; haben die Organisatoren des 6. Landwirtschaftstages im Naturpark Stechlin-Ruppiner Land wieder eine bunte Mischung an Themen zusammengestellt.<\/p>\n<p>Am <strong>16. November 2023<\/strong> treffen sich in der <strong>Regionalwerkstatt Stechlin in Menz<\/strong> wieder interessierte Landwirte aus der Region, um mit den Initiatoren und eingeladenen Referenten des mittlerweile 6. Landwirtschaftstages ins Gespr\u00e4ch zu kommen.<\/p>\n<p>Dabei reichen die Themen von <em>&#8222;Gemeinwohlzertifizierung als Chance&#8220;<\/em>, \u00fcber <em>&#8222;F\u00f6rderm\u00f6glichkeiten von Hof\u00fcbergaben im Mentoringprogramm des Junglandwirteprojekts der F\u00f6rdergemenischaft \u00d6kologischer Landbau (F\u00d6L)&#8220;<\/em> und <em>&#8222;Hofnachfolge in Brandenburg &#8211; Situation, Herausforderungen und L\u00f6sungswege&#8220;<\/em> bis hin zu<em> &#8222;Auswertung des laufenden Kennartenprogramms. Wie Betriebe F\u00f6rdergeldern erhalten k\u00f6nnen.&#8220;.<\/em><\/p>\n<p><strong>Beginnen<\/strong> wird die Veranstaltung <strong>10.00 Uhr<\/strong> und wird etwa gegen <strong>16.00 Uhr enden<\/strong>.<\/p>\n<div id=\"attachment_14482\" style=\"width: 310px\" class=\"wp-caption aligncenter\"><a href=\"https:\/\/www.naturparkmagazin.de\/stechlin\/wp-content\/uploads\/sites\/38\/Programm-6.-Landwirtschaftstag.jpg\"><img aria-describedby=\"caption-attachment-14482\" decoding=\"async\" loading=\"lazy\" class=\"size-full wp-image-14482\" src=\"https:\/\/www.naturparkmagazin.de\/stechlin\/wp-content\/uploads\/sites\/38\/Programm-6.-Landwirtschaftstag.jpg\" alt=\"\" width=\"300\" height=\"425\" srcset=\"https:\/\/www.naturparkmagazin.de\/stechlin\/wp-content\/uploads\/sites\/38\/Programm-6.-Landwirtschaftstag.jpg 300w, https:\/\/www.naturparkmagazin.de\/stechlin\/wp-content\/uploads\/sites\/38\/Programm-6.-Landwirtschaftstag-200x283.jpg 200w\" sizes=\"(max-width: 300px) 100vw, 300px\" \/><\/a><p id=\"caption-attachment-14482\" class=\"wp-caption-text\">Programm 6. Landwirtschaftstag\u00a9 Rheinsberger Preussenquelle<\/p><\/div>\n","protected":false},"excerpt":{"rendered":"<p>Unter dem Motto &#8222;Hofnachfolge&#8220; haben die Organisatoren des 6. Landwirtschaftstages im Naturpark Stechlin-Ruppiner Land wieder eine bunte Mischung an Themen zusammengestellt.<\/p>\n","protected":false},"author":39,"featured_media":12683,"comment_status":"open","ping_status":"open","sticky":false,"template":"","format":"standard","meta":[],"categories":[11],"tags":[],"yoast_head":"<!-- This site is optimized with the Yoast SEO plugin v19.10 - https:\/\/yoast.com\/wordpress\/plugins\/seo\/ -->\n<title>6. Landwirtschaftstag unter dem Motto Hofnachfolge - Naturpark Stechlin-Ruppiner Land<\/title>\n<meta name=\"robots\" content=\"index, follow, max-snippet:-1, max-image-preview:large, max-video-preview:-1\" \/>\n<link rel=\"canonical\" href=\"https:\/\/www.naturparkmagazin.de\/stechlin\/6-landwirtschaftstag-unter-dem-motto-hofnachfolge\/\" \/>\n<meta property=\"og:locale\" content=\"de_DE\" \/>\n<meta property=\"og:type\" content=\"article\" \/>\n<meta property=\"og:title\" content=\"6. Landwirtschaftstag unter dem Motto Hofnachfolge - Naturpark Stechlin-Ruppiner Land\" \/>\n<meta property=\"og:description\" content=\"Unter dem Motto &quot;Hofnachfolge&quot; haben die Organisatoren des 6. Landwirtschaftstages im Naturpark Stechlin-Ruppiner Land wieder eine bunte Mischung an Themen zusammengestellt.\" \/>\n<meta property=\"og:url\" content=\"https:\/\/www.naturparkmagazin.de\/stechlin\/6-landwirtschaftstag-unter-dem-motto-hofnachfolge\/\" \/>\n<meta property=\"og:site_name\" content=\"Naturpark Stechlin-Ruppiner Land\" \/>\n<meta property=\"article:published_time\" content=\"2023-10-18T14:05:03+00:00\" \/>\n<meta property=\"article:modified_time\" content=\"2023-10-26T09:36:23+00:00\" \/>\n<meta property=\"og:image\" content=\"https:\/\/www.naturparkmagazin.de\/stechlin\/wp-content\/uploads\/sites\/38\/header_a.jpg\" \/>\n\t<meta property=\"og:image:width\" content=\"200\" \/>\n\t<meta property=\"og:image:height\" content=\"200\" \/>\n\t<meta property=\"og:image:type\" content=\"image\/jpeg\" \/>\n<meta name=\"author\" content=\"marioschrumpf\" \/>\n<meta name=\"twitter:label1\" content=\"Verfasst von\" \/>\n\t<meta name=\"twitter:data1\" content=\"marioschrumpf\" \/>\n\t<meta name=\"twitter:label2\" content=\"Gesch\u00e4tzte Lesezeit\" \/>\n\t<meta name=\"twitter:data2\" content=\"1\u00a0Minute\" \/>\n<script type=\"application\/ld+json\" class=\"yoast-schema-graph\">{\"@context\":\"https:\/\/schema.org\",\"@graph\":[{\"@type\":\"WebPage\",\"@id\":\"https:\/\/www.naturparkmagazin.de\/stechlin\/6-landwirtschaftstag-unter-dem-motto-hofnachfolge\/\",\"url\":\"https:\/\/www.naturparkmagazin.de\/stechlin\/6-landwirtschaftstag-unter-dem-motto-hofnachfolge\/\",\"name\":\"6. Landwirtschaftstag unter dem Motto Hofnachfolge - Naturpark Stechlin-Ruppiner Land\",\"isPartOf\":{\"@id\":\"https:\/\/www.naturparkmagazin.de\/stechlin\/#website\"},\"datePublished\":\"2023-10-18T14:05:03+00:00\",\"dateModified\":\"2023-10-26T09:36:23+00:00\",\"author\":{\"@id\":\"https:\/\/www.naturparkmagazin.de\/stechlin\/#\/schema\/person\/3f0d93203df21c806dd63c76d9bb28bc\"},\"breadcrumb\":{\"@id\":\"https:\/\/www.naturparkmagazin.de\/stechlin\/6-landwirtschaftstag-unter-dem-motto-hofnachfolge\/#breadcrumb\"},\"inLanguage\":\"de\",\"potentialAction\":[{\"@type\":\"ReadAction\",\"target\":[\"https:\/\/www.naturparkmagazin.de\/stechlin\/6-landwirtschaftstag-unter-dem-motto-hofnachfolge\/\"]}]},{\"@type\":\"BreadcrumbList\",\"@id\":\"https:\/\/www.naturparkmagazin.de\/stechlin\/6-landwirtschaftstag-unter-dem-motto-hofnachfolge\/#breadcrumb\",\"itemListElement\":[{\"@type\":\"ListItem\",\"position\":1,\"name\":\"Home\",\"item\":\"https:\/\/www.naturparkmagazin.de\/stechlin\/\"},{\"@type\":\"ListItem\",\"position\":2,\"name\":\"6. Landwirtschaftstag unter dem Motto Hofnachfolge\"}]},{\"@type\":\"WebSite\",\"@id\":\"https:\/\/www.naturparkmagazin.de\/stechlin\/#website\",\"url\":\"https:\/\/www.naturparkmagazin.de\/stechlin\/\",\"name\":\"Naturpark Stechlin-Ruppiner Land\",\"description\":\"\",\"potentialAction\":[{\"@type\":\"SearchAction\",\"target\":{\"@type\":\"EntryPoint\",\"urlTemplate\":\"https:\/\/www.naturparkmagazin.de\/stechlin\/?s={search_term_string}\"},\"query-input\":\"required name=search_term_string\"}],\"inLanguage\":\"de\"},{\"@type\":\"Person\",\"@id\":\"https:\/\/www.naturparkmagazin.de\/stechlin\/#\/schema\/person\/3f0d93203df21c806dd63c76d9bb28bc\",\"name\":\"marioschrumpf\",\"url\":\"https:\/\/www.naturparkmagazin.de\/stechlin\/author\/marioschrumpf\/\"}]}<\/script>\n<!-- \/ Yoast SEO plugin. -->","yoast_head_json":{"title":"6. Landwirtschaftstag unter dem Motto Hofnachfolge - Naturpark Stechlin-Ruppiner Land","robots":{"index":"index","follow":"follow","max-snippet":"max-snippet:-1","max-image-preview":"max-image-preview:large","max-video-preview":"max-video-preview:-1"},"canonical":"https:\/\/www.naturparkmagazin.de\/stechlin\/6-landwirtschaftstag-unter-dem-motto-hofnachfolge\/","og_locale":"de_DE","og_type":"article","og_title":"6. Landwirtschaftstag unter dem Motto Hofnachfolge - Naturpark Stechlin-Ruppiner Land","og_description":"Unter dem Motto \"Hofnachfolge\" haben die Organisatoren des 6. Landwirtschaftstages im Naturpark Stechlin-Ruppiner Land wieder eine bunte Mischung an Themen zusammengestellt.","og_url":"https:\/\/www.naturparkmagazin.de\/stechlin\/6-landwirtschaftstag-unter-dem-motto-hofnachfolge\/","og_site_name":"Naturpark Stechlin-Ruppiner Land","article_published_time":"2023-10-18T14:05:03+00:00","article_modified_time":"2023-10-26T09:36:23+00:00","og_image":[{"width":200,"height":200,"url":"https:\/\/www.naturparkmagazin.de\/stechlin\/wp-content\/uploads\/sites\/38\/header_a.jpg","type":"image\/jpeg"}],"author":"marioschrumpf","twitter_misc":{"Verfasst von":"marioschrumpf","Gesch\u00e4tzte Lesezeit":"1\u00a0Minute"},"schema":{"@context":"https:\/\/schema.org","@graph":[{"@type":"WebPage","@id":"https:\/\/www.naturparkmagazin.de\/stechlin\/6-landwirtschaftstag-unter-dem-motto-hofnachfolge\/","url":"https:\/\/www.naturparkmagazin.de\/stechlin\/6-landwirtschaftstag-unter-dem-motto-hofnachfolge\/","name":"6. Landwirtschaftstag unter dem Motto Hofnachfolge - Naturpark Stechlin-Ruppiner Land","isPartOf":{"@id":"https:\/\/www.naturparkmagazin.de\/stechlin\/#website"},"datePublished":"2023-10-18T14:05:03+00:00","dateModified":"2023-10-26T09:36:23+00:00","author":{"@id":"https:\/\/www.naturparkmagazin.de\/stechlin\/#\/schema\/person\/3f0d93203df21c806dd63c76d9bb28bc"},"breadcrumb":{"@id":"https:\/\/www.naturparkmagazin.de\/stechlin\/6-landwirtschaftstag-unter-dem-motto-hofnachfolge\/#breadcrumb"},"inLanguage":"de","potentialAction":[{"@type":"ReadAction","target":["https:\/\/www.naturparkmagazin.de\/stechlin\/6-landwirtschaftstag-unter-dem-motto-hofnachfolge\/"]}]},{"@type":"BreadcrumbList","@id":"https:\/\/www.naturparkmagazin.de\/stechlin\/6-landwirtschaftstag-unter-dem-motto-hofnachfolge\/#breadcrumb","itemListElement":[{"@type":"ListItem","position":1,"name":"Home","item":"https:\/\/www.naturparkmagazin.de\/stechlin\/"},{"@type":"ListItem","position":2,"name":"6. Landwirtschaftstag unter dem Motto Hofnachfolge"}]},{"@type":"WebSite","@id":"https:\/\/www.naturparkmagazin.de\/stechlin\/#website","url":"https:\/\/www.naturparkmagazin.de\/stechlin\/","name":"Naturpark Stechlin-Ruppiner Land","description":"","potentialAction":[{"@type":"SearchAction","target":{"@type":"EntryPoint","urlTemplate":"https:\/\/www.naturparkmagazin.de\/stechlin\/?s={search_term_string}"},"query-input":"required name=search_term_string"}],"inLanguage":"de"},{"@type":"Person","@id":"https:\/\/www.naturparkmagazin.de\/stechlin\/#\/schema\/person\/3f0d93203df21c806dd63c76d9bb28bc","name":"marioschrumpf","url":"https:\/\/www.naturparkmagazin.de\/stechlin\/author\/marioschrumpf\/"}]}},"_links":{"self":[{"href":"https:\/\/www.naturparkmagazin.de\/stechlin\/wp-json\/wp\/v2\/posts\/14427"}],"collection":[{"href":"https:\/\/www.naturparkmagazin.de\/stechlin\/wp-json\/wp\/v2\/posts"}],"about":[{"href":"https:\/\/www.naturparkmagazin.de\/stechlin\/wp-json\/wp\/v2\/types\/post"}],"author":[{"embeddable":true,"href":"https:\/\/www.naturparkmagazin.de\/stechlin\/wp-json\/wp\/v2\/users\/39"}],"replies":[{"embeddable":true,"href":"https:\/\/www.naturparkmagazin.de\/stechlin\/wp-json\/wp\/v2\/comments?post=14427"}],"version-history":[{"count":3,"href":"https:\/\/www.naturparkmagazin.de\/stechlin\/wp-json\/wp\/v2\/posts\/14427\/revisions"}],"predecessor-version":[{"id":14483,"href":"https:\/\/www.naturparkmagazin.de\/stechlin\/wp-json\/wp\/v2\/posts\/14427\/revisions\/14483"}],"wp:featuredmedia":[{"embeddable":true,"href":"https:\/\/www.naturparkmagazin.de\/stechlin\/wp-json\/wp\/v2\/media\/12683"}],"wp:attachment":[{"href":"https:\/\/www.naturparkmagazin.de\/stechlin\/wp-json\/wp\/v2\/media?parent=14427"}],"wp:term":[{"taxonomy":"category","embeddable":true,"href":"https:\/\/www.naturparkmagazin.de\/stechlin\/wp-json\/wp\/v2\/categories?post=14427"},{"taxonomy":"post_tag","embeddable":true,"href":"https:\/\/www.naturparkmagazin.de\/stechlin\/wp-json\/wp\/v2\/tags?post=14427"}],"curies":[{"name":"wp","href":"https:\/\/api.w.org\/{rel}","templated":true}]}}