{"id":14433,"date":"2023-11-17T15:04:59","date_gmt":"2023-11-17T14:04:59","guid":{"rendered":"https:\/\/www.naturparkmagazin.de\/stechlin\/?p=14433"},"modified":"2023-11-30T13:50:03","modified_gmt":"2023-11-30T12:50:03","slug":"gemeinsamer-pflanzeinsatz-in-braunsberg","status":"publish","type":"post","link":"https:\/\/www.naturparkmagazin.de\/stechlin\/gemeinsamer-pflanzeinsatz-in-braunsberg\/","title":{"rendered":"Gemeinsamer Pflanzeinsatz in Braunsberg"},"content":{"rendered":"<p>Dass in Keller Jagdgenossenschaft und Naturpark gemeinsame Sache machen, hat sich bis nach Braunsberg herumgesprochen.<\/p>\n<p>So meldete sich Anfang des Jahres 2023 der Vorsitzende Alex Vogeler in der Naturparkverwaltung. Schnell war ein Ortstermin vereinbart.<\/p>\n<div id=\"attachment_14556\" style=\"width: 310px\" class=\"wp-caption aligncenter\"><a href=\"https:\/\/www.naturparkmagazin.de\/stechlin\/wp-content\/uploads\/sites\/38\/DSC_0042.jpg\"><img aria-describedby=\"caption-attachment-14556\" decoding=\"async\" loading=\"lazy\" class=\"size-thumbnail wp-image-14556\" src=\"https:\/\/www.naturparkmagazin.de\/stechlin\/wp-content\/uploads\/sites\/38\/DSC_0042-300x180.jpg\" alt=\"\" width=\"300\" height=\"180\" srcset=\"https:\/\/www.naturparkmagazin.de\/stechlin\/wp-content\/uploads\/sites\/38\/DSC_0042-300x180.jpg 300w, https:\/\/www.naturparkmagazin.de\/stechlin\/wp-content\/uploads\/sites\/38\/DSC_0042-200x120.jpg 200w, https:\/\/www.naturparkmagazin.de\/stechlin\/wp-content\/uploads\/sites\/38\/DSC_0042.jpg 500w\" sizes=\"(max-width: 300px) 100vw, 300px\" \/><\/a><p id=\"caption-attachment-14556\" class=\"wp-caption-text\">Gemeinsam beim Pflanzen.\u00a9 Dr. Mario Schrumpf<\/p><\/div>\n<p>Gemeinsam mit der Agrargenossenschaft Braunsberg wurde die Offenlandschaft rund um das Dorf bereist und \u00fcberlegt, welche Fl\u00e4chen durch Baum- und Heckenpflanzung aufgewertet werden k\u00f6nnen.<\/p>\n<div id=\"attachment_14553\" style=\"width: 310px\" class=\"wp-caption aligncenter\"><a href=\"https:\/\/www.naturparkmagazin.de\/stechlin\/wp-content\/uploads\/sites\/38\/DSC_0021-2.jpg\"><img aria-describedby=\"caption-attachment-14553\" decoding=\"async\" loading=\"lazy\" class=\"size-full wp-image-14553\" src=\"https:\/\/www.naturparkmagazin.de\/stechlin\/wp-content\/uploads\/sites\/38\/DSC_0021-2.jpg\" alt=\"\" width=\"300\" height=\"500\" srcset=\"https:\/\/www.naturparkmagazin.de\/stechlin\/wp-content\/uploads\/sites\/38\/DSC_0021-2.jpg 300w, https:\/\/www.naturparkmagazin.de\/stechlin\/wp-content\/uploads\/sites\/38\/DSC_0021-2-200x333.jpg 200w\" sizes=\"(max-width: 300px) 100vw, 300px\" \/><\/a><p id=\"caption-attachment-14553\" class=\"wp-caption-text\">Vereinte Frauenpower beim Pflanzeinsatz.\u00a9 Dr. Mario Schrumpf<\/p><\/div>\n<p>Am 21. Oktober war es dann soweit. Der Naturpark stellte 34 Obsthochst\u00e4mme aus seinem Genressourcenprojekt Streuobst zu Verf\u00fcgung. Unter fachlicher Anleitung wurden diese entlang des gemeindeeigenen Weges gepflanzt. Das Bauamt Rheinsberg markierte zuvor die Flurst\u00fccksgrenze nach satellitengest\u00fctzter Vermessung.<\/p>\n<div id=\"attachment_14557\" style=\"width: 310px\" class=\"wp-caption aligncenter\"><a href=\"https:\/\/www.naturparkmagazin.de\/stechlin\/wp-content\/uploads\/sites\/38\/DSC_0065-1.jpg\"><img aria-describedby=\"caption-attachment-14557\" decoding=\"async\" loading=\"lazy\" class=\"size-thumbnail wp-image-14557\" src=\"https:\/\/www.naturparkmagazin.de\/stechlin\/wp-content\/uploads\/sites\/38\/DSC_0065-1-300x180.jpg\" alt=\"\" width=\"300\" height=\"180\" srcset=\"https:\/\/www.naturparkmagazin.de\/stechlin\/wp-content\/uploads\/sites\/38\/DSC_0065-1-300x180.jpg 300w, https:\/\/www.naturparkmagazin.de\/stechlin\/wp-content\/uploads\/sites\/38\/DSC_0065-1-200x120.jpg 200w, https:\/\/www.naturparkmagazin.de\/stechlin\/wp-content\/uploads\/sites\/38\/DSC_0065-1.jpg 500w\" sizes=\"(max-width: 300px) 100vw, 300px\" \/><\/a><p id=\"caption-attachment-14557\" class=\"wp-caption-text\">Baumreihe entlang des gemeindeeigenen Feldweges.\u00a9 Dr. Mario Schrumpf<\/p><\/div>\n<p>Am Ende der mehrst\u00fcndigen Aktion waren sich Alle einig, dass im Herbst 2024 die n\u00e4chste Pflanzaktion starten soll. Noch in diesem Herbst werden die Mitglieder der Jagdgenossenschaft den \u201eRest\u201c des Weges bis zum Waldrand mit weiteren 16 Apfelhochst\u00e4mmen vom Naturpark bepflanzen und in den kommenden Jahren f\u00fcr die Aufwuchspflege sorgen.<\/p>\n<div id=\"attachment_14558\" style=\"width: 310px\" class=\"wp-caption aligncenter\"><a href=\"https:\/\/www.naturparkmagazin.de\/stechlin\/wp-content\/uploads\/sites\/38\/DSC_0080.jpg\"><img aria-describedby=\"caption-attachment-14558\" decoding=\"async\" loading=\"lazy\" class=\"size-thumbnail wp-image-14558\" src=\"https:\/\/www.naturparkmagazin.de\/stechlin\/wp-content\/uploads\/sites\/38\/DSC_0080-300x180.jpg\" alt=\"\" width=\"300\" height=\"180\" srcset=\"https:\/\/www.naturparkmagazin.de\/stechlin\/wp-content\/uploads\/sites\/38\/DSC_0080-300x180.jpg 300w, https:\/\/www.naturparkmagazin.de\/stechlin\/wp-content\/uploads\/sites\/38\/DSC_0080-200x120.jpg 200w, https:\/\/www.naturparkmagazin.de\/stechlin\/wp-content\/uploads\/sites\/38\/DSC_0080.jpg 500w\" sizes=\"(max-width: 300px) 100vw, 300px\" \/><\/a><p id=\"caption-attachment-14558\" class=\"wp-caption-text\">Gruppenbild der Teilnehmer:innen\u00a9 Dr. Mario Schrumpf<\/p><\/div>\n","protected":false},"excerpt":{"rendered":"<p>Dass in Keller Jagdgenossenschaft und Naturpark gemeinsame Sache machen, hat sich bis nach Braunsberg herumgesprochen.<\/p>\n","protected":false},"author":39,"featured_media":14555,"comment_status":"open","ping_status":"open","sticky":false,"template":"","format":"standard","meta":[],"categories":[7],"tags":[],"yoast_head":"<!-- This site is optimized with the Yoast SEO plugin v19.10 - https:\/\/yoast.com\/wordpress\/plugins\/seo\/ -->\n<title>Gemeinsamer Pflanzeinsatz in Braunsberg - Naturpark Stechlin-Ruppiner Land<\/title>\n<meta name=\"robots\" content=\"index, follow, max-snippet:-1, max-image-preview:large, max-video-preview:-1\" \/>\n<link rel=\"canonical\" href=\"https:\/\/www.naturparkmagazin.de\/stechlin\/gemeinsamer-pflanzeinsatz-in-braunsberg\/\" \/>\n<meta property=\"og:locale\" content=\"de_DE\" \/>\n<meta property=\"og:type\" content=\"article\" \/>\n<meta property=\"og:title\" content=\"Gemeinsamer Pflanzeinsatz in Braunsberg - Naturpark Stechlin-Ruppiner Land\" \/>\n<meta property=\"og:description\" content=\"Dass in Keller Jagdgenossenschaft und Naturpark gemeinsame Sache machen, hat sich bis nach Braunsberg herumgesprochen.\" \/>\n<meta property=\"og:url\" content=\"https:\/\/www.naturparkmagazin.de\/stechlin\/gemeinsamer-pflanzeinsatz-in-braunsberg\/\" \/>\n<meta property=\"og:site_name\" content=\"Naturpark Stechlin-Ruppiner Land\" \/>\n<meta property=\"article:published_time\" content=\"2023-11-17T14:04:59+00:00\" \/>\n<meta property=\"article:modified_time\" content=\"2023-11-30T12:50:03+00:00\" \/>\n<meta property=\"og:image\" content=\"https:\/\/www.naturparkmagazin.de\/stechlin\/wp-content\/uploads\/sites\/38\/DSC_0040_a-1.jpg\" \/>\n\t<meta property=\"og:image:width\" content=\"200\" \/>\n\t<meta property=\"og:image:height\" content=\"200\" \/>\n\t<meta property=\"og:image:type\" content=\"image\/jpeg\" \/>\n<meta name=\"author\" content=\"marioschrumpf\" \/>\n<meta name=\"twitter:label1\" content=\"Verfasst von\" \/>\n\t<meta name=\"twitter:data1\" content=\"marioschrumpf\" \/>\n\t<meta name=\"twitter:label2\" content=\"Gesch\u00e4tzte Lesezeit\" \/>\n\t<meta name=\"twitter:data2\" content=\"2\u00a0Minuten\" \/>\n<script type=\"application\/ld+json\" class=\"yoast-schema-graph\">{\"@context\":\"https:\/\/schema.org\",\"@graph\":[{\"@type\":\"WebPage\",\"@id\":\"https:\/\/www.naturparkmagazin.de\/stechlin\/gemeinsamer-pflanzeinsatz-in-braunsberg\/\",\"url\":\"https:\/\/www.naturparkmagazin.de\/stechlin\/gemeinsamer-pflanzeinsatz-in-braunsberg\/\",\"name\":\"Gemeinsamer Pflanzeinsatz in Braunsberg - Naturpark Stechlin-Ruppiner Land\",\"isPartOf\":{\"@id\":\"https:\/\/www.naturparkmagazin.de\/stechlin\/#website\"},\"datePublished\":\"2023-11-17T14:04:59+00:00\",\"dateModified\":\"2023-11-30T12:50:03+00:00\",\"author\":{\"@id\":\"https:\/\/www.naturparkmagazin.de\/stechlin\/#\/schema\/person\/3f0d93203df21c806dd63c76d9bb28bc\"},\"breadcrumb\":{\"@id\":\"https:\/\/www.naturparkmagazin.de\/stechlin\/gemeinsamer-pflanzeinsatz-in-braunsberg\/#breadcrumb\"},\"inLanguage\":\"de\",\"potentialAction\":[{\"@type\":\"ReadAction\",\"target\":[\"https:\/\/www.naturparkmagazin.de\/stechlin\/gemeinsamer-pflanzeinsatz-in-braunsberg\/\"]}]},{\"@type\":\"BreadcrumbList\",\"@id\":\"https:\/\/www.naturparkmagazin.de\/stechlin\/gemeinsamer-pflanzeinsatz-in-braunsberg\/#breadcrumb\",\"itemListElement\":[{\"@type\":\"ListItem\",\"position\":1,\"name\":\"Home\",\"item\":\"https:\/\/www.naturparkmagazin.de\/stechlin\/\"},{\"@type\":\"ListItem\",\"position\":2,\"name\":\"Gemeinsamer Pflanzeinsatz in Braunsberg\"}]},{\"@type\":\"WebSite\",\"@id\":\"https:\/\/www.naturparkmagazin.de\/stechlin\/#website\",\"url\":\"https:\/\/www.naturparkmagazin.de\/stechlin\/\",\"name\":\"Naturpark Stechlin-Ruppiner Land\",\"description\":\"\",\"potentialAction\":[{\"@type\":\"SearchAction\",\"target\":{\"@type\":\"EntryPoint\",\"urlTemplate\":\"https:\/\/www.naturparkmagazin.de\/stechlin\/?s={search_term_string}\"},\"query-input\":\"required name=search_term_string\"}],\"inLanguage\":\"de\"},{\"@type\":\"Person\",\"@id\":\"https:\/\/www.naturparkmagazin.de\/stechlin\/#\/schema\/person\/3f0d93203df21c806dd63c76d9bb28bc\",\"name\":\"marioschrumpf\",\"url\":\"https:\/\/www.naturparkmagazin.de\/stechlin\/author\/marioschrumpf\/\"}]}<\/script>\n<!-- \/ Yoast SEO plugin. -->","yoast_head_json":{"title":"Gemeinsamer Pflanzeinsatz in Braunsberg - Naturpark Stechlin-Ruppiner Land","robots":{"index":"index","follow":"follow","max-snippet":"max-snippet:-1","max-image-preview":"max-image-preview:large","max-video-preview":"max-video-preview:-1"},"canonical":"https:\/\/www.naturparkmagazin.de\/stechlin\/gemeinsamer-pflanzeinsatz-in-braunsberg\/","og_locale":"de_DE","og_type":"article","og_title":"Gemeinsamer Pflanzeinsatz in Braunsberg - Naturpark Stechlin-Ruppiner Land","og_description":"Dass in Keller Jagdgenossenschaft und Naturpark gemeinsame Sache machen, hat sich bis nach Braunsberg herumgesprochen.","og_url":"https:\/\/www.naturparkmagazin.de\/stechlin\/gemeinsamer-pflanzeinsatz-in-braunsberg\/","og_site_name":"Naturpark Stechlin-Ruppiner Land","article_published_time":"2023-11-17T14:04:59+00:00","article_modified_time":"2023-11-30T12:50:03+00:00","og_image":[{"width":200,"height":200,"url":"https:\/\/www.naturparkmagazin.de\/stechlin\/wp-content\/uploads\/sites\/38\/DSC_0040_a-1.jpg","type":"image\/jpeg"}],"author":"marioschrumpf","twitter_misc":{"Verfasst von":"marioschrumpf","Gesch\u00e4tzte Lesezeit":"2\u00a0Minuten"},"schema":{"@context":"https:\/\/schema.org","@graph":[{"@type":"WebPage","@id":"https:\/\/www.naturparkmagazin.de\/stechlin\/gemeinsamer-pflanzeinsatz-in-braunsberg\/","url":"https:\/\/www.naturparkmagazin.de\/stechlin\/gemeinsamer-pflanzeinsatz-in-braunsberg\/","name":"Gemeinsamer Pflanzeinsatz in Braunsberg - Naturpark Stechlin-Ruppiner Land","isPartOf":{"@id":"https:\/\/www.naturparkmagazin.de\/stechlin\/#website"},"datePublished":"2023-11-17T14:04:59+00:00","dateModified":"2023-11-30T12:50:03+00:00","author":{"@id":"https:\/\/www.naturparkmagazin.de\/stechlin\/#\/schema\/person\/3f0d93203df21c806dd63c76d9bb28bc"},"breadcrumb":{"@id":"https:\/\/www.naturparkmagazin.de\/stechlin\/gemeinsamer-pflanzeinsatz-in-braunsberg\/#breadcrumb"},"inLanguage":"de","potentialAction":[{"@type":"ReadAction","target":["https:\/\/www.naturparkmagazin.de\/stechlin\/gemeinsamer-pflanzeinsatz-in-braunsberg\/"]}]},{"@type":"BreadcrumbList","@id":"https:\/\/www.naturparkmagazin.de\/stechlin\/gemeinsamer-pflanzeinsatz-in-braunsberg\/#breadcrumb","itemListElement":[{"@type":"ListItem","position":1,"name":"Home","item":"https:\/\/www.naturparkmagazin.de\/stechlin\/"},{"@type":"ListItem","position":2,"name":"Gemeinsamer Pflanzeinsatz in Braunsberg"}]},{"@type":"WebSite","@id":"https:\/\/www.naturparkmagazin.de\/stechlin\/#website","url":"https:\/\/www.naturparkmagazin.de\/stechlin\/","name":"Naturpark Stechlin-Ruppiner Land","description":"","potentialAction":[{"@type":"SearchAction","target":{"@type":"EntryPoint","urlTemplate":"https:\/\/www.naturparkmagazin.de\/stechlin\/?s={search_term_string}"},"query-input":"required name=search_term_string"}],"inLanguage":"de"},{"@type":"Person","@id":"https:\/\/www.naturparkmagazin.de\/stechlin\/#\/schema\/person\/3f0d93203df21c806dd63c76d9bb28bc","name":"marioschrumpf","url":"https:\/\/www.naturparkmagazin.de\/stechlin\/author\/marioschrumpf\/"}]}},"_links":{"self":[{"href":"https:\/\/www.naturparkmagazin.de\/stechlin\/wp-json\/wp\/v2\/posts\/14433"}],"collection":[{"href":"https:\/\/www.naturparkmagazin.de\/stechlin\/wp-json\/wp\/v2\/posts"}],"about":[{"href":"https:\/\/www.naturparkmagazin.de\/stechlin\/wp-json\/wp\/v2\/types\/post"}],"author":[{"embeddable":true,"href":"https:\/\/www.naturparkmagazin.de\/stechlin\/wp-json\/wp\/v2\/users\/39"}],"replies":[{"embeddable":true,"href":"https:\/\/www.naturparkmagazin.de\/stechlin\/wp-json\/wp\/v2\/comments?post=14433"}],"version-history":[{"count":6,"href":"https:\/\/www.naturparkmagazin.de\/stechlin\/wp-json\/wp\/v2\/posts\/14433\/revisions"}],"predecessor-version":[{"id":14609,"href":"https:\/\/www.naturparkmagazin.de\/stechlin\/wp-json\/wp\/v2\/posts\/14433\/revisions\/14609"}],"wp:featuredmedia":[{"embeddable":true,"href":"https:\/\/www.naturparkmagazin.de\/stechlin\/wp-json\/wp\/v2\/media\/14555"}],"wp:attachment":[{"href":"https:\/\/www.naturparkmagazin.de\/stechlin\/wp-json\/wp\/v2\/media?parent=14433"}],"wp:term":[{"taxonomy":"category","embeddable":true,"href":"https:\/\/www.naturparkmagazin.de\/stechlin\/wp-json\/wp\/v2\/categories?post=14433"},{"taxonomy":"post_tag","embeddable":true,"href":"https:\/\/www.naturparkmagazin.de\/stechlin\/wp-json\/wp\/v2\/tags?post=14433"}],"curies":[{"name":"wp","href":"https:\/\/api.w.org\/{rel}","templated":true}]}}