{"id":1446,"date":"2014-10-22T08:27:37","date_gmt":"2014-10-22T06:27:37","guid":{"rendered":"http:\/\/www.naturparkmagazin.de\/stechlin\/?p=1446"},"modified":"2014-10-24T23:15:56","modified_gmt":"2014-10-24T21:15:56","slug":"hoppenrader-apfelallee-in-neuem-glanz","status":"publish","type":"post","link":"https:\/\/www.naturparkmagazin.de\/stechlin\/hoppenrader-apfelallee-in-neuem-glanz\/","title":{"rendered":"Hoppenrader Apfelallee in neuem Glanz"},"content":{"rendered":"<p>&nbsp;<\/p>\n<div id=\"attachment_1448\" style=\"width: 510px\" class=\"wp-caption alignnone\"><a href=\"https:\/\/www.naturparkmagazin.de\/stechlin\/wp-content\/uploads\/sites\/38\/k-Unbenannt.png\"><img aria-describedby=\"caption-attachment-1448\" decoding=\"async\" loading=\"lazy\" class=\"size-full wp-image-1448\" alt=\"Infotafel Apfelallee Hoppenrade\" src=\"https:\/\/www.naturparkmagazin.de\/stechlin\/wp-content\/uploads\/sites\/38\/k-Unbenannt.png\" width=\"500\" height=\"300\" srcset=\"https:\/\/www.naturparkmagazin.de\/stechlin\/wp-content\/uploads\/sites\/38\/k-Unbenannt.png 500w, https:\/\/www.naturparkmagazin.de\/stechlin\/wp-content\/uploads\/sites\/38\/k-Unbenannt-300x180.png 300w, https:\/\/www.naturparkmagazin.de\/stechlin\/wp-content\/uploads\/sites\/38\/k-Unbenannt-200x120.png 200w\" sizes=\"(max-width: 500px) 100vw, 500px\" \/><\/a><p id=\"caption-attachment-1448\" class=\"wp-caption-text\">Infotafel Apfelallee Hoppenrade<\/p><\/div>\n<p>Am Sonntag den 19. Oktober fand der seit l\u00e4ngerem geplante Arbeitseinsatz in der alten Apfelallee in Hoppenrade statt. Bereits vor zwei Jahren konnten 30 Apfelb\u00e4ume im Rahmen des Sortenerhaltungsprogramms des Naturparkes Stechlin-Ruppiner Land gepflanzt werden. Nun sollten auch die letzten fehlenden B\u00e4ume, die aufgrund des hohen Alters abgestorben waren oder beim letzten Mal nicht anwuchsen nachgepflanzt werden. Die B\u00e4ume stammen aus der Baumschule Fischer in Lichterfelde und wurden vom Naturpark zur Verf\u00fcgung gestellt. So fanden sich 15 Helfer am Sonntagvormittag am Ortsausgang Hoppenrade ein um die von der GR\u00dcNEN LIGA vorbereitete Aktion zu unterst\u00fctzen. Das Wetter spielte mit: strahlender Sonnenschein, blauer Oktoberhimmel und angenehme Temperaturen. Die Bahn spielte nicht mit, aufgrund des Bahnstreiks konnten unsere Potsdamer Unterst\u00fctzer, unter ihnen die Landtagsabgeordnete und Baumpatin Isabelle Vandre (LINKE), nicht nach Hoppenrade kommen. Dennoch begann der Einsatz erfreulich. P\u00fcnktlich zum Beginn konnte die Infotafel zum Streuobstprojekt am Beginn der Allee in Hoppenrade fertiggestellt werden. Die von Reta Fl\u00fctsch (stechlin text&amp;bild) konzipierte Tafel informiert nun Radfahrer, Wanderer oder interessierte B\u00fcrger der umliegenden D\u00f6rfer \u00fcber die Geschichte der Allee, die vorhandenen Obstsorten oder \u00fcber den Apfel an sich und die Artenvielfalt in alten Obstb\u00e4umen. \u201eAm Freitag konnten wir die Tafel in Menz abholen und gestern wurde dann von der Firma Poltier der Aufsteller aufgebaut. Eine Punktlandung also,\u201c so Susann W\u00e4hnert vom Apfelhof Hoppenrade, der die Pflanzaktion tatkr\u00e4ftig unterst\u00fctzt hat und sich auch zuk\u00fcnftig um die Pflege der B\u00e4ume in der Allee k\u00fcmmert um dann in einigen Jahren auch die \u00c4pfel ernten zu k\u00f6nnen. Bis zum Mittag waren die 20 Pflanzl\u00f6cher ausgehoben und die meisten B\u00e4ume in den Boden gebracht. Gepflanzt wurden wieder alte, sp\u00e4te Hochstammsorten wie der Bitterfelder S\u00e4mling, der neu in der Allee vertreten ist und in mehreren Exemplaren in die Erde gebracht wurde.<\/p>\n<p>Ein gro\u00dfes Dankesch\u00f6n gilt den Unterst\u00fctzern aus den umliegenden D\u00f6rfern und den ortsans\u00e4ssigen J\u00e4gern, ohne die der Einsatz wohl nicht am Sonntag h\u00e4tte beendet werden k\u00f6nnen. Sch\u00f6n, dass es in der Nacht zum Montag noch kr\u00e4ftig geregnet hat. Besser h\u00e4tte das Wetter nicht organisiert werden k\u00f6nnen. Nun freuen sich alle Beteiligte auf die Baumbl\u00fcte im kommenden Jahr und auf reichlich Obst in einigen Jahren.<\/p>\n<p>Norbert Wilke<\/p>\n<p>GR\u00dcNE LIGA Oberhavel e.V.<\/p>\n<div id=\"attachment_1449\" style=\"width: 510px\" class=\"wp-caption alignnone\"><a href=\"https:\/\/www.naturparkmagazin.de\/stechlin\/wp-content\/uploads\/sites\/38\/k-Unbenannt2.png\"><img aria-describedby=\"caption-attachment-1449\" decoding=\"async\" loading=\"lazy\" class=\"size-full wp-image-1449\" alt=\"Pflanzaktion der Gr\u00fcnen Liga in Hoppenrade\" src=\"https:\/\/www.naturparkmagazin.de\/stechlin\/wp-content\/uploads\/sites\/38\/k-Unbenannt2.png\" width=\"500\" height=\"300\" srcset=\"https:\/\/www.naturparkmagazin.de\/stechlin\/wp-content\/uploads\/sites\/38\/k-Unbenannt2.png 500w, https:\/\/www.naturparkmagazin.de\/stechlin\/wp-content\/uploads\/sites\/38\/k-Unbenannt2-300x180.png 300w, https:\/\/www.naturparkmagazin.de\/stechlin\/wp-content\/uploads\/sites\/38\/k-Unbenannt2-200x120.png 200w\" sizes=\"(max-width: 500px) 100vw, 500px\" \/><\/a><p id=\"caption-attachment-1449\" class=\"wp-caption-text\">Pflanzaktion der Gr\u00fcnen Liga in Hoppenrade<\/p><\/div>\n","protected":false},"excerpt":{"rendered":"<p>Bei einem von der Gr\u00fcnen Liga Oberhavel e.V. organisierten Arbeitseinsatz wurden 20 Apfelb\u00e4ume mit alten Sorten nachgepflanzt.<\/p>\n","protected":false},"author":39,"featured_media":1447,"comment_status":"open","ping_status":"open","sticky":false,"template":"","format":"standard","meta":[],"categories":[7],"tags":[],"yoast_head":"<!-- This site is optimized with the Yoast SEO plugin v19.10 - https:\/\/yoast.com\/wordpress\/plugins\/seo\/ -->\n<title>Hoppenrader Apfelallee in neuem Glanz - Naturpark Stechlin-Ruppiner Land<\/title>\n<meta name=\"robots\" content=\"index, follow, max-snippet:-1, max-image-preview:large, max-video-preview:-1\" \/>\n<link rel=\"canonical\" href=\"https:\/\/www.naturparkmagazin.de\/stechlin\/hoppenrader-apfelallee-in-neuem-glanz\/\" \/>\n<meta property=\"og:locale\" content=\"de_DE\" \/>\n<meta property=\"og:type\" content=\"article\" \/>\n<meta property=\"og:title\" content=\"Hoppenrader Apfelallee in neuem Glanz - Naturpark Stechlin-Ruppiner Land\" \/>\n<meta property=\"og:description\" content=\"Bei einem von der Gr\u00fcnen Liga Oberhavel e.V. organisierten Arbeitseinsatz wurden 20 Apfelb\u00e4ume mit alten Sorten nachgepflanzt.\" \/>\n<meta property=\"og:url\" content=\"https:\/\/www.naturparkmagazin.de\/stechlin\/hoppenrader-apfelallee-in-neuem-glanz\/\" \/>\n<meta property=\"og:site_name\" content=\"Naturpark Stechlin-Ruppiner Land\" \/>\n<meta property=\"article:published_time\" content=\"2014-10-22T06:27:37+00:00\" \/>\n<meta property=\"article:modified_time\" content=\"2014-10-24T21:15:56+00:00\" \/>\n<meta property=\"og:image\" content=\"https:\/\/www.naturparkmagazin.de\/stechlin\/wp-content\/uploads\/sites\/38\/k-Unbenannt3.png\" \/>\n\t<meta property=\"og:image:width\" content=\"500\" \/>\n\t<meta property=\"og:image:height\" content=\"300\" \/>\n\t<meta property=\"og:image:type\" content=\"image\/png\" \/>\n<meta name=\"author\" content=\"marioschrumpf\" \/>\n<meta name=\"twitter:label1\" content=\"Verfasst von\" \/>\n\t<meta name=\"twitter:data1\" content=\"marioschrumpf\" \/>\n\t<meta name=\"twitter:label2\" content=\"Gesch\u00e4tzte Lesezeit\" \/>\n\t<meta name=\"twitter:data2\" content=\"2\u00a0Minuten\" \/>\n<script type=\"application\/ld+json\" class=\"yoast-schema-graph\">{\"@context\":\"https:\/\/schema.org\",\"@graph\":[{\"@type\":\"WebPage\",\"@id\":\"https:\/\/www.naturparkmagazin.de\/stechlin\/hoppenrader-apfelallee-in-neuem-glanz\/\",\"url\":\"https:\/\/www.naturparkmagazin.de\/stechlin\/hoppenrader-apfelallee-in-neuem-glanz\/\",\"name\":\"Hoppenrader Apfelallee in neuem Glanz - Naturpark Stechlin-Ruppiner Land\",\"isPartOf\":{\"@id\":\"https:\/\/www.naturparkmagazin.de\/stechlin\/#website\"},\"datePublished\":\"2014-10-22T06:27:37+00:00\",\"dateModified\":\"2014-10-24T21:15:56+00:00\",\"author\":{\"@id\":\"https:\/\/www.naturparkmagazin.de\/stechlin\/#\/schema\/person\/3f0d93203df21c806dd63c76d9bb28bc\"},\"breadcrumb\":{\"@id\":\"https:\/\/www.naturparkmagazin.de\/stechlin\/hoppenrader-apfelallee-in-neuem-glanz\/#breadcrumb\"},\"inLanguage\":\"de\",\"potentialAction\":[{\"@type\":\"ReadAction\",\"target\":[\"https:\/\/www.naturparkmagazin.de\/stechlin\/hoppenrader-apfelallee-in-neuem-glanz\/\"]}]},{\"@type\":\"BreadcrumbList\",\"@id\":\"https:\/\/www.naturparkmagazin.de\/stechlin\/hoppenrader-apfelallee-in-neuem-glanz\/#breadcrumb\",\"itemListElement\":[{\"@type\":\"ListItem\",\"position\":1,\"name\":\"Home\",\"item\":\"https:\/\/www.naturparkmagazin.de\/stechlin\/\"},{\"@type\":\"ListItem\",\"position\":2,\"name\":\"Hoppenrader Apfelallee in neuem Glanz\"}]},{\"@type\":\"WebSite\",\"@id\":\"https:\/\/www.naturparkmagazin.de\/stechlin\/#website\",\"url\":\"https:\/\/www.naturparkmagazin.de\/stechlin\/\",\"name\":\"Naturpark Stechlin-Ruppiner Land\",\"description\":\"\",\"potentialAction\":[{\"@type\":\"SearchAction\",\"target\":{\"@type\":\"EntryPoint\",\"urlTemplate\":\"https:\/\/www.naturparkmagazin.de\/stechlin\/?s={search_term_string}\"},\"query-input\":\"required name=search_term_string\"}],\"inLanguage\":\"de\"},{\"@type\":\"Person\",\"@id\":\"https:\/\/www.naturparkmagazin.de\/stechlin\/#\/schema\/person\/3f0d93203df21c806dd63c76d9bb28bc\",\"name\":\"marioschrumpf\",\"url\":\"https:\/\/www.naturparkmagazin.de\/stechlin\/author\/marioschrumpf\/\"}]}<\/script>\n<!-- \/ Yoast SEO plugin. -->","yoast_head_json":{"title":"Hoppenrader Apfelallee in neuem Glanz - Naturpark Stechlin-Ruppiner Land","robots":{"index":"index","follow":"follow","max-snippet":"max-snippet:-1","max-image-preview":"max-image-preview:large","max-video-preview":"max-video-preview:-1"},"canonical":"https:\/\/www.naturparkmagazin.de\/stechlin\/hoppenrader-apfelallee-in-neuem-glanz\/","og_locale":"de_DE","og_type":"article","og_title":"Hoppenrader Apfelallee in neuem Glanz - Naturpark Stechlin-Ruppiner Land","og_description":"Bei einem von der Gr\u00fcnen Liga Oberhavel e.V. organisierten Arbeitseinsatz wurden 20 Apfelb\u00e4ume mit alten Sorten nachgepflanzt.","og_url":"https:\/\/www.naturparkmagazin.de\/stechlin\/hoppenrader-apfelallee-in-neuem-glanz\/","og_site_name":"Naturpark Stechlin-Ruppiner Land","article_published_time":"2014-10-22T06:27:37+00:00","article_modified_time":"2014-10-24T21:15:56+00:00","og_image":[{"width":500,"height":300,"url":"https:\/\/www.naturparkmagazin.de\/stechlin\/wp-content\/uploads\/sites\/38\/k-Unbenannt3.png","type":"image\/png"}],"author":"marioschrumpf","twitter_misc":{"Verfasst von":"marioschrumpf","Gesch\u00e4tzte Lesezeit":"2\u00a0Minuten"},"schema":{"@context":"https:\/\/schema.org","@graph":[{"@type":"WebPage","@id":"https:\/\/www.naturparkmagazin.de\/stechlin\/hoppenrader-apfelallee-in-neuem-glanz\/","url":"https:\/\/www.naturparkmagazin.de\/stechlin\/hoppenrader-apfelallee-in-neuem-glanz\/","name":"Hoppenrader Apfelallee in neuem Glanz - Naturpark Stechlin-Ruppiner Land","isPartOf":{"@id":"https:\/\/www.naturparkmagazin.de\/stechlin\/#website"},"datePublished":"2014-10-22T06:27:37+00:00","dateModified":"2014-10-24T21:15:56+00:00","author":{"@id":"https:\/\/www.naturparkmagazin.de\/stechlin\/#\/schema\/person\/3f0d93203df21c806dd63c76d9bb28bc"},"breadcrumb":{"@id":"https:\/\/www.naturparkmagazin.de\/stechlin\/hoppenrader-apfelallee-in-neuem-glanz\/#breadcrumb"},"inLanguage":"de","potentialAction":[{"@type":"ReadAction","target":["https:\/\/www.naturparkmagazin.de\/stechlin\/hoppenrader-apfelallee-in-neuem-glanz\/"]}]},{"@type":"BreadcrumbList","@id":"https:\/\/www.naturparkmagazin.de\/stechlin\/hoppenrader-apfelallee-in-neuem-glanz\/#breadcrumb","itemListElement":[{"@type":"ListItem","position":1,"name":"Home","item":"https:\/\/www.naturparkmagazin.de\/stechlin\/"},{"@type":"ListItem","position":2,"name":"Hoppenrader Apfelallee in neuem Glanz"}]},{"@type":"WebSite","@id":"https:\/\/www.naturparkmagazin.de\/stechlin\/#website","url":"https:\/\/www.naturparkmagazin.de\/stechlin\/","name":"Naturpark Stechlin-Ruppiner Land","description":"","potentialAction":[{"@type":"SearchAction","target":{"@type":"EntryPoint","urlTemplate":"https:\/\/www.naturparkmagazin.de\/stechlin\/?s={search_term_string}"},"query-input":"required name=search_term_string"}],"inLanguage":"de"},{"@type":"Person","@id":"https:\/\/www.naturparkmagazin.de\/stechlin\/#\/schema\/person\/3f0d93203df21c806dd63c76d9bb28bc","name":"marioschrumpf","url":"https:\/\/www.naturparkmagazin.de\/stechlin\/author\/marioschrumpf\/"}]}},"_links":{"self":[{"href":"https:\/\/www.naturparkmagazin.de\/stechlin\/wp-json\/wp\/v2\/posts\/1446"}],"collection":[{"href":"https:\/\/www.naturparkmagazin.de\/stechlin\/wp-json\/wp\/v2\/posts"}],"about":[{"href":"https:\/\/www.naturparkmagazin.de\/stechlin\/wp-json\/wp\/v2\/types\/post"}],"author":[{"embeddable":true,"href":"https:\/\/www.naturparkmagazin.de\/stechlin\/wp-json\/wp\/v2\/users\/39"}],"replies":[{"embeddable":true,"href":"https:\/\/www.naturparkmagazin.de\/stechlin\/wp-json\/wp\/v2\/comments?post=1446"}],"version-history":[{"count":2,"href":"https:\/\/www.naturparkmagazin.de\/stechlin\/wp-json\/wp\/v2\/posts\/1446\/revisions"}],"predecessor-version":[{"id":1456,"href":"https:\/\/www.naturparkmagazin.de\/stechlin\/wp-json\/wp\/v2\/posts\/1446\/revisions\/1456"}],"wp:featuredmedia":[{"embeddable":true,"href":"https:\/\/www.naturparkmagazin.de\/stechlin\/wp-json\/wp\/v2\/media\/1447"}],"wp:attachment":[{"href":"https:\/\/www.naturparkmagazin.de\/stechlin\/wp-json\/wp\/v2\/media?parent=1446"}],"wp:term":[{"taxonomy":"category","embeddable":true,"href":"https:\/\/www.naturparkmagazin.de\/stechlin\/wp-json\/wp\/v2\/categories?post=1446"},{"taxonomy":"post_tag","embeddable":true,"href":"https:\/\/www.naturparkmagazin.de\/stechlin\/wp-json\/wp\/v2\/tags?post=1446"}],"curies":[{"name":"wp","href":"https:\/\/api.w.org\/{rel}","templated":true}]}}