{"id":14502,"date":"2023-11-17T15:05:25","date_gmt":"2023-11-17T14:05:25","guid":{"rendered":"https:\/\/www.naturparkmagazin.de\/stechlin\/?p=14502"},"modified":"2026-01-09T12:37:38","modified_gmt":"2026-01-09T11:37:38","slug":"der-6-landwirtschaftstag-am-16-november-hatte-viel-zu-bieten","status":"publish","type":"post","link":"https:\/\/www.naturparkmagazin.de\/stechlin\/der-6-landwirtschaftstag-am-16-november-hatte-viel-zu-bieten\/","title":{"rendered":"Der 6. Landwirtschaftstag am 16. November hatte viel zu bieten (2023)"},"content":{"rendered":"<p>40 Landwirte und Landwirtinnen, Vertreter aus Verb\u00e4nden, Gesellschaft und Politik folgten der Einladung des Naturparks Stechlin-Ruppiner Land, des Landschaftspflegeverbandes Prignitz-Ruppiner Land e.V. und der Rheinsberger Preussenquelle zum 6. Landwirtschaftstag nach Menz.<\/p>\n<div id=\"attachment_14531\" style=\"width: 310px\" class=\"wp-caption aligncenter\"><a href=\"https:\/\/www.naturparkmagazin.de\/stechlin\/wp-content\/uploads\/sites\/38\/DSC_0004-2.jpg\"><img aria-describedby=\"caption-attachment-14531\" decoding=\"async\" loading=\"lazy\" class=\"size-thumbnail wp-image-14531\" src=\"https:\/\/www.naturparkmagazin.de\/stechlin\/wp-content\/uploads\/sites\/38\/DSC_0004-2-300x180.jpg\" alt=\"\" width=\"300\" height=\"180\" srcset=\"https:\/\/www.naturparkmagazin.de\/stechlin\/wp-content\/uploads\/sites\/38\/DSC_0004-2-300x180.jpg 300w, https:\/\/www.naturparkmagazin.de\/stechlin\/wp-content\/uploads\/sites\/38\/DSC_0004-2-200x120.jpg 200w, https:\/\/www.naturparkmagazin.de\/stechlin\/wp-content\/uploads\/sites\/38\/DSC_0004-2.jpg 500w\" sizes=\"(max-width: 300px) 100vw, 300px\" \/><\/a><p id=\"caption-attachment-14531\" class=\"wp-caption-text\">40 Teilnehmer:innen waren zu Gast beim 6. Landwirtschaftstag in Menz.\u00a9 Dr. Mario Schrumpf<\/p><\/div>\n<p>Bereits zum sechsten Mal realisierten die drei Partner die Veranstaltung, die f\u00fcr mehr nachhaltigen Landbau, Naturschutz und vorausschauende Agrarpolitik interessieren und motivieren soll.<\/p>\n<div id=\"attachment_14532\" style=\"width: 310px\" class=\"wp-caption aligncenter\"><a href=\"https:\/\/www.naturparkmagazin.de\/stechlin\/wp-content\/uploads\/sites\/38\/DSC_0008-1.jpg\"><img aria-describedby=\"caption-attachment-14532\" decoding=\"async\" loading=\"lazy\" class=\"size-thumbnail wp-image-14532\" src=\"https:\/\/www.naturparkmagazin.de\/stechlin\/wp-content\/uploads\/sites\/38\/DSC_0008-1-300x180.jpg\" alt=\"\" width=\"300\" height=\"180\" srcset=\"https:\/\/www.naturparkmagazin.de\/stechlin\/wp-content\/uploads\/sites\/38\/DSC_0008-1-300x180.jpg 300w, https:\/\/www.naturparkmagazin.de\/stechlin\/wp-content\/uploads\/sites\/38\/DSC_0008-1-200x120.jpg 200w, https:\/\/www.naturparkmagazin.de\/stechlin\/wp-content\/uploads\/sites\/38\/DSC_0008-1.jpg 500w\" sizes=\"(max-width: 300px) 100vw, 300px\" \/><\/a><p id=\"caption-attachment-14532\" class=\"wp-caption-text\">Pausengespr\u00e4ch zwischen dem Vorsitzenden des Landschaftspflegeverbands, Naturparkmitarbeiterin und Landwirten\u00a9 Dr. Mario Schrumpf<\/p><\/div>\n<p>Das diesj\u00e4hrige Programm legte besonderen Wert auf die Themen Zukunft, Nachhaltigkeit und individuelle F\u00f6rderm\u00f6glichkeiten. In insgesamt vier Fachvortr\u00e4gen wurden die G\u00e4ste zu M\u00f6glichkeiten zur Hof\u00fcbergabe bzw. Hofnachfolge informiert und erhielten wertvolle Informationen zu aktuellen F\u00f6rderoptionen rund um das Thema Biodiversit\u00e4t. Au\u00dferdem wurde ein Schlaglicht auf das Thema Gemeinwohl\u00f6konomie geworfen. Nat\u00fcrlich hatten die Anwesenden zudem ausreichend Gelegenheit, sich mit den Referentinnen und Referenten sowie untereinander auszutauschen.<\/p>\n<p>Frank Stieldorf, Gesch\u00e4ftsf\u00fchrer der Rheinsberger Preussenquelle freut sich \u00fcber das gro\u00dfe Interesse und zieht ein h\u00f6chst positives Feedback: \u201eDass wir gemeinsam mit unseren Partnern bereits zum sechsten Mal den Landwirtschaftstag durchf\u00fchren und stets zahlreiche interessierte Landwirte und weitere G\u00e4ste begr\u00fc\u00dfen d\u00fcrfen, zeigt uns: wir sind auf dem richtigen Weg. Nachhaltige Landwirtschaft n\u00fctzt allen. Wir brauchen engagierte Bauern und werden weiter mit dem Naturpark Stechlin-Ruppiner Land und dem Landschaftspflegeverband Prignitz-Ruppiner Land die hiesige Landwirtschaft dabei unterst\u00fctzen, zum Natur- und Wasserschutz in der Region aktiv beizutragen.\u201c<\/p>\n<p><strong>Programm 2023:<\/strong><\/p>\n<ol>\n<li>Begr\u00fc\u00dfung durch Landschaftspflegeverband Prignitz-Ruppiner Land e.V., Naturpark Stechlin-Ruppiner Land und Rheinsberger Preussenquelle Impulsvortrag: Gemeinwohlzertifizierung als Chance\n<div id=\"attachment_14530\" style=\"width: 310px\" class=\"wp-caption aligncenter\"><a href=\"https:\/\/www.naturparkmagazin.de\/stechlin\/wp-content\/uploads\/sites\/38\/DSC_0001-3.jpg\"><img aria-describedby=\"caption-attachment-14530\" decoding=\"async\" loading=\"lazy\" class=\"size-full wp-image-14530\" src=\"https:\/\/www.naturparkmagazin.de\/stechlin\/wp-content\/uploads\/sites\/38\/DSC_0001-3.jpg\" alt=\"\" width=\"300\" height=\"500\" srcset=\"https:\/\/www.naturparkmagazin.de\/stechlin\/wp-content\/uploads\/sites\/38\/DSC_0001-3.jpg 300w, https:\/\/www.naturparkmagazin.de\/stechlin\/wp-content\/uploads\/sites\/38\/DSC_0001-3-200x333.jpg 200w\" sizes=\"(max-width: 300px) 100vw, 300px\" \/><\/a><p id=\"caption-attachment-14530\" class=\"wp-caption-text\">Der Gesch\u00e4ftsf\u00fchrer der Rheinsberger Preussenquelle, Frank Stieldorf, referetiert \u00fcber die Gemeinwohl-Zertifizierung seines Unternehmens.\u00a9 Dr. Mario Schrumpf<\/p><\/div><\/li>\n<li>Landschaftspflegeverband Prignitz-Ruppiner Land e.V. stellt vor: Auswertung des laufenden Kennartenprogramms. Wie Betriebe F\u00f6rdergeldern erhalten k\u00f6nnen.\n<div id=\"attachment_14533\" style=\"width: 310px\" class=\"wp-caption aligncenter\"><a href=\"https:\/\/www.naturparkmagazin.de\/stechlin\/wp-content\/uploads\/sites\/38\/DSC_0019.jpg\"><img aria-describedby=\"caption-attachment-14533\" decoding=\"async\" loading=\"lazy\" class=\"size-thumbnail wp-image-14533\" src=\"https:\/\/www.naturparkmagazin.de\/stechlin\/wp-content\/uploads\/sites\/38\/DSC_0019-300x180.jpg\" alt=\"\" width=\"300\" height=\"180\" srcset=\"https:\/\/www.naturparkmagazin.de\/stechlin\/wp-content\/uploads\/sites\/38\/DSC_0019-300x180.jpg 300w, https:\/\/www.naturparkmagazin.de\/stechlin\/wp-content\/uploads\/sites\/38\/DSC_0019-200x120.jpg 200w, https:\/\/www.naturparkmagazin.de\/stechlin\/wp-content\/uploads\/sites\/38\/DSC_0019.jpg 500w\" sizes=\"(max-width: 300px) 100vw, 300px\" \/><\/a><p id=\"caption-attachment-14533\" class=\"wp-caption-text\">Andreas Bergmann und Bernd Zimmermann vom LPV Prignitz-Ruppiner Land e.V. berichten \u00fcber die Erfahrungen mit dem Agrarf\u00f6rderprogramm zu Kennarten in der Landwirtschaft.\u00a9 Dr. Mario Schrumpf<\/p><\/div><\/li>\n<li>Die F\u00f6rdergemeinschaft \u00d6kologischer Landbau Berlin Brandenburg (F\u00d6L) e.V. stellt vor: F\u00f6rderm\u00f6glichkeiten von Hof\u00fcbergaben im Mentoringprogramm des Junglandwirteprojekts der F\u00d6L\n<div id=\"attachment_14534\" style=\"width: 310px\" class=\"wp-caption aligncenter\"><a href=\"https:\/\/www.naturparkmagazin.de\/stechlin\/wp-content\/uploads\/sites\/38\/DSC_0021-1.jpg\"><img aria-describedby=\"caption-attachment-14534\" decoding=\"async\" loading=\"lazy\" class=\"size-full wp-image-14534\" src=\"https:\/\/www.naturparkmagazin.de\/stechlin\/wp-content\/uploads\/sites\/38\/DSC_0021-1.jpg\" alt=\"\" width=\"300\" height=\"500\" srcset=\"https:\/\/www.naturparkmagazin.de\/stechlin\/wp-content\/uploads\/sites\/38\/DSC_0021-1.jpg 300w, https:\/\/www.naturparkmagazin.de\/stechlin\/wp-content\/uploads\/sites\/38\/DSC_0021-1-200x333.jpg 200w\" sizes=\"(max-width: 300px) 100vw, 300px\" \/><\/a><p id=\"caption-attachment-14534\" class=\"wp-caption-text\">Kerstin Pickl von der F\u00f6rdergemeinschaft \u00d6kologischer Landbau Berlin\/Brandenburg (F\u00d6L) referierte \u00fcber F\u00f6rderm\u00f6glichkeiten zur Begleitung bei der Hof\u00fcbergabe.\u00a9 Dr. Mario Schrumpf<\/p><\/div><\/li>\n<li>B\u00fcndnis Junge Landwirtschaft e.V. stellt vor: Hofnachfolge in Brandenburg Situation, Herausforderungen und L\u00f6sungswege\n<div id=\"attachment_14535\" style=\"width: 310px\" class=\"wp-caption aligncenter\"><a href=\"https:\/\/www.naturparkmagazin.de\/stechlin\/wp-content\/uploads\/sites\/38\/DSC_0032-1.jpg\"><img aria-describedby=\"caption-attachment-14535\" decoding=\"async\" loading=\"lazy\" class=\"size-thumbnail wp-image-14535\" src=\"https:\/\/www.naturparkmagazin.de\/stechlin\/wp-content\/uploads\/sites\/38\/DSC_0032-1-300x180.jpg\" alt=\"\" width=\"300\" height=\"180\" srcset=\"https:\/\/www.naturparkmagazin.de\/stechlin\/wp-content\/uploads\/sites\/38\/DSC_0032-1-300x180.jpg 300w, https:\/\/www.naturparkmagazin.de\/stechlin\/wp-content\/uploads\/sites\/38\/DSC_0032-1-200x120.jpg 200w, https:\/\/www.naturparkmagazin.de\/stechlin\/wp-content\/uploads\/sites\/38\/DSC_0032-1.jpg 500w\" sizes=\"(max-width: 300px) 100vw, 300px\" \/><\/a><p id=\"caption-attachment-14535\" class=\"wp-caption-text\">Hier beschreibt Willi Lehnert vom B\u00fcndnis Junge Landwirtschaft Berlin\/Brandenburg die Situation im Land hinsichtlich Hof\u00fcbergabe an Junglandwirte.\u00a9 Dr. Mario Schrumpf<\/p><\/div><\/li>\n<\/ol>\n","protected":false},"excerpt":{"rendered":"<p>40 Landwirte und Landwirtinnen, Vertreter aus Verb\u00e4nden, Gesellschaft und Politik folgten der Einladung zum 6. Landwirtschaftstag nach Menz.<\/p>\n","protected":false},"author":39,"featured_media":14536,"comment_status":"open","ping_status":"open","sticky":false,"template":"","format":"standard","meta":[],"categories":[7],"tags":[],"yoast_head":"<!-- This site is optimized with the Yoast SEO plugin v19.10 - https:\/\/yoast.com\/wordpress\/plugins\/seo\/ -->\n<title>Der 6. Landwirtschaftstag am 16. November hatte viel zu bieten (2023) - Naturpark Stechlin-Ruppiner Land<\/title>\n<meta name=\"robots\" content=\"index, follow, max-snippet:-1, max-image-preview:large, max-video-preview:-1\" \/>\n<link rel=\"canonical\" href=\"https:\/\/www.naturparkmagazin.de\/stechlin\/der-6-landwirtschaftstag-am-16-november-hatte-viel-zu-bieten\/\" \/>\n<meta property=\"og:locale\" content=\"de_DE\" \/>\n<meta property=\"og:type\" content=\"article\" \/>\n<meta property=\"og:title\" content=\"Der 6. Landwirtschaftstag am 16. November hatte viel zu bieten (2023) - Naturpark Stechlin-Ruppiner Land\" \/>\n<meta property=\"og:description\" content=\"40 Landwirte und Landwirtinnen, Vertreter aus Verb\u00e4nden, Gesellschaft und Politik folgten der Einladung zum 6. Landwirtschaftstag nach Menz.\" \/>\n<meta property=\"og:url\" content=\"https:\/\/www.naturparkmagazin.de\/stechlin\/der-6-landwirtschaftstag-am-16-november-hatte-viel-zu-bieten\/\" \/>\n<meta property=\"og:site_name\" content=\"Naturpark Stechlin-Ruppiner Land\" \/>\n<meta property=\"article:published_time\" content=\"2023-11-17T14:05:25+00:00\" \/>\n<meta property=\"article:modified_time\" content=\"2026-01-09T11:37:38+00:00\" \/>\n<meta property=\"og:image\" content=\"https:\/\/www.naturparkmagazin.de\/stechlin\/wp-content\/uploads\/sites\/38\/DSC_0034_a.jpg\" \/>\n\t<meta property=\"og:image:width\" content=\"200\" \/>\n\t<meta property=\"og:image:height\" content=\"200\" \/>\n\t<meta property=\"og:image:type\" content=\"image\/jpeg\" \/>\n<meta name=\"author\" content=\"marioschrumpf\" \/>\n<meta name=\"twitter:label1\" content=\"Verfasst von\" \/>\n\t<meta name=\"twitter:data1\" content=\"marioschrumpf\" \/>\n\t<meta name=\"twitter:label2\" content=\"Gesch\u00e4tzte Lesezeit\" \/>\n\t<meta name=\"twitter:data2\" content=\"4\u00a0Minuten\" \/>\n<script type=\"application\/ld+json\" class=\"yoast-schema-graph\">{\"@context\":\"https:\/\/schema.org\",\"@graph\":[{\"@type\":\"WebPage\",\"@id\":\"https:\/\/www.naturparkmagazin.de\/stechlin\/der-6-landwirtschaftstag-am-16-november-hatte-viel-zu-bieten\/\",\"url\":\"https:\/\/www.naturparkmagazin.de\/stechlin\/der-6-landwirtschaftstag-am-16-november-hatte-viel-zu-bieten\/\",\"name\":\"Der 6. Landwirtschaftstag am 16. November hatte viel zu bieten (2023) - Naturpark Stechlin-Ruppiner Land\",\"isPartOf\":{\"@id\":\"https:\/\/www.naturparkmagazin.de\/stechlin\/#website\"},\"datePublished\":\"2023-11-17T14:05:25+00:00\",\"dateModified\":\"2026-01-09T11:37:38+00:00\",\"author\":{\"@id\":\"https:\/\/www.naturparkmagazin.de\/stechlin\/#\/schema\/person\/3f0d93203df21c806dd63c76d9bb28bc\"},\"breadcrumb\":{\"@id\":\"https:\/\/www.naturparkmagazin.de\/stechlin\/der-6-landwirtschaftstag-am-16-november-hatte-viel-zu-bieten\/#breadcrumb\"},\"inLanguage\":\"de\",\"potentialAction\":[{\"@type\":\"ReadAction\",\"target\":[\"https:\/\/www.naturparkmagazin.de\/stechlin\/der-6-landwirtschaftstag-am-16-november-hatte-viel-zu-bieten\/\"]}]},{\"@type\":\"BreadcrumbList\",\"@id\":\"https:\/\/www.naturparkmagazin.de\/stechlin\/der-6-landwirtschaftstag-am-16-november-hatte-viel-zu-bieten\/#breadcrumb\",\"itemListElement\":[{\"@type\":\"ListItem\",\"position\":1,\"name\":\"Home\",\"item\":\"https:\/\/www.naturparkmagazin.de\/stechlin\/\"},{\"@type\":\"ListItem\",\"position\":2,\"name\":\"Der 6. Landwirtschaftstag am 16. November hatte viel zu bieten (2023)\"}]},{\"@type\":\"WebSite\",\"@id\":\"https:\/\/www.naturparkmagazin.de\/stechlin\/#website\",\"url\":\"https:\/\/www.naturparkmagazin.de\/stechlin\/\",\"name\":\"Naturpark Stechlin-Ruppiner Land\",\"description\":\"\",\"potentialAction\":[{\"@type\":\"SearchAction\",\"target\":{\"@type\":\"EntryPoint\",\"urlTemplate\":\"https:\/\/www.naturparkmagazin.de\/stechlin\/?s={search_term_string}\"},\"query-input\":\"required name=search_term_string\"}],\"inLanguage\":\"de\"},{\"@type\":\"Person\",\"@id\":\"https:\/\/www.naturparkmagazin.de\/stechlin\/#\/schema\/person\/3f0d93203df21c806dd63c76d9bb28bc\",\"name\":\"marioschrumpf\",\"url\":\"https:\/\/www.naturparkmagazin.de\/stechlin\/author\/marioschrumpf\/\"}]}<\/script>\n<!-- \/ Yoast SEO plugin. -->","yoast_head_json":{"title":"Der 6. Landwirtschaftstag am 16. November hatte viel zu bieten (2023) - Naturpark Stechlin-Ruppiner Land","robots":{"index":"index","follow":"follow","max-snippet":"max-snippet:-1","max-image-preview":"max-image-preview:large","max-video-preview":"max-video-preview:-1"},"canonical":"https:\/\/www.naturparkmagazin.de\/stechlin\/der-6-landwirtschaftstag-am-16-november-hatte-viel-zu-bieten\/","og_locale":"de_DE","og_type":"article","og_title":"Der 6. Landwirtschaftstag am 16. November hatte viel zu bieten (2023) - Naturpark Stechlin-Ruppiner Land","og_description":"40 Landwirte und Landwirtinnen, Vertreter aus Verb\u00e4nden, Gesellschaft und Politik folgten der Einladung zum 6. Landwirtschaftstag nach Menz.","og_url":"https:\/\/www.naturparkmagazin.de\/stechlin\/der-6-landwirtschaftstag-am-16-november-hatte-viel-zu-bieten\/","og_site_name":"Naturpark Stechlin-Ruppiner Land","article_published_time":"2023-11-17T14:05:25+00:00","article_modified_time":"2026-01-09T11:37:38+00:00","og_image":[{"width":200,"height":200,"url":"https:\/\/www.naturparkmagazin.de\/stechlin\/wp-content\/uploads\/sites\/38\/DSC_0034_a.jpg","type":"image\/jpeg"}],"author":"marioschrumpf","twitter_misc":{"Verfasst von":"marioschrumpf","Gesch\u00e4tzte Lesezeit":"4\u00a0Minuten"},"schema":{"@context":"https:\/\/schema.org","@graph":[{"@type":"WebPage","@id":"https:\/\/www.naturparkmagazin.de\/stechlin\/der-6-landwirtschaftstag-am-16-november-hatte-viel-zu-bieten\/","url":"https:\/\/www.naturparkmagazin.de\/stechlin\/der-6-landwirtschaftstag-am-16-november-hatte-viel-zu-bieten\/","name":"Der 6. Landwirtschaftstag am 16. November hatte viel zu bieten (2023) - Naturpark Stechlin-Ruppiner Land","isPartOf":{"@id":"https:\/\/www.naturparkmagazin.de\/stechlin\/#website"},"datePublished":"2023-11-17T14:05:25+00:00","dateModified":"2026-01-09T11:37:38+00:00","author":{"@id":"https:\/\/www.naturparkmagazin.de\/stechlin\/#\/schema\/person\/3f0d93203df21c806dd63c76d9bb28bc"},"breadcrumb":{"@id":"https:\/\/www.naturparkmagazin.de\/stechlin\/der-6-landwirtschaftstag-am-16-november-hatte-viel-zu-bieten\/#breadcrumb"},"inLanguage":"de","potentialAction":[{"@type":"ReadAction","target":["https:\/\/www.naturparkmagazin.de\/stechlin\/der-6-landwirtschaftstag-am-16-november-hatte-viel-zu-bieten\/"]}]},{"@type":"BreadcrumbList","@id":"https:\/\/www.naturparkmagazin.de\/stechlin\/der-6-landwirtschaftstag-am-16-november-hatte-viel-zu-bieten\/#breadcrumb","itemListElement":[{"@type":"ListItem","position":1,"name":"Home","item":"https:\/\/www.naturparkmagazin.de\/stechlin\/"},{"@type":"ListItem","position":2,"name":"Der 6. Landwirtschaftstag am 16. November hatte viel zu bieten (2023)"}]},{"@type":"WebSite","@id":"https:\/\/www.naturparkmagazin.de\/stechlin\/#website","url":"https:\/\/www.naturparkmagazin.de\/stechlin\/","name":"Naturpark Stechlin-Ruppiner Land","description":"","potentialAction":[{"@type":"SearchAction","target":{"@type":"EntryPoint","urlTemplate":"https:\/\/www.naturparkmagazin.de\/stechlin\/?s={search_term_string}"},"query-input":"required name=search_term_string"}],"inLanguage":"de"},{"@type":"Person","@id":"https:\/\/www.naturparkmagazin.de\/stechlin\/#\/schema\/person\/3f0d93203df21c806dd63c76d9bb28bc","name":"marioschrumpf","url":"https:\/\/www.naturparkmagazin.de\/stechlin\/author\/marioschrumpf\/"}]}},"_links":{"self":[{"href":"https:\/\/www.naturparkmagazin.de\/stechlin\/wp-json\/wp\/v2\/posts\/14502"}],"collection":[{"href":"https:\/\/www.naturparkmagazin.de\/stechlin\/wp-json\/wp\/v2\/posts"}],"about":[{"href":"https:\/\/www.naturparkmagazin.de\/stechlin\/wp-json\/wp\/v2\/types\/post"}],"author":[{"embeddable":true,"href":"https:\/\/www.naturparkmagazin.de\/stechlin\/wp-json\/wp\/v2\/users\/39"}],"replies":[{"embeddable":true,"href":"https:\/\/www.naturparkmagazin.de\/stechlin\/wp-json\/wp\/v2\/comments?post=14502"}],"version-history":[{"count":7,"href":"https:\/\/www.naturparkmagazin.de\/stechlin\/wp-json\/wp\/v2\/posts\/14502\/revisions"}],"predecessor-version":[{"id":18712,"href":"https:\/\/www.naturparkmagazin.de\/stechlin\/wp-json\/wp\/v2\/posts\/14502\/revisions\/18712"}],"wp:featuredmedia":[{"embeddable":true,"href":"https:\/\/www.naturparkmagazin.de\/stechlin\/wp-json\/wp\/v2\/media\/14536"}],"wp:attachment":[{"href":"https:\/\/www.naturparkmagazin.de\/stechlin\/wp-json\/wp\/v2\/media?parent=14502"}],"wp:term":[{"taxonomy":"category","embeddable":true,"href":"https:\/\/www.naturparkmagazin.de\/stechlin\/wp-json\/wp\/v2\/categories?post=14502"},{"taxonomy":"post_tag","embeddable":true,"href":"https:\/\/www.naturparkmagazin.de\/stechlin\/wp-json\/wp\/v2\/tags?post=14502"}],"curies":[{"name":"wp","href":"https:\/\/api.w.org\/{rel}","templated":true}]}}