{"id":14504,"date":"2023-11-17T15:06:51","date_gmt":"2023-11-17T14:06:51","guid":{"rendered":"https:\/\/www.naturparkmagazin.de\/stechlin\/?p=14504"},"modified":"2023-11-25T14:15:57","modified_gmt":"2023-11-25T13:15:57","slug":"ueberarbeitung-der-beschilderung-am-heideerlebnisweg","status":"publish","type":"post","link":"https:\/\/www.naturparkmagazin.de\/stechlin\/ueberarbeitung-der-beschilderung-am-heideerlebnisweg\/","title":{"rendered":"\u00dcberarbeitung der Beschilderung am Heideerlebnisweg"},"content":{"rendered":"<p>Am 23. und 24.10.2023 konnte durch den Landkreis Ostprignitz-Ruppin die alte Wanderwegebeschilderung entlang des Heideerlebnisweges \u00fcberarbeitet werden.<\/p>\n<p>Diese Arbeiten wurde notwendig, da die urspr\u00fcngliche Holzbeschilderung durch Witterungseinfl\u00fcsse und Vandalismus an vielen Standorten nicht nur sehr stark in Mitleidenschaft gezogen wurde, sondern kaum noch zu erkennen war.<\/p>\n<div id=\"attachment_14569\" style=\"width: 310px\" class=\"wp-caption aligncenter\"><a href=\"https:\/\/www.naturparkmagazin.de\/stechlin\/wp-content\/uploads\/sites\/38\/Montage-neuer-Wegweiser_b.jpg\"><img aria-describedby=\"caption-attachment-14569\" decoding=\"async\" loading=\"lazy\" class=\"size-thumbnail wp-image-14569\" src=\"https:\/\/www.naturparkmagazin.de\/stechlin\/wp-content\/uploads\/sites\/38\/Montage-neuer-Wegweiser_b-300x180.jpg\" alt=\"\" width=\"300\" height=\"180\" srcset=\"https:\/\/www.naturparkmagazin.de\/stechlin\/wp-content\/uploads\/sites\/38\/Montage-neuer-Wegweiser_b-300x180.jpg 300w, https:\/\/www.naturparkmagazin.de\/stechlin\/wp-content\/uploads\/sites\/38\/Montage-neuer-Wegweiser_b-200x120.jpg 200w, https:\/\/www.naturparkmagazin.de\/stechlin\/wp-content\/uploads\/sites\/38\/Montage-neuer-Wegweiser_b.jpg 500w\" sizes=\"(max-width: 300px) 100vw, 300px\" \/><\/a><p id=\"caption-attachment-14569\" class=\"wp-caption-text\">Montage neuer Wegweiser\u00a9 Olaf Wolff<\/p><\/div>\n<p>Die Mitarbeiter der durch den Landkreis beauftragten Firma setzen an allen Schilderstandorten neue Quadratholzpfosten aus Eiche, und montierte die neuen Schilder im bekannten Design, aber als deutlich witterungsresistentere Aluminium-Hohlkastenprofile.<\/p>\n<div id=\"attachment_14571\" style=\"width: 310px\" class=\"wp-caption aligncenter\"><a href=\"https:\/\/www.naturparkmagazin.de\/stechlin\/wp-content\/uploads\/sites\/38\/Neue-Holzpfosten-werden-gesetzt.jpg\"><img aria-describedby=\"caption-attachment-14571\" decoding=\"async\" loading=\"lazy\" class=\"size-thumbnail wp-image-14571\" src=\"https:\/\/www.naturparkmagazin.de\/stechlin\/wp-content\/uploads\/sites\/38\/Neue-Holzpfosten-werden-gesetzt-300x180.jpg\" alt=\"\" width=\"300\" height=\"180\" srcset=\"https:\/\/www.naturparkmagazin.de\/stechlin\/wp-content\/uploads\/sites\/38\/Neue-Holzpfosten-werden-gesetzt-300x180.jpg 300w, https:\/\/www.naturparkmagazin.de\/stechlin\/wp-content\/uploads\/sites\/38\/Neue-Holzpfosten-werden-gesetzt-200x120.jpg 200w, https:\/\/www.naturparkmagazin.de\/stechlin\/wp-content\/uploads\/sites\/38\/Neue-Holzpfosten-werden-gesetzt.jpg 500w\" sizes=\"(max-width: 300px) 100vw, 300px\" \/><\/a><p id=\"caption-attachment-14571\" class=\"wp-caption-text\">Neue Holzpfosten werden gesetzt.\u00a9 Olaf Wolff<\/p><\/div>\n<p>Unterst\u00fctzt wurde das Projekt ma\u00dfgeblich durch Lottomittel, die vom Ministerium f\u00fcr Landwirtschaft, Umwelt und Klimaschutz (MLUK) zugewendet wurden.<\/p>\n<p>Seit Juni 2021 geh\u00f6rt Deutschlands zweitgr\u00f6\u00dftes Heidegebiet vollst\u00e4ndig zum Naturpark Stechlin-Ruppiner Land &gt;&gt;&gt; <a href=\"https:\/\/www.naturparkmagazin.de\/stechlin\/unterwegs-in-der-kyritz-ruppiner-heide\/\">https:\/\/www.naturparkmagazin.de\/stechlin\/unterwegs-in-der-kyritz-ruppiner-heide\/<\/a><\/p>\n<div id=\"attachment_14570\" style=\"width: 310px\" class=\"wp-caption aligncenter\"><a href=\"https:\/\/www.naturparkmagazin.de\/stechlin\/wp-content\/uploads\/sites\/38\/Neue-Beschilderung-am-Heinz-Sielmann-Huegel.jpg\"><img aria-describedby=\"caption-attachment-14570\" decoding=\"async\" loading=\"lazy\" class=\"size-full wp-image-14570\" src=\"https:\/\/www.naturparkmagazin.de\/stechlin\/wp-content\/uploads\/sites\/38\/Neue-Beschilderung-am-Heinz-Sielmann-Huegel.jpg\" alt=\"\" width=\"300\" height=\"500\" srcset=\"https:\/\/www.naturparkmagazin.de\/stechlin\/wp-content\/uploads\/sites\/38\/Neue-Beschilderung-am-Heinz-Sielmann-Huegel.jpg 300w, https:\/\/www.naturparkmagazin.de\/stechlin\/wp-content\/uploads\/sites\/38\/Neue-Beschilderung-am-Heinz-Sielmann-Huegel-200x333.jpg 200w\" sizes=\"(max-width: 300px) 100vw, 300px\" \/><\/a><p id=\"caption-attachment-14570\" class=\"wp-caption-text\">Neue Beschilderung am Heinz Sielmann H\u00fcgel.\u00a9 Olaf Wolff<\/p><\/div>\n","protected":false},"excerpt":{"rendered":"<p>Am 23. und 24.10.2023 konnte durch den Landkreis Ostprignitz-Ruppin die alte Wanderwegebeschilderung entlang des Heideerlebnisweges \u00fcberarbeitet werden.<\/p>\n","protected":false},"author":39,"featured_media":14568,"comment_status":"open","ping_status":"open","sticky":false,"template":"","format":"standard","meta":[],"categories":[7],"tags":[],"yoast_head":"<!-- This site is optimized with the Yoast SEO plugin v19.10 - https:\/\/yoast.com\/wordpress\/plugins\/seo\/ -->\n<title>\u00dcberarbeitung der Beschilderung am Heideerlebnisweg - Naturpark Stechlin-Ruppiner Land<\/title>\n<meta name=\"robots\" content=\"index, follow, max-snippet:-1, max-image-preview:large, max-video-preview:-1\" \/>\n<link rel=\"canonical\" href=\"https:\/\/www.naturparkmagazin.de\/stechlin\/ueberarbeitung-der-beschilderung-am-heideerlebnisweg\/\" \/>\n<meta property=\"og:locale\" content=\"de_DE\" \/>\n<meta property=\"og:type\" content=\"article\" \/>\n<meta property=\"og:title\" content=\"\u00dcberarbeitung der Beschilderung am Heideerlebnisweg - Naturpark Stechlin-Ruppiner Land\" \/>\n<meta property=\"og:description\" content=\"Am 23. und 24.10.2023 konnte durch den Landkreis Ostprignitz-Ruppin die alte Wanderwegebeschilderung entlang des Heideerlebnisweges \u00fcberarbeitet werden.\" \/>\n<meta property=\"og:url\" content=\"https:\/\/www.naturparkmagazin.de\/stechlin\/ueberarbeitung-der-beschilderung-am-heideerlebnisweg\/\" \/>\n<meta property=\"og:site_name\" content=\"Naturpark Stechlin-Ruppiner Land\" \/>\n<meta property=\"article:published_time\" content=\"2023-11-17T14:06:51+00:00\" \/>\n<meta property=\"article:modified_time\" content=\"2023-11-25T13:15:57+00:00\" \/>\n<meta property=\"og:image\" content=\"https:\/\/www.naturparkmagazin.de\/stechlin\/wp-content\/uploads\/sites\/38\/Montage-neuer-Wegweiser_a.jpg\" \/>\n\t<meta property=\"og:image:width\" content=\"200\" \/>\n\t<meta property=\"og:image:height\" content=\"200\" \/>\n\t<meta property=\"og:image:type\" content=\"image\/jpeg\" \/>\n<meta name=\"author\" content=\"marioschrumpf\" \/>\n<meta name=\"twitter:label1\" content=\"Verfasst von\" \/>\n\t<meta name=\"twitter:data1\" content=\"marioschrumpf\" \/>\n\t<meta name=\"twitter:label2\" content=\"Gesch\u00e4tzte Lesezeit\" \/>\n\t<meta name=\"twitter:data2\" content=\"2\u00a0Minuten\" \/>\n<script type=\"application\/ld+json\" class=\"yoast-schema-graph\">{\"@context\":\"https:\/\/schema.org\",\"@graph\":[{\"@type\":\"WebPage\",\"@id\":\"https:\/\/www.naturparkmagazin.de\/stechlin\/ueberarbeitung-der-beschilderung-am-heideerlebnisweg\/\",\"url\":\"https:\/\/www.naturparkmagazin.de\/stechlin\/ueberarbeitung-der-beschilderung-am-heideerlebnisweg\/\",\"name\":\"\u00dcberarbeitung der Beschilderung am Heideerlebnisweg - Naturpark Stechlin-Ruppiner Land\",\"isPartOf\":{\"@id\":\"https:\/\/www.naturparkmagazin.de\/stechlin\/#website\"},\"datePublished\":\"2023-11-17T14:06:51+00:00\",\"dateModified\":\"2023-11-25T13:15:57+00:00\",\"author\":{\"@id\":\"https:\/\/www.naturparkmagazin.de\/stechlin\/#\/schema\/person\/3f0d93203df21c806dd63c76d9bb28bc\"},\"breadcrumb\":{\"@id\":\"https:\/\/www.naturparkmagazin.de\/stechlin\/ueberarbeitung-der-beschilderung-am-heideerlebnisweg\/#breadcrumb\"},\"inLanguage\":\"de\",\"potentialAction\":[{\"@type\":\"ReadAction\",\"target\":[\"https:\/\/www.naturparkmagazin.de\/stechlin\/ueberarbeitung-der-beschilderung-am-heideerlebnisweg\/\"]}]},{\"@type\":\"BreadcrumbList\",\"@id\":\"https:\/\/www.naturparkmagazin.de\/stechlin\/ueberarbeitung-der-beschilderung-am-heideerlebnisweg\/#breadcrumb\",\"itemListElement\":[{\"@type\":\"ListItem\",\"position\":1,\"name\":\"Home\",\"item\":\"https:\/\/www.naturparkmagazin.de\/stechlin\/\"},{\"@type\":\"ListItem\",\"position\":2,\"name\":\"\u00dcberarbeitung der Beschilderung am Heideerlebnisweg\"}]},{\"@type\":\"WebSite\",\"@id\":\"https:\/\/www.naturparkmagazin.de\/stechlin\/#website\",\"url\":\"https:\/\/www.naturparkmagazin.de\/stechlin\/\",\"name\":\"Naturpark Stechlin-Ruppiner Land\",\"description\":\"\",\"potentialAction\":[{\"@type\":\"SearchAction\",\"target\":{\"@type\":\"EntryPoint\",\"urlTemplate\":\"https:\/\/www.naturparkmagazin.de\/stechlin\/?s={search_term_string}\"},\"query-input\":\"required name=search_term_string\"}],\"inLanguage\":\"de\"},{\"@type\":\"Person\",\"@id\":\"https:\/\/www.naturparkmagazin.de\/stechlin\/#\/schema\/person\/3f0d93203df21c806dd63c76d9bb28bc\",\"name\":\"marioschrumpf\",\"url\":\"https:\/\/www.naturparkmagazin.de\/stechlin\/author\/marioschrumpf\/\"}]}<\/script>\n<!-- \/ Yoast SEO plugin. -->","yoast_head_json":{"title":"\u00dcberarbeitung der Beschilderung am Heideerlebnisweg - Naturpark Stechlin-Ruppiner Land","robots":{"index":"index","follow":"follow","max-snippet":"max-snippet:-1","max-image-preview":"max-image-preview:large","max-video-preview":"max-video-preview:-1"},"canonical":"https:\/\/www.naturparkmagazin.de\/stechlin\/ueberarbeitung-der-beschilderung-am-heideerlebnisweg\/","og_locale":"de_DE","og_type":"article","og_title":"\u00dcberarbeitung der Beschilderung am Heideerlebnisweg - Naturpark Stechlin-Ruppiner Land","og_description":"Am 23. und 24.10.2023 konnte durch den Landkreis Ostprignitz-Ruppin die alte Wanderwegebeschilderung entlang des Heideerlebnisweges \u00fcberarbeitet werden.","og_url":"https:\/\/www.naturparkmagazin.de\/stechlin\/ueberarbeitung-der-beschilderung-am-heideerlebnisweg\/","og_site_name":"Naturpark Stechlin-Ruppiner Land","article_published_time":"2023-11-17T14:06:51+00:00","article_modified_time":"2023-11-25T13:15:57+00:00","og_image":[{"width":200,"height":200,"url":"https:\/\/www.naturparkmagazin.de\/stechlin\/wp-content\/uploads\/sites\/38\/Montage-neuer-Wegweiser_a.jpg","type":"image\/jpeg"}],"author":"marioschrumpf","twitter_misc":{"Verfasst von":"marioschrumpf","Gesch\u00e4tzte Lesezeit":"2\u00a0Minuten"},"schema":{"@context":"https:\/\/schema.org","@graph":[{"@type":"WebPage","@id":"https:\/\/www.naturparkmagazin.de\/stechlin\/ueberarbeitung-der-beschilderung-am-heideerlebnisweg\/","url":"https:\/\/www.naturparkmagazin.de\/stechlin\/ueberarbeitung-der-beschilderung-am-heideerlebnisweg\/","name":"\u00dcberarbeitung der Beschilderung am Heideerlebnisweg - Naturpark Stechlin-Ruppiner Land","isPartOf":{"@id":"https:\/\/www.naturparkmagazin.de\/stechlin\/#website"},"datePublished":"2023-11-17T14:06:51+00:00","dateModified":"2023-11-25T13:15:57+00:00","author":{"@id":"https:\/\/www.naturparkmagazin.de\/stechlin\/#\/schema\/person\/3f0d93203df21c806dd63c76d9bb28bc"},"breadcrumb":{"@id":"https:\/\/www.naturparkmagazin.de\/stechlin\/ueberarbeitung-der-beschilderung-am-heideerlebnisweg\/#breadcrumb"},"inLanguage":"de","potentialAction":[{"@type":"ReadAction","target":["https:\/\/www.naturparkmagazin.de\/stechlin\/ueberarbeitung-der-beschilderung-am-heideerlebnisweg\/"]}]},{"@type":"BreadcrumbList","@id":"https:\/\/www.naturparkmagazin.de\/stechlin\/ueberarbeitung-der-beschilderung-am-heideerlebnisweg\/#breadcrumb","itemListElement":[{"@type":"ListItem","position":1,"name":"Home","item":"https:\/\/www.naturparkmagazin.de\/stechlin\/"},{"@type":"ListItem","position":2,"name":"\u00dcberarbeitung der Beschilderung am Heideerlebnisweg"}]},{"@type":"WebSite","@id":"https:\/\/www.naturparkmagazin.de\/stechlin\/#website","url":"https:\/\/www.naturparkmagazin.de\/stechlin\/","name":"Naturpark Stechlin-Ruppiner Land","description":"","potentialAction":[{"@type":"SearchAction","target":{"@type":"EntryPoint","urlTemplate":"https:\/\/www.naturparkmagazin.de\/stechlin\/?s={search_term_string}"},"query-input":"required name=search_term_string"}],"inLanguage":"de"},{"@type":"Person","@id":"https:\/\/www.naturparkmagazin.de\/stechlin\/#\/schema\/person\/3f0d93203df21c806dd63c76d9bb28bc","name":"marioschrumpf","url":"https:\/\/www.naturparkmagazin.de\/stechlin\/author\/marioschrumpf\/"}]}},"_links":{"self":[{"href":"https:\/\/www.naturparkmagazin.de\/stechlin\/wp-json\/wp\/v2\/posts\/14504"}],"collection":[{"href":"https:\/\/www.naturparkmagazin.de\/stechlin\/wp-json\/wp\/v2\/posts"}],"about":[{"href":"https:\/\/www.naturparkmagazin.de\/stechlin\/wp-json\/wp\/v2\/types\/post"}],"author":[{"embeddable":true,"href":"https:\/\/www.naturparkmagazin.de\/stechlin\/wp-json\/wp\/v2\/users\/39"}],"replies":[{"embeddable":true,"href":"https:\/\/www.naturparkmagazin.de\/stechlin\/wp-json\/wp\/v2\/comments?post=14504"}],"version-history":[{"count":4,"href":"https:\/\/www.naturparkmagazin.de\/stechlin\/wp-json\/wp\/v2\/posts\/14504\/revisions"}],"predecessor-version":[{"id":14582,"href":"https:\/\/www.naturparkmagazin.de\/stechlin\/wp-json\/wp\/v2\/posts\/14504\/revisions\/14582"}],"wp:featuredmedia":[{"embeddable":true,"href":"https:\/\/www.naturparkmagazin.de\/stechlin\/wp-json\/wp\/v2\/media\/14568"}],"wp:attachment":[{"href":"https:\/\/www.naturparkmagazin.de\/stechlin\/wp-json\/wp\/v2\/media?parent=14504"}],"wp:term":[{"taxonomy":"category","embeddable":true,"href":"https:\/\/www.naturparkmagazin.de\/stechlin\/wp-json\/wp\/v2\/categories?post=14504"},{"taxonomy":"post_tag","embeddable":true,"href":"https:\/\/www.naturparkmagazin.de\/stechlin\/wp-json\/wp\/v2\/tags?post=14504"}],"curies":[{"name":"wp","href":"https:\/\/api.w.org\/{rel}","templated":true}]}}