{"id":14512,"date":"2023-11-17T16:01:20","date_gmt":"2023-11-17T15:01:20","guid":{"rendered":"https:\/\/www.naturparkmagazin.de\/stechlin\/?p=14512"},"modified":"2023-11-27T07:45:43","modified_gmt":"2023-11-27T06:45:43","slug":"offene-buehne-menz-am-9-12","status":"publish","type":"post","link":"https:\/\/www.naturparkmagazin.de\/stechlin\/offene-buehne-menz-am-9-12\/","title":{"rendered":"5. Offene B\u00fchne Menz am 9. Dezember"},"content":{"rendered":"<p>Nach dem gro\u00dfen Erfolg der Offenen B\u00fchne in Menz zu Beginn des Jahres, wird die bunte Konzertreihe jetzt im Winterhalbjahr fortgesetzt. So haben verschiedene Musiker und Bands die M\u00f6glichkeit sich mit ganz unterschiedlichen Musikrichtungen zu pr\u00e4sentieren.<\/p>\n<p>Am Abend des <strong>9. Dezember<\/strong> werden vorwiegend weihnachtliche Kl\u00e4nge, Ch\u00f6re und Weihnachtsrock zu h\u00f6ren sein.<\/p>\n<div id=\"attachment_14618\" style=\"width: 310px\" class=\"wp-caption aligncenter\"><a href=\"https:\/\/www.naturparkmagazin.de\/stechlin\/wp-content\/uploads\/sites\/38\/Plakat-Dezember-edit1.jpg\"><img aria-describedby=\"caption-attachment-14618\" decoding=\"async\" loading=\"lazy\" class=\"size-full wp-image-14618\" src=\"https:\/\/www.naturparkmagazin.de\/stechlin\/wp-content\/uploads\/sites\/38\/Plakat-Dezember-edit1.jpg\" alt=\"\" width=\"300\" height=\"434\" srcset=\"https:\/\/www.naturparkmagazin.de\/stechlin\/wp-content\/uploads\/sites\/38\/Plakat-Dezember-edit1.jpg 300w, https:\/\/www.naturparkmagazin.de\/stechlin\/wp-content\/uploads\/sites\/38\/Plakat-Dezember-edit1-200x289.jpg 200w\" sizes=\"(max-width: 300px) 100vw, 300px\" \/><\/a><p id=\"caption-attachment-14618\" class=\"wp-caption-text\">Plakat zum Adventskonzert 2023\u00a9 Katrin Davis<\/p><\/div>\n<p>Da ist Folk von der Gruppe Basted Friends aus Rheinsberg dabei, Balladen von Rosa aus Altglobsow und der Liedermacher Reimund Scheel aus Germendorf. Es gibt Flo aus Neuruppin mit eigenen Liedern, Helmut und Jeery mit Country, und XOXROCK aus Menz spielt feinen Rock. Paul Davis and Friends mit Saxophonist Andreas aus Gransee mit Oldies, Blues, und Rock.<\/p>\n<p>Der Konzertabend beginnt wieder um <strong>19 Uhr<\/strong> im Saal der<strong> Regionalwerkstatt Stechlin in Menz<\/strong>\u00a0 am Friedensplatz.<\/p>\n<p>Es gibt &#8211; W\u00fcrstchen, Snacks, Suppe und Getr\u00e4nke.<\/p>\n<p>Der Eintritt ist frei, Spenden in den Topf. Die Konzertreihe wird unterst\u00fctzt von Gemeinsam e.V. und dem F\u00f6rderverein Naturlandschaft Stechlin und Menzer Heide e.V.<\/p>\n","protected":false},"excerpt":{"rendered":"<p>Nach dem gro\u00dfen Erfolg der Offenen B\u00fchne in Menz zu Beginn des Jahres, wird die bunte Konzertreihe jetzt im Winterhalbjahr fortgesetzt. So haben viele verschieden Musiker und Bands die M\u00f6glichkeit sich mit ganz unterschiedlichen Musikrichtungen zu pr\u00e4sentieren.<\/p>\n","protected":false},"author":39,"featured_media":13041,"comment_status":"open","ping_status":"open","sticky":false,"template":"","format":"standard","meta":[],"categories":[11],"tags":[],"yoast_head":"<!-- This site is optimized with the Yoast SEO plugin v19.10 - https:\/\/yoast.com\/wordpress\/plugins\/seo\/ -->\n<title>5. Offene B\u00fchne Menz am 9. Dezember - Naturpark Stechlin-Ruppiner Land<\/title>\n<meta name=\"robots\" content=\"index, follow, max-snippet:-1, max-image-preview:large, max-video-preview:-1\" \/>\n<link rel=\"canonical\" href=\"https:\/\/www.naturparkmagazin.de\/stechlin\/offene-buehne-menz-am-9-12\/\" \/>\n<meta property=\"og:locale\" content=\"de_DE\" \/>\n<meta property=\"og:type\" content=\"article\" \/>\n<meta property=\"og:title\" content=\"5. Offene B\u00fchne Menz am 9. Dezember - Naturpark Stechlin-Ruppiner Land\" \/>\n<meta property=\"og:description\" content=\"Nach dem gro\u00dfen Erfolg der Offenen B\u00fchne in Menz zu Beginn des Jahres, wird die bunte Konzertreihe jetzt im Winterhalbjahr fortgesetzt. So haben viele verschieden Musiker und Bands die M\u00f6glichkeit sich mit ganz unterschiedlichen Musikrichtungen zu pr\u00e4sentieren.\" \/>\n<meta property=\"og:url\" content=\"https:\/\/www.naturparkmagazin.de\/stechlin\/offene-buehne-menz-am-9-12\/\" \/>\n<meta property=\"og:site_name\" content=\"Naturpark Stechlin-Ruppiner Land\" \/>\n<meta property=\"article:published_time\" content=\"2023-11-17T15:01:20+00:00\" \/>\n<meta property=\"article:modified_time\" content=\"2023-11-27T06:45:43+00:00\" \/>\n<meta property=\"og:image\" content=\"https:\/\/www.naturparkmagazin.de\/stechlin\/wp-content\/uploads\/sites\/38\/Paul-Davis-Stechlin_a.jpg\" \/>\n\t<meta property=\"og:image:width\" content=\"200\" \/>\n\t<meta property=\"og:image:height\" content=\"200\" \/>\n\t<meta property=\"og:image:type\" content=\"image\/jpeg\" \/>\n<meta name=\"author\" content=\"marioschrumpf\" \/>\n<meta name=\"twitter:label1\" content=\"Verfasst von\" \/>\n\t<meta name=\"twitter:data1\" content=\"marioschrumpf\" \/>\n\t<meta name=\"twitter:label2\" content=\"Gesch\u00e4tzte Lesezeit\" \/>\n\t<meta name=\"twitter:data2\" content=\"2\u00a0Minuten\" \/>\n<script type=\"application\/ld+json\" class=\"yoast-schema-graph\">{\"@context\":\"https:\/\/schema.org\",\"@graph\":[{\"@type\":\"WebPage\",\"@id\":\"https:\/\/www.naturparkmagazin.de\/stechlin\/offene-buehne-menz-am-9-12\/\",\"url\":\"https:\/\/www.naturparkmagazin.de\/stechlin\/offene-buehne-menz-am-9-12\/\",\"name\":\"5. Offene B\u00fchne Menz am 9. Dezember - Naturpark Stechlin-Ruppiner Land\",\"isPartOf\":{\"@id\":\"https:\/\/www.naturparkmagazin.de\/stechlin\/#website\"},\"datePublished\":\"2023-11-17T15:01:20+00:00\",\"dateModified\":\"2023-11-27T06:45:43+00:00\",\"author\":{\"@id\":\"https:\/\/www.naturparkmagazin.de\/stechlin\/#\/schema\/person\/3f0d93203df21c806dd63c76d9bb28bc\"},\"breadcrumb\":{\"@id\":\"https:\/\/www.naturparkmagazin.de\/stechlin\/offene-buehne-menz-am-9-12\/#breadcrumb\"},\"inLanguage\":\"de\",\"potentialAction\":[{\"@type\":\"ReadAction\",\"target\":[\"https:\/\/www.naturparkmagazin.de\/stechlin\/offene-buehne-menz-am-9-12\/\"]}]},{\"@type\":\"BreadcrumbList\",\"@id\":\"https:\/\/www.naturparkmagazin.de\/stechlin\/offene-buehne-menz-am-9-12\/#breadcrumb\",\"itemListElement\":[{\"@type\":\"ListItem\",\"position\":1,\"name\":\"Home\",\"item\":\"https:\/\/www.naturparkmagazin.de\/stechlin\/\"},{\"@type\":\"ListItem\",\"position\":2,\"name\":\"5. Offene B\u00fchne Menz am 9. Dezember\"}]},{\"@type\":\"WebSite\",\"@id\":\"https:\/\/www.naturparkmagazin.de\/stechlin\/#website\",\"url\":\"https:\/\/www.naturparkmagazin.de\/stechlin\/\",\"name\":\"Naturpark Stechlin-Ruppiner Land\",\"description\":\"\",\"potentialAction\":[{\"@type\":\"SearchAction\",\"target\":{\"@type\":\"EntryPoint\",\"urlTemplate\":\"https:\/\/www.naturparkmagazin.de\/stechlin\/?s={search_term_string}\"},\"query-input\":\"required name=search_term_string\"}],\"inLanguage\":\"de\"},{\"@type\":\"Person\",\"@id\":\"https:\/\/www.naturparkmagazin.de\/stechlin\/#\/schema\/person\/3f0d93203df21c806dd63c76d9bb28bc\",\"name\":\"marioschrumpf\",\"url\":\"https:\/\/www.naturparkmagazin.de\/stechlin\/author\/marioschrumpf\/\"}]}<\/script>\n<!-- \/ Yoast SEO plugin. -->","yoast_head_json":{"title":"5. Offene B\u00fchne Menz am 9. Dezember - Naturpark Stechlin-Ruppiner Land","robots":{"index":"index","follow":"follow","max-snippet":"max-snippet:-1","max-image-preview":"max-image-preview:large","max-video-preview":"max-video-preview:-1"},"canonical":"https:\/\/www.naturparkmagazin.de\/stechlin\/offene-buehne-menz-am-9-12\/","og_locale":"de_DE","og_type":"article","og_title":"5. Offene B\u00fchne Menz am 9. Dezember - Naturpark Stechlin-Ruppiner Land","og_description":"Nach dem gro\u00dfen Erfolg der Offenen B\u00fchne in Menz zu Beginn des Jahres, wird die bunte Konzertreihe jetzt im Winterhalbjahr fortgesetzt. So haben viele verschieden Musiker und Bands die M\u00f6glichkeit sich mit ganz unterschiedlichen Musikrichtungen zu pr\u00e4sentieren.","og_url":"https:\/\/www.naturparkmagazin.de\/stechlin\/offene-buehne-menz-am-9-12\/","og_site_name":"Naturpark Stechlin-Ruppiner Land","article_published_time":"2023-11-17T15:01:20+00:00","article_modified_time":"2023-11-27T06:45:43+00:00","og_image":[{"width":200,"height":200,"url":"https:\/\/www.naturparkmagazin.de\/stechlin\/wp-content\/uploads\/sites\/38\/Paul-Davis-Stechlin_a.jpg","type":"image\/jpeg"}],"author":"marioschrumpf","twitter_misc":{"Verfasst von":"marioschrumpf","Gesch\u00e4tzte Lesezeit":"2\u00a0Minuten"},"schema":{"@context":"https:\/\/schema.org","@graph":[{"@type":"WebPage","@id":"https:\/\/www.naturparkmagazin.de\/stechlin\/offene-buehne-menz-am-9-12\/","url":"https:\/\/www.naturparkmagazin.de\/stechlin\/offene-buehne-menz-am-9-12\/","name":"5. Offene B\u00fchne Menz am 9. Dezember - Naturpark Stechlin-Ruppiner Land","isPartOf":{"@id":"https:\/\/www.naturparkmagazin.de\/stechlin\/#website"},"datePublished":"2023-11-17T15:01:20+00:00","dateModified":"2023-11-27T06:45:43+00:00","author":{"@id":"https:\/\/www.naturparkmagazin.de\/stechlin\/#\/schema\/person\/3f0d93203df21c806dd63c76d9bb28bc"},"breadcrumb":{"@id":"https:\/\/www.naturparkmagazin.de\/stechlin\/offene-buehne-menz-am-9-12\/#breadcrumb"},"inLanguage":"de","potentialAction":[{"@type":"ReadAction","target":["https:\/\/www.naturparkmagazin.de\/stechlin\/offene-buehne-menz-am-9-12\/"]}]},{"@type":"BreadcrumbList","@id":"https:\/\/www.naturparkmagazin.de\/stechlin\/offene-buehne-menz-am-9-12\/#breadcrumb","itemListElement":[{"@type":"ListItem","position":1,"name":"Home","item":"https:\/\/www.naturparkmagazin.de\/stechlin\/"},{"@type":"ListItem","position":2,"name":"5. Offene B\u00fchne Menz am 9. Dezember"}]},{"@type":"WebSite","@id":"https:\/\/www.naturparkmagazin.de\/stechlin\/#website","url":"https:\/\/www.naturparkmagazin.de\/stechlin\/","name":"Naturpark Stechlin-Ruppiner Land","description":"","potentialAction":[{"@type":"SearchAction","target":{"@type":"EntryPoint","urlTemplate":"https:\/\/www.naturparkmagazin.de\/stechlin\/?s={search_term_string}"},"query-input":"required name=search_term_string"}],"inLanguage":"de"},{"@type":"Person","@id":"https:\/\/www.naturparkmagazin.de\/stechlin\/#\/schema\/person\/3f0d93203df21c806dd63c76d9bb28bc","name":"marioschrumpf","url":"https:\/\/www.naturparkmagazin.de\/stechlin\/author\/marioschrumpf\/"}]}},"_links":{"self":[{"href":"https:\/\/www.naturparkmagazin.de\/stechlin\/wp-json\/wp\/v2\/posts\/14512"}],"collection":[{"href":"https:\/\/www.naturparkmagazin.de\/stechlin\/wp-json\/wp\/v2\/posts"}],"about":[{"href":"https:\/\/www.naturparkmagazin.de\/stechlin\/wp-json\/wp\/v2\/types\/post"}],"author":[{"embeddable":true,"href":"https:\/\/www.naturparkmagazin.de\/stechlin\/wp-json\/wp\/v2\/users\/39"}],"replies":[{"embeddable":true,"href":"https:\/\/www.naturparkmagazin.de\/stechlin\/wp-json\/wp\/v2\/comments?post=14512"}],"version-history":[{"count":7,"href":"https:\/\/www.naturparkmagazin.de\/stechlin\/wp-json\/wp\/v2\/posts\/14512\/revisions"}],"predecessor-version":[{"id":14620,"href":"https:\/\/www.naturparkmagazin.de\/stechlin\/wp-json\/wp\/v2\/posts\/14512\/revisions\/14620"}],"wp:featuredmedia":[{"embeddable":true,"href":"https:\/\/www.naturparkmagazin.de\/stechlin\/wp-json\/wp\/v2\/media\/13041"}],"wp:attachment":[{"href":"https:\/\/www.naturparkmagazin.de\/stechlin\/wp-json\/wp\/v2\/media?parent=14512"}],"wp:term":[{"taxonomy":"category","embeddable":true,"href":"https:\/\/www.naturparkmagazin.de\/stechlin\/wp-json\/wp\/v2\/categories?post=14512"},{"taxonomy":"post_tag","embeddable":true,"href":"https:\/\/www.naturparkmagazin.de\/stechlin\/wp-json\/wp\/v2\/tags?post=14512"}],"curies":[{"name":"wp","href":"https:\/\/api.w.org\/{rel}","templated":true}]}}