{"id":14520,"date":"2023-11-17T16:04:20","date_gmt":"2023-11-17T15:04:20","guid":{"rendered":"https:\/\/www.naturparkmagazin.de\/stechlin\/?p=14520"},"modified":"2023-11-25T13:58:10","modified_gmt":"2023-11-25T12:58:10","slug":"pflanzeinsatz-in-kleinzerlang-am-1-dezember-geplant","status":"publish","type":"post","link":"https:\/\/www.naturparkmagazin.de\/stechlin\/pflanzeinsatz-in-kleinzerlang-am-1-dezember-geplant\/","title":{"rendered":"Pflanzeinsatz in Kleinzerlang am 1. Dezember geplant"},"content":{"rendered":"<p>Der Heimat- und Kulturverein Kleinzerlang l\u00e4dt am <strong>Freitag, den 1. Dezember<\/strong> zum Pflanzeinsatz ein.<\/p>\n<div id=\"attachment_12768\" style=\"width: 310px\" class=\"wp-caption aligncenter\"><a href=\"https:\/\/www.naturparkmagazin.de\/stechlin\/wp-content\/uploads\/sites\/38\/DSC_0067.jpg\"><img aria-describedby=\"caption-attachment-12768\" decoding=\"async\" loading=\"lazy\" class=\"size-thumbnail wp-image-12768\" src=\"https:\/\/www.naturparkmagazin.de\/stechlin\/wp-content\/uploads\/sites\/38\/DSC_0067-300x180.jpg\" alt=\"Gruppenbild der am Pflanzeinsatz Beteiligten \u00a9 Dr. Mario Schrumpf\" width=\"300\" height=\"180\" srcset=\"https:\/\/www.naturparkmagazin.de\/stechlin\/wp-content\/uploads\/sites\/38\/DSC_0067-300x180.jpg 300w, https:\/\/www.naturparkmagazin.de\/stechlin\/wp-content\/uploads\/sites\/38\/DSC_0067.jpg 500w, https:\/\/www.naturparkmagazin.de\/stechlin\/wp-content\/uploads\/sites\/38\/DSC_0067-200x120.jpg 200w\" sizes=\"(max-width: 300px) 100vw, 300px\" \/><\/a><p id=\"caption-attachment-12768\" class=\"wp-caption-text\">Gruppenbild vom Pflanzeinsatz 2022 \u00a9 Dr. Mario Schrumpf<\/p><\/div>\n<p><strong>9 Uhr<\/strong> treffen sich die Vereinsmitglieder und interessierte G\u00e4ste an der <strong>Umgehungstra\u00dfe in Kleinzerlang<\/strong>. Entlang des Wanderweges am H\u00fcttenkanal sollen 30 Traubeneichen gepflanzt werden. B\u00e4ume und Material, wie Verbissschutz, Pflanzpf\u00e4hle, Anbindung und Rindenmulch werden vom Landschaftspflegeverein Norduckerm\u00e4rkische Seenlandschaft bereitgestellt, der auch die fachliche Anleitung \u00fcbernimmt.<\/p>\n<div id=\"attachment_12764\" style=\"width: 310px\" class=\"wp-caption aligncenter\"><a href=\"https:\/\/www.naturparkmagazin.de\/stechlin\/wp-content\/uploads\/sites\/38\/DSC_00102.jpg\"><img aria-describedby=\"caption-attachment-12764\" decoding=\"async\" loading=\"lazy\" class=\"size-thumbnail wp-image-12764\" src=\"https:\/\/www.naturparkmagazin.de\/stechlin\/wp-content\/uploads\/sites\/38\/DSC_00102-300x500.jpg\" alt=\"Gemeinsam wurden die Stieleichen gepflanzt \u00a9 Dr. Mario Schrumpf\" width=\"300\" height=\"500\" srcset=\"https:\/\/www.naturparkmagazin.de\/stechlin\/wp-content\/uploads\/sites\/38\/DSC_00102.jpg 300w, https:\/\/www.naturparkmagazin.de\/stechlin\/wp-content\/uploads\/sites\/38\/DSC_00102-200x333.jpg 200w\" sizes=\"(max-width: 300px) 100vw, 300px\" \/><\/a><p id=\"caption-attachment-12764\" class=\"wp-caption-text\">Gemeinsam und unter Anleitung werden die B\u00e4ume gepflanzt\u00a9 Dr. Mario Schrumpf<\/p><\/div>\n<p>Die Finanzierung erfolgt durch die Stadt Rheinsberg. Die Aktion wird vom Naturpark und der Rheinsberger Preussenquelle unterst\u00fctzt.<\/p>\n<p>Bereits im letzten Jahr wurden 30 Stieleichen entlang des Wanderweges gepflanzt. Die, aufgrund der Trockenheit im Fr\u00fchjahr und Sp\u00e4tsommer, eingegangenen B\u00e4ume werden durch den Landschaftspflegeverein ersetzt.<\/p>\n","protected":false},"excerpt":{"rendered":"<p>Der Heimat- und Kulturverein Kleinzerlang l\u00e4dt am Freitag, den 1. Dezember zum Pflanzeinsatz ein.<\/p>\n","protected":false},"author":39,"featured_media":12765,"comment_status":"open","ping_status":"open","sticky":false,"template":"","format":"standard","meta":[],"categories":[11],"tags":[],"yoast_head":"<!-- This site is optimized with the Yoast SEO plugin v19.10 - https:\/\/yoast.com\/wordpress\/plugins\/seo\/ -->\n<title>Pflanzeinsatz in Kleinzerlang am 1. Dezember geplant - Naturpark Stechlin-Ruppiner Land<\/title>\n<meta name=\"robots\" content=\"index, follow, max-snippet:-1, max-image-preview:large, max-video-preview:-1\" \/>\n<link rel=\"canonical\" href=\"https:\/\/www.naturparkmagazin.de\/stechlin\/pflanzeinsatz-in-kleinzerlang-am-1-dezember-geplant\/\" \/>\n<meta property=\"og:locale\" content=\"de_DE\" \/>\n<meta property=\"og:type\" content=\"article\" \/>\n<meta property=\"og:title\" content=\"Pflanzeinsatz in Kleinzerlang am 1. Dezember geplant - Naturpark Stechlin-Ruppiner Land\" \/>\n<meta property=\"og:description\" content=\"Der Heimat- und Kulturverein Kleinzerlang l\u00e4dt am Freitag, den 1. Dezember zum Pflanzeinsatz ein.\" \/>\n<meta property=\"og:url\" content=\"https:\/\/www.naturparkmagazin.de\/stechlin\/pflanzeinsatz-in-kleinzerlang-am-1-dezember-geplant\/\" \/>\n<meta property=\"og:site_name\" content=\"Naturpark Stechlin-Ruppiner Land\" \/>\n<meta property=\"article:published_time\" content=\"2023-11-17T15:04:20+00:00\" \/>\n<meta property=\"article:modified_time\" content=\"2023-11-25T12:58:10+00:00\" \/>\n<meta property=\"og:image\" content=\"https:\/\/www.naturparkmagazin.de\/stechlin\/wp-content\/uploads\/sites\/38\/DSC_0010_a.jpg\" \/>\n\t<meta property=\"og:image:width\" content=\"200\" \/>\n\t<meta property=\"og:image:height\" content=\"200\" \/>\n\t<meta property=\"og:image:type\" content=\"image\/jpeg\" \/>\n<meta name=\"author\" content=\"marioschrumpf\" \/>\n<meta name=\"twitter:label1\" content=\"Verfasst von\" \/>\n\t<meta name=\"twitter:data1\" content=\"marioschrumpf\" \/>\n\t<meta name=\"twitter:label2\" content=\"Gesch\u00e4tzte Lesezeit\" \/>\n\t<meta name=\"twitter:data2\" content=\"2\u00a0Minuten\" \/>\n<script type=\"application\/ld+json\" class=\"yoast-schema-graph\">{\"@context\":\"https:\/\/schema.org\",\"@graph\":[{\"@type\":\"WebPage\",\"@id\":\"https:\/\/www.naturparkmagazin.de\/stechlin\/pflanzeinsatz-in-kleinzerlang-am-1-dezember-geplant\/\",\"url\":\"https:\/\/www.naturparkmagazin.de\/stechlin\/pflanzeinsatz-in-kleinzerlang-am-1-dezember-geplant\/\",\"name\":\"Pflanzeinsatz in Kleinzerlang am 1. Dezember geplant - Naturpark Stechlin-Ruppiner Land\",\"isPartOf\":{\"@id\":\"https:\/\/www.naturparkmagazin.de\/stechlin\/#website\"},\"datePublished\":\"2023-11-17T15:04:20+00:00\",\"dateModified\":\"2023-11-25T12:58:10+00:00\",\"author\":{\"@id\":\"https:\/\/www.naturparkmagazin.de\/stechlin\/#\/schema\/person\/3f0d93203df21c806dd63c76d9bb28bc\"},\"breadcrumb\":{\"@id\":\"https:\/\/www.naturparkmagazin.de\/stechlin\/pflanzeinsatz-in-kleinzerlang-am-1-dezember-geplant\/#breadcrumb\"},\"inLanguage\":\"de\",\"potentialAction\":[{\"@type\":\"ReadAction\",\"target\":[\"https:\/\/www.naturparkmagazin.de\/stechlin\/pflanzeinsatz-in-kleinzerlang-am-1-dezember-geplant\/\"]}]},{\"@type\":\"BreadcrumbList\",\"@id\":\"https:\/\/www.naturparkmagazin.de\/stechlin\/pflanzeinsatz-in-kleinzerlang-am-1-dezember-geplant\/#breadcrumb\",\"itemListElement\":[{\"@type\":\"ListItem\",\"position\":1,\"name\":\"Home\",\"item\":\"https:\/\/www.naturparkmagazin.de\/stechlin\/\"},{\"@type\":\"ListItem\",\"position\":2,\"name\":\"Pflanzeinsatz in Kleinzerlang am 1. Dezember geplant\"}]},{\"@type\":\"WebSite\",\"@id\":\"https:\/\/www.naturparkmagazin.de\/stechlin\/#website\",\"url\":\"https:\/\/www.naturparkmagazin.de\/stechlin\/\",\"name\":\"Naturpark Stechlin-Ruppiner Land\",\"description\":\"\",\"potentialAction\":[{\"@type\":\"SearchAction\",\"target\":{\"@type\":\"EntryPoint\",\"urlTemplate\":\"https:\/\/www.naturparkmagazin.de\/stechlin\/?s={search_term_string}\"},\"query-input\":\"required name=search_term_string\"}],\"inLanguage\":\"de\"},{\"@type\":\"Person\",\"@id\":\"https:\/\/www.naturparkmagazin.de\/stechlin\/#\/schema\/person\/3f0d93203df21c806dd63c76d9bb28bc\",\"name\":\"marioschrumpf\",\"url\":\"https:\/\/www.naturparkmagazin.de\/stechlin\/author\/marioschrumpf\/\"}]}<\/script>\n<!-- \/ Yoast SEO plugin. -->","yoast_head_json":{"title":"Pflanzeinsatz in Kleinzerlang am 1. Dezember geplant - Naturpark Stechlin-Ruppiner Land","robots":{"index":"index","follow":"follow","max-snippet":"max-snippet:-1","max-image-preview":"max-image-preview:large","max-video-preview":"max-video-preview:-1"},"canonical":"https:\/\/www.naturparkmagazin.de\/stechlin\/pflanzeinsatz-in-kleinzerlang-am-1-dezember-geplant\/","og_locale":"de_DE","og_type":"article","og_title":"Pflanzeinsatz in Kleinzerlang am 1. Dezember geplant - Naturpark Stechlin-Ruppiner Land","og_description":"Der Heimat- und Kulturverein Kleinzerlang l\u00e4dt am Freitag, den 1. Dezember zum Pflanzeinsatz ein.","og_url":"https:\/\/www.naturparkmagazin.de\/stechlin\/pflanzeinsatz-in-kleinzerlang-am-1-dezember-geplant\/","og_site_name":"Naturpark Stechlin-Ruppiner Land","article_published_time":"2023-11-17T15:04:20+00:00","article_modified_time":"2023-11-25T12:58:10+00:00","og_image":[{"width":200,"height":200,"url":"https:\/\/www.naturparkmagazin.de\/stechlin\/wp-content\/uploads\/sites\/38\/DSC_0010_a.jpg","type":"image\/jpeg"}],"author":"marioschrumpf","twitter_misc":{"Verfasst von":"marioschrumpf","Gesch\u00e4tzte Lesezeit":"2\u00a0Minuten"},"schema":{"@context":"https:\/\/schema.org","@graph":[{"@type":"WebPage","@id":"https:\/\/www.naturparkmagazin.de\/stechlin\/pflanzeinsatz-in-kleinzerlang-am-1-dezember-geplant\/","url":"https:\/\/www.naturparkmagazin.de\/stechlin\/pflanzeinsatz-in-kleinzerlang-am-1-dezember-geplant\/","name":"Pflanzeinsatz in Kleinzerlang am 1. Dezember geplant - Naturpark Stechlin-Ruppiner Land","isPartOf":{"@id":"https:\/\/www.naturparkmagazin.de\/stechlin\/#website"},"datePublished":"2023-11-17T15:04:20+00:00","dateModified":"2023-11-25T12:58:10+00:00","author":{"@id":"https:\/\/www.naturparkmagazin.de\/stechlin\/#\/schema\/person\/3f0d93203df21c806dd63c76d9bb28bc"},"breadcrumb":{"@id":"https:\/\/www.naturparkmagazin.de\/stechlin\/pflanzeinsatz-in-kleinzerlang-am-1-dezember-geplant\/#breadcrumb"},"inLanguage":"de","potentialAction":[{"@type":"ReadAction","target":["https:\/\/www.naturparkmagazin.de\/stechlin\/pflanzeinsatz-in-kleinzerlang-am-1-dezember-geplant\/"]}]},{"@type":"BreadcrumbList","@id":"https:\/\/www.naturparkmagazin.de\/stechlin\/pflanzeinsatz-in-kleinzerlang-am-1-dezember-geplant\/#breadcrumb","itemListElement":[{"@type":"ListItem","position":1,"name":"Home","item":"https:\/\/www.naturparkmagazin.de\/stechlin\/"},{"@type":"ListItem","position":2,"name":"Pflanzeinsatz in Kleinzerlang am 1. Dezember geplant"}]},{"@type":"WebSite","@id":"https:\/\/www.naturparkmagazin.de\/stechlin\/#website","url":"https:\/\/www.naturparkmagazin.de\/stechlin\/","name":"Naturpark Stechlin-Ruppiner Land","description":"","potentialAction":[{"@type":"SearchAction","target":{"@type":"EntryPoint","urlTemplate":"https:\/\/www.naturparkmagazin.de\/stechlin\/?s={search_term_string}"},"query-input":"required name=search_term_string"}],"inLanguage":"de"},{"@type":"Person","@id":"https:\/\/www.naturparkmagazin.de\/stechlin\/#\/schema\/person\/3f0d93203df21c806dd63c76d9bb28bc","name":"marioschrumpf","url":"https:\/\/www.naturparkmagazin.de\/stechlin\/author\/marioschrumpf\/"}]}},"_links":{"self":[{"href":"https:\/\/www.naturparkmagazin.de\/stechlin\/wp-json\/wp\/v2\/posts\/14520"}],"collection":[{"href":"https:\/\/www.naturparkmagazin.de\/stechlin\/wp-json\/wp\/v2\/posts"}],"about":[{"href":"https:\/\/www.naturparkmagazin.de\/stechlin\/wp-json\/wp\/v2\/types\/post"}],"author":[{"embeddable":true,"href":"https:\/\/www.naturparkmagazin.de\/stechlin\/wp-json\/wp\/v2\/users\/39"}],"replies":[{"embeddable":true,"href":"https:\/\/www.naturparkmagazin.de\/stechlin\/wp-json\/wp\/v2\/comments?post=14520"}],"version-history":[{"count":5,"href":"https:\/\/www.naturparkmagazin.de\/stechlin\/wp-json\/wp\/v2\/posts\/14520\/revisions"}],"predecessor-version":[{"id":14594,"href":"https:\/\/www.naturparkmagazin.de\/stechlin\/wp-json\/wp\/v2\/posts\/14520\/revisions\/14594"}],"wp:featuredmedia":[{"embeddable":true,"href":"https:\/\/www.naturparkmagazin.de\/stechlin\/wp-json\/wp\/v2\/media\/12765"}],"wp:attachment":[{"href":"https:\/\/www.naturparkmagazin.de\/stechlin\/wp-json\/wp\/v2\/media?parent=14520"}],"wp:term":[{"taxonomy":"category","embeddable":true,"href":"https:\/\/www.naturparkmagazin.de\/stechlin\/wp-json\/wp\/v2\/categories?post=14520"},{"taxonomy":"post_tag","embeddable":true,"href":"https:\/\/www.naturparkmagazin.de\/stechlin\/wp-json\/wp\/v2\/tags?post=14520"}],"curies":[{"name":"wp","href":"https:\/\/api.w.org\/{rel}","templated":true}]}}