{"id":1459,"date":"2014-10-22T14:23:26","date_gmt":"2014-10-22T12:23:26","guid":{"rendered":"http:\/\/www.naturparkmagazin.de\/stechlin\/?p=1459"},"modified":"2014-10-24T23:08:38","modified_gmt":"2014-10-24T21:08:38","slug":"ausstellung-geschichte-des-kernkraftwerkes-rheinsberg-verlaengert","status":"publish","type":"post","link":"https:\/\/www.naturparkmagazin.de\/stechlin\/ausstellung-geschichte-des-kernkraftwerkes-rheinsberg-verlaengert\/","title":{"rendered":"Ausstellung Geschichte des Kernkraftwerkes Rheinsberg verl\u00e4ngert"},"content":{"rendered":"<p><a href=\"https:\/\/www.naturparkmagazin.de\/stechlin\/wp-content\/uploads\/sites\/38\/KKW-Rheinsberg1.jpg\"><img decoding=\"async\" loading=\"lazy\" class=\"alignnone size-full wp-image-1463\" alt=\"KKW Rheinsberg\" src=\"https:\/\/www.naturparkmagazin.de\/stechlin\/wp-content\/uploads\/sites\/38\/KKW-Rheinsberg1.jpg\" width=\"553\" height=\"467\" srcset=\"https:\/\/www.naturparkmagazin.de\/stechlin\/wp-content\/uploads\/sites\/38\/KKW-Rheinsberg1.jpg 553w, https:\/\/www.naturparkmagazin.de\/stechlin\/wp-content\/uploads\/sites\/38\/KKW-Rheinsberg1-300x253.jpg 300w, https:\/\/www.naturparkmagazin.de\/stechlin\/wp-content\/uploads\/sites\/38\/KKW-Rheinsberg1-200x169.jpg 200w\" sizes=\"(max-width: 553px) 100vw, 553px\" \/><\/a><\/p>\n<p>Die Ausstellung &#8222;1955 Rheinsberg&#8220; des Stadtgeschichtsvereins Rheinsberg e.V. in der Regionalwerkstatt Stechlin in Menz wurde bis 9.1.2015 verl\u00e4ngert. Die urspr\u00fcngliche f\u00fcr November\/Dezember 2014 vorgesehene Ausstellung &#8222;Du bist was Du ist&#8220; wird aus technischen Gr\u00fcnden erst\u00a0im Januar\/Februar 2015 gezeigt. Er\u00f6ffnung ist am 16.1.2015, 18 Uhr.<\/p>\n","protected":false},"excerpt":{"rendered":"<p>Die Ausstellung &#8222;1955 Rheinsberg&#8220; des Stadtgeschichtsvereins Rheinsberg e.V. in der Regionalwerkstatt Stechlin in Menz wurde bis 9.1.2015 verl\u00e4ngert.<\/p>\n","protected":false},"author":39,"featured_media":1463,"comment_status":"open","ping_status":"open","sticky":false,"template":"","format":"standard","meta":[],"categories":[11],"tags":[],"yoast_head":"<!-- This site is optimized with the Yoast SEO plugin v19.10 - https:\/\/yoast.com\/wordpress\/plugins\/seo\/ -->\n<title>Ausstellung Geschichte des Kernkraftwerkes Rheinsberg verl\u00e4ngert - Naturpark Stechlin-Ruppiner Land<\/title>\n<meta name=\"robots\" content=\"index, follow, max-snippet:-1, max-image-preview:large, max-video-preview:-1\" \/>\n<link rel=\"canonical\" href=\"https:\/\/www.naturparkmagazin.de\/stechlin\/ausstellung-geschichte-des-kernkraftwerkes-rheinsberg-verlaengert\/\" \/>\n<meta property=\"og:locale\" content=\"de_DE\" \/>\n<meta property=\"og:type\" content=\"article\" \/>\n<meta property=\"og:title\" content=\"Ausstellung Geschichte des Kernkraftwerkes Rheinsberg verl\u00e4ngert - Naturpark Stechlin-Ruppiner Land\" \/>\n<meta property=\"og:description\" content=\"Die Ausstellung &quot;1955 Rheinsberg&quot; des Stadtgeschichtsvereins Rheinsberg e.V. in der Regionalwerkstatt Stechlin in Menz wurde bis 9.1.2015 verl\u00e4ngert.\" \/>\n<meta property=\"og:url\" content=\"https:\/\/www.naturparkmagazin.de\/stechlin\/ausstellung-geschichte-des-kernkraftwerkes-rheinsberg-verlaengert\/\" \/>\n<meta property=\"og:site_name\" content=\"Naturpark Stechlin-Ruppiner Land\" \/>\n<meta property=\"article:published_time\" content=\"2014-10-22T12:23:26+00:00\" \/>\n<meta property=\"article:modified_time\" content=\"2014-10-24T21:08:38+00:00\" \/>\n<meta property=\"og:image\" content=\"https:\/\/www.naturparkmagazin.de\/stechlin\/wp-content\/uploads\/sites\/38\/KKW-Rheinsberg1.jpg\" \/>\n\t<meta property=\"og:image:width\" content=\"553\" \/>\n\t<meta property=\"og:image:height\" content=\"467\" \/>\n\t<meta property=\"og:image:type\" content=\"image\/jpeg\" \/>\n<meta name=\"author\" content=\"marioschrumpf\" \/>\n<meta name=\"twitter:label1\" content=\"Verfasst von\" \/>\n\t<meta name=\"twitter:data1\" content=\"marioschrumpf\" \/>\n<script type=\"application\/ld+json\" class=\"yoast-schema-graph\">{\"@context\":\"https:\/\/schema.org\",\"@graph\":[{\"@type\":\"WebPage\",\"@id\":\"https:\/\/www.naturparkmagazin.de\/stechlin\/ausstellung-geschichte-des-kernkraftwerkes-rheinsberg-verlaengert\/\",\"url\":\"https:\/\/www.naturparkmagazin.de\/stechlin\/ausstellung-geschichte-des-kernkraftwerkes-rheinsberg-verlaengert\/\",\"name\":\"Ausstellung Geschichte des Kernkraftwerkes Rheinsberg verl\u00e4ngert - Naturpark Stechlin-Ruppiner Land\",\"isPartOf\":{\"@id\":\"https:\/\/www.naturparkmagazin.de\/stechlin\/#website\"},\"datePublished\":\"2014-10-22T12:23:26+00:00\",\"dateModified\":\"2014-10-24T21:08:38+00:00\",\"author\":{\"@id\":\"https:\/\/www.naturparkmagazin.de\/stechlin\/#\/schema\/person\/3f0d93203df21c806dd63c76d9bb28bc\"},\"breadcrumb\":{\"@id\":\"https:\/\/www.naturparkmagazin.de\/stechlin\/ausstellung-geschichte-des-kernkraftwerkes-rheinsberg-verlaengert\/#breadcrumb\"},\"inLanguage\":\"de\",\"potentialAction\":[{\"@type\":\"ReadAction\",\"target\":[\"https:\/\/www.naturparkmagazin.de\/stechlin\/ausstellung-geschichte-des-kernkraftwerkes-rheinsberg-verlaengert\/\"]}]},{\"@type\":\"BreadcrumbList\",\"@id\":\"https:\/\/www.naturparkmagazin.de\/stechlin\/ausstellung-geschichte-des-kernkraftwerkes-rheinsberg-verlaengert\/#breadcrumb\",\"itemListElement\":[{\"@type\":\"ListItem\",\"position\":1,\"name\":\"Home\",\"item\":\"https:\/\/www.naturparkmagazin.de\/stechlin\/\"},{\"@type\":\"ListItem\",\"position\":2,\"name\":\"Ausstellung Geschichte des Kernkraftwerkes Rheinsberg verl\u00e4ngert\"}]},{\"@type\":\"WebSite\",\"@id\":\"https:\/\/www.naturparkmagazin.de\/stechlin\/#website\",\"url\":\"https:\/\/www.naturparkmagazin.de\/stechlin\/\",\"name\":\"Naturpark Stechlin-Ruppiner Land\",\"description\":\"\",\"potentialAction\":[{\"@type\":\"SearchAction\",\"target\":{\"@type\":\"EntryPoint\",\"urlTemplate\":\"https:\/\/www.naturparkmagazin.de\/stechlin\/?s={search_term_string}\"},\"query-input\":\"required name=search_term_string\"}],\"inLanguage\":\"de\"},{\"@type\":\"Person\",\"@id\":\"https:\/\/www.naturparkmagazin.de\/stechlin\/#\/schema\/person\/3f0d93203df21c806dd63c76d9bb28bc\",\"name\":\"marioschrumpf\",\"url\":\"https:\/\/www.naturparkmagazin.de\/stechlin\/author\/marioschrumpf\/\"}]}<\/script>\n<!-- \/ Yoast SEO plugin. -->","yoast_head_json":{"title":"Ausstellung Geschichte des Kernkraftwerkes Rheinsberg verl\u00e4ngert - Naturpark Stechlin-Ruppiner Land","robots":{"index":"index","follow":"follow","max-snippet":"max-snippet:-1","max-image-preview":"max-image-preview:large","max-video-preview":"max-video-preview:-1"},"canonical":"https:\/\/www.naturparkmagazin.de\/stechlin\/ausstellung-geschichte-des-kernkraftwerkes-rheinsberg-verlaengert\/","og_locale":"de_DE","og_type":"article","og_title":"Ausstellung Geschichte des Kernkraftwerkes Rheinsberg verl\u00e4ngert - Naturpark Stechlin-Ruppiner Land","og_description":"Die Ausstellung \"1955 Rheinsberg\" des Stadtgeschichtsvereins Rheinsberg e.V. in der Regionalwerkstatt Stechlin in Menz wurde bis 9.1.2015 verl\u00e4ngert.","og_url":"https:\/\/www.naturparkmagazin.de\/stechlin\/ausstellung-geschichte-des-kernkraftwerkes-rheinsberg-verlaengert\/","og_site_name":"Naturpark Stechlin-Ruppiner Land","article_published_time":"2014-10-22T12:23:26+00:00","article_modified_time":"2014-10-24T21:08:38+00:00","og_image":[{"width":553,"height":467,"url":"https:\/\/www.naturparkmagazin.de\/stechlin\/wp-content\/uploads\/sites\/38\/KKW-Rheinsberg1.jpg","type":"image\/jpeg"}],"author":"marioschrumpf","twitter_misc":{"Verfasst von":"marioschrumpf"},"schema":{"@context":"https:\/\/schema.org","@graph":[{"@type":"WebPage","@id":"https:\/\/www.naturparkmagazin.de\/stechlin\/ausstellung-geschichte-des-kernkraftwerkes-rheinsberg-verlaengert\/","url":"https:\/\/www.naturparkmagazin.de\/stechlin\/ausstellung-geschichte-des-kernkraftwerkes-rheinsberg-verlaengert\/","name":"Ausstellung Geschichte des Kernkraftwerkes Rheinsberg verl\u00e4ngert - Naturpark Stechlin-Ruppiner Land","isPartOf":{"@id":"https:\/\/www.naturparkmagazin.de\/stechlin\/#website"},"datePublished":"2014-10-22T12:23:26+00:00","dateModified":"2014-10-24T21:08:38+00:00","author":{"@id":"https:\/\/www.naturparkmagazin.de\/stechlin\/#\/schema\/person\/3f0d93203df21c806dd63c76d9bb28bc"},"breadcrumb":{"@id":"https:\/\/www.naturparkmagazin.de\/stechlin\/ausstellung-geschichte-des-kernkraftwerkes-rheinsberg-verlaengert\/#breadcrumb"},"inLanguage":"de","potentialAction":[{"@type":"ReadAction","target":["https:\/\/www.naturparkmagazin.de\/stechlin\/ausstellung-geschichte-des-kernkraftwerkes-rheinsberg-verlaengert\/"]}]},{"@type":"BreadcrumbList","@id":"https:\/\/www.naturparkmagazin.de\/stechlin\/ausstellung-geschichte-des-kernkraftwerkes-rheinsberg-verlaengert\/#breadcrumb","itemListElement":[{"@type":"ListItem","position":1,"name":"Home","item":"https:\/\/www.naturparkmagazin.de\/stechlin\/"},{"@type":"ListItem","position":2,"name":"Ausstellung Geschichte des Kernkraftwerkes Rheinsberg verl\u00e4ngert"}]},{"@type":"WebSite","@id":"https:\/\/www.naturparkmagazin.de\/stechlin\/#website","url":"https:\/\/www.naturparkmagazin.de\/stechlin\/","name":"Naturpark Stechlin-Ruppiner Land","description":"","potentialAction":[{"@type":"SearchAction","target":{"@type":"EntryPoint","urlTemplate":"https:\/\/www.naturparkmagazin.de\/stechlin\/?s={search_term_string}"},"query-input":"required name=search_term_string"}],"inLanguage":"de"},{"@type":"Person","@id":"https:\/\/www.naturparkmagazin.de\/stechlin\/#\/schema\/person\/3f0d93203df21c806dd63c76d9bb28bc","name":"marioschrumpf","url":"https:\/\/www.naturparkmagazin.de\/stechlin\/author\/marioschrumpf\/"}]}},"_links":{"self":[{"href":"https:\/\/www.naturparkmagazin.de\/stechlin\/wp-json\/wp\/v2\/posts\/1459"}],"collection":[{"href":"https:\/\/www.naturparkmagazin.de\/stechlin\/wp-json\/wp\/v2\/posts"}],"about":[{"href":"https:\/\/www.naturparkmagazin.de\/stechlin\/wp-json\/wp\/v2\/types\/post"}],"author":[{"embeddable":true,"href":"https:\/\/www.naturparkmagazin.de\/stechlin\/wp-json\/wp\/v2\/users\/39"}],"replies":[{"embeddable":true,"href":"https:\/\/www.naturparkmagazin.de\/stechlin\/wp-json\/wp\/v2\/comments?post=1459"}],"version-history":[{"count":5,"href":"https:\/\/www.naturparkmagazin.de\/stechlin\/wp-json\/wp\/v2\/posts\/1459\/revisions"}],"predecessor-version":[{"id":1519,"href":"https:\/\/www.naturparkmagazin.de\/stechlin\/wp-json\/wp\/v2\/posts\/1459\/revisions\/1519"}],"wp:featuredmedia":[{"embeddable":true,"href":"https:\/\/www.naturparkmagazin.de\/stechlin\/wp-json\/wp\/v2\/media\/1463"}],"wp:attachment":[{"href":"https:\/\/www.naturparkmagazin.de\/stechlin\/wp-json\/wp\/v2\/media?parent=1459"}],"wp:term":[{"taxonomy":"category","embeddable":true,"href":"https:\/\/www.naturparkmagazin.de\/stechlin\/wp-json\/wp\/v2\/categories?post=1459"},{"taxonomy":"post_tag","embeddable":true,"href":"https:\/\/www.naturparkmagazin.de\/stechlin\/wp-json\/wp\/v2\/tags?post=1459"}],"curies":[{"name":"wp","href":"https:\/\/api.w.org\/{rel}","templated":true}]}}