{"id":14639,"date":"2023-12-14T15:06:58","date_gmt":"2023-12-14T14:06:58","guid":{"rendered":"https:\/\/www.naturparkmagazin.de\/stechlin\/?p=14639"},"modified":"2023-12-13T18:22:19","modified_gmt":"2023-12-13T17:22:19","slug":"digitale-weihnachtskarte","status":"publish","type":"post","link":"https:\/\/www.naturparkmagazin.de\/stechlin\/digitale-weihnachtskarte\/","title":{"rendered":"Frohe Weihnachten und einen guten Start ins neue Jahr!"},"content":{"rendered":"<div id=\"attachment_14689\" style=\"width: 310px\" class=\"wp-caption aligncenter\"><a href=\"https:\/\/www.naturparkmagazin.de\/stechlin\/wp-content\/uploads\/sites\/38\/karte-1.jpg\"><img aria-describedby=\"caption-attachment-14689\" decoding=\"async\" loading=\"lazy\" class=\"size-thumbnail wp-image-14689\" src=\"https:\/\/www.naturparkmagazin.de\/stechlin\/wp-content\/uploads\/sites\/38\/karte-1-300x161.jpg\" alt=\"\" width=\"300\" height=\"161\" srcset=\"https:\/\/www.naturparkmagazin.de\/stechlin\/wp-content\/uploads\/sites\/38\/karte-1-300x161.jpg 300w, https:\/\/www.naturparkmagazin.de\/stechlin\/wp-content\/uploads\/sites\/38\/karte-1-200x107.jpg 200w, https:\/\/www.naturparkmagazin.de\/stechlin\/wp-content\/uploads\/sites\/38\/karte-1.jpg 500w\" sizes=\"(max-width: 300px) 100vw, 300px\" \/><\/a><p id=\"caption-attachment-14689\" class=\"wp-caption-text\">Die Gro\u00dftrappe (<em>Otis tarda<\/em>) ist in Europa der schwerste, flugf\u00e4hige Vogel. Mehr als 15 Kilogramm k\u00f6nnen die H\u00e4hne auf die Waage bringen.Die Trappen verbringen auch den Winter hierzulande und sind auf schneebedeckten Feldern sehr gut zu beobachten.\u00a9 Sebastian Hennigs<\/p><\/div>\n<p>Sehr geehrte Damen und Herren,<\/p>\n<p>ein arbeitsreiches, aber auch erfolgreiches Jahr geht dem Ende entgegen. Dank Ihrer Unterst\u00fctzung in unserem gemeinsamen Netzwerk wurden wir bereits zum vierten Mal in Folge als <a href=\"https:\/\/www.naturparke.de\/aufgaben-ziele\/management\/qualitaetsoffensive-naturparke.html\">Qualit\u00e4ts-Naturpark<\/a> zertifiziert.<\/p>\n<p>Das Team der Naturparkverwaltung und der Naturwacht m\u00f6chten sich bei Ihnen recht herzlich f\u00fcr die gute Zusammenarbeit bedanken.<\/p>\n<p>Wir w\u00fcnschen Ihnen und Ihrer Familie eine besinnliche und friedliche Weihnachtszeit, einen guten Rutsch ins neue Jahr sowie ein erfolgreiches Jahr 2024!<\/p>\n<p>&nbsp;<\/p>\n<p>Anke Rudnik (Gebietsleiterin Naturwacht)<\/p>\n<p>Dr. Mario Schrumpf (Leiter Naturpark)<\/p>\n","protected":false},"excerpt":{"rendered":"<p>Das Team der Naturparkverwaltung und der Naturwacht m\u00f6chten sich bei Ihnen recht herzlich f\u00fcr die gute Zusammenarbeit bedanken.<\/p>\n","protected":false},"author":39,"featured_media":14690,"comment_status":"open","ping_status":"open","sticky":false,"template":"","format":"standard","meta":[],"categories":[7],"tags":[],"yoast_head":"<!-- This site is optimized with the Yoast SEO plugin v19.10 - https:\/\/yoast.com\/wordpress\/plugins\/seo\/ -->\n<title>Frohe Weihnachten und einen guten Start ins neue Jahr! - Naturpark Stechlin-Ruppiner Land<\/title>\n<meta name=\"robots\" content=\"index, follow, max-snippet:-1, max-image-preview:large, max-video-preview:-1\" \/>\n<link rel=\"canonical\" href=\"https:\/\/www.naturparkmagazin.de\/stechlin\/?p=14639\" \/>\n<meta property=\"og:locale\" content=\"de_DE\" \/>\n<meta property=\"og:type\" content=\"article\" \/>\n<meta property=\"og:title\" content=\"Frohe Weihnachten und einen guten Start ins neue Jahr! - Naturpark Stechlin-Ruppiner Land\" \/>\n<meta property=\"og:description\" content=\"Das Team der Naturparkverwaltung und der Naturwacht m\u00f6chten sich bei Ihnen recht herzlich f\u00fcr die gute Zusammenarbeit bedanken.\" \/>\n<meta property=\"og:url\" content=\"https:\/\/www.naturparkmagazin.de\/stechlin\/?p=14639\" \/>\n<meta property=\"og:site_name\" content=\"Naturpark Stechlin-Ruppiner Land\" \/>\n<meta property=\"article:published_time\" content=\"2023-12-14T14:06:58+00:00\" \/>\n<meta property=\"article:modified_time\" content=\"2023-12-13T17:22:19+00:00\" \/>\n<meta property=\"og:image\" content=\"https:\/\/www.naturparkmagazin.de\/stechlin\/wp-content\/uploads\/sites\/38\/karte_a-1.jpg\" \/>\n\t<meta property=\"og:image:width\" content=\"374\" \/>\n\t<meta property=\"og:image:height\" content=\"200\" \/>\n\t<meta property=\"og:image:type\" content=\"image\/jpeg\" \/>\n<meta name=\"author\" content=\"marioschrumpf\" \/>\n<meta name=\"twitter:label1\" content=\"Verfasst von\" \/>\n\t<meta name=\"twitter:data1\" content=\"marioschrumpf\" \/>\n\t<meta name=\"twitter:label2\" content=\"Gesch\u00e4tzte Lesezeit\" \/>\n\t<meta name=\"twitter:data2\" content=\"1\u00a0Minute\" \/>\n<script type=\"application\/ld+json\" class=\"yoast-schema-graph\">{\"@context\":\"https:\/\/schema.org\",\"@graph\":[{\"@type\":\"WebPage\",\"@id\":\"https:\/\/www.naturparkmagazin.de\/stechlin\/?p=14639\",\"url\":\"https:\/\/www.naturparkmagazin.de\/stechlin\/?p=14639\",\"name\":\"Frohe Weihnachten und einen guten Start ins neue Jahr! - Naturpark Stechlin-Ruppiner Land\",\"isPartOf\":{\"@id\":\"https:\/\/www.naturparkmagazin.de\/stechlin\/#website\"},\"datePublished\":\"2023-12-14T14:06:58+00:00\",\"dateModified\":\"2023-12-13T17:22:19+00:00\",\"author\":{\"@id\":\"https:\/\/www.naturparkmagazin.de\/stechlin\/#\/schema\/person\/3f0d93203df21c806dd63c76d9bb28bc\"},\"breadcrumb\":{\"@id\":\"https:\/\/www.naturparkmagazin.de\/stechlin\/?p=14639#breadcrumb\"},\"inLanguage\":\"de\",\"potentialAction\":[{\"@type\":\"ReadAction\",\"target\":[\"https:\/\/www.naturparkmagazin.de\/stechlin\/?p=14639\"]}]},{\"@type\":\"BreadcrumbList\",\"@id\":\"https:\/\/www.naturparkmagazin.de\/stechlin\/?p=14639#breadcrumb\",\"itemListElement\":[{\"@type\":\"ListItem\",\"position\":1,\"name\":\"Home\",\"item\":\"https:\/\/www.naturparkmagazin.de\/stechlin\/\"},{\"@type\":\"ListItem\",\"position\":2,\"name\":\"Frohe Weihnachten und einen guten Start ins neue Jahr!\"}]},{\"@type\":\"WebSite\",\"@id\":\"https:\/\/www.naturparkmagazin.de\/stechlin\/#website\",\"url\":\"https:\/\/www.naturparkmagazin.de\/stechlin\/\",\"name\":\"Naturpark Stechlin-Ruppiner Land\",\"description\":\"\",\"potentialAction\":[{\"@type\":\"SearchAction\",\"target\":{\"@type\":\"EntryPoint\",\"urlTemplate\":\"https:\/\/www.naturparkmagazin.de\/stechlin\/?s={search_term_string}\"},\"query-input\":\"required name=search_term_string\"}],\"inLanguage\":\"de\"},{\"@type\":\"Person\",\"@id\":\"https:\/\/www.naturparkmagazin.de\/stechlin\/#\/schema\/person\/3f0d93203df21c806dd63c76d9bb28bc\",\"name\":\"marioschrumpf\",\"url\":\"https:\/\/www.naturparkmagazin.de\/stechlin\/author\/marioschrumpf\/\"}]}<\/script>\n<!-- \/ Yoast SEO plugin. -->","yoast_head_json":{"title":"Frohe Weihnachten und einen guten Start ins neue Jahr! - Naturpark Stechlin-Ruppiner Land","robots":{"index":"index","follow":"follow","max-snippet":"max-snippet:-1","max-image-preview":"max-image-preview:large","max-video-preview":"max-video-preview:-1"},"canonical":"https:\/\/www.naturparkmagazin.de\/stechlin\/?p=14639","og_locale":"de_DE","og_type":"article","og_title":"Frohe Weihnachten und einen guten Start ins neue Jahr! - Naturpark Stechlin-Ruppiner Land","og_description":"Das Team der Naturparkverwaltung und der Naturwacht m\u00f6chten sich bei Ihnen recht herzlich f\u00fcr die gute Zusammenarbeit bedanken.","og_url":"https:\/\/www.naturparkmagazin.de\/stechlin\/?p=14639","og_site_name":"Naturpark Stechlin-Ruppiner Land","article_published_time":"2023-12-14T14:06:58+00:00","article_modified_time":"2023-12-13T17:22:19+00:00","og_image":[{"width":374,"height":200,"url":"https:\/\/www.naturparkmagazin.de\/stechlin\/wp-content\/uploads\/sites\/38\/karte_a-1.jpg","type":"image\/jpeg"}],"author":"marioschrumpf","twitter_misc":{"Verfasst von":"marioschrumpf","Gesch\u00e4tzte Lesezeit":"1\u00a0Minute"},"schema":{"@context":"https:\/\/schema.org","@graph":[{"@type":"WebPage","@id":"https:\/\/www.naturparkmagazin.de\/stechlin\/?p=14639","url":"https:\/\/www.naturparkmagazin.de\/stechlin\/?p=14639","name":"Frohe Weihnachten und einen guten Start ins neue Jahr! - Naturpark Stechlin-Ruppiner Land","isPartOf":{"@id":"https:\/\/www.naturparkmagazin.de\/stechlin\/#website"},"datePublished":"2023-12-14T14:06:58+00:00","dateModified":"2023-12-13T17:22:19+00:00","author":{"@id":"https:\/\/www.naturparkmagazin.de\/stechlin\/#\/schema\/person\/3f0d93203df21c806dd63c76d9bb28bc"},"breadcrumb":{"@id":"https:\/\/www.naturparkmagazin.de\/stechlin\/?p=14639#breadcrumb"},"inLanguage":"de","potentialAction":[{"@type":"ReadAction","target":["https:\/\/www.naturparkmagazin.de\/stechlin\/?p=14639"]}]},{"@type":"BreadcrumbList","@id":"https:\/\/www.naturparkmagazin.de\/stechlin\/?p=14639#breadcrumb","itemListElement":[{"@type":"ListItem","position":1,"name":"Home","item":"https:\/\/www.naturparkmagazin.de\/stechlin\/"},{"@type":"ListItem","position":2,"name":"Frohe Weihnachten und einen guten Start ins neue Jahr!"}]},{"@type":"WebSite","@id":"https:\/\/www.naturparkmagazin.de\/stechlin\/#website","url":"https:\/\/www.naturparkmagazin.de\/stechlin\/","name":"Naturpark Stechlin-Ruppiner Land","description":"","potentialAction":[{"@type":"SearchAction","target":{"@type":"EntryPoint","urlTemplate":"https:\/\/www.naturparkmagazin.de\/stechlin\/?s={search_term_string}"},"query-input":"required name=search_term_string"}],"inLanguage":"de"},{"@type":"Person","@id":"https:\/\/www.naturparkmagazin.de\/stechlin\/#\/schema\/person\/3f0d93203df21c806dd63c76d9bb28bc","name":"marioschrumpf","url":"https:\/\/www.naturparkmagazin.de\/stechlin\/author\/marioschrumpf\/"}]}},"_links":{"self":[{"href":"https:\/\/www.naturparkmagazin.de\/stechlin\/wp-json\/wp\/v2\/posts\/14639"}],"collection":[{"href":"https:\/\/www.naturparkmagazin.de\/stechlin\/wp-json\/wp\/v2\/posts"}],"about":[{"href":"https:\/\/www.naturparkmagazin.de\/stechlin\/wp-json\/wp\/v2\/types\/post"}],"author":[{"embeddable":true,"href":"https:\/\/www.naturparkmagazin.de\/stechlin\/wp-json\/wp\/v2\/users\/39"}],"replies":[{"embeddable":true,"href":"https:\/\/www.naturparkmagazin.de\/stechlin\/wp-json\/wp\/v2\/comments?post=14639"}],"version-history":[{"count":8,"href":"https:\/\/www.naturparkmagazin.de\/stechlin\/wp-json\/wp\/v2\/posts\/14639\/revisions"}],"predecessor-version":[{"id":14732,"href":"https:\/\/www.naturparkmagazin.de\/stechlin\/wp-json\/wp\/v2\/posts\/14639\/revisions\/14732"}],"wp:featuredmedia":[{"embeddable":true,"href":"https:\/\/www.naturparkmagazin.de\/stechlin\/wp-json\/wp\/v2\/media\/14690"}],"wp:attachment":[{"href":"https:\/\/www.naturparkmagazin.de\/stechlin\/wp-json\/wp\/v2\/media?parent=14639"}],"wp:term":[{"taxonomy":"category","embeddable":true,"href":"https:\/\/www.naturparkmagazin.de\/stechlin\/wp-json\/wp\/v2\/categories?post=14639"},{"taxonomy":"post_tag","embeddable":true,"href":"https:\/\/www.naturparkmagazin.de\/stechlin\/wp-json\/wp\/v2\/tags?post=14639"}],"curies":[{"name":"wp","href":"https:\/\/api.w.org\/{rel}","templated":true}]}}