{"id":14672,"date":"2023-12-14T15:07:49","date_gmt":"2023-12-14T14:07:49","guid":{"rendered":"https:\/\/www.naturparkmagazin.de\/stechlin\/?p=14672"},"modified":"2023-12-13T18:19:57","modified_gmt":"2023-12-13T17:19:57","slug":"der-sternenpark-kyritz-ruppiner-heide-ist-auf-einem-guten-weg","status":"publish","type":"post","link":"https:\/\/www.naturparkmagazin.de\/stechlin\/der-sternenpark-kyritz-ruppiner-heide-ist-auf-einem-guten-weg\/","title":{"rendered":"Der Sternenpark Kyritz-Ruppiner Heide ist auf einem guten Weg"},"content":{"rendered":"<p>Im November 2023 hat sich der Landkreis Ostprignitz-Ruppin offiziell als Antragsteller f\u00fcr die Zulassung der Kyritz-Ruppiner Heide (KRH) als Sternenpark bei der International Dark-Sky Association (IDA) registrieren lassen.<\/p>\n<div id=\"attachment_13020\" style=\"width: 310px\" class=\"wp-caption aligncenter\"><a href=\"https:\/\/www.naturparkmagazin.de\/stechlin\/wp-content\/uploads\/sites\/38\/20221027_191459_b.jpg\"><img aria-describedby=\"caption-attachment-13020\" decoding=\"async\" loading=\"lazy\" class=\"size-thumbnail wp-image-13020\" src=\"https:\/\/www.naturparkmagazin.de\/stechlin\/wp-content\/uploads\/sites\/38\/20221027_191459_b-300x180.jpg\" alt=\"\" width=\"300\" height=\"180\" srcset=\"https:\/\/www.naturparkmagazin.de\/stechlin\/wp-content\/uploads\/sites\/38\/20221027_191459_b-300x180.jpg 300w, https:\/\/www.naturparkmagazin.de\/stechlin\/wp-content\/uploads\/sites\/38\/20221027_191459_b-200x120.jpg 200w, https:\/\/www.naturparkmagazin.de\/stechlin\/wp-content\/uploads\/sites\/38\/20221027_191459_b.jpg 500w\" sizes=\"(max-width: 300px) 100vw, 300px\" \/><\/a><p id=\"caption-attachment-13020\" class=\"wp-caption-text\">Deutschlands Sternenpapst Andreas H\u00e4nel referierte h\u00f6chstpers\u00f6nlich \u00fcber den Schutz der Nacht im letzten Jahr im Naturpark\u00a9 Olaf Wolff<\/p><\/div>\n<p>Dem voraus ging eine im Juli dieses Jahres gestellte Voranfrage, ob die KRH grunds\u00e4tzlich f\u00fcr die Zertifizierung als Sternenpark geeignet ist. Die IDA hat diese Anfrage nicht nur positiv beantwortet, sondern den Landkreis und den Naturpark ermutigt, weiterhin Pl\u00e4ne zu entwickeln, um Bedrohungen der Lichtverschmutzung zu begegnen.<\/p>\n<p>Gegenw\u00e4rtig arbeiten der Landkreis und der Naturpark daran, die f\u00fcr den Antrag notwendigen Informationen zusammenzustellen und erste Aktivit\u00e4ten umzusetzen. Dazu z\u00e4hlt beispielsweise eine Beleuchtungsrichtlinie f\u00fcr das Gebiet der KRH und angrenzende Gemeinden. Innerhalb der ca. 12.000 Hektar umfassenden KRH befinden sich aktuell keine k\u00fcnstlichen Leuchtquellen. Die Mitglieder der Kommunalen Arbeitsgruppe KRH waren sich auf ihrer letzten Sitzung Ende Oktober einig, dass dies auch in Zukunft so bleiben soll.<\/p>\n<p>Au\u00dferdem wird aktuell an der M\u00f6glichkeit gearbeitet, regelm\u00e4\u00dfige Licht- bzw. Dunkelheitsmessungen durchzuf\u00fchren. Die so gewonnenen Daten sind Bestandteil der Antragstellung. Aber auch die Einrichtung eines ersten Musterbeleuchtungsprojektes in einer der angrenzenden Kommunen und entsprechende \u00d6ffentlichkeitsarbeit sollten f\u00fcr den Antrag bereits realisiert sein.<\/p>\n<p>Dar\u00fcber hinaus werden die k\u00fcnstlichen Leuchtquellen in den am Rand der KRH liegenden Ortschaften erfasst und Vorschl\u00e4ge zur Optimierung erarbeitet. Diese werden zu Beginn des neuen Jahres mit den Kommunen ausgewertet und diskutiert.<\/p>\n<p><strong>Grunds\u00e4tzlich gilt bei der Umsetzung der Ma\u00dfnahmen das Prinzip der Freiwilligkeit.<\/strong><\/p>\n<p>Ein wichtiges Argument d\u00fcrfte in diesem Zusammenhang auch die Energieeinsparung bei der Ver\u00e4nderung der Beleuchtungssysteme sein, die die kommunalen Haushalte angesichts gestiegener Strompreise entlasten kann. Die Kommunen des Amtes Temnitz haben dazu bereits gute Erfahrungen im Rahmen ihrer Zusammenarbeit mit dem Natur- und Sternenpark Westhavelland sammeln k\u00f6nnen.<\/p>\n<div id=\"attachment_13264\" style=\"width: 310px\" class=\"wp-caption aligncenter\"><a href=\"https:\/\/www.naturparkmagazin.de\/stechlin\/wp-content\/uploads\/sites\/38\/Bild_Vortrag_b.jpg\"><img aria-describedby=\"caption-attachment-13264\" decoding=\"async\" loading=\"lazy\" class=\"size-full wp-image-13264\" src=\"https:\/\/www.naturparkmagazin.de\/stechlin\/wp-content\/uploads\/sites\/38\/Bild_Vortrag_b.jpg\" alt=\"\" width=\"300\" height=\"500\" srcset=\"https:\/\/www.naturparkmagazin.de\/stechlin\/wp-content\/uploads\/sites\/38\/Bild_Vortrag_b.jpg 300w, https:\/\/www.naturparkmagazin.de\/stechlin\/wp-content\/uploads\/sites\/38\/Bild_Vortrag_b-200x333.jpg 200w\" sizes=\"(max-width: 300px) 100vw, 300px\" \/><\/a><p id=\"caption-attachment-13264\" class=\"wp-caption-text\">\u00a9 Thomas Becker<\/p><\/div>\n","protected":false},"excerpt":{"rendered":"<p>Im November 2023 hat sich der Landkreis Ostprignitz-Ruppin offiziell als Antragsteller f\u00fcr die Zulassung der Kyritz-Ruppiner Heide (KRH) als Sternenpark bei der International Dark-Sky Association (IDA) registrieren lassen.<\/p>\n","protected":false},"author":39,"featured_media":13263,"comment_status":"open","ping_status":"open","sticky":false,"template":"","format":"standard","meta":[],"categories":[7],"tags":[],"yoast_head":"<!-- This site is optimized with the Yoast SEO plugin v19.10 - https:\/\/yoast.com\/wordpress\/plugins\/seo\/ -->\n<title>Der Sternenpark Kyritz-Ruppiner Heide ist auf einem guten Weg - Naturpark Stechlin-Ruppiner Land<\/title>\n<meta name=\"robots\" content=\"index, follow, max-snippet:-1, max-image-preview:large, max-video-preview:-1\" \/>\n<link rel=\"canonical\" href=\"https:\/\/www.naturparkmagazin.de\/stechlin\/?p=14672\" \/>\n<meta property=\"og:locale\" content=\"de_DE\" \/>\n<meta property=\"og:type\" content=\"article\" \/>\n<meta property=\"og:title\" content=\"Der Sternenpark Kyritz-Ruppiner Heide ist auf einem guten Weg - Naturpark Stechlin-Ruppiner Land\" \/>\n<meta property=\"og:description\" content=\"Im November 2023 hat sich der Landkreis Ostprignitz-Ruppin offiziell als Antragsteller f\u00fcr die Zulassung der Kyritz-Ruppiner Heide (KRH) als Sternenpark bei der International Dark-Sky Association (IDA) registrieren lassen.\" \/>\n<meta property=\"og:url\" content=\"https:\/\/www.naturparkmagazin.de\/stechlin\/?p=14672\" \/>\n<meta property=\"og:site_name\" content=\"Naturpark Stechlin-Ruppiner Land\" \/>\n<meta property=\"article:published_time\" content=\"2023-12-14T14:07:49+00:00\" \/>\n<meta property=\"article:modified_time\" content=\"2023-12-13T17:19:57+00:00\" \/>\n<meta property=\"og:image\" content=\"https:\/\/www.naturparkmagazin.de\/stechlin\/wp-content\/uploads\/sites\/38\/Bild_Vortrag_a.jpg\" \/>\n\t<meta property=\"og:image:width\" content=\"200\" \/>\n\t<meta property=\"og:image:height\" content=\"200\" \/>\n\t<meta property=\"og:image:type\" content=\"image\/jpeg\" \/>\n<meta name=\"author\" content=\"marioschrumpf\" \/>\n<meta name=\"twitter:label1\" content=\"Verfasst von\" \/>\n\t<meta name=\"twitter:data1\" content=\"marioschrumpf\" \/>\n\t<meta name=\"twitter:label2\" content=\"Gesch\u00e4tzte Lesezeit\" \/>\n\t<meta name=\"twitter:data2\" content=\"3\u00a0Minuten\" \/>\n<script type=\"application\/ld+json\" class=\"yoast-schema-graph\">{\"@context\":\"https:\/\/schema.org\",\"@graph\":[{\"@type\":\"WebPage\",\"@id\":\"https:\/\/www.naturparkmagazin.de\/stechlin\/?p=14672\",\"url\":\"https:\/\/www.naturparkmagazin.de\/stechlin\/?p=14672\",\"name\":\"Der Sternenpark Kyritz-Ruppiner Heide ist auf einem guten Weg - Naturpark Stechlin-Ruppiner Land\",\"isPartOf\":{\"@id\":\"https:\/\/www.naturparkmagazin.de\/stechlin\/#website\"},\"datePublished\":\"2023-12-14T14:07:49+00:00\",\"dateModified\":\"2023-12-13T17:19:57+00:00\",\"author\":{\"@id\":\"https:\/\/www.naturparkmagazin.de\/stechlin\/#\/schema\/person\/3f0d93203df21c806dd63c76d9bb28bc\"},\"breadcrumb\":{\"@id\":\"https:\/\/www.naturparkmagazin.de\/stechlin\/?p=14672#breadcrumb\"},\"inLanguage\":\"de\",\"potentialAction\":[{\"@type\":\"ReadAction\",\"target\":[\"https:\/\/www.naturparkmagazin.de\/stechlin\/?p=14672\"]}]},{\"@type\":\"BreadcrumbList\",\"@id\":\"https:\/\/www.naturparkmagazin.de\/stechlin\/?p=14672#breadcrumb\",\"itemListElement\":[{\"@type\":\"ListItem\",\"position\":1,\"name\":\"Home\",\"item\":\"https:\/\/www.naturparkmagazin.de\/stechlin\/\"},{\"@type\":\"ListItem\",\"position\":2,\"name\":\"Der Sternenpark Kyritz-Ruppiner Heide ist auf einem guten Weg\"}]},{\"@type\":\"WebSite\",\"@id\":\"https:\/\/www.naturparkmagazin.de\/stechlin\/#website\",\"url\":\"https:\/\/www.naturparkmagazin.de\/stechlin\/\",\"name\":\"Naturpark Stechlin-Ruppiner Land\",\"description\":\"\",\"potentialAction\":[{\"@type\":\"SearchAction\",\"target\":{\"@type\":\"EntryPoint\",\"urlTemplate\":\"https:\/\/www.naturparkmagazin.de\/stechlin\/?s={search_term_string}\"},\"query-input\":\"required name=search_term_string\"}],\"inLanguage\":\"de\"},{\"@type\":\"Person\",\"@id\":\"https:\/\/www.naturparkmagazin.de\/stechlin\/#\/schema\/person\/3f0d93203df21c806dd63c76d9bb28bc\",\"name\":\"marioschrumpf\",\"url\":\"https:\/\/www.naturparkmagazin.de\/stechlin\/author\/marioschrumpf\/\"}]}<\/script>\n<!-- \/ Yoast SEO plugin. -->","yoast_head_json":{"title":"Der Sternenpark Kyritz-Ruppiner Heide ist auf einem guten Weg - Naturpark Stechlin-Ruppiner Land","robots":{"index":"index","follow":"follow","max-snippet":"max-snippet:-1","max-image-preview":"max-image-preview:large","max-video-preview":"max-video-preview:-1"},"canonical":"https:\/\/www.naturparkmagazin.de\/stechlin\/?p=14672","og_locale":"de_DE","og_type":"article","og_title":"Der Sternenpark Kyritz-Ruppiner Heide ist auf einem guten Weg - Naturpark Stechlin-Ruppiner Land","og_description":"Im November 2023 hat sich der Landkreis Ostprignitz-Ruppin offiziell als Antragsteller f\u00fcr die Zulassung der Kyritz-Ruppiner Heide (KRH) als Sternenpark bei der International Dark-Sky Association (IDA) registrieren lassen.","og_url":"https:\/\/www.naturparkmagazin.de\/stechlin\/?p=14672","og_site_name":"Naturpark Stechlin-Ruppiner Land","article_published_time":"2023-12-14T14:07:49+00:00","article_modified_time":"2023-12-13T17:19:57+00:00","og_image":[{"width":200,"height":200,"url":"https:\/\/www.naturparkmagazin.de\/stechlin\/wp-content\/uploads\/sites\/38\/Bild_Vortrag_a.jpg","type":"image\/jpeg"}],"author":"marioschrumpf","twitter_misc":{"Verfasst von":"marioschrumpf","Gesch\u00e4tzte Lesezeit":"3\u00a0Minuten"},"schema":{"@context":"https:\/\/schema.org","@graph":[{"@type":"WebPage","@id":"https:\/\/www.naturparkmagazin.de\/stechlin\/?p=14672","url":"https:\/\/www.naturparkmagazin.de\/stechlin\/?p=14672","name":"Der Sternenpark Kyritz-Ruppiner Heide ist auf einem guten Weg - Naturpark Stechlin-Ruppiner Land","isPartOf":{"@id":"https:\/\/www.naturparkmagazin.de\/stechlin\/#website"},"datePublished":"2023-12-14T14:07:49+00:00","dateModified":"2023-12-13T17:19:57+00:00","author":{"@id":"https:\/\/www.naturparkmagazin.de\/stechlin\/#\/schema\/person\/3f0d93203df21c806dd63c76d9bb28bc"},"breadcrumb":{"@id":"https:\/\/www.naturparkmagazin.de\/stechlin\/?p=14672#breadcrumb"},"inLanguage":"de","potentialAction":[{"@type":"ReadAction","target":["https:\/\/www.naturparkmagazin.de\/stechlin\/?p=14672"]}]},{"@type":"BreadcrumbList","@id":"https:\/\/www.naturparkmagazin.de\/stechlin\/?p=14672#breadcrumb","itemListElement":[{"@type":"ListItem","position":1,"name":"Home","item":"https:\/\/www.naturparkmagazin.de\/stechlin\/"},{"@type":"ListItem","position":2,"name":"Der Sternenpark Kyritz-Ruppiner Heide ist auf einem guten Weg"}]},{"@type":"WebSite","@id":"https:\/\/www.naturparkmagazin.de\/stechlin\/#website","url":"https:\/\/www.naturparkmagazin.de\/stechlin\/","name":"Naturpark Stechlin-Ruppiner Land","description":"","potentialAction":[{"@type":"SearchAction","target":{"@type":"EntryPoint","urlTemplate":"https:\/\/www.naturparkmagazin.de\/stechlin\/?s={search_term_string}"},"query-input":"required name=search_term_string"}],"inLanguage":"de"},{"@type":"Person","@id":"https:\/\/www.naturparkmagazin.de\/stechlin\/#\/schema\/person\/3f0d93203df21c806dd63c76d9bb28bc","name":"marioschrumpf","url":"https:\/\/www.naturparkmagazin.de\/stechlin\/author\/marioschrumpf\/"}]}},"_links":{"self":[{"href":"https:\/\/www.naturparkmagazin.de\/stechlin\/wp-json\/wp\/v2\/posts\/14672"}],"collection":[{"href":"https:\/\/www.naturparkmagazin.de\/stechlin\/wp-json\/wp\/v2\/posts"}],"about":[{"href":"https:\/\/www.naturparkmagazin.de\/stechlin\/wp-json\/wp\/v2\/types\/post"}],"author":[{"embeddable":true,"href":"https:\/\/www.naturparkmagazin.de\/stechlin\/wp-json\/wp\/v2\/users\/39"}],"replies":[{"embeddable":true,"href":"https:\/\/www.naturparkmagazin.de\/stechlin\/wp-json\/wp\/v2\/comments?post=14672"}],"version-history":[{"count":4,"href":"https:\/\/www.naturparkmagazin.de\/stechlin\/wp-json\/wp\/v2\/posts\/14672\/revisions"}],"predecessor-version":[{"id":14730,"href":"https:\/\/www.naturparkmagazin.de\/stechlin\/wp-json\/wp\/v2\/posts\/14672\/revisions\/14730"}],"wp:featuredmedia":[{"embeddable":true,"href":"https:\/\/www.naturparkmagazin.de\/stechlin\/wp-json\/wp\/v2\/media\/13263"}],"wp:attachment":[{"href":"https:\/\/www.naturparkmagazin.de\/stechlin\/wp-json\/wp\/v2\/media?parent=14672"}],"wp:term":[{"taxonomy":"category","embeddable":true,"href":"https:\/\/www.naturparkmagazin.de\/stechlin\/wp-json\/wp\/v2\/categories?post=14672"},{"taxonomy":"post_tag","embeddable":true,"href":"https:\/\/www.naturparkmagazin.de\/stechlin\/wp-json\/wp\/v2\/tags?post=14672"}],"curies":[{"name":"wp","href":"https:\/\/api.w.org\/{rel}","templated":true}]}}