{"id":1470,"date":"2014-10-22T13:04:31","date_gmt":"2014-10-22T11:04:31","guid":{"rendered":"http:\/\/www.naturparkmagazin.de\/stechlin\/?p=1470"},"modified":"2014-10-27T14:03:23","modified_gmt":"2014-10-27T13:03:23","slug":"das-besondere-konzert-im-kulturgutshaus-koepernitz","status":"publish","type":"post","link":"https:\/\/www.naturparkmagazin.de\/stechlin\/das-besondere-konzert-im-kulturgutshaus-koepernitz\/","title":{"rendered":"Das besondere Konzert im KulturGutshaus K\u00f6pernitz"},"content":{"rendered":"<div id=\"attachment_1480\" style=\"width: 510px\" class=\"wp-caption alignnone\"><a href=\"https:\/\/www.naturparkmagazin.de\/stechlin\/wp-content\/uploads\/sites\/38\/Bajan-Virtuosen.jpg\"><img aria-describedby=\"caption-attachment-1480\" decoding=\"async\" loading=\"lazy\" class=\"size-full wp-image-1480\" alt=\"Bajan-Virtuosen\" src=\"https:\/\/www.naturparkmagazin.de\/stechlin\/wp-content\/uploads\/sites\/38\/Bajan-Virtuosen.jpg\" width=\"500\" height=\"321\" srcset=\"https:\/\/www.naturparkmagazin.de\/stechlin\/wp-content\/uploads\/sites\/38\/Bajan-Virtuosen.jpg 500w, https:\/\/www.naturparkmagazin.de\/stechlin\/wp-content\/uploads\/sites\/38\/Bajan-Virtuosen-300x193.jpg 300w, https:\/\/www.naturparkmagazin.de\/stechlin\/wp-content\/uploads\/sites\/38\/Bajan-Virtuosen-200x128.jpg 200w\" sizes=\"(max-width: 500px) 100vw, 500px\" \/><\/a><p id=\"caption-attachment-1480\" class=\"wp-caption-text\">Bajan-Virtuosen<\/p><\/div>\n<p>Die Moskauer Bajan-Virtuosen Prof. Wladimir Bonakow &amp; Iwan Sokolow gastieren am 9. November, 15 Uhr in K\u00f6pernitz.<\/p>\n<p>Die beiden &#8222;Verdienten K\u00fcnstler Russlands&#8220; begeistern ihre Zuh\u00f6hrer mit den ungew\u00f6hnlichen Kl\u00e4ngen des Bajan-Instruments, das Prof. Bonakow europaweit bekannt gemacht hat. Klassische Melodien und Volksweisen werden an diesem Sonntag-Nachmittag erklingen<\/p>\n<p>Eintritt: 12 EURO<\/p>\n<p>Voranmeldung: Tel.: 033931\/37855<\/p>\n","protected":false},"excerpt":{"rendered":"<p>Die Moskauer Bajan-Virtuosen Prof. Wladimir Bonakow &amp; Iwan Sokolow gastieren am 9. November, 15 Uhr in K\u00f6pernitz.<\/p>\n","protected":false},"author":39,"featured_media":1480,"comment_status":"open","ping_status":"open","sticky":false,"template":"","format":"standard","meta":[],"categories":[11],"tags":[],"yoast_head":"<!-- This site is optimized with the Yoast SEO plugin v19.10 - https:\/\/yoast.com\/wordpress\/plugins\/seo\/ -->\n<title>Das besondere Konzert im KulturGutshaus K\u00f6pernitz - Naturpark Stechlin-Ruppiner Land<\/title>\n<meta name=\"robots\" content=\"index, follow, max-snippet:-1, max-image-preview:large, max-video-preview:-1\" \/>\n<link rel=\"canonical\" href=\"https:\/\/www.naturparkmagazin.de\/stechlin\/das-besondere-konzert-im-kulturgutshaus-koepernitz\/\" \/>\n<meta property=\"og:locale\" content=\"de_DE\" \/>\n<meta property=\"og:type\" content=\"article\" \/>\n<meta property=\"og:title\" content=\"Das besondere Konzert im KulturGutshaus K\u00f6pernitz - Naturpark Stechlin-Ruppiner Land\" \/>\n<meta property=\"og:description\" content=\"Die Moskauer Bajan-Virtuosen Prof. Wladimir Bonakow &amp; Iwan Sokolow gastieren am 9. November, 15 Uhr in K\u00f6pernitz.\" \/>\n<meta property=\"og:url\" content=\"https:\/\/www.naturparkmagazin.de\/stechlin\/das-besondere-konzert-im-kulturgutshaus-koepernitz\/\" \/>\n<meta property=\"og:site_name\" content=\"Naturpark Stechlin-Ruppiner Land\" \/>\n<meta property=\"article:published_time\" content=\"2014-10-22T11:04:31+00:00\" \/>\n<meta property=\"article:modified_time\" content=\"2014-10-27T13:03:23+00:00\" \/>\n<meta property=\"og:image\" content=\"https:\/\/www.naturparkmagazin.de\/stechlin\/wp-content\/uploads\/sites\/38\/Bajan-Virtuosen.jpg\" \/>\n\t<meta property=\"og:image:width\" content=\"500\" \/>\n\t<meta property=\"og:image:height\" content=\"321\" \/>\n\t<meta property=\"og:image:type\" content=\"image\/jpeg\" \/>\n<meta name=\"author\" content=\"marioschrumpf\" \/>\n<meta name=\"twitter:label1\" content=\"Verfasst von\" \/>\n\t<meta name=\"twitter:data1\" content=\"marioschrumpf\" \/>\n<script type=\"application\/ld+json\" class=\"yoast-schema-graph\">{\"@context\":\"https:\/\/schema.org\",\"@graph\":[{\"@type\":\"WebPage\",\"@id\":\"https:\/\/www.naturparkmagazin.de\/stechlin\/das-besondere-konzert-im-kulturgutshaus-koepernitz\/\",\"url\":\"https:\/\/www.naturparkmagazin.de\/stechlin\/das-besondere-konzert-im-kulturgutshaus-koepernitz\/\",\"name\":\"Das besondere Konzert im KulturGutshaus K\u00f6pernitz - Naturpark Stechlin-Ruppiner Land\",\"isPartOf\":{\"@id\":\"https:\/\/www.naturparkmagazin.de\/stechlin\/#website\"},\"datePublished\":\"2014-10-22T11:04:31+00:00\",\"dateModified\":\"2014-10-27T13:03:23+00:00\",\"author\":{\"@id\":\"https:\/\/www.naturparkmagazin.de\/stechlin\/#\/schema\/person\/3f0d93203df21c806dd63c76d9bb28bc\"},\"breadcrumb\":{\"@id\":\"https:\/\/www.naturparkmagazin.de\/stechlin\/das-besondere-konzert-im-kulturgutshaus-koepernitz\/#breadcrumb\"},\"inLanguage\":\"de\",\"potentialAction\":[{\"@type\":\"ReadAction\",\"target\":[\"https:\/\/www.naturparkmagazin.de\/stechlin\/das-besondere-konzert-im-kulturgutshaus-koepernitz\/\"]}]},{\"@type\":\"BreadcrumbList\",\"@id\":\"https:\/\/www.naturparkmagazin.de\/stechlin\/das-besondere-konzert-im-kulturgutshaus-koepernitz\/#breadcrumb\",\"itemListElement\":[{\"@type\":\"ListItem\",\"position\":1,\"name\":\"Home\",\"item\":\"https:\/\/www.naturparkmagazin.de\/stechlin\/\"},{\"@type\":\"ListItem\",\"position\":2,\"name\":\"Das besondere Konzert im KulturGutshaus K\u00f6pernitz\"}]},{\"@type\":\"WebSite\",\"@id\":\"https:\/\/www.naturparkmagazin.de\/stechlin\/#website\",\"url\":\"https:\/\/www.naturparkmagazin.de\/stechlin\/\",\"name\":\"Naturpark Stechlin-Ruppiner Land\",\"description\":\"\",\"potentialAction\":[{\"@type\":\"SearchAction\",\"target\":{\"@type\":\"EntryPoint\",\"urlTemplate\":\"https:\/\/www.naturparkmagazin.de\/stechlin\/?s={search_term_string}\"},\"query-input\":\"required name=search_term_string\"}],\"inLanguage\":\"de\"},{\"@type\":\"Person\",\"@id\":\"https:\/\/www.naturparkmagazin.de\/stechlin\/#\/schema\/person\/3f0d93203df21c806dd63c76d9bb28bc\",\"name\":\"marioschrumpf\",\"url\":\"https:\/\/www.naturparkmagazin.de\/stechlin\/author\/marioschrumpf\/\"}]}<\/script>\n<!-- \/ Yoast SEO plugin. -->","yoast_head_json":{"title":"Das besondere Konzert im KulturGutshaus K\u00f6pernitz - Naturpark Stechlin-Ruppiner Land","robots":{"index":"index","follow":"follow","max-snippet":"max-snippet:-1","max-image-preview":"max-image-preview:large","max-video-preview":"max-video-preview:-1"},"canonical":"https:\/\/www.naturparkmagazin.de\/stechlin\/das-besondere-konzert-im-kulturgutshaus-koepernitz\/","og_locale":"de_DE","og_type":"article","og_title":"Das besondere Konzert im KulturGutshaus K\u00f6pernitz - Naturpark Stechlin-Ruppiner Land","og_description":"Die Moskauer Bajan-Virtuosen Prof. Wladimir Bonakow &amp; Iwan Sokolow gastieren am 9. November, 15 Uhr in K\u00f6pernitz.","og_url":"https:\/\/www.naturparkmagazin.de\/stechlin\/das-besondere-konzert-im-kulturgutshaus-koepernitz\/","og_site_name":"Naturpark Stechlin-Ruppiner Land","article_published_time":"2014-10-22T11:04:31+00:00","article_modified_time":"2014-10-27T13:03:23+00:00","og_image":[{"width":500,"height":321,"url":"https:\/\/www.naturparkmagazin.de\/stechlin\/wp-content\/uploads\/sites\/38\/Bajan-Virtuosen.jpg","type":"image\/jpeg"}],"author":"marioschrumpf","twitter_misc":{"Verfasst von":"marioschrumpf"},"schema":{"@context":"https:\/\/schema.org","@graph":[{"@type":"WebPage","@id":"https:\/\/www.naturparkmagazin.de\/stechlin\/das-besondere-konzert-im-kulturgutshaus-koepernitz\/","url":"https:\/\/www.naturparkmagazin.de\/stechlin\/das-besondere-konzert-im-kulturgutshaus-koepernitz\/","name":"Das besondere Konzert im KulturGutshaus K\u00f6pernitz - Naturpark Stechlin-Ruppiner Land","isPartOf":{"@id":"https:\/\/www.naturparkmagazin.de\/stechlin\/#website"},"datePublished":"2014-10-22T11:04:31+00:00","dateModified":"2014-10-27T13:03:23+00:00","author":{"@id":"https:\/\/www.naturparkmagazin.de\/stechlin\/#\/schema\/person\/3f0d93203df21c806dd63c76d9bb28bc"},"breadcrumb":{"@id":"https:\/\/www.naturparkmagazin.de\/stechlin\/das-besondere-konzert-im-kulturgutshaus-koepernitz\/#breadcrumb"},"inLanguage":"de","potentialAction":[{"@type":"ReadAction","target":["https:\/\/www.naturparkmagazin.de\/stechlin\/das-besondere-konzert-im-kulturgutshaus-koepernitz\/"]}]},{"@type":"BreadcrumbList","@id":"https:\/\/www.naturparkmagazin.de\/stechlin\/das-besondere-konzert-im-kulturgutshaus-koepernitz\/#breadcrumb","itemListElement":[{"@type":"ListItem","position":1,"name":"Home","item":"https:\/\/www.naturparkmagazin.de\/stechlin\/"},{"@type":"ListItem","position":2,"name":"Das besondere Konzert im KulturGutshaus K\u00f6pernitz"}]},{"@type":"WebSite","@id":"https:\/\/www.naturparkmagazin.de\/stechlin\/#website","url":"https:\/\/www.naturparkmagazin.de\/stechlin\/","name":"Naturpark Stechlin-Ruppiner Land","description":"","potentialAction":[{"@type":"SearchAction","target":{"@type":"EntryPoint","urlTemplate":"https:\/\/www.naturparkmagazin.de\/stechlin\/?s={search_term_string}"},"query-input":"required name=search_term_string"}],"inLanguage":"de"},{"@type":"Person","@id":"https:\/\/www.naturparkmagazin.de\/stechlin\/#\/schema\/person\/3f0d93203df21c806dd63c76d9bb28bc","name":"marioschrumpf","url":"https:\/\/www.naturparkmagazin.de\/stechlin\/author\/marioschrumpf\/"}]}},"_links":{"self":[{"href":"https:\/\/www.naturparkmagazin.de\/stechlin\/wp-json\/wp\/v2\/posts\/1470"}],"collection":[{"href":"https:\/\/www.naturparkmagazin.de\/stechlin\/wp-json\/wp\/v2\/posts"}],"about":[{"href":"https:\/\/www.naturparkmagazin.de\/stechlin\/wp-json\/wp\/v2\/types\/post"}],"author":[{"embeddable":true,"href":"https:\/\/www.naturparkmagazin.de\/stechlin\/wp-json\/wp\/v2\/users\/39"}],"replies":[{"embeddable":true,"href":"https:\/\/www.naturparkmagazin.de\/stechlin\/wp-json\/wp\/v2\/comments?post=1470"}],"version-history":[{"count":3,"href":"https:\/\/www.naturparkmagazin.de\/stechlin\/wp-json\/wp\/v2\/posts\/1470\/revisions"}],"predecessor-version":[{"id":1515,"href":"https:\/\/www.naturparkmagazin.de\/stechlin\/wp-json\/wp\/v2\/posts\/1470\/revisions\/1515"}],"wp:featuredmedia":[{"embeddable":true,"href":"https:\/\/www.naturparkmagazin.de\/stechlin\/wp-json\/wp\/v2\/media\/1480"}],"wp:attachment":[{"href":"https:\/\/www.naturparkmagazin.de\/stechlin\/wp-json\/wp\/v2\/media?parent=1470"}],"wp:term":[{"taxonomy":"category","embeddable":true,"href":"https:\/\/www.naturparkmagazin.de\/stechlin\/wp-json\/wp\/v2\/categories?post=1470"},{"taxonomy":"post_tag","embeddable":true,"href":"https:\/\/www.naturparkmagazin.de\/stechlin\/wp-json\/wp\/v2\/tags?post=1470"}],"curies":[{"name":"wp","href":"https:\/\/api.w.org\/{rel}","templated":true}]}}