{"id":14706,"date":"2023-12-14T16:05:47","date_gmt":"2023-12-14T15:05:47","guid":{"rendered":"https:\/\/www.naturparkmagazin.de\/stechlin\/?p=14706"},"modified":"2023-12-13T18:00:23","modified_gmt":"2023-12-13T17:00:23","slug":"veranstaltungen-des-dorfvereins-menz-im-neuen-jahr","status":"publish","type":"post","link":"https:\/\/www.naturparkmagazin.de\/stechlin\/veranstaltungen-des-dorfvereins-menz-im-neuen-jahr\/","title":{"rendered":"Kino in der Heimatschule Menz"},"content":{"rendered":"<p>Mit drei Filmen und einer Autorenlesung hat der Dorfverein Menz ein tolles Januar-Programm auf die Beine gestellt.<\/p>\n<p>Die Filme<em> &#8222;Wie im Himmel&#8220;<\/em> (<strong>1. Januar, 17.00 Uhr<\/strong>), <em>&#8222;Van Gogh \u2013 An der Schwelle zur Ewigkeit&#8220;<\/em> (<strong>17. Januar, 19.30 Uhr<\/strong>) und <em>&#8222;Kannwoniwasein!&#8220;<\/em> (<strong>21. Januar, 15.00 Uhr<\/strong>) werden alle in der <strong>Heimatschule Menz<\/strong> gezeigt.<\/p>\n<p><strong>Eintritt<\/strong> 3 \u20ac.<\/p>\n<div id=\"attachment_14713\" style=\"width: 310px\" class=\"wp-caption aligncenter\"><a href=\"https:\/\/www.naturparkmagazin.de\/stechlin\/wp-content\/uploads\/sites\/38\/Wie-imHimmel.jpg\"><img aria-describedby=\"caption-attachment-14713\" decoding=\"async\" loading=\"lazy\" class=\"size-full wp-image-14713\" src=\"https:\/\/www.naturparkmagazin.de\/stechlin\/wp-content\/uploads\/sites\/38\/Wie-imHimmel.jpg\" alt=\"\" width=\"300\" height=\"428\" srcset=\"https:\/\/www.naturparkmagazin.de\/stechlin\/wp-content\/uploads\/sites\/38\/Wie-imHimmel.jpg 300w, https:\/\/www.naturparkmagazin.de\/stechlin\/wp-content\/uploads\/sites\/38\/Wie-imHimmel-200x285.jpg 200w\" sizes=\"(max-width: 300px) 100vw, 300px\" \/><\/a><p id=\"caption-attachment-14713\" class=\"wp-caption-text\">\u00a9 Dorfverein Menz e.V.<\/p><\/div>\n<div id=\"attachment_14711\" style=\"width: 310px\" class=\"wp-caption aligncenter\"><a href=\"https:\/\/www.naturparkmagazin.de\/stechlin\/wp-content\/uploads\/sites\/38\/vanGogh_b.jpg\"><img aria-describedby=\"caption-attachment-14711\" decoding=\"async\" loading=\"lazy\" class=\"size-full wp-image-14711\" src=\"https:\/\/www.naturparkmagazin.de\/stechlin\/wp-content\/uploads\/sites\/38\/vanGogh_b.jpg\" alt=\"\" width=\"300\" height=\"425\" srcset=\"https:\/\/www.naturparkmagazin.de\/stechlin\/wp-content\/uploads\/sites\/38\/vanGogh_b.jpg 300w, https:\/\/www.naturparkmagazin.de\/stechlin\/wp-content\/uploads\/sites\/38\/vanGogh_b-200x283.jpg 200w\" sizes=\"(max-width: 300px) 100vw, 300px\" \/><\/a><p id=\"caption-attachment-14711\" class=\"wp-caption-text\">\u00a9 Dorfverein Menz e.V.<\/p><\/div>\n<div id=\"attachment_14716\" style=\"width: 310px\" class=\"wp-caption aligncenter\"><a href=\"https:\/\/www.naturparkmagazin.de\/stechlin\/wp-content\/uploads\/sites\/38\/kannawoniwasein.jpg\"><img aria-describedby=\"caption-attachment-14716\" decoding=\"async\" loading=\"lazy\" class=\"size-full wp-image-14716\" src=\"https:\/\/www.naturparkmagazin.de\/stechlin\/wp-content\/uploads\/sites\/38\/kannawoniwasein.jpg\" alt=\"\" width=\"300\" height=\"425\" srcset=\"https:\/\/www.naturparkmagazin.de\/stechlin\/wp-content\/uploads\/sites\/38\/kannawoniwasein.jpg 300w, https:\/\/www.naturparkmagazin.de\/stechlin\/wp-content\/uploads\/sites\/38\/kannawoniwasein-200x283.jpg 200w\" sizes=\"(max-width: 300px) 100vw, 300px\" \/><\/a><p id=\"caption-attachment-14716\" class=\"wp-caption-text\">\u00a9 Dorfverein Menz e.V.<\/p><\/div>\n<p>&nbsp;<\/p>\n<p>Am <strong>13. Januar, 15.00 Uhr<\/strong> findet in der <strong>Heimatschule Menz<\/strong> die Autorenlesung mit Lioba Happel \u2013 <em>&#8222;POMMFRITZ aus der H\u00f6lle&#8220; <\/em>statt:<\/p>\n<p>Lioba Happel lebt in Lausanne und in Berlin und liest aus ihrem Buch von 2021.<\/p>\n<div id=\"attachment_14708\" style=\"width: 310px\" class=\"wp-caption aligncenter\"><a href=\"https:\/\/www.naturparkmagazin.de\/stechlin\/wp-content\/uploads\/sites\/38\/Buch_POMMFRITZ.jpg\"><img aria-describedby=\"caption-attachment-14708\" decoding=\"async\" loading=\"lazy\" class=\"size-full wp-image-14708\" src=\"https:\/\/www.naturparkmagazin.de\/stechlin\/wp-content\/uploads\/sites\/38\/Buch_POMMFRITZ.jpg\" alt=\"\" width=\"300\" height=\"407\" srcset=\"https:\/\/www.naturparkmagazin.de\/stechlin\/wp-content\/uploads\/sites\/38\/Buch_POMMFRITZ.jpg 300w, https:\/\/www.naturparkmagazin.de\/stechlin\/wp-content\/uploads\/sites\/38\/Buch_POMMFRITZ-53x71.jpg 53w, https:\/\/www.naturparkmagazin.de\/stechlin\/wp-content\/uploads\/sites\/38\/Buch_POMMFRITZ-200x271.jpg 200w\" sizes=\"(max-width: 300px) 100vw, 300px\" \/><\/a><p id=\"caption-attachment-14708\" class=\"wp-caption-text\">\u00a9 Zuzana Novak (Dorfverein Menz e.V.)<\/p><\/div>\n<p>Das Buch wurde im Jahr 2023 mit dem Schweizer Literaturpreis ausgezeichnet.<\/p>\n<p>Wir freuen uns sehr, die Autorin und den Moderator des Nachmittags, Tom Bresemann, begr\u00fc\u00dfen zu d\u00fcrfen.<\/p>\n<p>Wie immer gilt bei unseren Lesungen auch diesmal: <strong>Eintritt FREI!<\/strong><\/p>\n<p>\u00bb<em>Armer Teufel \u2013 Pommfritz, der Ich-Erz\u00e4hler in Lioba Happels Roman, schreibt seinem Vater \u203ain den Emment\u00e4lern\u2039 Briefe aus dem Gef\u00e4ngnis. Das Buch ist hoch poetisch und zugleich erbarmungslos brutal.<\/em>\u00ab\nPascale Blatter in \u00bbSchweizer Buchhandel\u00ab 8\/2022<\/p>\n<p>\u00bb<em>Pommfritz heisst eigentlich Pomelius Fridericus. Wer hei\u00dft schon so. Der Name allein w\u00e4re Strafe genug. Und Pommfritz sitzt tats\u00e4chlich zur Strafe im Gef\u00e4ngnis. Wegen Mordes an seiner Mutter, wegen Kanibalismus. Von einer H\u00f6lle in die n\u00e4chste geraten.<\/em>\u00bb\nGallus Frei-Tomic auf \u00bbLiteraturblatt.ch\u00ab<\/p>\n<div id=\"attachment_14710\" style=\"width: 210px\" class=\"wp-caption aligncenter\"><a href=\"https:\/\/www.naturparkmagazin.de\/stechlin\/wp-content\/uploads\/sites\/38\/LiobaHappel-\u00a9Zuzana-Novak-184x300-1.jpg\"><img aria-describedby=\"caption-attachment-14710\" decoding=\"async\" loading=\"lazy\" class=\"size-full wp-image-14710\" src=\"https:\/\/www.naturparkmagazin.de\/stechlin\/wp-content\/uploads\/sites\/38\/LiobaHappel-\u00a9Zuzana-Novak-184x300-1.jpg\" alt=\"\" width=\"200\" height=\"324\" \/><\/a><p id=\"caption-attachment-14710\" class=\"wp-caption-text\">\u00a9 Zuzana Novak (Dorfverein Menz e.V.)<\/p><\/div>\n","protected":false},"excerpt":{"rendered":"<p>Mit drei Filmen und einer Autorenlesung hat der Dorfverein Menz ein tolles Januar-Programm auf die Beine gestellt.<\/p>\n","protected":false},"author":39,"featured_media":14712,"comment_status":"open","ping_status":"open","sticky":false,"template":"","format":"standard","meta":[],"categories":[11],"tags":[],"yoast_head":"<!-- This site is optimized with the Yoast SEO plugin v19.10 - https:\/\/yoast.com\/wordpress\/plugins\/seo\/ -->\n<title>Kino in der Heimatschule Menz - Naturpark Stechlin-Ruppiner Land<\/title>\n<meta name=\"robots\" content=\"index, follow, max-snippet:-1, max-image-preview:large, max-video-preview:-1\" \/>\n<link rel=\"canonical\" href=\"https:\/\/www.naturparkmagazin.de\/stechlin\/?p=14706\" \/>\n<meta property=\"og:locale\" content=\"de_DE\" \/>\n<meta property=\"og:type\" content=\"article\" \/>\n<meta property=\"og:title\" content=\"Kino in der Heimatschule Menz - Naturpark Stechlin-Ruppiner Land\" \/>\n<meta property=\"og:description\" content=\"Mit drei Filmen und einer Autorenlesung hat der Dorfverein Menz ein tolles Januar-Programm auf die Beine gestellt.\" \/>\n<meta property=\"og:url\" content=\"https:\/\/www.naturparkmagazin.de\/stechlin\/?p=14706\" \/>\n<meta property=\"og:site_name\" content=\"Naturpark Stechlin-Ruppiner Land\" \/>\n<meta property=\"article:published_time\" content=\"2023-12-14T15:05:47+00:00\" \/>\n<meta property=\"article:modified_time\" content=\"2023-12-13T17:00:23+00:00\" \/>\n<meta property=\"og:image\" content=\"https:\/\/www.naturparkmagazin.de\/stechlin\/wp-content\/uploads\/sites\/38\/vanGogh2_a.jpg\" \/>\n\t<meta property=\"og:image:width\" content=\"200\" \/>\n\t<meta property=\"og:image:height\" content=\"200\" \/>\n\t<meta property=\"og:image:type\" content=\"image\/jpeg\" \/>\n<meta name=\"author\" content=\"marioschrumpf\" \/>\n<meta name=\"twitter:label1\" content=\"Verfasst von\" \/>\n\t<meta name=\"twitter:data1\" content=\"marioschrumpf\" \/>\n\t<meta name=\"twitter:label2\" content=\"Gesch\u00e4tzte Lesezeit\" \/>\n\t<meta name=\"twitter:data2\" content=\"3\u00a0Minuten\" \/>\n<script type=\"application\/ld+json\" class=\"yoast-schema-graph\">{\"@context\":\"https:\/\/schema.org\",\"@graph\":[{\"@type\":\"WebPage\",\"@id\":\"https:\/\/www.naturparkmagazin.de\/stechlin\/?p=14706\",\"url\":\"https:\/\/www.naturparkmagazin.de\/stechlin\/?p=14706\",\"name\":\"Kino in der Heimatschule Menz - Naturpark Stechlin-Ruppiner Land\",\"isPartOf\":{\"@id\":\"https:\/\/www.naturparkmagazin.de\/stechlin\/#website\"},\"datePublished\":\"2023-12-14T15:05:47+00:00\",\"dateModified\":\"2023-12-13T17:00:23+00:00\",\"author\":{\"@id\":\"https:\/\/www.naturparkmagazin.de\/stechlin\/#\/schema\/person\/3f0d93203df21c806dd63c76d9bb28bc\"},\"breadcrumb\":{\"@id\":\"https:\/\/www.naturparkmagazin.de\/stechlin\/?p=14706#breadcrumb\"},\"inLanguage\":\"de\",\"potentialAction\":[{\"@type\":\"ReadAction\",\"target\":[\"https:\/\/www.naturparkmagazin.de\/stechlin\/?p=14706\"]}]},{\"@type\":\"BreadcrumbList\",\"@id\":\"https:\/\/www.naturparkmagazin.de\/stechlin\/?p=14706#breadcrumb\",\"itemListElement\":[{\"@type\":\"ListItem\",\"position\":1,\"name\":\"Home\",\"item\":\"https:\/\/www.naturparkmagazin.de\/stechlin\/\"},{\"@type\":\"ListItem\",\"position\":2,\"name\":\"Kino in der Heimatschule Menz\"}]},{\"@type\":\"WebSite\",\"@id\":\"https:\/\/www.naturparkmagazin.de\/stechlin\/#website\",\"url\":\"https:\/\/www.naturparkmagazin.de\/stechlin\/\",\"name\":\"Naturpark Stechlin-Ruppiner Land\",\"description\":\"\",\"potentialAction\":[{\"@type\":\"SearchAction\",\"target\":{\"@type\":\"EntryPoint\",\"urlTemplate\":\"https:\/\/www.naturparkmagazin.de\/stechlin\/?s={search_term_string}\"},\"query-input\":\"required name=search_term_string\"}],\"inLanguage\":\"de\"},{\"@type\":\"Person\",\"@id\":\"https:\/\/www.naturparkmagazin.de\/stechlin\/#\/schema\/person\/3f0d93203df21c806dd63c76d9bb28bc\",\"name\":\"marioschrumpf\",\"url\":\"https:\/\/www.naturparkmagazin.de\/stechlin\/author\/marioschrumpf\/\"}]}<\/script>\n<!-- \/ Yoast SEO plugin. -->","yoast_head_json":{"title":"Kino in der Heimatschule Menz - Naturpark Stechlin-Ruppiner Land","robots":{"index":"index","follow":"follow","max-snippet":"max-snippet:-1","max-image-preview":"max-image-preview:large","max-video-preview":"max-video-preview:-1"},"canonical":"https:\/\/www.naturparkmagazin.de\/stechlin\/?p=14706","og_locale":"de_DE","og_type":"article","og_title":"Kino in der Heimatschule Menz - Naturpark Stechlin-Ruppiner Land","og_description":"Mit drei Filmen und einer Autorenlesung hat der Dorfverein Menz ein tolles Januar-Programm auf die Beine gestellt.","og_url":"https:\/\/www.naturparkmagazin.de\/stechlin\/?p=14706","og_site_name":"Naturpark Stechlin-Ruppiner Land","article_published_time":"2023-12-14T15:05:47+00:00","article_modified_time":"2023-12-13T17:00:23+00:00","og_image":[{"width":200,"height":200,"url":"https:\/\/www.naturparkmagazin.de\/stechlin\/wp-content\/uploads\/sites\/38\/vanGogh2_a.jpg","type":"image\/jpeg"}],"author":"marioschrumpf","twitter_misc":{"Verfasst von":"marioschrumpf","Gesch\u00e4tzte Lesezeit":"3\u00a0Minuten"},"schema":{"@context":"https:\/\/schema.org","@graph":[{"@type":"WebPage","@id":"https:\/\/www.naturparkmagazin.de\/stechlin\/?p=14706","url":"https:\/\/www.naturparkmagazin.de\/stechlin\/?p=14706","name":"Kino in der Heimatschule Menz - Naturpark Stechlin-Ruppiner Land","isPartOf":{"@id":"https:\/\/www.naturparkmagazin.de\/stechlin\/#website"},"datePublished":"2023-12-14T15:05:47+00:00","dateModified":"2023-12-13T17:00:23+00:00","author":{"@id":"https:\/\/www.naturparkmagazin.de\/stechlin\/#\/schema\/person\/3f0d93203df21c806dd63c76d9bb28bc"},"breadcrumb":{"@id":"https:\/\/www.naturparkmagazin.de\/stechlin\/?p=14706#breadcrumb"},"inLanguage":"de","potentialAction":[{"@type":"ReadAction","target":["https:\/\/www.naturparkmagazin.de\/stechlin\/?p=14706"]}]},{"@type":"BreadcrumbList","@id":"https:\/\/www.naturparkmagazin.de\/stechlin\/?p=14706#breadcrumb","itemListElement":[{"@type":"ListItem","position":1,"name":"Home","item":"https:\/\/www.naturparkmagazin.de\/stechlin\/"},{"@type":"ListItem","position":2,"name":"Kino in der Heimatschule Menz"}]},{"@type":"WebSite","@id":"https:\/\/www.naturparkmagazin.de\/stechlin\/#website","url":"https:\/\/www.naturparkmagazin.de\/stechlin\/","name":"Naturpark Stechlin-Ruppiner Land","description":"","potentialAction":[{"@type":"SearchAction","target":{"@type":"EntryPoint","urlTemplate":"https:\/\/www.naturparkmagazin.de\/stechlin\/?s={search_term_string}"},"query-input":"required name=search_term_string"}],"inLanguage":"de"},{"@type":"Person","@id":"https:\/\/www.naturparkmagazin.de\/stechlin\/#\/schema\/person\/3f0d93203df21c806dd63c76d9bb28bc","name":"marioschrumpf","url":"https:\/\/www.naturparkmagazin.de\/stechlin\/author\/marioschrumpf\/"}]}},"_links":{"self":[{"href":"https:\/\/www.naturparkmagazin.de\/stechlin\/wp-json\/wp\/v2\/posts\/14706"}],"collection":[{"href":"https:\/\/www.naturparkmagazin.de\/stechlin\/wp-json\/wp\/v2\/posts"}],"about":[{"href":"https:\/\/www.naturparkmagazin.de\/stechlin\/wp-json\/wp\/v2\/types\/post"}],"author":[{"embeddable":true,"href":"https:\/\/www.naturparkmagazin.de\/stechlin\/wp-json\/wp\/v2\/users\/39"}],"replies":[{"embeddable":true,"href":"https:\/\/www.naturparkmagazin.de\/stechlin\/wp-json\/wp\/v2\/comments?post=14706"}],"version-history":[{"count":6,"href":"https:\/\/www.naturparkmagazin.de\/stechlin\/wp-json\/wp\/v2\/posts\/14706\/revisions"}],"predecessor-version":[{"id":14721,"href":"https:\/\/www.naturparkmagazin.de\/stechlin\/wp-json\/wp\/v2\/posts\/14706\/revisions\/14721"}],"wp:featuredmedia":[{"embeddable":true,"href":"https:\/\/www.naturparkmagazin.de\/stechlin\/wp-json\/wp\/v2\/media\/14712"}],"wp:attachment":[{"href":"https:\/\/www.naturparkmagazin.de\/stechlin\/wp-json\/wp\/v2\/media?parent=14706"}],"wp:term":[{"taxonomy":"category","embeddable":true,"href":"https:\/\/www.naturparkmagazin.de\/stechlin\/wp-json\/wp\/v2\/categories?post=14706"},{"taxonomy":"post_tag","embeddable":true,"href":"https:\/\/www.naturparkmagazin.de\/stechlin\/wp-json\/wp\/v2\/tags?post=14706"}],"curies":[{"name":"wp","href":"https:\/\/api.w.org\/{rel}","templated":true}]}}