{"id":1472,"date":"2014-10-22T10:02:58","date_gmt":"2014-10-22T08:02:58","guid":{"rendered":"http:\/\/www.naturparkmagazin.de\/stechlin\/?p=1472"},"modified":"2014-10-29T10:38:01","modified_gmt":"2014-10-29T09:38:01","slug":"adventsbasteln-fuer-jung-und-alt","status":"publish","type":"post","link":"https:\/\/www.naturparkmagazin.de\/stechlin\/adventsbasteln-fuer-jung-und-alt\/","title":{"rendered":"Adventsbasteln f\u00fcr Jung und Alt"},"content":{"rendered":"<p><a href=\"https:\/\/www.naturparkmagazin.de\/stechlin\/wp-content\/uploads\/sites\/38\/Advent-K\u00f6pernitz.jpg\"><img decoding=\"async\" loading=\"lazy\" class=\"alignnone size-full wp-image-1478\" alt=\"NP SRL\/Bernd Donner\" src=\"https:\/\/www.naturparkmagazin.de\/stechlin\/wp-content\/uploads\/sites\/38\/Advent-K\u00f6pernitz.jpg\" width=\"120\" height=\"180\" \/><\/a><\/p>\n<p>Das Team des F\u00f6rdervereins und viele Helfer laden am 30. November, 14.30 Uhr zum Adventsbasteln in das KulturGutshaus K\u00f6pernitz ein. Tolle Bastelideen und interessante Materialien sorgen daf\u00fcr, dass jeder mit etwas Selbstgebasteltem nach Hause geht. Dazu erklingen vorweihnachtliche Melodien, es gibt Kaffee und Kuchen sowie Geb\u00e4ck.<\/p>\n<p>Eintritt: frei<\/p>\n<p>Voranmeldung: 033931\/37855<\/p>\n","protected":false},"excerpt":{"rendered":"<p>Das Team des F\u00f6rdervereins und viele Helfer laden am 30. November, 14.30 Uhr zum Adventsbasteln in das KulturGutshaus K\u00f6pernitz ein.<\/p>\n","protected":false},"author":39,"featured_media":1530,"comment_status":"open","ping_status":"open","sticky":false,"template":"","format":"standard","meta":[],"categories":[11],"tags":[],"yoast_head":"<!-- This site is optimized with the Yoast SEO plugin v19.10 - https:\/\/yoast.com\/wordpress\/plugins\/seo\/ -->\n<title>Adventsbasteln f\u00fcr Jung und Alt - Naturpark Stechlin-Ruppiner Land<\/title>\n<meta name=\"robots\" content=\"index, follow, max-snippet:-1, max-image-preview:large, max-video-preview:-1\" \/>\n<link rel=\"canonical\" href=\"https:\/\/www.naturparkmagazin.de\/stechlin\/adventsbasteln-fuer-jung-und-alt\/\" \/>\n<meta property=\"og:locale\" content=\"de_DE\" \/>\n<meta property=\"og:type\" content=\"article\" \/>\n<meta property=\"og:title\" content=\"Adventsbasteln f\u00fcr Jung und Alt - Naturpark Stechlin-Ruppiner Land\" \/>\n<meta property=\"og:description\" content=\"Das Team des F\u00f6rdervereins und viele Helfer laden am 30. November, 14.30 Uhr zum Adventsbasteln in das KulturGutshaus K\u00f6pernitz ein.\" \/>\n<meta property=\"og:url\" content=\"https:\/\/www.naturparkmagazin.de\/stechlin\/adventsbasteln-fuer-jung-und-alt\/\" \/>\n<meta property=\"og:site_name\" content=\"Naturpark Stechlin-Ruppiner Land\" \/>\n<meta property=\"article:published_time\" content=\"2014-10-22T08:02:58+00:00\" \/>\n<meta property=\"article:modified_time\" content=\"2014-10-29T09:38:01+00:00\" \/>\n<meta property=\"og:image\" content=\"https:\/\/www.naturparkmagazin.de\/stechlin\/wp-content\/uploads\/sites\/38\/stechlin.jpg\" \/>\n\t<meta property=\"og:image:width\" content=\"180\" \/>\n\t<meta property=\"og:image:height\" content=\"135\" \/>\n\t<meta property=\"og:image:type\" content=\"image\/jpeg\" \/>\n<meta name=\"author\" content=\"marioschrumpf\" \/>\n<meta name=\"twitter:label1\" content=\"Verfasst von\" \/>\n\t<meta name=\"twitter:data1\" content=\"marioschrumpf\" \/>\n<script type=\"application\/ld+json\" class=\"yoast-schema-graph\">{\"@context\":\"https:\/\/schema.org\",\"@graph\":[{\"@type\":\"WebPage\",\"@id\":\"https:\/\/www.naturparkmagazin.de\/stechlin\/adventsbasteln-fuer-jung-und-alt\/\",\"url\":\"https:\/\/www.naturparkmagazin.de\/stechlin\/adventsbasteln-fuer-jung-und-alt\/\",\"name\":\"Adventsbasteln f\u00fcr Jung und Alt - Naturpark Stechlin-Ruppiner Land\",\"isPartOf\":{\"@id\":\"https:\/\/www.naturparkmagazin.de\/stechlin\/#website\"},\"datePublished\":\"2014-10-22T08:02:58+00:00\",\"dateModified\":\"2014-10-29T09:38:01+00:00\",\"author\":{\"@id\":\"https:\/\/www.naturparkmagazin.de\/stechlin\/#\/schema\/person\/3f0d93203df21c806dd63c76d9bb28bc\"},\"breadcrumb\":{\"@id\":\"https:\/\/www.naturparkmagazin.de\/stechlin\/adventsbasteln-fuer-jung-und-alt\/#breadcrumb\"},\"inLanguage\":\"de\",\"potentialAction\":[{\"@type\":\"ReadAction\",\"target\":[\"https:\/\/www.naturparkmagazin.de\/stechlin\/adventsbasteln-fuer-jung-und-alt\/\"]}]},{\"@type\":\"BreadcrumbList\",\"@id\":\"https:\/\/www.naturparkmagazin.de\/stechlin\/adventsbasteln-fuer-jung-und-alt\/#breadcrumb\",\"itemListElement\":[{\"@type\":\"ListItem\",\"position\":1,\"name\":\"Home\",\"item\":\"https:\/\/www.naturparkmagazin.de\/stechlin\/\"},{\"@type\":\"ListItem\",\"position\":2,\"name\":\"Adventsbasteln f\u00fcr Jung und Alt\"}]},{\"@type\":\"WebSite\",\"@id\":\"https:\/\/www.naturparkmagazin.de\/stechlin\/#website\",\"url\":\"https:\/\/www.naturparkmagazin.de\/stechlin\/\",\"name\":\"Naturpark Stechlin-Ruppiner Land\",\"description\":\"\",\"potentialAction\":[{\"@type\":\"SearchAction\",\"target\":{\"@type\":\"EntryPoint\",\"urlTemplate\":\"https:\/\/www.naturparkmagazin.de\/stechlin\/?s={search_term_string}\"},\"query-input\":\"required name=search_term_string\"}],\"inLanguage\":\"de\"},{\"@type\":\"Person\",\"@id\":\"https:\/\/www.naturparkmagazin.de\/stechlin\/#\/schema\/person\/3f0d93203df21c806dd63c76d9bb28bc\",\"name\":\"marioschrumpf\",\"url\":\"https:\/\/www.naturparkmagazin.de\/stechlin\/author\/marioschrumpf\/\"}]}<\/script>\n<!-- \/ Yoast SEO plugin. -->","yoast_head_json":{"title":"Adventsbasteln f\u00fcr Jung und Alt - Naturpark Stechlin-Ruppiner Land","robots":{"index":"index","follow":"follow","max-snippet":"max-snippet:-1","max-image-preview":"max-image-preview:large","max-video-preview":"max-video-preview:-1"},"canonical":"https:\/\/www.naturparkmagazin.de\/stechlin\/adventsbasteln-fuer-jung-und-alt\/","og_locale":"de_DE","og_type":"article","og_title":"Adventsbasteln f\u00fcr Jung und Alt - Naturpark Stechlin-Ruppiner Land","og_description":"Das Team des F\u00f6rdervereins und viele Helfer laden am 30. November, 14.30 Uhr zum Adventsbasteln in das KulturGutshaus K\u00f6pernitz ein.","og_url":"https:\/\/www.naturparkmagazin.de\/stechlin\/adventsbasteln-fuer-jung-und-alt\/","og_site_name":"Naturpark Stechlin-Ruppiner Land","article_published_time":"2014-10-22T08:02:58+00:00","article_modified_time":"2014-10-29T09:38:01+00:00","og_image":[{"width":180,"height":135,"url":"https:\/\/www.naturparkmagazin.de\/stechlin\/wp-content\/uploads\/sites\/38\/stechlin.jpg","type":"image\/jpeg"}],"author":"marioschrumpf","twitter_misc":{"Verfasst von":"marioschrumpf"},"schema":{"@context":"https:\/\/schema.org","@graph":[{"@type":"WebPage","@id":"https:\/\/www.naturparkmagazin.de\/stechlin\/adventsbasteln-fuer-jung-und-alt\/","url":"https:\/\/www.naturparkmagazin.de\/stechlin\/adventsbasteln-fuer-jung-und-alt\/","name":"Adventsbasteln f\u00fcr Jung und Alt - Naturpark Stechlin-Ruppiner Land","isPartOf":{"@id":"https:\/\/www.naturparkmagazin.de\/stechlin\/#website"},"datePublished":"2014-10-22T08:02:58+00:00","dateModified":"2014-10-29T09:38:01+00:00","author":{"@id":"https:\/\/www.naturparkmagazin.de\/stechlin\/#\/schema\/person\/3f0d93203df21c806dd63c76d9bb28bc"},"breadcrumb":{"@id":"https:\/\/www.naturparkmagazin.de\/stechlin\/adventsbasteln-fuer-jung-und-alt\/#breadcrumb"},"inLanguage":"de","potentialAction":[{"@type":"ReadAction","target":["https:\/\/www.naturparkmagazin.de\/stechlin\/adventsbasteln-fuer-jung-und-alt\/"]}]},{"@type":"BreadcrumbList","@id":"https:\/\/www.naturparkmagazin.de\/stechlin\/adventsbasteln-fuer-jung-und-alt\/#breadcrumb","itemListElement":[{"@type":"ListItem","position":1,"name":"Home","item":"https:\/\/www.naturparkmagazin.de\/stechlin\/"},{"@type":"ListItem","position":2,"name":"Adventsbasteln f\u00fcr Jung und Alt"}]},{"@type":"WebSite","@id":"https:\/\/www.naturparkmagazin.de\/stechlin\/#website","url":"https:\/\/www.naturparkmagazin.de\/stechlin\/","name":"Naturpark Stechlin-Ruppiner Land","description":"","potentialAction":[{"@type":"SearchAction","target":{"@type":"EntryPoint","urlTemplate":"https:\/\/www.naturparkmagazin.de\/stechlin\/?s={search_term_string}"},"query-input":"required name=search_term_string"}],"inLanguage":"de"},{"@type":"Person","@id":"https:\/\/www.naturparkmagazin.de\/stechlin\/#\/schema\/person\/3f0d93203df21c806dd63c76d9bb28bc","name":"marioschrumpf","url":"https:\/\/www.naturparkmagazin.de\/stechlin\/author\/marioschrumpf\/"}]}},"_links":{"self":[{"href":"https:\/\/www.naturparkmagazin.de\/stechlin\/wp-json\/wp\/v2\/posts\/1472"}],"collection":[{"href":"https:\/\/www.naturparkmagazin.de\/stechlin\/wp-json\/wp\/v2\/posts"}],"about":[{"href":"https:\/\/www.naturparkmagazin.de\/stechlin\/wp-json\/wp\/v2\/types\/post"}],"author":[{"embeddable":true,"href":"https:\/\/www.naturparkmagazin.de\/stechlin\/wp-json\/wp\/v2\/users\/39"}],"replies":[{"embeddable":true,"href":"https:\/\/www.naturparkmagazin.de\/stechlin\/wp-json\/wp\/v2\/comments?post=1472"}],"version-history":[{"count":2,"href":"https:\/\/www.naturparkmagazin.de\/stechlin\/wp-json\/wp\/v2\/posts\/1472\/revisions"}],"predecessor-version":[{"id":1479,"href":"https:\/\/www.naturparkmagazin.de\/stechlin\/wp-json\/wp\/v2\/posts\/1472\/revisions\/1479"}],"wp:featuredmedia":[{"embeddable":true,"href":"https:\/\/www.naturparkmagazin.de\/stechlin\/wp-json\/wp\/v2\/media\/1530"}],"wp:attachment":[{"href":"https:\/\/www.naturparkmagazin.de\/stechlin\/wp-json\/wp\/v2\/media?parent=1472"}],"wp:term":[{"taxonomy":"category","embeddable":true,"href":"https:\/\/www.naturparkmagazin.de\/stechlin\/wp-json\/wp\/v2\/categories?post=1472"},{"taxonomy":"post_tag","embeddable":true,"href":"https:\/\/www.naturparkmagazin.de\/stechlin\/wp-json\/wp\/v2\/tags?post=1472"}],"curies":[{"name":"wp","href":"https:\/\/api.w.org\/{rel}","templated":true}]}}