{"id":1476,"date":"2014-10-23T11:37:48","date_gmt":"2014-10-23T09:37:48","guid":{"rendered":"http:\/\/www.naturparkmagazin.de\/stechlin\/?p=1476"},"modified":"2014-10-27T14:04:19","modified_gmt":"2014-10-27T13:04:19","slug":"kuratorium-tagt-in-rheinsberg","status":"publish","type":"post","link":"https:\/\/www.naturparkmagazin.de\/stechlin\/kuratorium-tagt-in-rheinsberg\/","title":{"rendered":"Kuratorium tagt in Rheinsberg"},"content":{"rendered":"<p>&nbsp;<\/p>\n<div id=\"attachment_1235\" style=\"width: 630px\" class=\"wp-caption alignnone\"><a href=\"https:\/\/www.naturparkmagazin.de\/stechlin\/wp-content\/uploads\/sites\/38\/STECHLINSEE_Feierabend.jpg\"><img aria-describedby=\"caption-attachment-1235\" decoding=\"async\" loading=\"lazy\" class=\"size-medium wp-image-1235\" alt=\"Der Gro\u00dfe Stechlinsee\" src=\"https:\/\/www.naturparkmagazin.de\/stechlin\/wp-content\/uploads\/sites\/38\/STECHLINSEE_Feierabend-620x443.jpg\" width=\"620\" height=\"443\" srcset=\"https:\/\/www.naturparkmagazin.de\/stechlin\/wp-content\/uploads\/sites\/38\/STECHLINSEE_Feierabend-620x443.jpg 620w, https:\/\/www.naturparkmagazin.de\/stechlin\/wp-content\/uploads\/sites\/38\/STECHLINSEE_Feierabend-300x215.jpg 300w, https:\/\/www.naturparkmagazin.de\/stechlin\/wp-content\/uploads\/sites\/38\/STECHLINSEE_Feierabend-940x672.jpg 940w, https:\/\/www.naturparkmagazin.de\/stechlin\/wp-content\/uploads\/sites\/38\/STECHLINSEE_Feierabend-670x479.jpg 670w, https:\/\/www.naturparkmagazin.de\/stechlin\/wp-content\/uploads\/sites\/38\/STECHLINSEE_Feierabend-200x143.jpg 200w, https:\/\/www.naturparkmagazin.de\/stechlin\/wp-content\/uploads\/sites\/38\/STECHLINSEE_Feierabend.jpg 1586w\" sizes=\"(max-width: 620px) 100vw, 620px\" \/><\/a><p id=\"caption-attachment-1235\" class=\"wp-caption-text\">Der Gro\u00dfe Stechlinsee<\/p><\/div>\n<p>Am 12. November, 14 Uhr findet in der Tourismus-Information Rheinsberg die n\u00e4chste Sitzung des Kuratoriums des Naturparks Stechlin-Ruppiner Land statt. Auf der Tagung stehen neben dem Gru\u00dfwort und einer Hausf\u00fchrung durch den Rheinsberger B\u00fcrgermeister Jan-Pieter Rau der Bericht des Naturparkleiters \u00fcber die aktuelle Arbeit der Naturparkverwaltung, der Antrag des Landkreises Ostprignitz-Ruppin auf Erweiterung des Naturparks, die Auswertung der automatischen Bootsz\u00e4hlung am Rheinsberger Rhin sowie ein Bericht \u00fcber den Stand des Vertagsnaturschutzes.<\/p>\n","protected":false},"excerpt":{"rendered":"<p>Am 12. November, 14 Uhr findet in der Tourismus-Information Rheinsberg die n\u00e4chste Sitzung des Kuratoriums des Naturparks Stechlin-Ruppiner Land statt. <\/p>\n","protected":false},"author":39,"featured_media":1235,"comment_status":"open","ping_status":"open","sticky":false,"template":"","format":"standard","meta":[],"categories":[11],"tags":[],"yoast_head":"<!-- This site is optimized with the Yoast SEO plugin v19.10 - https:\/\/yoast.com\/wordpress\/plugins\/seo\/ -->\n<title>Kuratorium tagt in Rheinsberg - Naturpark Stechlin-Ruppiner Land<\/title>\n<meta name=\"robots\" content=\"index, follow, max-snippet:-1, max-image-preview:large, max-video-preview:-1\" \/>\n<link rel=\"canonical\" href=\"https:\/\/www.naturparkmagazin.de\/stechlin\/kuratorium-tagt-in-rheinsberg\/\" \/>\n<meta property=\"og:locale\" content=\"de_DE\" \/>\n<meta property=\"og:type\" content=\"article\" \/>\n<meta property=\"og:title\" content=\"Kuratorium tagt in Rheinsberg - Naturpark Stechlin-Ruppiner Land\" \/>\n<meta property=\"og:description\" content=\"Am 12. November, 14 Uhr findet in der Tourismus-Information Rheinsberg die n\u00e4chste Sitzung des Kuratoriums des Naturparks Stechlin-Ruppiner Land statt.\" \/>\n<meta property=\"og:url\" content=\"https:\/\/www.naturparkmagazin.de\/stechlin\/kuratorium-tagt-in-rheinsberg\/\" \/>\n<meta property=\"og:site_name\" content=\"Naturpark Stechlin-Ruppiner Land\" \/>\n<meta property=\"article:published_time\" content=\"2014-10-23T09:37:48+00:00\" \/>\n<meta property=\"article:modified_time\" content=\"2014-10-27T13:04:19+00:00\" \/>\n<meta property=\"og:image\" content=\"https:\/\/www.naturparkmagazin.de\/stechlin\/wp-content\/uploads\/sites\/38\/STECHLINSEE_Feierabend.jpg\" \/>\n\t<meta property=\"og:image:width\" content=\"1586\" \/>\n\t<meta property=\"og:image:height\" content=\"1134\" \/>\n\t<meta property=\"og:image:type\" content=\"image\/jpeg\" \/>\n<meta name=\"author\" content=\"marioschrumpf\" \/>\n<meta name=\"twitter:label1\" content=\"Verfasst von\" \/>\n\t<meta name=\"twitter:data1\" content=\"marioschrumpf\" \/>\n<script type=\"application\/ld+json\" class=\"yoast-schema-graph\">{\"@context\":\"https:\/\/schema.org\",\"@graph\":[{\"@type\":\"WebPage\",\"@id\":\"https:\/\/www.naturparkmagazin.de\/stechlin\/kuratorium-tagt-in-rheinsberg\/\",\"url\":\"https:\/\/www.naturparkmagazin.de\/stechlin\/kuratorium-tagt-in-rheinsberg\/\",\"name\":\"Kuratorium tagt in Rheinsberg - Naturpark Stechlin-Ruppiner Land\",\"isPartOf\":{\"@id\":\"https:\/\/www.naturparkmagazin.de\/stechlin\/#website\"},\"datePublished\":\"2014-10-23T09:37:48+00:00\",\"dateModified\":\"2014-10-27T13:04:19+00:00\",\"author\":{\"@id\":\"https:\/\/www.naturparkmagazin.de\/stechlin\/#\/schema\/person\/3f0d93203df21c806dd63c76d9bb28bc\"},\"breadcrumb\":{\"@id\":\"https:\/\/www.naturparkmagazin.de\/stechlin\/kuratorium-tagt-in-rheinsberg\/#breadcrumb\"},\"inLanguage\":\"de\",\"potentialAction\":[{\"@type\":\"ReadAction\",\"target\":[\"https:\/\/www.naturparkmagazin.de\/stechlin\/kuratorium-tagt-in-rheinsberg\/\"]}]},{\"@type\":\"BreadcrumbList\",\"@id\":\"https:\/\/www.naturparkmagazin.de\/stechlin\/kuratorium-tagt-in-rheinsberg\/#breadcrumb\",\"itemListElement\":[{\"@type\":\"ListItem\",\"position\":1,\"name\":\"Home\",\"item\":\"https:\/\/www.naturparkmagazin.de\/stechlin\/\"},{\"@type\":\"ListItem\",\"position\":2,\"name\":\"Kuratorium tagt in Rheinsberg\"}]},{\"@type\":\"WebSite\",\"@id\":\"https:\/\/www.naturparkmagazin.de\/stechlin\/#website\",\"url\":\"https:\/\/www.naturparkmagazin.de\/stechlin\/\",\"name\":\"Naturpark Stechlin-Ruppiner Land\",\"description\":\"\",\"potentialAction\":[{\"@type\":\"SearchAction\",\"target\":{\"@type\":\"EntryPoint\",\"urlTemplate\":\"https:\/\/www.naturparkmagazin.de\/stechlin\/?s={search_term_string}\"},\"query-input\":\"required name=search_term_string\"}],\"inLanguage\":\"de\"},{\"@type\":\"Person\",\"@id\":\"https:\/\/www.naturparkmagazin.de\/stechlin\/#\/schema\/person\/3f0d93203df21c806dd63c76d9bb28bc\",\"name\":\"marioschrumpf\",\"url\":\"https:\/\/www.naturparkmagazin.de\/stechlin\/author\/marioschrumpf\/\"}]}<\/script>\n<!-- \/ Yoast SEO plugin. -->","yoast_head_json":{"title":"Kuratorium tagt in Rheinsberg - Naturpark Stechlin-Ruppiner Land","robots":{"index":"index","follow":"follow","max-snippet":"max-snippet:-1","max-image-preview":"max-image-preview:large","max-video-preview":"max-video-preview:-1"},"canonical":"https:\/\/www.naturparkmagazin.de\/stechlin\/kuratorium-tagt-in-rheinsberg\/","og_locale":"de_DE","og_type":"article","og_title":"Kuratorium tagt in Rheinsberg - Naturpark Stechlin-Ruppiner Land","og_description":"Am 12. November, 14 Uhr findet in der Tourismus-Information Rheinsberg die n\u00e4chste Sitzung des Kuratoriums des Naturparks Stechlin-Ruppiner Land statt.","og_url":"https:\/\/www.naturparkmagazin.de\/stechlin\/kuratorium-tagt-in-rheinsberg\/","og_site_name":"Naturpark Stechlin-Ruppiner Land","article_published_time":"2014-10-23T09:37:48+00:00","article_modified_time":"2014-10-27T13:04:19+00:00","og_image":[{"width":1586,"height":1134,"url":"https:\/\/www.naturparkmagazin.de\/stechlin\/wp-content\/uploads\/sites\/38\/STECHLINSEE_Feierabend.jpg","type":"image\/jpeg"}],"author":"marioschrumpf","twitter_misc":{"Verfasst von":"marioschrumpf"},"schema":{"@context":"https:\/\/schema.org","@graph":[{"@type":"WebPage","@id":"https:\/\/www.naturparkmagazin.de\/stechlin\/kuratorium-tagt-in-rheinsberg\/","url":"https:\/\/www.naturparkmagazin.de\/stechlin\/kuratorium-tagt-in-rheinsberg\/","name":"Kuratorium tagt in Rheinsberg - Naturpark Stechlin-Ruppiner Land","isPartOf":{"@id":"https:\/\/www.naturparkmagazin.de\/stechlin\/#website"},"datePublished":"2014-10-23T09:37:48+00:00","dateModified":"2014-10-27T13:04:19+00:00","author":{"@id":"https:\/\/www.naturparkmagazin.de\/stechlin\/#\/schema\/person\/3f0d93203df21c806dd63c76d9bb28bc"},"breadcrumb":{"@id":"https:\/\/www.naturparkmagazin.de\/stechlin\/kuratorium-tagt-in-rheinsberg\/#breadcrumb"},"inLanguage":"de","potentialAction":[{"@type":"ReadAction","target":["https:\/\/www.naturparkmagazin.de\/stechlin\/kuratorium-tagt-in-rheinsberg\/"]}]},{"@type":"BreadcrumbList","@id":"https:\/\/www.naturparkmagazin.de\/stechlin\/kuratorium-tagt-in-rheinsberg\/#breadcrumb","itemListElement":[{"@type":"ListItem","position":1,"name":"Home","item":"https:\/\/www.naturparkmagazin.de\/stechlin\/"},{"@type":"ListItem","position":2,"name":"Kuratorium tagt in Rheinsberg"}]},{"@type":"WebSite","@id":"https:\/\/www.naturparkmagazin.de\/stechlin\/#website","url":"https:\/\/www.naturparkmagazin.de\/stechlin\/","name":"Naturpark Stechlin-Ruppiner Land","description":"","potentialAction":[{"@type":"SearchAction","target":{"@type":"EntryPoint","urlTemplate":"https:\/\/www.naturparkmagazin.de\/stechlin\/?s={search_term_string}"},"query-input":"required name=search_term_string"}],"inLanguage":"de"},{"@type":"Person","@id":"https:\/\/www.naturparkmagazin.de\/stechlin\/#\/schema\/person\/3f0d93203df21c806dd63c76d9bb28bc","name":"marioschrumpf","url":"https:\/\/www.naturparkmagazin.de\/stechlin\/author\/marioschrumpf\/"}]}},"_links":{"self":[{"href":"https:\/\/www.naturparkmagazin.de\/stechlin\/wp-json\/wp\/v2\/posts\/1476"}],"collection":[{"href":"https:\/\/www.naturparkmagazin.de\/stechlin\/wp-json\/wp\/v2\/posts"}],"about":[{"href":"https:\/\/www.naturparkmagazin.de\/stechlin\/wp-json\/wp\/v2\/types\/post"}],"author":[{"embeddable":true,"href":"https:\/\/www.naturparkmagazin.de\/stechlin\/wp-json\/wp\/v2\/users\/39"}],"replies":[{"embeddable":true,"href":"https:\/\/www.naturparkmagazin.de\/stechlin\/wp-json\/wp\/v2\/comments?post=1476"}],"version-history":[{"count":5,"href":"https:\/\/www.naturparkmagazin.de\/stechlin\/wp-json\/wp\/v2\/posts\/1476\/revisions"}],"predecessor-version":[{"id":1506,"href":"https:\/\/www.naturparkmagazin.de\/stechlin\/wp-json\/wp\/v2\/posts\/1476\/revisions\/1506"}],"wp:featuredmedia":[{"embeddable":true,"href":"https:\/\/www.naturparkmagazin.de\/stechlin\/wp-json\/wp\/v2\/media\/1235"}],"wp:attachment":[{"href":"https:\/\/www.naturparkmagazin.de\/stechlin\/wp-json\/wp\/v2\/media?parent=1476"}],"wp:term":[{"taxonomy":"category","embeddable":true,"href":"https:\/\/www.naturparkmagazin.de\/stechlin\/wp-json\/wp\/v2\/categories?post=1476"},{"taxonomy":"post_tag","embeddable":true,"href":"https:\/\/www.naturparkmagazin.de\/stechlin\/wp-json\/wp\/v2\/tags?post=1476"}],"curies":[{"name":"wp","href":"https:\/\/api.w.org\/{rel}","templated":true}]}}