{"id":14788,"date":"2024-01-22T16:02:38","date_gmt":"2024-01-22T15:02:38","guid":{"rendered":"https:\/\/www.naturparkmagazin.de\/stechlin\/?p=14788"},"modified":"2025-02-24T16:28:04","modified_gmt":"2025-02-24T15:28:04","slug":"save-the-date-die-oekofilmtour-kommt-am-6-maerz-2024-nach-menz","status":"publish","type":"post","link":"https:\/\/www.naturparkmagazin.de\/stechlin\/save-the-date-die-oekofilmtour-kommt-am-6-maerz-2024-nach-menz\/","title":{"rendered":"Save the Date &#8211; Die \u00d6kofilmtour kommt am 6. M\u00e4rz nach Menz (2024)"},"content":{"rendered":"<p>In der <strong>Regionalwerkstatt Stechlin in Menz<\/strong> wird im <strong>Abendprogramm<\/strong> am <strong>6. M\u00e4rz<\/strong>, <strong>18:30 Uhr<\/strong> der Film<strong> \u201eMecklenburgs geheime Wasserwildnis &#8211; Die Feldberger Seen\u201c<\/strong> von Christoph Hauschild gezeigt.<\/p>\n<p>Zwischen Berlin und der Insel R\u00fcgen, nur wenige Kilometer \u00f6stlich der M\u00fcritz, liegt ein Labyrinth aus Seen mit t\u00fcrkisblauem Wasser, alten W\u00e4ldern, H\u00fcgeln und Schluchten. Es ist eine der sch\u00f6nsten Landschaften Norddeutschlands und trotzdem bis heute ein Geheimtipp. Eine Oase f\u00fcr jeden, der auf der Suche nach urspr\u00fcnglicher Natur ist. Die Feldberger Seen z\u00e4hlen zu den artenreichsten Regionen Deutschlands, sie sind ein Land der Adler, gleich drei Arten ziehen hier ihre Brut gro\u00df: Fischadler, Seeadler und der extrem seltene Schreiadler.<\/p>\n<div id=\"attachment_14806\" style=\"width: 310px\" class=\"wp-caption aligncenter\"><a href=\"https:\/\/www.naturparkmagazin.de\/stechlin\/wp-content\/uploads\/sites\/38\/unter-wasser-1.jpg\"><img aria-describedby=\"caption-attachment-14806\" decoding=\"async\" loading=\"lazy\" class=\"size-thumbnail wp-image-14806\" src=\"https:\/\/www.naturparkmagazin.de\/stechlin\/wp-content\/uploads\/sites\/38\/unter-wasser-1-300x180.jpg\" alt=\"\" width=\"300\" height=\"180\" srcset=\"https:\/\/www.naturparkmagazin.de\/stechlin\/wp-content\/uploads\/sites\/38\/unter-wasser-1-300x180.jpg 300w, https:\/\/www.naturparkmagazin.de\/stechlin\/wp-content\/uploads\/sites\/38\/unter-wasser-1-200x120.jpg 200w, https:\/\/www.naturparkmagazin.de\/stechlin\/wp-content\/uploads\/sites\/38\/unter-wasser-1.jpg 500w\" sizes=\"(max-width: 300px) 100vw, 300px\" \/><\/a><p id=\"caption-attachment-14806\" class=\"wp-caption-text\">Magische Unterwasserwelt \u00a9 F\u00d6N e.V.<\/p><\/div>\n<p>Der Dokumentarfilm aus 2022 hat eine <strong>Dauer von 50 Minuten<\/strong>.<\/p>\n<p><a href=\"https:\/\/oekofilmtour.de\/filme\/mecklenburgs-geheime-wasserwildnis-die-feldberger-seen\">Weitere Informationen finden Sie hier!<\/a><strong>\n<\/strong><\/p>\n<p>Au\u00dferdem wird der 10-min\u00fctige Kurzfilm <strong>&#8222;Sneaker f\u00fcr die Tonne \u2013 Warum Turnschuhe ein Umweltproblem sind&#8220;<\/strong> gezeigt.<\/p>\n<p>Sneaker sind die wohl beliebtesten Schuhe an deutschen F\u00fc\u00dfen! Sie sind bequem, sehen cool aus, und es gibt sie in vielen Farben und Varianten. Und so haben die meisten von uns gleich mehrere Modelle im Schrank zu stehen. Fr\u00fcher oder sp\u00e4ter sortieren wir die Schuhe, die wir nicht mehr tragen, aus und werfen sie zum Beispiel in Altkleidercontainer. Aber was passiert dann? Um das herauszufinden, besucht die Reporterin Gesa ein Unternehmen f\u00fcr Textilrecycling, das jeden Tag einen Berg an Schuhen sortiert. Und sie trifft den Journalisten Manuel Daubenberger, der f\u00fcr die \u201eSneakerjagd\u201c den Weg von weggeworfenen Sneakern verfolgt hat. Was Manuel dabei herausgefunden hat? Warum ein gro\u00dfer Teil unserer Turnschuhe in Afrika landet? Und warum Sneaker ein riesiges Problem f\u00fcr die Umwelt sind? Das erf\u00e4hrst du in dieser Folge von \u201eneuneinhalb\u201c.<\/p>\n<div id=\"attachment_14805\" style=\"width: 310px\" class=\"wp-caption aligncenter\"><a href=\"https:\/\/www.naturparkmagazin.de\/stechlin\/wp-content\/uploads\/sites\/38\/sneaker.jpg\"><img aria-describedby=\"caption-attachment-14805\" decoding=\"async\" loading=\"lazy\" class=\"size-thumbnail wp-image-14805\" src=\"https:\/\/www.naturparkmagazin.de\/stechlin\/wp-content\/uploads\/sites\/38\/sneaker-300x180.jpg\" alt=\"\" width=\"300\" height=\"180\" srcset=\"https:\/\/www.naturparkmagazin.de\/stechlin\/wp-content\/uploads\/sites\/38\/sneaker-300x180.jpg 300w, https:\/\/www.naturparkmagazin.de\/stechlin\/wp-content\/uploads\/sites\/38\/sneaker-200x120.jpg 200w, https:\/\/www.naturparkmagazin.de\/stechlin\/wp-content\/uploads\/sites\/38\/sneaker.jpg 500w\" sizes=\"(max-width: 300px) 100vw, 300px\" \/><\/a><p id=\"caption-attachment-14805\" class=\"wp-caption-text\">\u00a9 F\u00d6N e.V.<\/p><\/div>\n<p><a href=\"https:\/\/oekofilmtour.de\/filme\/sneaker-fur-die-tonne-warum-turnschuhe-ein-umweltproblem-sind\">Weitere Informationen finden Sie hier!<\/a><\/p>\n<p>In der anschlie\u00dfenden Filmdiskussion stehen Anne P\u00e4tzold, Leiterin des Naturparks Feldberger Seenlandschaft, Silke Oldorff vom NABU-Projekt Tauchen f\u00fcr den Naturschutz und Dr. Mario Schrumpf, Leiter des Naturparks Stechlin\u2013Ruppiner Land dem Publikum Rede und Antwort.<\/p>\n<p>Am <strong>Vormittag des 7. M\u00e4rz<\/strong> werden im Rahmen des <strong>Schulprogramms<\/strong> verschiedene Filme f\u00fcr die <strong>Kinder der Naturparkschule Theodor Fontane Menz<\/strong> <strong>und der Naturpark-Kita Henriettes Schneckenh\u00e4uschen<\/strong> gezeigt.<\/p>\n<p>Weitere Stationen der \u00d6kofilmtour sind<strong> Netzeband (13.4.), Lindow\/Mark (21.4.), Vichel und Rheinsberg<\/strong>.<\/p>\n<p>Die langen, mittellangen und kurzen Filme aller Genres besch\u00e4ftigen sich mit globalem Umwelt- und Naturschutz sowie verwandten, gesellschaftlich und regional hochaktuellen Themen. Die H\u00e4lfte der Filme richtet sich an Kinder und Jugendliche. Die teilnehmenden Orte stellen ihre Filmauswahl selbst zusammen. Im Rahmen des Wettbewerbs vergibt die Preisjury und eine Kinder- und Jugendjury zahlreiche Auszeichnungen \u2013 darunter den Preis f\u00fcr die beste k\u00fcnstlerische Leistung, den Horst-Stern-Preis f\u00fcr den besten Naturfilm, den Zukunftsfilmpreis, den Preis f\u00fcr die beste journalistische Leistung und den Klimaschutz-Filmpreis. Die \u00d6kofilmtour ist eine Veranstaltung des F\u00d6N e.V.<\/p>\n<p>Die 19. Ausgabe der \u00d6kofilmtour findet von Januar bis April 2024 mit 67 Filmen in \u00fcber 70 Spielst\u00e4tten statt. Er\u00f6ffnet wurde die 19. \u00d6kofilmtour unter der Leitung von Katrin Springer am 12. Januar 2024 in Potsdam.<\/p>\n<p>Schirmherr der \u00d6kofilmtour 2024 ist Axel Vogel, Minister f\u00fcr Landwirtschaft, Umwelt und Klimaschutz des Landes Brandenburgs.<\/p>\n<div id=\"attachment_14804\" style=\"width: 310px\" class=\"wp-caption aligncenter\"><a href=\"https:\/\/www.naturparkmagazin.de\/stechlin\/wp-content\/uploads\/sites\/38\/oft_logo.png\"><img aria-describedby=\"caption-attachment-14804\" decoding=\"async\" loading=\"lazy\" class=\"size-thumbnail wp-image-14804\" src=\"https:\/\/www.naturparkmagazin.de\/stechlin\/wp-content\/uploads\/sites\/38\/oft_logo-300x145.png\" alt=\"\" width=\"300\" height=\"145\" srcset=\"https:\/\/www.naturparkmagazin.de\/stechlin\/wp-content\/uploads\/sites\/38\/oft_logo-300x145.png 300w, https:\/\/www.naturparkmagazin.de\/stechlin\/wp-content\/uploads\/sites\/38\/oft_logo-200x97.png 200w, https:\/\/www.naturparkmagazin.de\/stechlin\/wp-content\/uploads\/sites\/38\/oft_logo.png 410w\" sizes=\"(max-width: 300px) 100vw, 300px\" \/><\/a><p id=\"caption-attachment-14804\" class=\"wp-caption-text\">\u00a9 F\u00d6N e.V.<\/p><\/div>\n<p>&nbsp;<\/p>\n<p><a href=\"https:\/\/oekofilmtour.de\/storage\/documents\/2024-01-08_-_PM_Jury_und_Eroffnung_OFT_2024.pdf\" target=\"_blank\" rel=\"noopener\">Download der Pressemitteilung<\/a> zur Er\u00f6ffnung der \u00d6kofilmtour in Potsdam!<\/p>\n","protected":false},"excerpt":{"rendered":"<p>In der Regionalwerkstatt Stechlin in Menz wird im Abendprogramm am 6. M\u00e4rz, 19:00 Uhr der Film \u201eMecklenburgs geheime Wasserwildnis &#8211; Die Feldberger Seen\u201c gezeigt.<\/p>\n","protected":false},"author":39,"featured_media":14807,"comment_status":"open","ping_status":"open","sticky":false,"template":"","format":"standard","meta":[],"categories":[11],"tags":[],"yoast_head":"<!-- This site is optimized with the Yoast SEO plugin v19.10 - https:\/\/yoast.com\/wordpress\/plugins\/seo\/ -->\n<title>Save the Date - Die \u00d6kofilmtour kommt am 6. M\u00e4rz nach Menz (2024) - Naturpark Stechlin-Ruppiner Land<\/title>\n<meta name=\"robots\" content=\"index, follow, max-snippet:-1, max-image-preview:large, max-video-preview:-1\" \/>\n<link rel=\"canonical\" href=\"https:\/\/www.naturparkmagazin.de\/stechlin\/save-the-date-die-oekofilmtour-kommt-am-6-maerz-2024-nach-menz\/\" \/>\n<meta property=\"og:locale\" content=\"de_DE\" \/>\n<meta property=\"og:type\" content=\"article\" \/>\n<meta property=\"og:title\" content=\"Save the Date - Die \u00d6kofilmtour kommt am 6. M\u00e4rz nach Menz (2024) - Naturpark Stechlin-Ruppiner Land\" \/>\n<meta property=\"og:description\" content=\"In der Regionalwerkstatt Stechlin in Menz wird im Abendprogramm am 6. M\u00e4rz, 19:00 Uhr der Film \u201eMecklenburgs geheime Wasserwildnis - Die Feldberger Seen\u201c gezeigt.\" \/>\n<meta property=\"og:url\" content=\"https:\/\/www.naturparkmagazin.de\/stechlin\/save-the-date-die-oekofilmtour-kommt-am-6-maerz-2024-nach-menz\/\" \/>\n<meta property=\"og:site_name\" content=\"Naturpark Stechlin-Ruppiner Land\" \/>\n<meta property=\"article:published_time\" content=\"2024-01-22T15:02:38+00:00\" \/>\n<meta property=\"article:modified_time\" content=\"2025-02-24T15:28:04+00:00\" \/>\n<meta property=\"og:image\" content=\"https:\/\/www.naturparkmagazin.de\/stechlin\/wp-content\/uploads\/sites\/38\/unter-wasser_a.jpg\" \/>\n\t<meta property=\"og:image:width\" content=\"200\" \/>\n\t<meta property=\"og:image:height\" content=\"200\" \/>\n\t<meta property=\"og:image:type\" content=\"image\/jpeg\" \/>\n<meta name=\"author\" content=\"marioschrumpf\" \/>\n<meta name=\"twitter:label1\" content=\"Verfasst von\" \/>\n\t<meta name=\"twitter:data1\" content=\"marioschrumpf\" \/>\n\t<meta name=\"twitter:label2\" content=\"Gesch\u00e4tzte Lesezeit\" \/>\n\t<meta name=\"twitter:data2\" content=\"4\u00a0Minuten\" \/>\n<script type=\"application\/ld+json\" class=\"yoast-schema-graph\">{\"@context\":\"https:\/\/schema.org\",\"@graph\":[{\"@type\":\"WebPage\",\"@id\":\"https:\/\/www.naturparkmagazin.de\/stechlin\/save-the-date-die-oekofilmtour-kommt-am-6-maerz-2024-nach-menz\/\",\"url\":\"https:\/\/www.naturparkmagazin.de\/stechlin\/save-the-date-die-oekofilmtour-kommt-am-6-maerz-2024-nach-menz\/\",\"name\":\"Save the Date - Die \u00d6kofilmtour kommt am 6. M\u00e4rz nach Menz (2024) - Naturpark Stechlin-Ruppiner Land\",\"isPartOf\":{\"@id\":\"https:\/\/www.naturparkmagazin.de\/stechlin\/#website\"},\"datePublished\":\"2024-01-22T15:02:38+00:00\",\"dateModified\":\"2025-02-24T15:28:04+00:00\",\"author\":{\"@id\":\"https:\/\/www.naturparkmagazin.de\/stechlin\/#\/schema\/person\/3f0d93203df21c806dd63c76d9bb28bc\"},\"breadcrumb\":{\"@id\":\"https:\/\/www.naturparkmagazin.de\/stechlin\/save-the-date-die-oekofilmtour-kommt-am-6-maerz-2024-nach-menz\/#breadcrumb\"},\"inLanguage\":\"de\",\"potentialAction\":[{\"@type\":\"ReadAction\",\"target\":[\"https:\/\/www.naturparkmagazin.de\/stechlin\/save-the-date-die-oekofilmtour-kommt-am-6-maerz-2024-nach-menz\/\"]}]},{\"@type\":\"BreadcrumbList\",\"@id\":\"https:\/\/www.naturparkmagazin.de\/stechlin\/save-the-date-die-oekofilmtour-kommt-am-6-maerz-2024-nach-menz\/#breadcrumb\",\"itemListElement\":[{\"@type\":\"ListItem\",\"position\":1,\"name\":\"Home\",\"item\":\"https:\/\/www.naturparkmagazin.de\/stechlin\/\"},{\"@type\":\"ListItem\",\"position\":2,\"name\":\"Save the Date &#8211; Die \u00d6kofilmtour kommt am 6. M\u00e4rz nach Menz (2024)\"}]},{\"@type\":\"WebSite\",\"@id\":\"https:\/\/www.naturparkmagazin.de\/stechlin\/#website\",\"url\":\"https:\/\/www.naturparkmagazin.de\/stechlin\/\",\"name\":\"Naturpark Stechlin-Ruppiner Land\",\"description\":\"\",\"potentialAction\":[{\"@type\":\"SearchAction\",\"target\":{\"@type\":\"EntryPoint\",\"urlTemplate\":\"https:\/\/www.naturparkmagazin.de\/stechlin\/?s={search_term_string}\"},\"query-input\":\"required name=search_term_string\"}],\"inLanguage\":\"de\"},{\"@type\":\"Person\",\"@id\":\"https:\/\/www.naturparkmagazin.de\/stechlin\/#\/schema\/person\/3f0d93203df21c806dd63c76d9bb28bc\",\"name\":\"marioschrumpf\",\"url\":\"https:\/\/www.naturparkmagazin.de\/stechlin\/author\/marioschrumpf\/\"}]}<\/script>\n<!-- \/ Yoast SEO plugin. -->","yoast_head_json":{"title":"Save the Date - Die \u00d6kofilmtour kommt am 6. M\u00e4rz nach Menz (2024) - Naturpark Stechlin-Ruppiner Land","robots":{"index":"index","follow":"follow","max-snippet":"max-snippet:-1","max-image-preview":"max-image-preview:large","max-video-preview":"max-video-preview:-1"},"canonical":"https:\/\/www.naturparkmagazin.de\/stechlin\/save-the-date-die-oekofilmtour-kommt-am-6-maerz-2024-nach-menz\/","og_locale":"de_DE","og_type":"article","og_title":"Save the Date - Die \u00d6kofilmtour kommt am 6. M\u00e4rz nach Menz (2024) - Naturpark Stechlin-Ruppiner Land","og_description":"In der Regionalwerkstatt Stechlin in Menz wird im Abendprogramm am 6. M\u00e4rz, 19:00 Uhr der Film \u201eMecklenburgs geheime Wasserwildnis - Die Feldberger Seen\u201c gezeigt.","og_url":"https:\/\/www.naturparkmagazin.de\/stechlin\/save-the-date-die-oekofilmtour-kommt-am-6-maerz-2024-nach-menz\/","og_site_name":"Naturpark Stechlin-Ruppiner Land","article_published_time":"2024-01-22T15:02:38+00:00","article_modified_time":"2025-02-24T15:28:04+00:00","og_image":[{"width":200,"height":200,"url":"https:\/\/www.naturparkmagazin.de\/stechlin\/wp-content\/uploads\/sites\/38\/unter-wasser_a.jpg","type":"image\/jpeg"}],"author":"marioschrumpf","twitter_misc":{"Verfasst von":"marioschrumpf","Gesch\u00e4tzte Lesezeit":"4\u00a0Minuten"},"schema":{"@context":"https:\/\/schema.org","@graph":[{"@type":"WebPage","@id":"https:\/\/www.naturparkmagazin.de\/stechlin\/save-the-date-die-oekofilmtour-kommt-am-6-maerz-2024-nach-menz\/","url":"https:\/\/www.naturparkmagazin.de\/stechlin\/save-the-date-die-oekofilmtour-kommt-am-6-maerz-2024-nach-menz\/","name":"Save the Date - Die \u00d6kofilmtour kommt am 6. M\u00e4rz nach Menz (2024) - Naturpark Stechlin-Ruppiner Land","isPartOf":{"@id":"https:\/\/www.naturparkmagazin.de\/stechlin\/#website"},"datePublished":"2024-01-22T15:02:38+00:00","dateModified":"2025-02-24T15:28:04+00:00","author":{"@id":"https:\/\/www.naturparkmagazin.de\/stechlin\/#\/schema\/person\/3f0d93203df21c806dd63c76d9bb28bc"},"breadcrumb":{"@id":"https:\/\/www.naturparkmagazin.de\/stechlin\/save-the-date-die-oekofilmtour-kommt-am-6-maerz-2024-nach-menz\/#breadcrumb"},"inLanguage":"de","potentialAction":[{"@type":"ReadAction","target":["https:\/\/www.naturparkmagazin.de\/stechlin\/save-the-date-die-oekofilmtour-kommt-am-6-maerz-2024-nach-menz\/"]}]},{"@type":"BreadcrumbList","@id":"https:\/\/www.naturparkmagazin.de\/stechlin\/save-the-date-die-oekofilmtour-kommt-am-6-maerz-2024-nach-menz\/#breadcrumb","itemListElement":[{"@type":"ListItem","position":1,"name":"Home","item":"https:\/\/www.naturparkmagazin.de\/stechlin\/"},{"@type":"ListItem","position":2,"name":"Save the Date &#8211; Die \u00d6kofilmtour kommt am 6. M\u00e4rz nach Menz (2024)"}]},{"@type":"WebSite","@id":"https:\/\/www.naturparkmagazin.de\/stechlin\/#website","url":"https:\/\/www.naturparkmagazin.de\/stechlin\/","name":"Naturpark Stechlin-Ruppiner Land","description":"","potentialAction":[{"@type":"SearchAction","target":{"@type":"EntryPoint","urlTemplate":"https:\/\/www.naturparkmagazin.de\/stechlin\/?s={search_term_string}"},"query-input":"required name=search_term_string"}],"inLanguage":"de"},{"@type":"Person","@id":"https:\/\/www.naturparkmagazin.de\/stechlin\/#\/schema\/person\/3f0d93203df21c806dd63c76d9bb28bc","name":"marioschrumpf","url":"https:\/\/www.naturparkmagazin.de\/stechlin\/author\/marioschrumpf\/"}]}},"_links":{"self":[{"href":"https:\/\/www.naturparkmagazin.de\/stechlin\/wp-json\/wp\/v2\/posts\/14788"}],"collection":[{"href":"https:\/\/www.naturparkmagazin.de\/stechlin\/wp-json\/wp\/v2\/posts"}],"about":[{"href":"https:\/\/www.naturparkmagazin.de\/stechlin\/wp-json\/wp\/v2\/types\/post"}],"author":[{"embeddable":true,"href":"https:\/\/www.naturparkmagazin.de\/stechlin\/wp-json\/wp\/v2\/users\/39"}],"replies":[{"embeddable":true,"href":"https:\/\/www.naturparkmagazin.de\/stechlin\/wp-json\/wp\/v2\/comments?post=14788"}],"version-history":[{"count":13,"href":"https:\/\/www.naturparkmagazin.de\/stechlin\/wp-json\/wp\/v2\/posts\/14788\/revisions"}],"predecessor-version":[{"id":16818,"href":"https:\/\/www.naturparkmagazin.de\/stechlin\/wp-json\/wp\/v2\/posts\/14788\/revisions\/16818"}],"wp:featuredmedia":[{"embeddable":true,"href":"https:\/\/www.naturparkmagazin.de\/stechlin\/wp-json\/wp\/v2\/media\/14807"}],"wp:attachment":[{"href":"https:\/\/www.naturparkmagazin.de\/stechlin\/wp-json\/wp\/v2\/media?parent=14788"}],"wp:term":[{"taxonomy":"category","embeddable":true,"href":"https:\/\/www.naturparkmagazin.de\/stechlin\/wp-json\/wp\/v2\/categories?post=14788"},{"taxonomy":"post_tag","embeddable":true,"href":"https:\/\/www.naturparkmagazin.de\/stechlin\/wp-json\/wp\/v2\/tags?post=14788"}],"curies":[{"name":"wp","href":"https:\/\/api.w.org\/{rel}","templated":true}]}}