{"id":1487,"date":"2014-10-23T13:31:15","date_gmt":"2014-10-23T11:31:15","guid":{"rendered":"http:\/\/www.naturparkmagazin.de\/stechlin\/?p=1487"},"modified":"2014-10-29T12:34:42","modified_gmt":"2014-10-29T11:34:42","slug":"sanddornpapst-hans-joachim-albrecht","status":"publish","type":"post","link":"https:\/\/www.naturparkmagazin.de\/stechlin\/sanddornpapst-hans-joachim-albrecht\/","title":{"rendered":"Sanddornpapst Hans-Joachim Albrecht"},"content":{"rendered":"<div id=\"attachment_1488\" style=\"width: 490px\" class=\"wp-caption alignnone\"><a href=\"https:\/\/www.naturparkmagazin.de\/stechlin\/wp-content\/uploads\/sites\/38\/k-DSC_00241.jpg\"><img aria-describedby=\"caption-attachment-1488\" decoding=\"async\" loading=\"lazy\" class=\"size-full wp-image-1488\" alt=\"Hans-Joachim Albrecht mit der von ihm gez\u00fcchteten Sanddornsorte &quot;Leikora&quot;\" src=\"https:\/\/www.naturparkmagazin.de\/stechlin\/wp-content\/uploads\/sites\/38\/k-DSC_00241.jpg\" width=\"480\" height=\"640\" srcset=\"https:\/\/www.naturparkmagazin.de\/stechlin\/wp-content\/uploads\/sites\/38\/k-DSC_00241.jpg 480w, https:\/\/www.naturparkmagazin.de\/stechlin\/wp-content\/uploads\/sites\/38\/k-DSC_00241-300x400.jpg 300w, https:\/\/www.naturparkmagazin.de\/stechlin\/wp-content\/uploads\/sites\/38\/k-DSC_00241-420x560.jpg 420w, https:\/\/www.naturparkmagazin.de\/stechlin\/wp-content\/uploads\/sites\/38\/k-DSC_00241-135x180.jpg 135w, https:\/\/www.naturparkmagazin.de\/stechlin\/wp-content\/uploads\/sites\/38\/k-DSC_00241-53x71.jpg 53w, https:\/\/www.naturparkmagazin.de\/stechlin\/wp-content\/uploads\/sites\/38\/k-DSC_00241-200x267.jpg 200w\" sizes=\"(max-width: 480px) 100vw, 480px\" \/><\/a><p id=\"caption-attachment-1488\" class=\"wp-caption-text\">Hans-Joachim Albrecht mit der von ihm gez\u00fcchteten Sanddornsorte &#8222;Leikora&#8220;<\/p><\/div>\n<p>Bereits in den 50er Jahren begann Hans-Joachim Albrecht mit der Z\u00fcchtung neuer Sanddornsorten. Aufgrund der Mangelwirtschaft in der DDR mussten Alternativen zu den aufgrund fehlender Devisen nicht verf\u00fcgbaren S\u00fcdfr\u00fcchten her. Aufgrund seines hohen Vitamin-C-Gehaltes bot sich der Sanddorn daf\u00fcr an. Die deshalb auch &#8222;Zitrone des Nordens&#8220; genannte Frucht wurde bis dahin nur zum K\u00fcstenschutz verwendet. Aufgrund ihrer Anspruchslosigkeit und des geringen Wasserbedarfs konnte Sanddorn direkt auf Sandd\u00fcnen gepflanzt werden. Mit seinen Wurzeln hielt er den Sand und legte damit Flugsandd\u00fcnen fest.<\/p>\n<p>Albrecht holte den Sanddorn von der K\u00fcste ins Binnenland. Durch gezielte Kreuzung z\u00fcchtete er verschiedene Sorten mit gr\u00f6\u00dferen Fr\u00fcchten, hohem Saftgehalt und gutem Ertrag. Noch heute besteht das Sanddornsortiment im Baumschulhandel gr\u00f6\u00dftenteils aus von ihm gez\u00fcchteten Sorten. Uta Greschner, Journalistin beim RBB hat sein Lebenswerk in ihrem Film &#8222;Wilde Fr\u00fcchtchen &#8211; Geschichten rund um den Sanddorn&#8220; verewigt, den sie den Besuchern am 11. Menzer Apfeltag vorstellte. In der anschlie\u00dfenden Filmdiskussion stand Sanddornpapst Hans-Joachim Albrecht den Besuchern Rede und Antwort zu Anbau, Pflege und Verwendung der orangefarbenen Frucht.<\/p>\n<p>&nbsp;<\/p>\n","protected":false},"excerpt":{"rendered":"<p>Bereits in den 50er Jahren begann Hans-Joachim Albrecht mit der Z\u00fcchtung neuer Sanddornsorten. Aufgrund der Mangelwirtschaft in der DDR mussten Alternativen zu den aufgrund fehlender Devisen nicht verf\u00fcgbaren S\u00fcdfr\u00fcchten her. Aufgrund seines hohen Vitamin-C-Gehaltes bot sich der Sanddorn daf\u00fcr an. Die deshalb auch &#8222;Zitrone des Nordens&#8220; genannte Frucht wurde bis dahin nur zum K\u00fcstenschutz verwendet.<\/p>\n","protected":false},"author":39,"featured_media":1488,"comment_status":"open","ping_status":"open","sticky":false,"template":"","format":"standard","meta":[],"categories":[8],"tags":[],"yoast_head":"<!-- This site is optimized with the Yoast SEO plugin v19.10 - https:\/\/yoast.com\/wordpress\/plugins\/seo\/ -->\n<title>Sanddornpapst Hans-Joachim Albrecht - Naturpark Stechlin-Ruppiner Land<\/title>\n<meta name=\"robots\" content=\"index, follow, max-snippet:-1, max-image-preview:large, max-video-preview:-1\" \/>\n<link rel=\"canonical\" href=\"https:\/\/www.naturparkmagazin.de\/stechlin\/sanddornpapst-hans-joachim-albrecht\/\" \/>\n<meta property=\"og:locale\" content=\"de_DE\" \/>\n<meta property=\"og:type\" content=\"article\" \/>\n<meta property=\"og:title\" content=\"Sanddornpapst Hans-Joachim Albrecht - Naturpark Stechlin-Ruppiner Land\" \/>\n<meta property=\"og:description\" content=\"Bereits in den 50er Jahren begann Hans-Joachim Albrecht mit der Z\u00fcchtung neuer Sanddornsorten. Aufgrund der Mangelwirtschaft in der DDR mussten Alternativen zu den aufgrund fehlender Devisen nicht verf\u00fcgbaren S\u00fcdfr\u00fcchten her. Aufgrund seines hohen Vitamin-C-Gehaltes bot sich der Sanddorn daf\u00fcr an. Die deshalb auch &#8222;Zitrone des Nordens&#8220; genannte Frucht wurde bis dahin nur zum K\u00fcstenschutz verwendet.\" \/>\n<meta property=\"og:url\" content=\"https:\/\/www.naturparkmagazin.de\/stechlin\/sanddornpapst-hans-joachim-albrecht\/\" \/>\n<meta property=\"og:site_name\" content=\"Naturpark Stechlin-Ruppiner Land\" \/>\n<meta property=\"article:published_time\" content=\"2014-10-23T11:31:15+00:00\" \/>\n<meta property=\"article:modified_time\" content=\"2014-10-29T11:34:42+00:00\" \/>\n<meta property=\"og:image\" content=\"https:\/\/www.naturparkmagazin.de\/stechlin\/wp-content\/uploads\/sites\/38\/k-DSC_00241.jpg\" \/>\n\t<meta property=\"og:image:width\" content=\"480\" \/>\n\t<meta property=\"og:image:height\" content=\"640\" \/>\n\t<meta property=\"og:image:type\" content=\"image\/jpeg\" \/>\n<meta name=\"author\" content=\"marioschrumpf\" \/>\n<meta name=\"twitter:label1\" content=\"Verfasst von\" \/>\n\t<meta name=\"twitter:data1\" content=\"marioschrumpf\" \/>\n\t<meta name=\"twitter:label2\" content=\"Gesch\u00e4tzte Lesezeit\" \/>\n\t<meta name=\"twitter:data2\" content=\"1\u00a0Minute\" \/>\n<script type=\"application\/ld+json\" class=\"yoast-schema-graph\">{\"@context\":\"https:\/\/schema.org\",\"@graph\":[{\"@type\":\"WebPage\",\"@id\":\"https:\/\/www.naturparkmagazin.de\/stechlin\/sanddornpapst-hans-joachim-albrecht\/\",\"url\":\"https:\/\/www.naturparkmagazin.de\/stechlin\/sanddornpapst-hans-joachim-albrecht\/\",\"name\":\"Sanddornpapst Hans-Joachim Albrecht - Naturpark Stechlin-Ruppiner Land\",\"isPartOf\":{\"@id\":\"https:\/\/www.naturparkmagazin.de\/stechlin\/#website\"},\"datePublished\":\"2014-10-23T11:31:15+00:00\",\"dateModified\":\"2014-10-29T11:34:42+00:00\",\"author\":{\"@id\":\"https:\/\/www.naturparkmagazin.de\/stechlin\/#\/schema\/person\/3f0d93203df21c806dd63c76d9bb28bc\"},\"breadcrumb\":{\"@id\":\"https:\/\/www.naturparkmagazin.de\/stechlin\/sanddornpapst-hans-joachim-albrecht\/#breadcrumb\"},\"inLanguage\":\"de\",\"potentialAction\":[{\"@type\":\"ReadAction\",\"target\":[\"https:\/\/www.naturparkmagazin.de\/stechlin\/sanddornpapst-hans-joachim-albrecht\/\"]}]},{\"@type\":\"BreadcrumbList\",\"@id\":\"https:\/\/www.naturparkmagazin.de\/stechlin\/sanddornpapst-hans-joachim-albrecht\/#breadcrumb\",\"itemListElement\":[{\"@type\":\"ListItem\",\"position\":1,\"name\":\"Home\",\"item\":\"https:\/\/www.naturparkmagazin.de\/stechlin\/\"},{\"@type\":\"ListItem\",\"position\":2,\"name\":\"Sanddornpapst Hans-Joachim Albrecht\"}]},{\"@type\":\"WebSite\",\"@id\":\"https:\/\/www.naturparkmagazin.de\/stechlin\/#website\",\"url\":\"https:\/\/www.naturparkmagazin.de\/stechlin\/\",\"name\":\"Naturpark Stechlin-Ruppiner Land\",\"description\":\"\",\"potentialAction\":[{\"@type\":\"SearchAction\",\"target\":{\"@type\":\"EntryPoint\",\"urlTemplate\":\"https:\/\/www.naturparkmagazin.de\/stechlin\/?s={search_term_string}\"},\"query-input\":\"required name=search_term_string\"}],\"inLanguage\":\"de\"},{\"@type\":\"Person\",\"@id\":\"https:\/\/www.naturparkmagazin.de\/stechlin\/#\/schema\/person\/3f0d93203df21c806dd63c76d9bb28bc\",\"name\":\"marioschrumpf\",\"url\":\"https:\/\/www.naturparkmagazin.de\/stechlin\/author\/marioschrumpf\/\"}]}<\/script>\n<!-- \/ Yoast SEO plugin. -->","yoast_head_json":{"title":"Sanddornpapst Hans-Joachim Albrecht - Naturpark Stechlin-Ruppiner Land","robots":{"index":"index","follow":"follow","max-snippet":"max-snippet:-1","max-image-preview":"max-image-preview:large","max-video-preview":"max-video-preview:-1"},"canonical":"https:\/\/www.naturparkmagazin.de\/stechlin\/sanddornpapst-hans-joachim-albrecht\/","og_locale":"de_DE","og_type":"article","og_title":"Sanddornpapst Hans-Joachim Albrecht - Naturpark Stechlin-Ruppiner Land","og_description":"Bereits in den 50er Jahren begann Hans-Joachim Albrecht mit der Z\u00fcchtung neuer Sanddornsorten. Aufgrund der Mangelwirtschaft in der DDR mussten Alternativen zu den aufgrund fehlender Devisen nicht verf\u00fcgbaren S\u00fcdfr\u00fcchten her. Aufgrund seines hohen Vitamin-C-Gehaltes bot sich der Sanddorn daf\u00fcr an. Die deshalb auch &#8222;Zitrone des Nordens&#8220; genannte Frucht wurde bis dahin nur zum K\u00fcstenschutz verwendet.","og_url":"https:\/\/www.naturparkmagazin.de\/stechlin\/sanddornpapst-hans-joachim-albrecht\/","og_site_name":"Naturpark Stechlin-Ruppiner Land","article_published_time":"2014-10-23T11:31:15+00:00","article_modified_time":"2014-10-29T11:34:42+00:00","og_image":[{"width":480,"height":640,"url":"https:\/\/www.naturparkmagazin.de\/stechlin\/wp-content\/uploads\/sites\/38\/k-DSC_00241.jpg","type":"image\/jpeg"}],"author":"marioschrumpf","twitter_misc":{"Verfasst von":"marioschrumpf","Gesch\u00e4tzte Lesezeit":"1\u00a0Minute"},"schema":{"@context":"https:\/\/schema.org","@graph":[{"@type":"WebPage","@id":"https:\/\/www.naturparkmagazin.de\/stechlin\/sanddornpapst-hans-joachim-albrecht\/","url":"https:\/\/www.naturparkmagazin.de\/stechlin\/sanddornpapst-hans-joachim-albrecht\/","name":"Sanddornpapst Hans-Joachim Albrecht - Naturpark Stechlin-Ruppiner Land","isPartOf":{"@id":"https:\/\/www.naturparkmagazin.de\/stechlin\/#website"},"datePublished":"2014-10-23T11:31:15+00:00","dateModified":"2014-10-29T11:34:42+00:00","author":{"@id":"https:\/\/www.naturparkmagazin.de\/stechlin\/#\/schema\/person\/3f0d93203df21c806dd63c76d9bb28bc"},"breadcrumb":{"@id":"https:\/\/www.naturparkmagazin.de\/stechlin\/sanddornpapst-hans-joachim-albrecht\/#breadcrumb"},"inLanguage":"de","potentialAction":[{"@type":"ReadAction","target":["https:\/\/www.naturparkmagazin.de\/stechlin\/sanddornpapst-hans-joachim-albrecht\/"]}]},{"@type":"BreadcrumbList","@id":"https:\/\/www.naturparkmagazin.de\/stechlin\/sanddornpapst-hans-joachim-albrecht\/#breadcrumb","itemListElement":[{"@type":"ListItem","position":1,"name":"Home","item":"https:\/\/www.naturparkmagazin.de\/stechlin\/"},{"@type":"ListItem","position":2,"name":"Sanddornpapst Hans-Joachim Albrecht"}]},{"@type":"WebSite","@id":"https:\/\/www.naturparkmagazin.de\/stechlin\/#website","url":"https:\/\/www.naturparkmagazin.de\/stechlin\/","name":"Naturpark Stechlin-Ruppiner Land","description":"","potentialAction":[{"@type":"SearchAction","target":{"@type":"EntryPoint","urlTemplate":"https:\/\/www.naturparkmagazin.de\/stechlin\/?s={search_term_string}"},"query-input":"required name=search_term_string"}],"inLanguage":"de"},{"@type":"Person","@id":"https:\/\/www.naturparkmagazin.de\/stechlin\/#\/schema\/person\/3f0d93203df21c806dd63c76d9bb28bc","name":"marioschrumpf","url":"https:\/\/www.naturparkmagazin.de\/stechlin\/author\/marioschrumpf\/"}]}},"_links":{"self":[{"href":"https:\/\/www.naturparkmagazin.de\/stechlin\/wp-json\/wp\/v2\/posts\/1487"}],"collection":[{"href":"https:\/\/www.naturparkmagazin.de\/stechlin\/wp-json\/wp\/v2\/posts"}],"about":[{"href":"https:\/\/www.naturparkmagazin.de\/stechlin\/wp-json\/wp\/v2\/types\/post"}],"author":[{"embeddable":true,"href":"https:\/\/www.naturparkmagazin.de\/stechlin\/wp-json\/wp\/v2\/users\/39"}],"replies":[{"embeddable":true,"href":"https:\/\/www.naturparkmagazin.de\/stechlin\/wp-json\/wp\/v2\/comments?post=1487"}],"version-history":[{"count":6,"href":"https:\/\/www.naturparkmagazin.de\/stechlin\/wp-json\/wp\/v2\/posts\/1487\/revisions"}],"predecessor-version":[{"id":1534,"href":"https:\/\/www.naturparkmagazin.de\/stechlin\/wp-json\/wp\/v2\/posts\/1487\/revisions\/1534"}],"wp:featuredmedia":[{"embeddable":true,"href":"https:\/\/www.naturparkmagazin.de\/stechlin\/wp-json\/wp\/v2\/media\/1488"}],"wp:attachment":[{"href":"https:\/\/www.naturparkmagazin.de\/stechlin\/wp-json\/wp\/v2\/media?parent=1487"}],"wp:term":[{"taxonomy":"category","embeddable":true,"href":"https:\/\/www.naturparkmagazin.de\/stechlin\/wp-json\/wp\/v2\/categories?post=1487"},{"taxonomy":"post_tag","embeddable":true,"href":"https:\/\/www.naturparkmagazin.de\/stechlin\/wp-json\/wp\/v2\/tags?post=1487"}],"curies":[{"name":"wp","href":"https:\/\/api.w.org\/{rel}","templated":true}]}}