{"id":1490,"date":"2014-10-23T14:12:19","date_gmt":"2014-10-23T12:12:19","guid":{"rendered":"http:\/\/www.naturparkmagazin.de\/stechlin\/?p=1490"},"modified":"2025-01-24T10:27:26","modified_gmt":"2025-01-24T09:27:26","slug":"aepfel-satt-beim-11-menzer-apfeltag","status":"publish","type":"post","link":"https:\/\/www.naturparkmagazin.de\/stechlin\/aepfel-satt-beim-11-menzer-apfeltag\/","title":{"rendered":"\u00c4pfel satt beim 11. Menzer Apfeltag (2014)"},"content":{"rendered":"<div id=\"attachment_1492\" style=\"width: 630px\" class=\"wp-caption alignnone\"><a href=\"https:\/\/www.naturparkmagazin.de\/stechlin\/wp-content\/uploads\/sites\/38\/k-DSC_0131.jpg\"><img aria-describedby=\"caption-attachment-1492\" decoding=\"async\" loading=\"lazy\" class=\"size-medium wp-image-1492\" src=\"https:\/\/www.naturparkmagazin.de\/stechlin\/wp-content\/uploads\/sites\/38\/k-DSC_0131-620x465.jpg\" alt=\"Mit ihrem Schuhtanz beendete die Volkstanzgruppe Triepkendorf ihr Programm\" width=\"620\" height=\"465\" srcset=\"https:\/\/www.naturparkmagazin.de\/stechlin\/wp-content\/uploads\/sites\/38\/k-DSC_0131-620x465.jpg 620w, https:\/\/www.naturparkmagazin.de\/stechlin\/wp-content\/uploads\/sites\/38\/k-DSC_0131-300x225.jpg 300w, https:\/\/www.naturparkmagazin.de\/stechlin\/wp-content\/uploads\/sites\/38\/k-DSC_0131-580x435.jpg 580w, https:\/\/www.naturparkmagazin.de\/stechlin\/wp-content\/uploads\/sites\/38\/k-DSC_0131-420x315.jpg 420w, https:\/\/www.naturparkmagazin.de\/stechlin\/wp-content\/uploads\/sites\/38\/k-DSC_0131-180x135.jpg 180w, https:\/\/www.naturparkmagazin.de\/stechlin\/wp-content\/uploads\/sites\/38\/k-DSC_0131-95x71.jpg 95w, https:\/\/www.naturparkmagazin.de\/stechlin\/wp-content\/uploads\/sites\/38\/k-DSC_0131-200x150.jpg 200w, https:\/\/www.naturparkmagazin.de\/stechlin\/wp-content\/uploads\/sites\/38\/k-DSC_0131.jpg 640w\" sizes=\"(max-width: 620px) 100vw, 620px\" \/><\/a><p id=\"caption-attachment-1492\" class=\"wp-caption-text\">Mit ihrem Schuhtanz beendete die Volkstanzgruppe Triepkendorf ihr Programm<\/p><\/div>\n<p>Mehr als 600 Besucher kamen am 18.Oktober zum 11. Menzer Apfeltag.<\/p>\n<p>P\u00fcnktlich 10 Uhr begr\u00fc\u00dfte Wolfgang Kielblock, B\u00fcrgermeister der Gemeinde Stechlin die G\u00e4ste. 14 Teilnehmer beteiligten sich in diesem Jahr am traditionellen Apfelkuchenwettbewerb. Die f\u00fcnfk\u00f6pfige Jury leistete wie immer Schwerstarbeit bei der geschmacklichen Bewertung der s\u00fc\u00dfen Kreationen. W\u00e4hrend im letzten Jahr <span style=\"text-decoration: underline\">ein Mann!<\/span> den 1. Preis gewinnen konnte, teilten\u00a0diesmal ausschlie\u00dflich Frauen die Preise unter sich auf. Den 1. Platz belegte Birgit Keydel aus Altglobsow, gefolgt von Nicole Zeitz aus Dagow und Karin Potschwadik aus F\u00fcrstenberg\/H.. Erstmalig beim Apfeltag dabei war die Manufaktur Lindow. Agneta Kr\u00e4kel und Steffen Schindel produzieren in Handarbeit Marmeladen, S\u00e4fte und Lik\u00f6re und verkaufen diese in ihrem Regionalladen in Lindow. Insgesamt 145 Apfelhochstammb\u00e4ume aus dem Genressourcenprojekt wechselten ihren Besitzer. Mit diesem Projekt sorgt der Naturpark daf\u00fcr, dass alte Sorten langfristig erhalten bleiben. Die B\u00e4ume wurden wie immer in hoher Qualit\u00e4t durch die Baumschule Fischer aus Lichterfelde geliefert, die auch ein breitgef\u00e4chertes Sortiment mit Baumschulware zum Verkauf anbot. Die Volkstanzgruppe Triepkendorf begeisterte die G\u00e4ste am Nachmittag mit ihrem tollen Programm.<\/p>\n<p>&nbsp;<\/p>\n<div id=\"attachment_1493\" style=\"width: 630px\" class=\"wp-caption alignnone\"><a href=\"https:\/\/www.naturparkmagazin.de\/stechlin\/wp-content\/uploads\/sites\/38\/k-DSC_00053.jpg\"><img aria-describedby=\"caption-attachment-1493\" decoding=\"async\" loading=\"lazy\" class=\"size-medium wp-image-1493\" src=\"https:\/\/www.naturparkmagazin.de\/stechlin\/wp-content\/uploads\/sites\/38\/k-DSC_00053-620x465.jpg\" alt=\"Margot Sch\u00f6ning aus Berlin bei ihrer Bewertung f\u00fcr den Apfelkuchenwettbewerb\" width=\"620\" height=\"465\" srcset=\"https:\/\/www.naturparkmagazin.de\/stechlin\/wp-content\/uploads\/sites\/38\/k-DSC_00053-620x465.jpg 620w, https:\/\/www.naturparkmagazin.de\/stechlin\/wp-content\/uploads\/sites\/38\/k-DSC_00053-300x225.jpg 300w, https:\/\/www.naturparkmagazin.de\/stechlin\/wp-content\/uploads\/sites\/38\/k-DSC_00053-580x435.jpg 580w, https:\/\/www.naturparkmagazin.de\/stechlin\/wp-content\/uploads\/sites\/38\/k-DSC_00053-420x315.jpg 420w, https:\/\/www.naturparkmagazin.de\/stechlin\/wp-content\/uploads\/sites\/38\/k-DSC_00053-180x135.jpg 180w, https:\/\/www.naturparkmagazin.de\/stechlin\/wp-content\/uploads\/sites\/38\/k-DSC_00053-95x71.jpg 95w, https:\/\/www.naturparkmagazin.de\/stechlin\/wp-content\/uploads\/sites\/38\/k-DSC_00053-200x150.jpg 200w, https:\/\/www.naturparkmagazin.de\/stechlin\/wp-content\/uploads\/sites\/38\/k-DSC_00053.jpg 640w\" sizes=\"(max-width: 620px) 100vw, 620px\" \/><\/a><p id=\"caption-attachment-1493\" class=\"wp-caption-text\">Margot Sch\u00f6ning aus Berlin bei ihrer Bewertung f\u00fcr den Apfelkuchenwettbewerb<\/p><\/div>\n<p>&nbsp;<\/p>\n","protected":false},"excerpt":{"rendered":"<p>Mehr als 600 Besucher kamen am 18.Oktober zum 11. Menzer Apfeltag.<\/p>\n","protected":false},"author":39,"featured_media":1491,"comment_status":"open","ping_status":"open","sticky":false,"template":"","format":"standard","meta":[],"categories":[7],"tags":[],"yoast_head":"<!-- This site is optimized with the Yoast SEO plugin v19.10 - https:\/\/yoast.com\/wordpress\/plugins\/seo\/ -->\n<title>\u00c4pfel satt beim 11. Menzer Apfeltag (2014) - Naturpark Stechlin-Ruppiner Land<\/title>\n<meta name=\"robots\" content=\"index, follow, max-snippet:-1, max-image-preview:large, max-video-preview:-1\" \/>\n<link rel=\"canonical\" href=\"https:\/\/www.naturparkmagazin.de\/stechlin\/aepfel-satt-beim-11-menzer-apfeltag\/\" \/>\n<meta property=\"og:locale\" content=\"de_DE\" \/>\n<meta property=\"og:type\" content=\"article\" \/>\n<meta property=\"og:title\" content=\"\u00c4pfel satt beim 11. Menzer Apfeltag (2014) - Naturpark Stechlin-Ruppiner Land\" \/>\n<meta property=\"og:description\" content=\"Mehr als 600 Besucher kamen am 18.Oktober zum 11. Menzer Apfeltag.\" \/>\n<meta property=\"og:url\" content=\"https:\/\/www.naturparkmagazin.de\/stechlin\/aepfel-satt-beim-11-menzer-apfeltag\/\" \/>\n<meta property=\"og:site_name\" content=\"Naturpark Stechlin-Ruppiner Land\" \/>\n<meta property=\"article:published_time\" content=\"2014-10-23T12:12:19+00:00\" \/>\n<meta property=\"article:modified_time\" content=\"2025-01-24T09:27:26+00:00\" \/>\n<meta property=\"og:image\" content=\"https:\/\/www.naturparkmagazin.de\/stechlin\/wp-content\/uploads\/sites\/38\/k-DSC_0116.jpg\" \/>\n\t<meta property=\"og:image:width\" content=\"640\" \/>\n\t<meta property=\"og:image:height\" content=\"480\" \/>\n\t<meta property=\"og:image:type\" content=\"image\/jpeg\" \/>\n<meta name=\"author\" content=\"marioschrumpf\" \/>\n<meta name=\"twitter:label1\" content=\"Verfasst von\" \/>\n\t<meta name=\"twitter:data1\" content=\"marioschrumpf\" \/>\n\t<meta name=\"twitter:label2\" content=\"Gesch\u00e4tzte Lesezeit\" \/>\n\t<meta name=\"twitter:data2\" content=\"2\u00a0Minuten\" \/>\n<script type=\"application\/ld+json\" class=\"yoast-schema-graph\">{\"@context\":\"https:\/\/schema.org\",\"@graph\":[{\"@type\":\"WebPage\",\"@id\":\"https:\/\/www.naturparkmagazin.de\/stechlin\/aepfel-satt-beim-11-menzer-apfeltag\/\",\"url\":\"https:\/\/www.naturparkmagazin.de\/stechlin\/aepfel-satt-beim-11-menzer-apfeltag\/\",\"name\":\"\u00c4pfel satt beim 11. Menzer Apfeltag (2014) - Naturpark Stechlin-Ruppiner Land\",\"isPartOf\":{\"@id\":\"https:\/\/www.naturparkmagazin.de\/stechlin\/#website\"},\"datePublished\":\"2014-10-23T12:12:19+00:00\",\"dateModified\":\"2025-01-24T09:27:26+00:00\",\"author\":{\"@id\":\"https:\/\/www.naturparkmagazin.de\/stechlin\/#\/schema\/person\/3f0d93203df21c806dd63c76d9bb28bc\"},\"breadcrumb\":{\"@id\":\"https:\/\/www.naturparkmagazin.de\/stechlin\/aepfel-satt-beim-11-menzer-apfeltag\/#breadcrumb\"},\"inLanguage\":\"de\",\"potentialAction\":[{\"@type\":\"ReadAction\",\"target\":[\"https:\/\/www.naturparkmagazin.de\/stechlin\/aepfel-satt-beim-11-menzer-apfeltag\/\"]}]},{\"@type\":\"BreadcrumbList\",\"@id\":\"https:\/\/www.naturparkmagazin.de\/stechlin\/aepfel-satt-beim-11-menzer-apfeltag\/#breadcrumb\",\"itemListElement\":[{\"@type\":\"ListItem\",\"position\":1,\"name\":\"Home\",\"item\":\"https:\/\/www.naturparkmagazin.de\/stechlin\/\"},{\"@type\":\"ListItem\",\"position\":2,\"name\":\"\u00c4pfel satt beim 11. Menzer Apfeltag (2014)\"}]},{\"@type\":\"WebSite\",\"@id\":\"https:\/\/www.naturparkmagazin.de\/stechlin\/#website\",\"url\":\"https:\/\/www.naturparkmagazin.de\/stechlin\/\",\"name\":\"Naturpark Stechlin-Ruppiner Land\",\"description\":\"\",\"potentialAction\":[{\"@type\":\"SearchAction\",\"target\":{\"@type\":\"EntryPoint\",\"urlTemplate\":\"https:\/\/www.naturparkmagazin.de\/stechlin\/?s={search_term_string}\"},\"query-input\":\"required name=search_term_string\"}],\"inLanguage\":\"de\"},{\"@type\":\"Person\",\"@id\":\"https:\/\/www.naturparkmagazin.de\/stechlin\/#\/schema\/person\/3f0d93203df21c806dd63c76d9bb28bc\",\"name\":\"marioschrumpf\",\"url\":\"https:\/\/www.naturparkmagazin.de\/stechlin\/author\/marioschrumpf\/\"}]}<\/script>\n<!-- \/ Yoast SEO plugin. -->","yoast_head_json":{"title":"\u00c4pfel satt beim 11. Menzer Apfeltag (2014) - Naturpark Stechlin-Ruppiner Land","robots":{"index":"index","follow":"follow","max-snippet":"max-snippet:-1","max-image-preview":"max-image-preview:large","max-video-preview":"max-video-preview:-1"},"canonical":"https:\/\/www.naturparkmagazin.de\/stechlin\/aepfel-satt-beim-11-menzer-apfeltag\/","og_locale":"de_DE","og_type":"article","og_title":"\u00c4pfel satt beim 11. Menzer Apfeltag (2014) - Naturpark Stechlin-Ruppiner Land","og_description":"Mehr als 600 Besucher kamen am 18.Oktober zum 11. Menzer Apfeltag.","og_url":"https:\/\/www.naturparkmagazin.de\/stechlin\/aepfel-satt-beim-11-menzer-apfeltag\/","og_site_name":"Naturpark Stechlin-Ruppiner Land","article_published_time":"2014-10-23T12:12:19+00:00","article_modified_time":"2025-01-24T09:27:26+00:00","og_image":[{"width":640,"height":480,"url":"https:\/\/www.naturparkmagazin.de\/stechlin\/wp-content\/uploads\/sites\/38\/k-DSC_0116.jpg","type":"image\/jpeg"}],"author":"marioschrumpf","twitter_misc":{"Verfasst von":"marioschrumpf","Gesch\u00e4tzte Lesezeit":"2\u00a0Minuten"},"schema":{"@context":"https:\/\/schema.org","@graph":[{"@type":"WebPage","@id":"https:\/\/www.naturparkmagazin.de\/stechlin\/aepfel-satt-beim-11-menzer-apfeltag\/","url":"https:\/\/www.naturparkmagazin.de\/stechlin\/aepfel-satt-beim-11-menzer-apfeltag\/","name":"\u00c4pfel satt beim 11. Menzer Apfeltag (2014) - Naturpark Stechlin-Ruppiner Land","isPartOf":{"@id":"https:\/\/www.naturparkmagazin.de\/stechlin\/#website"},"datePublished":"2014-10-23T12:12:19+00:00","dateModified":"2025-01-24T09:27:26+00:00","author":{"@id":"https:\/\/www.naturparkmagazin.de\/stechlin\/#\/schema\/person\/3f0d93203df21c806dd63c76d9bb28bc"},"breadcrumb":{"@id":"https:\/\/www.naturparkmagazin.de\/stechlin\/aepfel-satt-beim-11-menzer-apfeltag\/#breadcrumb"},"inLanguage":"de","potentialAction":[{"@type":"ReadAction","target":["https:\/\/www.naturparkmagazin.de\/stechlin\/aepfel-satt-beim-11-menzer-apfeltag\/"]}]},{"@type":"BreadcrumbList","@id":"https:\/\/www.naturparkmagazin.de\/stechlin\/aepfel-satt-beim-11-menzer-apfeltag\/#breadcrumb","itemListElement":[{"@type":"ListItem","position":1,"name":"Home","item":"https:\/\/www.naturparkmagazin.de\/stechlin\/"},{"@type":"ListItem","position":2,"name":"\u00c4pfel satt beim 11. Menzer Apfeltag (2014)"}]},{"@type":"WebSite","@id":"https:\/\/www.naturparkmagazin.de\/stechlin\/#website","url":"https:\/\/www.naturparkmagazin.de\/stechlin\/","name":"Naturpark Stechlin-Ruppiner Land","description":"","potentialAction":[{"@type":"SearchAction","target":{"@type":"EntryPoint","urlTemplate":"https:\/\/www.naturparkmagazin.de\/stechlin\/?s={search_term_string}"},"query-input":"required name=search_term_string"}],"inLanguage":"de"},{"@type":"Person","@id":"https:\/\/www.naturparkmagazin.de\/stechlin\/#\/schema\/person\/3f0d93203df21c806dd63c76d9bb28bc","name":"marioschrumpf","url":"https:\/\/www.naturparkmagazin.de\/stechlin\/author\/marioschrumpf\/"}]}},"_links":{"self":[{"href":"https:\/\/www.naturparkmagazin.de\/stechlin\/wp-json\/wp\/v2\/posts\/1490"}],"collection":[{"href":"https:\/\/www.naturparkmagazin.de\/stechlin\/wp-json\/wp\/v2\/posts"}],"about":[{"href":"https:\/\/www.naturparkmagazin.de\/stechlin\/wp-json\/wp\/v2\/types\/post"}],"author":[{"embeddable":true,"href":"https:\/\/www.naturparkmagazin.de\/stechlin\/wp-json\/wp\/v2\/users\/39"}],"replies":[{"embeddable":true,"href":"https:\/\/www.naturparkmagazin.de\/stechlin\/wp-json\/wp\/v2\/comments?post=1490"}],"version-history":[{"count":3,"href":"https:\/\/www.naturparkmagazin.de\/stechlin\/wp-json\/wp\/v2\/posts\/1490\/revisions"}],"predecessor-version":[{"id":16614,"href":"https:\/\/www.naturparkmagazin.de\/stechlin\/wp-json\/wp\/v2\/posts\/1490\/revisions\/16614"}],"wp:featuredmedia":[{"embeddable":true,"href":"https:\/\/www.naturparkmagazin.de\/stechlin\/wp-json\/wp\/v2\/media\/1491"}],"wp:attachment":[{"href":"https:\/\/www.naturparkmagazin.de\/stechlin\/wp-json\/wp\/v2\/media?parent=1490"}],"wp:term":[{"taxonomy":"category","embeddable":true,"href":"https:\/\/www.naturparkmagazin.de\/stechlin\/wp-json\/wp\/v2\/categories?post=1490"},{"taxonomy":"post_tag","embeddable":true,"href":"https:\/\/www.naturparkmagazin.de\/stechlin\/wp-json\/wp\/v2\/tags?post=1490"}],"curies":[{"name":"wp","href":"https:\/\/api.w.org\/{rel}","templated":true}]}}