{"id":14932,"date":"2024-02-20T16:02:22","date_gmt":"2024-02-20T15:02:22","guid":{"rendered":"https:\/\/www.naturparkmagazin.de\/stechlin\/?p=14932"},"modified":"2024-02-27T12:39:04","modified_gmt":"2024-02-27T11:39:04","slug":"kino-brueckenschlag-im-maerz","status":"publish","type":"post","link":"https:\/\/www.naturparkmagazin.de\/stechlin\/kino-brueckenschlag-im-maerz\/","title":{"rendered":"F\u00fcrstenberger Kino Br\u00fcckenschlag im M\u00e4rz"},"content":{"rendered":"<p>Immer <strong>Freitags<\/strong> l\u00e4dt der <strong>Verein Br\u00fcckenschlag e.V.<\/strong> zum gemeinsamen <strong>Kinoabend<\/strong> nach F\u00fcrstenberg\/Havel ein.<\/p>\n<p>Der \u201eBr\u00fcckenschlag F\u00fcrstenberg e. V.\u201c hat seinen Sitz in der <strong>Brandenburger Stra\u00dfe 38<\/strong> in <strong>16798 F\u00fcrstenberg\/Havel<\/strong>.<\/p>\n<p>Emailadresse: info@brueckenschlagfuerstenberg.de\nTelefon: 0172 3227421<\/p>\n<p><a href=\"http:\/\/brueckenschlagfuerstenberg.de\/\">Hier geht es zur Webseite des Vereins!<\/a><\/p>\n<p><em>1.3., 20.00 Uhr<\/em>\n<strong>Sophia, der Tod und ich<\/strong>\nTragikom\u00f6die | Deutschland 2023 | 98 Minuten\nRegie: Charly H\u00fcbner\nDer Bestseller von Thees Uhlmann wurde von Charly H\u00fcbner inszeniert. \u201e<em>Sophia, der Tod und ich<\/em>\u201c erz\u00e4hlt von einem Mann, der von seinem Tod Besuch bekommt, es aber ohne eigenes Zutun schafft, ihm erstmal von der Schippe zu springen. Fortan ist er mit dem Tod im Schlepptau unterwegs, um eine letzte, wichtige Reise zu unternehmen. Der Film ist skurril, ausgesprochen witzig und zugleich auch tiefsinnig. Es gelingt, die Momente des absurden Humors mit der Tragik des Endes eines Lebens zu kombinieren.\n(Programmkino)<\/p>\n<div id=\"attachment_14995\" style=\"width: 310px\" class=\"wp-caption aligncenter\"><a href=\"https:\/\/www.naturparkmagazin.de\/stechlin\/wp-content\/uploads\/sites\/38\/sophia-der-tod-und-ich.jpg\"><img aria-describedby=\"caption-attachment-14995\" decoding=\"async\" loading=\"lazy\" class=\"size-full wp-image-14995\" src=\"https:\/\/www.naturparkmagazin.de\/stechlin\/wp-content\/uploads\/sites\/38\/sophia-der-tod-und-ich.jpg\" alt=\"\" width=\"300\" height=\"424\" srcset=\"https:\/\/www.naturparkmagazin.de\/stechlin\/wp-content\/uploads\/sites\/38\/sophia-der-tod-und-ich.jpg 300w, https:\/\/www.naturparkmagazin.de\/stechlin\/wp-content\/uploads\/sites\/38\/sophia-der-tod-und-ich-200x283.jpg 200w\" sizes=\"(max-width: 300px) 100vw, 300px\" \/><\/a><p id=\"caption-attachment-14995\" class=\"wp-caption-text\">\u00a9 Br\u00fcckenschlag e.V.<\/p><\/div>\n<p><em>8.3., 18.30 Uhr<\/em> <strong>Ort diesmal: Bahnhof F\u00fcrstenberg<\/strong>\nFilmgespr\u00e4ch und FRAUENTAGS-Milonga gemeinsam mit Haveltango\nZu Gast Elisabetta Abbondanza\n<strong>Tango Lesson<\/strong>\nTanzfilm | Gro\u00dfbritannien 1997 | 101 Minuten\nRegie: Sally Potter\nDie Regisseurin Sally lernt auf einer Tango-Show in Paris den Start\u00e4nzer Pablo kennen \u2013 und ist von ihm fasziniert. Die beiden schlie\u00dfen einen Pakt: Wenn er ihr das Tango-Tanzen beibringt, macht sie ihn zum Filmstar. Bald werden die beiden zum Liebespaar. Doch die Arbeit an dem gemeinsamen Film wird zum Pr\u00fcfstein f\u00fcr ihre Beziehung: W\u00e4hrend beim Tango der Mann f\u00fchrt, ist Sally es gewohnt, auf dem Set den Ton anzugeben. (tangodanza) Dass der Mann den Rollenwechsel vom F\u00fchren zum Gef\u00fchrtwerden akzeptiert, macht ihre Liebesbeziehung erst m\u00f6glich. Ein ambitionierter Tanz- und Musikfilm mit herausragenden Tanzszenen.\n(filmdienst)\nFilm und Tanz k\u00f6nnen getrennt besucht werden.\n<strong>Die Milonga beginnt um 21.00 Uhr, Eintritt 5 \u20ac<\/strong><\/p>\n<div id=\"attachment_14993\" style=\"width: 310px\" class=\"wp-caption aligncenter\"><a href=\"https:\/\/www.naturparkmagazin.de\/stechlin\/wp-content\/uploads\/sites\/38\/g_Tango_Lesson.jpg\"><img aria-describedby=\"caption-attachment-14993\" decoding=\"async\" loading=\"lazy\" class=\"size-full wp-image-14993\" src=\"https:\/\/www.naturparkmagazin.de\/stechlin\/wp-content\/uploads\/sites\/38\/g_Tango_Lesson.jpg\" alt=\"\" width=\"300\" height=\"428\" srcset=\"https:\/\/www.naturparkmagazin.de\/stechlin\/wp-content\/uploads\/sites\/38\/g_Tango_Lesson.jpg 300w, https:\/\/www.naturparkmagazin.de\/stechlin\/wp-content\/uploads\/sites\/38\/g_Tango_Lesson-200x285.jpg 200w\" sizes=\"(max-width: 300px) 100vw, 300px\" \/><\/a><p id=\"caption-attachment-14993\" class=\"wp-caption-text\">\u00a9 Br\u00fcckenschlag e.V.<\/p><\/div>\n<p><em>15.3., 19.00 Uhr<\/em>\n<strong>Anatomie eines Falls<\/strong>\nDrama | Frankreich 2023 | 151 Minuten\nRegie: Justine Triet\nNachdem der Mann einer bekannten Schriftstellerin auf mysteri\u00f6se Weise ums Leben gekommen ist und der gemeinsame blinde Sohn nur bedingt als Zeuge taugt, ger\u00e4t die Autorin unter Mordverdacht und wird angeklagt. Der Film greift zwar teilweise auf Elemente aus Krimis und Gerichtsdramen zur\u00fcck, widmet sich im Kern aber mit analytischer Pr\u00e4zision der Verzerrung der Wirklichkeit, die durch Interpretationen, unterschiedliche Perspektiven und selektive Wahrnehmung entsteht. Eine gl\u00e4nzend gespielte, hervorragend inszenierte und konsequent ambivalent gehaltene Reflexion \u00fcber die Unm\u00f6glichkeit allgemeing\u00fcltiger Wahrheit und eindeutiger moralischer Urteile.\n(filmdienst) Ausgezeichnet mit der Goldenen Palme in Cannes.<\/p>\n<div id=\"attachment_14992\" style=\"width: 310px\" class=\"wp-caption aligncenter\"><a href=\"https:\/\/www.naturparkmagazin.de\/stechlin\/wp-content\/uploads\/sites\/38\/anatomie-eines-falls.jpg\"><img aria-describedby=\"caption-attachment-14992\" decoding=\"async\" loading=\"lazy\" class=\"size-full wp-image-14992\" src=\"https:\/\/www.naturparkmagazin.de\/stechlin\/wp-content\/uploads\/sites\/38\/anatomie-eines-falls.jpg\" alt=\"\" width=\"300\" height=\"424\" srcset=\"https:\/\/www.naturparkmagazin.de\/stechlin\/wp-content\/uploads\/sites\/38\/anatomie-eines-falls.jpg 300w, https:\/\/www.naturparkmagazin.de\/stechlin\/wp-content\/uploads\/sites\/38\/anatomie-eines-falls-200x283.jpg 200w\" sizes=\"(max-width: 300px) 100vw, 300px\" \/><\/a><p id=\"caption-attachment-14992\" class=\"wp-caption-text\">\u00a9 Br\u00fcckenschlag e.V.<\/p><\/div>\n<p><em>22.3., 19.00 Uhr<\/em>\n<strong>Gehen und Bleiben<\/strong>\nDokumentarfilm | Deutschland 2023 | 168 Minuten\nRegie: Volker Koepp\nMotive des Gehens und Bleibens und die Auseinandersetzung mit deutscher Geschichte durchziehen das Werk von Uwe Johnson (1934-1984), mit dessen Texten Volker Koepp in die biografischen und literarischen Gegenden des Schriftstellers reist. Etwa in die Fluss und Seenlandschaft Mecklenburg-Vorpommerns zwischen Anklam und G\u00fcstrow und den nord\u00f6stlichen Zipfel Mecklenburgs, den Kl\u00fctzer Winkel oder auf das Fischland an der Ostsee bei Ahrenshoop. Hier begegnet er Menschen in ihrem gegenw\u00e4rtigen Leben. Sie erz\u00e4hlen von ihren Erinnerungen, vom Gehen und Bleiben, vom Ausharren an den Orten der Herkunft, vom Fortziehen und auch von Uwe Johnson. (uwe-johnson-gesellschaft.de)<\/p>\n<div id=\"attachment_14994\" style=\"width: 310px\" class=\"wp-caption aligncenter\"><a href=\"https:\/\/www.naturparkmagazin.de\/stechlin\/wp-content\/uploads\/sites\/38\/gehen-und-bleiben.jpg\"><img aria-describedby=\"caption-attachment-14994\" decoding=\"async\" loading=\"lazy\" class=\"size-full wp-image-14994\" src=\"https:\/\/www.naturparkmagazin.de\/stechlin\/wp-content\/uploads\/sites\/38\/gehen-und-bleiben.jpg\" alt=\"\" width=\"300\" height=\"424\" srcset=\"https:\/\/www.naturparkmagazin.de\/stechlin\/wp-content\/uploads\/sites\/38\/gehen-und-bleiben.jpg 300w, https:\/\/www.naturparkmagazin.de\/stechlin\/wp-content\/uploads\/sites\/38\/gehen-und-bleiben-200x283.jpg 200w\" sizes=\"(max-width: 300px) 100vw, 300px\" \/><\/a><p id=\"caption-attachment-14994\" class=\"wp-caption-text\">\u00a9 Br\u00fcckenschlag e.V.<\/p><\/div>\n<p><em>29.3., 20.00 Uhr<\/em>\n<strong>Wochenendrebellen<\/strong>\nTragikom\u00f6die | Deutschland 2023 | 109 Minuten\nRegie: Marc Rothemund\nNach einer wahren Geschichte: Mirco ist beruflich viel unterwegs, seine Frau organisiert das Familienleben. Ihr zehnj\u00e4hriger Sohn Jason ist Autist und sein Alltag besteht aus Routinen und festen Regeln. Als Jason die Schule wechseln soll, schlie\u00dft sein Vater mit ihm einen Pakt: Jason verspricht, sich in der Schule nicht mehr provozieren zu lassen, wenn Mirco ihm hilft, einen Lieblings-Fu\u00dfballverein zu finden. Allerdings will Jason daf\u00fcr alle 56 Mannschaften der ersten, zweiten und dritten Liga in ihren Stadien spielen sehen. Und so reisen Vater und Sohn nun Wochenende f\u00fcr Wochenende durch Deutschland, lassen die heimische Routine hinter sich und finden alles, was sie nie gesucht, aber definitiv gebraucht haben. (nach Leonine-Studios) Ein au\u00dfergew\u00f6hnliches Road Movie, dass wunderbar Unterhaltung und Tiefgang verbindet.<\/p>\n<div id=\"attachment_14996\" style=\"width: 310px\" class=\"wp-caption aligncenter\"><a href=\"https:\/\/www.naturparkmagazin.de\/stechlin\/wp-content\/uploads\/sites\/38\/wochenendrebellen.jpg\"><img aria-describedby=\"caption-attachment-14996\" decoding=\"async\" loading=\"lazy\" class=\"size-full wp-image-14996\" src=\"https:\/\/www.naturparkmagazin.de\/stechlin\/wp-content\/uploads\/sites\/38\/wochenendrebellen.jpg\" alt=\"\" width=\"300\" height=\"424\" srcset=\"https:\/\/www.naturparkmagazin.de\/stechlin\/wp-content\/uploads\/sites\/38\/wochenendrebellen.jpg 300w, https:\/\/www.naturparkmagazin.de\/stechlin\/wp-content\/uploads\/sites\/38\/wochenendrebellen-200x283.jpg 200w\" sizes=\"(max-width: 300px) 100vw, 300px\" \/><\/a><p id=\"caption-attachment-14996\" class=\"wp-caption-text\">\u00a9 Br\u00fcckenschlag e.V.<\/p><\/div>\n","protected":false},"excerpt":{"rendered":"<p>Immer Freitags l\u00e4dt der Verein Br\u00fcckenschlag e.V. zum gemeinsamen Kinoabend nach F\u00fcrstenberg\/Havel ein.<\/p>\n","protected":false},"author":39,"featured_media":12836,"comment_status":"open","ping_status":"open","sticky":false,"template":"","format":"standard","meta":[],"categories":[11],"tags":[],"yoast_head":"<!-- This site is optimized with the Yoast SEO plugin v19.10 - https:\/\/yoast.com\/wordpress\/plugins\/seo\/ -->\n<title>F\u00fcrstenberger Kino Br\u00fcckenschlag im M\u00e4rz - Naturpark Stechlin-Ruppiner Land<\/title>\n<meta name=\"robots\" content=\"index, follow, max-snippet:-1, max-image-preview:large, max-video-preview:-1\" \/>\n<link rel=\"canonical\" href=\"https:\/\/www.naturparkmagazin.de\/stechlin\/kino-brueckenschlag-im-maerz\/\" \/>\n<meta property=\"og:locale\" content=\"de_DE\" \/>\n<meta property=\"og:type\" content=\"article\" \/>\n<meta property=\"og:title\" content=\"F\u00fcrstenberger Kino Br\u00fcckenschlag im M\u00e4rz - Naturpark Stechlin-Ruppiner Land\" \/>\n<meta property=\"og:description\" content=\"Immer Freitags l\u00e4dt der Verein Br\u00fcckenschlag e.V. zum gemeinsamen Kinoabend nach F\u00fcrstenberg\/Havel ein.\" \/>\n<meta property=\"og:url\" content=\"https:\/\/www.naturparkmagazin.de\/stechlin\/kino-brueckenschlag-im-maerz\/\" \/>\n<meta property=\"og:site_name\" content=\"Naturpark Stechlin-Ruppiner Land\" \/>\n<meta property=\"article:published_time\" content=\"2024-02-20T15:02:22+00:00\" \/>\n<meta property=\"article:modified_time\" content=\"2024-02-27T11:39:04+00:00\" \/>\n<meta property=\"og:image\" content=\"https:\/\/www.naturparkmagazin.de\/stechlin\/wp-content\/uploads\/sites\/38\/logo_a1.jpg\" \/>\n\t<meta property=\"og:image:width\" content=\"2362\" \/>\n\t<meta property=\"og:image:height\" content=\"2362\" \/>\n\t<meta property=\"og:image:type\" content=\"image\/jpeg\" \/>\n<meta name=\"author\" content=\"marioschrumpf\" \/>\n<meta name=\"twitter:label1\" content=\"Verfasst von\" \/>\n\t<meta name=\"twitter:data1\" content=\"marioschrumpf\" \/>\n\t<meta name=\"twitter:label2\" content=\"Gesch\u00e4tzte Lesezeit\" \/>\n\t<meta name=\"twitter:data2\" content=\"5\u00a0Minuten\" \/>\n<script type=\"application\/ld+json\" class=\"yoast-schema-graph\">{\"@context\":\"https:\/\/schema.org\",\"@graph\":[{\"@type\":\"WebPage\",\"@id\":\"https:\/\/www.naturparkmagazin.de\/stechlin\/kino-brueckenschlag-im-maerz\/\",\"url\":\"https:\/\/www.naturparkmagazin.de\/stechlin\/kino-brueckenschlag-im-maerz\/\",\"name\":\"F\u00fcrstenberger Kino Br\u00fcckenschlag im M\u00e4rz - Naturpark Stechlin-Ruppiner Land\",\"isPartOf\":{\"@id\":\"https:\/\/www.naturparkmagazin.de\/stechlin\/#website\"},\"datePublished\":\"2024-02-20T15:02:22+00:00\",\"dateModified\":\"2024-02-27T11:39:04+00:00\",\"author\":{\"@id\":\"https:\/\/www.naturparkmagazin.de\/stechlin\/#\/schema\/person\/3f0d93203df21c806dd63c76d9bb28bc\"},\"breadcrumb\":{\"@id\":\"https:\/\/www.naturparkmagazin.de\/stechlin\/kino-brueckenschlag-im-maerz\/#breadcrumb\"},\"inLanguage\":\"de\",\"potentialAction\":[{\"@type\":\"ReadAction\",\"target\":[\"https:\/\/www.naturparkmagazin.de\/stechlin\/kino-brueckenschlag-im-maerz\/\"]}]},{\"@type\":\"BreadcrumbList\",\"@id\":\"https:\/\/www.naturparkmagazin.de\/stechlin\/kino-brueckenschlag-im-maerz\/#breadcrumb\",\"itemListElement\":[{\"@type\":\"ListItem\",\"position\":1,\"name\":\"Home\",\"item\":\"https:\/\/www.naturparkmagazin.de\/stechlin\/\"},{\"@type\":\"ListItem\",\"position\":2,\"name\":\"F\u00fcrstenberger Kino Br\u00fcckenschlag im M\u00e4rz\"}]},{\"@type\":\"WebSite\",\"@id\":\"https:\/\/www.naturparkmagazin.de\/stechlin\/#website\",\"url\":\"https:\/\/www.naturparkmagazin.de\/stechlin\/\",\"name\":\"Naturpark Stechlin-Ruppiner Land\",\"description\":\"\",\"potentialAction\":[{\"@type\":\"SearchAction\",\"target\":{\"@type\":\"EntryPoint\",\"urlTemplate\":\"https:\/\/www.naturparkmagazin.de\/stechlin\/?s={search_term_string}\"},\"query-input\":\"required name=search_term_string\"}],\"inLanguage\":\"de\"},{\"@type\":\"Person\",\"@id\":\"https:\/\/www.naturparkmagazin.de\/stechlin\/#\/schema\/person\/3f0d93203df21c806dd63c76d9bb28bc\",\"name\":\"marioschrumpf\",\"url\":\"https:\/\/www.naturparkmagazin.de\/stechlin\/author\/marioschrumpf\/\"}]}<\/script>\n<!-- \/ Yoast SEO plugin. -->","yoast_head_json":{"title":"F\u00fcrstenberger Kino Br\u00fcckenschlag im M\u00e4rz - Naturpark Stechlin-Ruppiner Land","robots":{"index":"index","follow":"follow","max-snippet":"max-snippet:-1","max-image-preview":"max-image-preview:large","max-video-preview":"max-video-preview:-1"},"canonical":"https:\/\/www.naturparkmagazin.de\/stechlin\/kino-brueckenschlag-im-maerz\/","og_locale":"de_DE","og_type":"article","og_title":"F\u00fcrstenberger Kino Br\u00fcckenschlag im M\u00e4rz - Naturpark Stechlin-Ruppiner Land","og_description":"Immer Freitags l\u00e4dt der Verein Br\u00fcckenschlag e.V. zum gemeinsamen Kinoabend nach F\u00fcrstenberg\/Havel ein.","og_url":"https:\/\/www.naturparkmagazin.de\/stechlin\/kino-brueckenschlag-im-maerz\/","og_site_name":"Naturpark Stechlin-Ruppiner Land","article_published_time":"2024-02-20T15:02:22+00:00","article_modified_time":"2024-02-27T11:39:04+00:00","og_image":[{"width":2362,"height":2362,"url":"https:\/\/www.naturparkmagazin.de\/stechlin\/wp-content\/uploads\/sites\/38\/logo_a1.jpg","type":"image\/jpeg"}],"author":"marioschrumpf","twitter_misc":{"Verfasst von":"marioschrumpf","Gesch\u00e4tzte Lesezeit":"5\u00a0Minuten"},"schema":{"@context":"https:\/\/schema.org","@graph":[{"@type":"WebPage","@id":"https:\/\/www.naturparkmagazin.de\/stechlin\/kino-brueckenschlag-im-maerz\/","url":"https:\/\/www.naturparkmagazin.de\/stechlin\/kino-brueckenschlag-im-maerz\/","name":"F\u00fcrstenberger Kino Br\u00fcckenschlag im M\u00e4rz - Naturpark Stechlin-Ruppiner Land","isPartOf":{"@id":"https:\/\/www.naturparkmagazin.de\/stechlin\/#website"},"datePublished":"2024-02-20T15:02:22+00:00","dateModified":"2024-02-27T11:39:04+00:00","author":{"@id":"https:\/\/www.naturparkmagazin.de\/stechlin\/#\/schema\/person\/3f0d93203df21c806dd63c76d9bb28bc"},"breadcrumb":{"@id":"https:\/\/www.naturparkmagazin.de\/stechlin\/kino-brueckenschlag-im-maerz\/#breadcrumb"},"inLanguage":"de","potentialAction":[{"@type":"ReadAction","target":["https:\/\/www.naturparkmagazin.de\/stechlin\/kino-brueckenschlag-im-maerz\/"]}]},{"@type":"BreadcrumbList","@id":"https:\/\/www.naturparkmagazin.de\/stechlin\/kino-brueckenschlag-im-maerz\/#breadcrumb","itemListElement":[{"@type":"ListItem","position":1,"name":"Home","item":"https:\/\/www.naturparkmagazin.de\/stechlin\/"},{"@type":"ListItem","position":2,"name":"F\u00fcrstenberger Kino Br\u00fcckenschlag im M\u00e4rz"}]},{"@type":"WebSite","@id":"https:\/\/www.naturparkmagazin.de\/stechlin\/#website","url":"https:\/\/www.naturparkmagazin.de\/stechlin\/","name":"Naturpark Stechlin-Ruppiner Land","description":"","potentialAction":[{"@type":"SearchAction","target":{"@type":"EntryPoint","urlTemplate":"https:\/\/www.naturparkmagazin.de\/stechlin\/?s={search_term_string}"},"query-input":"required name=search_term_string"}],"inLanguage":"de"},{"@type":"Person","@id":"https:\/\/www.naturparkmagazin.de\/stechlin\/#\/schema\/person\/3f0d93203df21c806dd63c76d9bb28bc","name":"marioschrumpf","url":"https:\/\/www.naturparkmagazin.de\/stechlin\/author\/marioschrumpf\/"}]}},"_links":{"self":[{"href":"https:\/\/www.naturparkmagazin.de\/stechlin\/wp-json\/wp\/v2\/posts\/14932"}],"collection":[{"href":"https:\/\/www.naturparkmagazin.de\/stechlin\/wp-json\/wp\/v2\/posts"}],"about":[{"href":"https:\/\/www.naturparkmagazin.de\/stechlin\/wp-json\/wp\/v2\/types\/post"}],"author":[{"embeddable":true,"href":"https:\/\/www.naturparkmagazin.de\/stechlin\/wp-json\/wp\/v2\/users\/39"}],"replies":[{"embeddable":true,"href":"https:\/\/www.naturparkmagazin.de\/stechlin\/wp-json\/wp\/v2\/comments?post=14932"}],"version-history":[{"count":5,"href":"https:\/\/www.naturparkmagazin.de\/stechlin\/wp-json\/wp\/v2\/posts\/14932\/revisions"}],"predecessor-version":[{"id":15112,"href":"https:\/\/www.naturparkmagazin.de\/stechlin\/wp-json\/wp\/v2\/posts\/14932\/revisions\/15112"}],"wp:featuredmedia":[{"embeddable":true,"href":"https:\/\/www.naturparkmagazin.de\/stechlin\/wp-json\/wp\/v2\/media\/12836"}],"wp:attachment":[{"href":"https:\/\/www.naturparkmagazin.de\/stechlin\/wp-json\/wp\/v2\/media?parent=14932"}],"wp:term":[{"taxonomy":"category","embeddable":true,"href":"https:\/\/www.naturparkmagazin.de\/stechlin\/wp-json\/wp\/v2\/categories?post=14932"},{"taxonomy":"post_tag","embeddable":true,"href":"https:\/\/www.naturparkmagazin.de\/stechlin\/wp-json\/wp\/v2\/tags?post=14932"}],"curies":[{"name":"wp","href":"https:\/\/api.w.org\/{rel}","templated":true}]}}