{"id":1495,"date":"2014-10-23T14:29:31","date_gmt":"2014-10-23T12:29:31","guid":{"rendered":"http:\/\/www.naturparkmagazin.de\/stechlin\/?p=1495"},"modified":"2014-10-24T18:55:33","modified_gmt":"2014-10-24T16:55:33","slug":"limnologen-und-naturpark-besiegeln-kooperation","status":"publish","type":"post","link":"https:\/\/www.naturparkmagazin.de\/stechlin\/limnologen-und-naturpark-besiegeln-kooperation\/","title":{"rendered":"Limnologen und Naturpark besiegeln Kooperation"},"content":{"rendered":"<p><a href=\"https:\/\/www.naturparkmagazin.de\/stechlin\/wp-content\/uploads\/sites\/38\/k-Stechlinsee_Foto-Thomas-Gonsiorczyk.jpg\"><img decoding=\"async\" loading=\"lazy\" class=\"size-medium wp-image-1496\" alt=\"Hoch schlagen die Wellen am Stechlin (Autor: Thomas Gonsiorczyk)\" src=\"https:\/\/www.naturparkmagazin.de\/stechlin\/wp-content\/uploads\/sites\/38\/k-Stechlinsee_Foto-Thomas-Gonsiorczyk-620x465.jpg\" width=\"620\" height=\"465\" srcset=\"https:\/\/www.naturparkmagazin.de\/stechlin\/wp-content\/uploads\/sites\/38\/k-Stechlinsee_Foto-Thomas-Gonsiorczyk-620x465.jpg 620w, https:\/\/www.naturparkmagazin.de\/stechlin\/wp-content\/uploads\/sites\/38\/k-Stechlinsee_Foto-Thomas-Gonsiorczyk-300x225.jpg 300w, https:\/\/www.naturparkmagazin.de\/stechlin\/wp-content\/uploads\/sites\/38\/k-Stechlinsee_Foto-Thomas-Gonsiorczyk-580x435.jpg 580w, https:\/\/www.naturparkmagazin.de\/stechlin\/wp-content\/uploads\/sites\/38\/k-Stechlinsee_Foto-Thomas-Gonsiorczyk-420x315.jpg 420w, https:\/\/www.naturparkmagazin.de\/stechlin\/wp-content\/uploads\/sites\/38\/k-Stechlinsee_Foto-Thomas-Gonsiorczyk-180x135.jpg 180w, https:\/\/www.naturparkmagazin.de\/stechlin\/wp-content\/uploads\/sites\/38\/k-Stechlinsee_Foto-Thomas-Gonsiorczyk-95x71.jpg 95w, https:\/\/www.naturparkmagazin.de\/stechlin\/wp-content\/uploads\/sites\/38\/k-Stechlinsee_Foto-Thomas-Gonsiorczyk-200x150.jpg 200w, https:\/\/www.naturparkmagazin.de\/stechlin\/wp-content\/uploads\/sites\/38\/k-Stechlinsee_Foto-Thomas-Gonsiorczyk.jpg 640w\" sizes=\"(max-width: 620px) 100vw, 620px\" \/><\/a><\/p>\n<dl class=\"wp-caption alignnone\" id=\"attachment_1496\" style=\"width: 630px\">\n<dt class=\"wp-caption-dt\"><\/dt>\n<dd class=\"wp-caption-dd\">Hoch schlagen die Wellen am Stechlin (Autor: Thomas Gonsiorczyk)<\/dd>\n<\/dl>\n<p>\u00a0Ein Kooperationsvertrag verbindet k\u00fcnftig den Naturpark Stechlin-Ruppiner Land und das Leibniz-Institut f\u00fcr Gew\u00e4sser\u00f6kologie und Binnenfischerei in Neuglobsow. Mit der Unterzeichnung im Rahmen der Tagung \u201eDialog am Stechlin\u201c am\u00a025. Oktober wird\u00a0die mit der Gr\u00fcndung des Naturparks im Jahr 2001 begonnene Zusammenarbeit in neuer Qualit\u00e4t fortgef\u00fchrt.\u00a0Zu den bisherigen gemeinsamen Erfolgen z\u00e4hlt unter anderem, dass mit dem Hydrologischen Gutachten f\u00fcr die Stechlinsee-Region wichtige Grundlagen f\u00fcr das EU-Life-Projekt Stechlin geschaffen wurden.<b>\u00a0<\/b>Ziel des Kooperationsvertrages ist es, Naturschutzarbeit und gew\u00e4sser\u00f6kologische Forschung im Naturpark weiter zu st\u00e4rken. So wollen beide Einrichtungen Kommunen und Beh\u00f6rden zu naturschutzfachlichen und limnologischen Fragen sowie zu Themen der nachhaltigen Regionalentwicklung beraten. Wissenschaftliche Veranstaltungen wie der Dialog am Stechlin sollen gemeinsam organisiert und Informationen zu geplanten Projekten ausgetauscht werden. Im Rahmen der Bildung f\u00fcr nachhaltige Entwicklung wollen sich beide Partner im Besucherzentrum NaturParkHaus Stechlin, in den Naturparkschulen und bei der Umweltbildungsarbeit der Naturwacht engagieren. Nicht zuletzt wird seitens des Instituts wissenschaftliche Expertise zu Fragen der Gew\u00e4sser\u00f6kologie, zum Schutz von Gew\u00e4ssern und deren Einzugsgebiete, zur Gew\u00e4ssersanierung, zum Naturtourismus sowie zum Management von NATURA-2000-Gebieten bereitgestellt. Dazu sollen die technischen Ressourcen beider Einrichtungen auch gemeinsam genutzt werden. In Neuglobsow erforschen Wissenschaftler seit mehr als 50 Jahren Norddeutschlands ber\u00fchmtesten Klarwassersee. Aus einem einst im Zusammenhang mit dem Bau des Kernkraftwerkes Rheinsberg errichteten Forschungsinstitut ist nach der Wende die Abteilung experimentelle Limnologie am Leibniz-Institut f\u00fcr Gew\u00e4sser\u00f6kologie und Binnenfischerei Berlin hervorgegangen. Dank der jahrzehntelangen Forschungsarbeit geh\u00f6rt der Gro\u00dfe Stechlinsee zu den weltweit am besten untersuchten Seen.<\/p>\n","protected":false},"excerpt":{"rendered":"<p>Ein Kooperationsvertrag verbindet k\u00fcnftig den Naturpark Stechlin-Ruppiner Land und das Leibniz-Institut f\u00fcr Gew\u00e4sser\u00f6kologie und Binnenfischerei in Neuglobsow. <\/p>\n","protected":false},"author":39,"featured_media":1496,"comment_status":"open","ping_status":"open","sticky":false,"template":"","format":"standard","meta":[],"categories":[7],"tags":[],"yoast_head":"<!-- This site is optimized with the Yoast SEO plugin v19.10 - https:\/\/yoast.com\/wordpress\/plugins\/seo\/ -->\n<title>Limnologen und Naturpark besiegeln Kooperation - Naturpark Stechlin-Ruppiner Land<\/title>\n<meta name=\"robots\" content=\"index, follow, max-snippet:-1, max-image-preview:large, max-video-preview:-1\" \/>\n<link rel=\"canonical\" href=\"https:\/\/www.naturparkmagazin.de\/stechlin\/limnologen-und-naturpark-besiegeln-kooperation\/\" \/>\n<meta property=\"og:locale\" content=\"de_DE\" \/>\n<meta property=\"og:type\" content=\"article\" \/>\n<meta property=\"og:title\" content=\"Limnologen und Naturpark besiegeln Kooperation - Naturpark Stechlin-Ruppiner Land\" \/>\n<meta property=\"og:description\" content=\"Ein Kooperationsvertrag verbindet k\u00fcnftig den Naturpark Stechlin-Ruppiner Land und das Leibniz-Institut f\u00fcr Gew\u00e4sser\u00f6kologie und Binnenfischerei in Neuglobsow.\" \/>\n<meta property=\"og:url\" content=\"https:\/\/www.naturparkmagazin.de\/stechlin\/limnologen-und-naturpark-besiegeln-kooperation\/\" \/>\n<meta property=\"og:site_name\" content=\"Naturpark Stechlin-Ruppiner Land\" \/>\n<meta property=\"article:published_time\" content=\"2014-10-23T12:29:31+00:00\" \/>\n<meta property=\"article:modified_time\" content=\"2014-10-24T16:55:33+00:00\" \/>\n<meta property=\"og:image\" content=\"https:\/\/www.naturparkmagazin.de\/stechlin\/wp-content\/uploads\/sites\/38\/k-Stechlinsee_Foto-Thomas-Gonsiorczyk.jpg\" \/>\n\t<meta property=\"og:image:width\" content=\"640\" \/>\n\t<meta property=\"og:image:height\" content=\"480\" \/>\n\t<meta property=\"og:image:type\" content=\"image\/jpeg\" \/>\n<meta name=\"author\" content=\"marioschrumpf\" \/>\n<meta name=\"twitter:label1\" content=\"Verfasst von\" \/>\n\t<meta name=\"twitter:data1\" content=\"marioschrumpf\" \/>\n\t<meta name=\"twitter:label2\" content=\"Gesch\u00e4tzte Lesezeit\" \/>\n\t<meta name=\"twitter:data2\" content=\"1\u00a0Minute\" \/>\n<script type=\"application\/ld+json\" class=\"yoast-schema-graph\">{\"@context\":\"https:\/\/schema.org\",\"@graph\":[{\"@type\":\"WebPage\",\"@id\":\"https:\/\/www.naturparkmagazin.de\/stechlin\/limnologen-und-naturpark-besiegeln-kooperation\/\",\"url\":\"https:\/\/www.naturparkmagazin.de\/stechlin\/limnologen-und-naturpark-besiegeln-kooperation\/\",\"name\":\"Limnologen und Naturpark besiegeln Kooperation - Naturpark Stechlin-Ruppiner Land\",\"isPartOf\":{\"@id\":\"https:\/\/www.naturparkmagazin.de\/stechlin\/#website\"},\"datePublished\":\"2014-10-23T12:29:31+00:00\",\"dateModified\":\"2014-10-24T16:55:33+00:00\",\"author\":{\"@id\":\"https:\/\/www.naturparkmagazin.de\/stechlin\/#\/schema\/person\/3f0d93203df21c806dd63c76d9bb28bc\"},\"breadcrumb\":{\"@id\":\"https:\/\/www.naturparkmagazin.de\/stechlin\/limnologen-und-naturpark-besiegeln-kooperation\/#breadcrumb\"},\"inLanguage\":\"de\",\"potentialAction\":[{\"@type\":\"ReadAction\",\"target\":[\"https:\/\/www.naturparkmagazin.de\/stechlin\/limnologen-und-naturpark-besiegeln-kooperation\/\"]}]},{\"@type\":\"BreadcrumbList\",\"@id\":\"https:\/\/www.naturparkmagazin.de\/stechlin\/limnologen-und-naturpark-besiegeln-kooperation\/#breadcrumb\",\"itemListElement\":[{\"@type\":\"ListItem\",\"position\":1,\"name\":\"Home\",\"item\":\"https:\/\/www.naturparkmagazin.de\/stechlin\/\"},{\"@type\":\"ListItem\",\"position\":2,\"name\":\"Limnologen und Naturpark besiegeln Kooperation\"}]},{\"@type\":\"WebSite\",\"@id\":\"https:\/\/www.naturparkmagazin.de\/stechlin\/#website\",\"url\":\"https:\/\/www.naturparkmagazin.de\/stechlin\/\",\"name\":\"Naturpark Stechlin-Ruppiner Land\",\"description\":\"\",\"potentialAction\":[{\"@type\":\"SearchAction\",\"target\":{\"@type\":\"EntryPoint\",\"urlTemplate\":\"https:\/\/www.naturparkmagazin.de\/stechlin\/?s={search_term_string}\"},\"query-input\":\"required name=search_term_string\"}],\"inLanguage\":\"de\"},{\"@type\":\"Person\",\"@id\":\"https:\/\/www.naturparkmagazin.de\/stechlin\/#\/schema\/person\/3f0d93203df21c806dd63c76d9bb28bc\",\"name\":\"marioschrumpf\",\"url\":\"https:\/\/www.naturparkmagazin.de\/stechlin\/author\/marioschrumpf\/\"}]}<\/script>\n<!-- \/ Yoast SEO plugin. -->","yoast_head_json":{"title":"Limnologen und Naturpark besiegeln Kooperation - Naturpark Stechlin-Ruppiner Land","robots":{"index":"index","follow":"follow","max-snippet":"max-snippet:-1","max-image-preview":"max-image-preview:large","max-video-preview":"max-video-preview:-1"},"canonical":"https:\/\/www.naturparkmagazin.de\/stechlin\/limnologen-und-naturpark-besiegeln-kooperation\/","og_locale":"de_DE","og_type":"article","og_title":"Limnologen und Naturpark besiegeln Kooperation - Naturpark Stechlin-Ruppiner Land","og_description":"Ein Kooperationsvertrag verbindet k\u00fcnftig den Naturpark Stechlin-Ruppiner Land und das Leibniz-Institut f\u00fcr Gew\u00e4sser\u00f6kologie und Binnenfischerei in Neuglobsow.","og_url":"https:\/\/www.naturparkmagazin.de\/stechlin\/limnologen-und-naturpark-besiegeln-kooperation\/","og_site_name":"Naturpark Stechlin-Ruppiner Land","article_published_time":"2014-10-23T12:29:31+00:00","article_modified_time":"2014-10-24T16:55:33+00:00","og_image":[{"width":640,"height":480,"url":"https:\/\/www.naturparkmagazin.de\/stechlin\/wp-content\/uploads\/sites\/38\/k-Stechlinsee_Foto-Thomas-Gonsiorczyk.jpg","type":"image\/jpeg"}],"author":"marioschrumpf","twitter_misc":{"Verfasst von":"marioschrumpf","Gesch\u00e4tzte Lesezeit":"1\u00a0Minute"},"schema":{"@context":"https:\/\/schema.org","@graph":[{"@type":"WebPage","@id":"https:\/\/www.naturparkmagazin.de\/stechlin\/limnologen-und-naturpark-besiegeln-kooperation\/","url":"https:\/\/www.naturparkmagazin.de\/stechlin\/limnologen-und-naturpark-besiegeln-kooperation\/","name":"Limnologen und Naturpark besiegeln Kooperation - Naturpark Stechlin-Ruppiner Land","isPartOf":{"@id":"https:\/\/www.naturparkmagazin.de\/stechlin\/#website"},"datePublished":"2014-10-23T12:29:31+00:00","dateModified":"2014-10-24T16:55:33+00:00","author":{"@id":"https:\/\/www.naturparkmagazin.de\/stechlin\/#\/schema\/person\/3f0d93203df21c806dd63c76d9bb28bc"},"breadcrumb":{"@id":"https:\/\/www.naturparkmagazin.de\/stechlin\/limnologen-und-naturpark-besiegeln-kooperation\/#breadcrumb"},"inLanguage":"de","potentialAction":[{"@type":"ReadAction","target":["https:\/\/www.naturparkmagazin.de\/stechlin\/limnologen-und-naturpark-besiegeln-kooperation\/"]}]},{"@type":"BreadcrumbList","@id":"https:\/\/www.naturparkmagazin.de\/stechlin\/limnologen-und-naturpark-besiegeln-kooperation\/#breadcrumb","itemListElement":[{"@type":"ListItem","position":1,"name":"Home","item":"https:\/\/www.naturparkmagazin.de\/stechlin\/"},{"@type":"ListItem","position":2,"name":"Limnologen und Naturpark besiegeln Kooperation"}]},{"@type":"WebSite","@id":"https:\/\/www.naturparkmagazin.de\/stechlin\/#website","url":"https:\/\/www.naturparkmagazin.de\/stechlin\/","name":"Naturpark Stechlin-Ruppiner Land","description":"","potentialAction":[{"@type":"SearchAction","target":{"@type":"EntryPoint","urlTemplate":"https:\/\/www.naturparkmagazin.de\/stechlin\/?s={search_term_string}"},"query-input":"required name=search_term_string"}],"inLanguage":"de"},{"@type":"Person","@id":"https:\/\/www.naturparkmagazin.de\/stechlin\/#\/schema\/person\/3f0d93203df21c806dd63c76d9bb28bc","name":"marioschrumpf","url":"https:\/\/www.naturparkmagazin.de\/stechlin\/author\/marioschrumpf\/"}]}},"_links":{"self":[{"href":"https:\/\/www.naturparkmagazin.de\/stechlin\/wp-json\/wp\/v2\/posts\/1495"}],"collection":[{"href":"https:\/\/www.naturparkmagazin.de\/stechlin\/wp-json\/wp\/v2\/posts"}],"about":[{"href":"https:\/\/www.naturparkmagazin.de\/stechlin\/wp-json\/wp\/v2\/types\/post"}],"author":[{"embeddable":true,"href":"https:\/\/www.naturparkmagazin.de\/stechlin\/wp-json\/wp\/v2\/users\/39"}],"replies":[{"embeddable":true,"href":"https:\/\/www.naturparkmagazin.de\/stechlin\/wp-json\/wp\/v2\/comments?post=1495"}],"version-history":[{"count":3,"href":"https:\/\/www.naturparkmagazin.de\/stechlin\/wp-json\/wp\/v2\/posts\/1495\/revisions"}],"predecessor-version":[{"id":1510,"href":"https:\/\/www.naturparkmagazin.de\/stechlin\/wp-json\/wp\/v2\/posts\/1495\/revisions\/1510"}],"wp:featuredmedia":[{"embeddable":true,"href":"https:\/\/www.naturparkmagazin.de\/stechlin\/wp-json\/wp\/v2\/media\/1496"}],"wp:attachment":[{"href":"https:\/\/www.naturparkmagazin.de\/stechlin\/wp-json\/wp\/v2\/media?parent=1495"}],"wp:term":[{"taxonomy":"category","embeddable":true,"href":"https:\/\/www.naturparkmagazin.de\/stechlin\/wp-json\/wp\/v2\/categories?post=1495"},{"taxonomy":"post_tag","embeddable":true,"href":"https:\/\/www.naturparkmagazin.de\/stechlin\/wp-json\/wp\/v2\/tags?post=1495"}],"curies":[{"name":"wp","href":"https:\/\/api.w.org\/{rel}","templated":true}]}}