{"id":1498,"date":"2014-10-23T15:27:03","date_gmt":"2014-10-23T13:27:03","guid":{"rendered":"http:\/\/www.naturparkmagazin.de\/stechlin\/?p=1498"},"modified":"2014-10-24T18:53:17","modified_gmt":"2014-10-24T16:53:17","slug":"landesweite-kampagne-gegen-gartenabfaelle-im-wald-gestartet","status":"publish","type":"post","link":"https:\/\/www.naturparkmagazin.de\/stechlin\/landesweite-kampagne-gegen-gartenabfaelle-im-wald-gestartet\/","title":{"rendered":"Landesweite Kampagne gegen Gartenabf\u00e4lle im Wald gestartet"},"content":{"rendered":"<div id=\"attachment_1500\" style=\"width: 630px\" class=\"wp-caption alignnone\"><a href=\"https:\/\/www.naturparkmagazin.de\/stechlin\/wp-content\/uploads\/sites\/38\/k-DSC_00151.jpg\"><img aria-describedby=\"caption-attachment-1500\" decoding=\"async\" loading=\"lazy\" class=\"size-medium wp-image-1500\" alt=\"Die Presse greift das Thema dankbar auf.\" src=\"https:\/\/www.naturparkmagazin.de\/stechlin\/wp-content\/uploads\/sites\/38\/k-DSC_00151-620x465.jpg\" width=\"620\" height=\"465\" srcset=\"https:\/\/www.naturparkmagazin.de\/stechlin\/wp-content\/uploads\/sites\/38\/k-DSC_00151-620x465.jpg 620w, https:\/\/www.naturparkmagazin.de\/stechlin\/wp-content\/uploads\/sites\/38\/k-DSC_00151-300x225.jpg 300w, https:\/\/www.naturparkmagazin.de\/stechlin\/wp-content\/uploads\/sites\/38\/k-DSC_00151-580x435.jpg 580w, https:\/\/www.naturparkmagazin.de\/stechlin\/wp-content\/uploads\/sites\/38\/k-DSC_00151-420x315.jpg 420w, https:\/\/www.naturparkmagazin.de\/stechlin\/wp-content\/uploads\/sites\/38\/k-DSC_00151-180x135.jpg 180w, https:\/\/www.naturparkmagazin.de\/stechlin\/wp-content\/uploads\/sites\/38\/k-DSC_00151-95x71.jpg 95w, https:\/\/www.naturparkmagazin.de\/stechlin\/wp-content\/uploads\/sites\/38\/k-DSC_00151-200x150.jpg 200w, https:\/\/www.naturparkmagazin.de\/stechlin\/wp-content\/uploads\/sites\/38\/k-DSC_00151.jpg 640w\" sizes=\"(max-width: 620px) 100vw, 620px\" \/><\/a><p id=\"caption-attachment-1500\" class=\"wp-caption-text\">Die Presse greift das Thema dankbar auf.<\/p><\/div>\n<p>Mit einem Aktionstag im Oktober wollten das Brandenburger Forst- und das Umweltministerium \u00fcber die mit der illegalen Entsorgung von Gartenabf\u00e4llen im Wald verbundenen Probleme aufkl\u00e4ren. Die Naturwacht des Naturparks Stechlin-Ruppiner Land kennt sie zur Gen\u00fcge, die illegalen Gr\u00fcnabfallablagerungen an den Ortsr\u00e4ndern. Oft landet der beim Herausputzen des eigenen Gartens anfallende Gr\u00fcnschnitt im Wald. Das was f\u00fcr viele B\u00fcrgerinnen und B\u00fcrger &#8222;nur Natur&#8220; ist, treibt Botanikern die Zornesr\u00f6te ins Gesicht. Viele invasive, nicht heimische Pflanzenarten haben auf diesem Weg Eingang in den Naturpark gefunden. Ob Riesen-B\u00e4renklau, Kanadische Goldrute oder Indisches Springkraut &#8211; sie alle geh\u00f6ren nicht in unsere Natur und breiten sich rasant aus. F\u00fcr die heimische Pflanzenwelt sind sie aufgrund der Verdr\u00e4ngung weniger konkurrenzf\u00e4higer, heimischer Arten eine echte Gefahr. Am landesweiten Aktionstag haben Forstverwaltung, Naturpark, Naturwacht und Abfallbeh\u00f6rde auf Gef\u00e4hrdungen durch spontan eingeb\u00fcrgerte Noephyten hingewiesen und f\u00fcr eine fachgerechte Entsorgung sensibilisiert. Egal ob Eigenkompostierung, Recyclinghof oder Gr\u00fcncontainer &#8211; Alternativen zur illegalen Entsorgung gibt es genug.<\/p>\n<p>Die Naturparkverwaltung beteiligte sich an einem gemeinsamen Pressetermin in Zusammenarbeit mit der Oberf\u00f6rsterei Neuruppin und der Abfallentsorgung des Landkreises Ostprignitz-Ruppin.<\/p>\n","protected":false},"excerpt":{"rendered":"<p>Mit einem Aktionstag im Oktober wollten das Brandenburger Forst- und das Umweltministerium \u00fcber die mit der illegalen Entsorgung von Gartenabf\u00e4llen im Wald verbundenen Probleme aufkl\u00e4ren. <\/p>\n","protected":false},"author":39,"featured_media":1499,"comment_status":"open","ping_status":"open","sticky":false,"template":"","format":"standard","meta":[],"categories":[7],"tags":[],"yoast_head":"<!-- This site is optimized with the Yoast SEO plugin v19.10 - https:\/\/yoast.com\/wordpress\/plugins\/seo\/ -->\n<title>Landesweite Kampagne gegen Gartenabf\u00e4lle im Wald gestartet - Naturpark Stechlin-Ruppiner Land<\/title>\n<meta name=\"robots\" content=\"index, follow, max-snippet:-1, max-image-preview:large, max-video-preview:-1\" \/>\n<link rel=\"canonical\" href=\"https:\/\/www.naturparkmagazin.de\/stechlin\/landesweite-kampagne-gegen-gartenabfaelle-im-wald-gestartet\/\" \/>\n<meta property=\"og:locale\" content=\"de_DE\" \/>\n<meta property=\"og:type\" content=\"article\" \/>\n<meta property=\"og:title\" content=\"Landesweite Kampagne gegen Gartenabf\u00e4lle im Wald gestartet - Naturpark Stechlin-Ruppiner Land\" \/>\n<meta property=\"og:description\" content=\"Mit einem Aktionstag im Oktober wollten das Brandenburger Forst- und das Umweltministerium \u00fcber die mit der illegalen Entsorgung von Gartenabf\u00e4llen im Wald verbundenen Probleme aufkl\u00e4ren.\" \/>\n<meta property=\"og:url\" content=\"https:\/\/www.naturparkmagazin.de\/stechlin\/landesweite-kampagne-gegen-gartenabfaelle-im-wald-gestartet\/\" \/>\n<meta property=\"og:site_name\" content=\"Naturpark Stechlin-Ruppiner Land\" \/>\n<meta property=\"article:published_time\" content=\"2014-10-23T13:27:03+00:00\" \/>\n<meta property=\"article:modified_time\" content=\"2014-10-24T16:53:17+00:00\" \/>\n<meta property=\"og:image\" content=\"https:\/\/www.naturparkmagazin.de\/stechlin\/wp-content\/uploads\/sites\/38\/k-DSC_00211.jpg\" \/>\n\t<meta property=\"og:image:width\" content=\"640\" \/>\n\t<meta property=\"og:image:height\" content=\"480\" \/>\n\t<meta property=\"og:image:type\" content=\"image\/jpeg\" \/>\n<meta name=\"author\" content=\"marioschrumpf\" \/>\n<meta name=\"twitter:label1\" content=\"Verfasst von\" \/>\n\t<meta name=\"twitter:data1\" content=\"marioschrumpf\" \/>\n\t<meta name=\"twitter:label2\" content=\"Gesch\u00e4tzte Lesezeit\" \/>\n\t<meta name=\"twitter:data2\" content=\"1\u00a0Minute\" \/>\n<script type=\"application\/ld+json\" class=\"yoast-schema-graph\">{\"@context\":\"https:\/\/schema.org\",\"@graph\":[{\"@type\":\"WebPage\",\"@id\":\"https:\/\/www.naturparkmagazin.de\/stechlin\/landesweite-kampagne-gegen-gartenabfaelle-im-wald-gestartet\/\",\"url\":\"https:\/\/www.naturparkmagazin.de\/stechlin\/landesweite-kampagne-gegen-gartenabfaelle-im-wald-gestartet\/\",\"name\":\"Landesweite Kampagne gegen Gartenabf\u00e4lle im Wald gestartet - Naturpark Stechlin-Ruppiner Land\",\"isPartOf\":{\"@id\":\"https:\/\/www.naturparkmagazin.de\/stechlin\/#website\"},\"datePublished\":\"2014-10-23T13:27:03+00:00\",\"dateModified\":\"2014-10-24T16:53:17+00:00\",\"author\":{\"@id\":\"https:\/\/www.naturparkmagazin.de\/stechlin\/#\/schema\/person\/3f0d93203df21c806dd63c76d9bb28bc\"},\"breadcrumb\":{\"@id\":\"https:\/\/www.naturparkmagazin.de\/stechlin\/landesweite-kampagne-gegen-gartenabfaelle-im-wald-gestartet\/#breadcrumb\"},\"inLanguage\":\"de\",\"potentialAction\":[{\"@type\":\"ReadAction\",\"target\":[\"https:\/\/www.naturparkmagazin.de\/stechlin\/landesweite-kampagne-gegen-gartenabfaelle-im-wald-gestartet\/\"]}]},{\"@type\":\"BreadcrumbList\",\"@id\":\"https:\/\/www.naturparkmagazin.de\/stechlin\/landesweite-kampagne-gegen-gartenabfaelle-im-wald-gestartet\/#breadcrumb\",\"itemListElement\":[{\"@type\":\"ListItem\",\"position\":1,\"name\":\"Home\",\"item\":\"https:\/\/www.naturparkmagazin.de\/stechlin\/\"},{\"@type\":\"ListItem\",\"position\":2,\"name\":\"Landesweite Kampagne gegen Gartenabf\u00e4lle im Wald gestartet\"}]},{\"@type\":\"WebSite\",\"@id\":\"https:\/\/www.naturparkmagazin.de\/stechlin\/#website\",\"url\":\"https:\/\/www.naturparkmagazin.de\/stechlin\/\",\"name\":\"Naturpark Stechlin-Ruppiner Land\",\"description\":\"\",\"potentialAction\":[{\"@type\":\"SearchAction\",\"target\":{\"@type\":\"EntryPoint\",\"urlTemplate\":\"https:\/\/www.naturparkmagazin.de\/stechlin\/?s={search_term_string}\"},\"query-input\":\"required name=search_term_string\"}],\"inLanguage\":\"de\"},{\"@type\":\"Person\",\"@id\":\"https:\/\/www.naturparkmagazin.de\/stechlin\/#\/schema\/person\/3f0d93203df21c806dd63c76d9bb28bc\",\"name\":\"marioschrumpf\",\"url\":\"https:\/\/www.naturparkmagazin.de\/stechlin\/author\/marioschrumpf\/\"}]}<\/script>\n<!-- \/ Yoast SEO plugin. -->","yoast_head_json":{"title":"Landesweite Kampagne gegen Gartenabf\u00e4lle im Wald gestartet - Naturpark Stechlin-Ruppiner Land","robots":{"index":"index","follow":"follow","max-snippet":"max-snippet:-1","max-image-preview":"max-image-preview:large","max-video-preview":"max-video-preview:-1"},"canonical":"https:\/\/www.naturparkmagazin.de\/stechlin\/landesweite-kampagne-gegen-gartenabfaelle-im-wald-gestartet\/","og_locale":"de_DE","og_type":"article","og_title":"Landesweite Kampagne gegen Gartenabf\u00e4lle im Wald gestartet - Naturpark Stechlin-Ruppiner Land","og_description":"Mit einem Aktionstag im Oktober wollten das Brandenburger Forst- und das Umweltministerium \u00fcber die mit der illegalen Entsorgung von Gartenabf\u00e4llen im Wald verbundenen Probleme aufkl\u00e4ren.","og_url":"https:\/\/www.naturparkmagazin.de\/stechlin\/landesweite-kampagne-gegen-gartenabfaelle-im-wald-gestartet\/","og_site_name":"Naturpark Stechlin-Ruppiner Land","article_published_time":"2014-10-23T13:27:03+00:00","article_modified_time":"2014-10-24T16:53:17+00:00","og_image":[{"width":640,"height":480,"url":"https:\/\/www.naturparkmagazin.de\/stechlin\/wp-content\/uploads\/sites\/38\/k-DSC_00211.jpg","type":"image\/jpeg"}],"author":"marioschrumpf","twitter_misc":{"Verfasst von":"marioschrumpf","Gesch\u00e4tzte Lesezeit":"1\u00a0Minute"},"schema":{"@context":"https:\/\/schema.org","@graph":[{"@type":"WebPage","@id":"https:\/\/www.naturparkmagazin.de\/stechlin\/landesweite-kampagne-gegen-gartenabfaelle-im-wald-gestartet\/","url":"https:\/\/www.naturparkmagazin.de\/stechlin\/landesweite-kampagne-gegen-gartenabfaelle-im-wald-gestartet\/","name":"Landesweite Kampagne gegen Gartenabf\u00e4lle im Wald gestartet - Naturpark Stechlin-Ruppiner Land","isPartOf":{"@id":"https:\/\/www.naturparkmagazin.de\/stechlin\/#website"},"datePublished":"2014-10-23T13:27:03+00:00","dateModified":"2014-10-24T16:53:17+00:00","author":{"@id":"https:\/\/www.naturparkmagazin.de\/stechlin\/#\/schema\/person\/3f0d93203df21c806dd63c76d9bb28bc"},"breadcrumb":{"@id":"https:\/\/www.naturparkmagazin.de\/stechlin\/landesweite-kampagne-gegen-gartenabfaelle-im-wald-gestartet\/#breadcrumb"},"inLanguage":"de","potentialAction":[{"@type":"ReadAction","target":["https:\/\/www.naturparkmagazin.de\/stechlin\/landesweite-kampagne-gegen-gartenabfaelle-im-wald-gestartet\/"]}]},{"@type":"BreadcrumbList","@id":"https:\/\/www.naturparkmagazin.de\/stechlin\/landesweite-kampagne-gegen-gartenabfaelle-im-wald-gestartet\/#breadcrumb","itemListElement":[{"@type":"ListItem","position":1,"name":"Home","item":"https:\/\/www.naturparkmagazin.de\/stechlin\/"},{"@type":"ListItem","position":2,"name":"Landesweite Kampagne gegen Gartenabf\u00e4lle im Wald gestartet"}]},{"@type":"WebSite","@id":"https:\/\/www.naturparkmagazin.de\/stechlin\/#website","url":"https:\/\/www.naturparkmagazin.de\/stechlin\/","name":"Naturpark Stechlin-Ruppiner Land","description":"","potentialAction":[{"@type":"SearchAction","target":{"@type":"EntryPoint","urlTemplate":"https:\/\/www.naturparkmagazin.de\/stechlin\/?s={search_term_string}"},"query-input":"required name=search_term_string"}],"inLanguage":"de"},{"@type":"Person","@id":"https:\/\/www.naturparkmagazin.de\/stechlin\/#\/schema\/person\/3f0d93203df21c806dd63c76d9bb28bc","name":"marioschrumpf","url":"https:\/\/www.naturparkmagazin.de\/stechlin\/author\/marioschrumpf\/"}]}},"_links":{"self":[{"href":"https:\/\/www.naturparkmagazin.de\/stechlin\/wp-json\/wp\/v2\/posts\/1498"}],"collection":[{"href":"https:\/\/www.naturparkmagazin.de\/stechlin\/wp-json\/wp\/v2\/posts"}],"about":[{"href":"https:\/\/www.naturparkmagazin.de\/stechlin\/wp-json\/wp\/v2\/types\/post"}],"author":[{"embeddable":true,"href":"https:\/\/www.naturparkmagazin.de\/stechlin\/wp-json\/wp\/v2\/users\/39"}],"replies":[{"embeddable":true,"href":"https:\/\/www.naturparkmagazin.de\/stechlin\/wp-json\/wp\/v2\/comments?post=1498"}],"version-history":[{"count":3,"href":"https:\/\/www.naturparkmagazin.de\/stechlin\/wp-json\/wp\/v2\/posts\/1498\/revisions"}],"predecessor-version":[{"id":1508,"href":"https:\/\/www.naturparkmagazin.de\/stechlin\/wp-json\/wp\/v2\/posts\/1498\/revisions\/1508"}],"wp:featuredmedia":[{"embeddable":true,"href":"https:\/\/www.naturparkmagazin.de\/stechlin\/wp-json\/wp\/v2\/media\/1499"}],"wp:attachment":[{"href":"https:\/\/www.naturparkmagazin.de\/stechlin\/wp-json\/wp\/v2\/media?parent=1498"}],"wp:term":[{"taxonomy":"category","embeddable":true,"href":"https:\/\/www.naturparkmagazin.de\/stechlin\/wp-json\/wp\/v2\/categories?post=1498"},{"taxonomy":"post_tag","embeddable":true,"href":"https:\/\/www.naturparkmagazin.de\/stechlin\/wp-json\/wp\/v2\/tags?post=1498"}],"curies":[{"name":"wp","href":"https:\/\/api.w.org\/{rel}","templated":true}]}}