{"id":15008,"date":"2024-02-20T16:05:28","date_gmt":"2024-02-20T15:05:28","guid":{"rendered":"https:\/\/www.naturparkmagazin.de\/stechlin\/?p=15008"},"modified":"2025-02-24T16:53:32","modified_gmt":"2025-02-24T15:53:32","slug":"5-fontane-wandermarathon-ausverkauft","status":"publish","type":"post","link":"https:\/\/www.naturparkmagazin.de\/stechlin\/5-fontane-wandermarathon-ausverkauft\/","title":{"rendered":"5. Fontane-Wandermarathon ausverkauft! (2024)"},"content":{"rendered":"<p>Das Online-Portal f\u00fcr die Startplatz-Buchung ist seit 21. Februar 2024 ge\u00f6ffnet. Leider sind die <strong>500 Startpl\u00e4tzte<\/strong> schon <strong>ausgebucht<\/strong>.<\/p>\n<p>Am <strong>Samstag, 14. September 2024<\/strong>, hei\u00dft es f\u00fcr die bei der Buchung erfolgreichen Wanderfreunde wieder: Schuhe schn\u00fcren, Wanderrucksack schultern und das Ruppiner Seenland erkunden: Der <strong>Fontane-Wandermarathon<\/strong> geht in diesem Jahr in die <strong>f\u00fcnfte Runde<\/strong> und l\u00e4dt sportlich Aktive zum gemeinsamen Wandern im Naturpark Stechlin-Ruppiner Land ein.<\/p>\n<p>&nbsp;<\/p>\n<div id=\"attachment_15012\" style=\"width: 310px\" class=\"wp-caption aligncenter\"><a href=\"https:\/\/www.naturparkmagazin.de\/stechlin\/wp-content\/uploads\/sites\/38\/2024_02_19-Start_FWM23-c-TV-RSL_Thomas-Janowitz.jpg\"><img aria-describedby=\"caption-attachment-15012\" decoding=\"async\" loading=\"lazy\" class=\"size-thumbnail wp-image-15012\" src=\"https:\/\/www.naturparkmagazin.de\/stechlin\/wp-content\/uploads\/sites\/38\/2024_02_19-Start_FWM23-c-TV-RSL_Thomas-Janowitz-300x180.jpg\" alt=\"\" width=\"300\" height=\"180\" srcset=\"https:\/\/www.naturparkmagazin.de\/stechlin\/wp-content\/uploads\/sites\/38\/2024_02_19-Start_FWM23-c-TV-RSL_Thomas-Janowitz-300x180.jpg 300w, https:\/\/www.naturparkmagazin.de\/stechlin\/wp-content\/uploads\/sites\/38\/2024_02_19-Start_FWM23-c-TV-RSL_Thomas-Janowitz-200x120.jpg 200w, https:\/\/www.naturparkmagazin.de\/stechlin\/wp-content\/uploads\/sites\/38\/2024_02_19-Start_FWM23-c-TV-RSL_Thomas-Janowitz.jpg 500w\" sizes=\"(max-width: 300px) 100vw, 300px\" \/><\/a><p id=\"caption-attachment-15012\" class=\"wp-caption-text\">Auf der Strecke beim Fontane-Wandermarathon 2023 \u00a9 TV RSL Thomas Janowitz<\/p><\/div>\n<p>Ob man nun die gut 42 Marathonkilometer oder die 21 Kilometer lange Halbmarathonstrecke unter die F\u00fc\u00dfe nehmen m\u00f6chte: Beim bereits traditionellen herbstlichen Sportevent im <strong>FontaneWANDERland<\/strong> geht es nicht ums Schnellsein oder gar Gewinnen, sondern darum unterwegs Natur und Geschichte aktiv zu erleben und regionale Besonderheiten kennenzulernen.<\/p>\n<p>Jedes Jahr wird eine neue Strecke angeboten \u2013 das ist eine der Besonderheiten des Fontane-Wandermarathons. In diesem Jahr wird in der &#8222;<em>festesten Stadt der Grafschaft Ruppin<\/em>&#8220; gestartet, wie Fontane die Altstadt von Gransee einst beschrieb. Die Halbmarathondistanz f\u00fchrt dann bis nach Zernikow, wo schon Fontane auf seinen Wanderungen ein &#8222;<em>wohlkultiviertes Gut<\/em>&#8220; vorfand.<\/p>\n<div id=\"attachment_12696\" style=\"width: 310px\" class=\"wp-caption aligncenter\"><a href=\"https:\/\/www.naturparkmagazin.de\/stechlin\/wp-content\/uploads\/sites\/38\/sonnenschein_b.jpg\"><img aria-describedby=\"caption-attachment-12696\" decoding=\"async\" loading=\"lazy\" class=\"size-thumbnail wp-image-12696\" src=\"https:\/\/www.naturparkmagazin.de\/stechlin\/wp-content\/uploads\/sites\/38\/sonnenschein_b-300x180.jpg\" alt=\"\" width=\"300\" height=\"180\" srcset=\"https:\/\/www.naturparkmagazin.de\/stechlin\/wp-content\/uploads\/sites\/38\/sonnenschein_b-300x180.jpg 300w, https:\/\/www.naturparkmagazin.de\/stechlin\/wp-content\/uploads\/sites\/38\/sonnenschein_b.jpg 500w, https:\/\/www.naturparkmagazin.de\/stechlin\/wp-content\/uploads\/sites\/38\/sonnenschein_b-200x120.jpg 200w\" sizes=\"(max-width: 300px) 100vw, 300px\" \/><\/a><p id=\"caption-attachment-12696\" class=\"wp-caption-text\">Sonnenschein und Herbstfarben entlang des Wanderweges \u00a9 Olaf Wolff<\/p><\/div>\n<p>Auf Regionalit\u00e4t und Nachhaltigkeit legen die Veranstalter wert: So wird auf Einweggeschirr und Plastikverpackungen verzichtet, an den Kontrollpunkten gibt es Infos zur Arbeit im Naturpark und Bio-Mineralwasser aus Rheinsberg, und am Halbmarathonziel steht f\u00fcr alle ein warmer Mittagsimbiss mit regionalen Produkten bereit. Auf die Zugabfahrtszeiten des Regional-Express 5 abgestimmte Bus-Shuttles bringen die Halbmarathon-Finisher zur\u00fcck zum Startort Gransee. Die Marathonwanderer kehren zu Fu\u00df zum Ausgangspunkt zur\u00fcck, k\u00f6nnen sich aber unterwegs ein zweites Mal bei einer Kaffeepause mit regionaler Kost st\u00e4rken.<\/p>\n<div id=\"attachment_7118\" style=\"width: 310px\" class=\"wp-caption aligncenter\"><a href=\"https:\/\/www.naturparkmagazin.de\/stechlin\/wp-content\/uploads\/sites\/38\/NP-Wandertag_35.jpg\"><img aria-describedby=\"caption-attachment-7118\" decoding=\"async\" loading=\"lazy\" class=\"wp-image-7118 size-thumbnail\" src=\"https:\/\/www.naturparkmagazin.de\/stechlin\/wp-content\/uploads\/sites\/38\/NP-Wandertag_35-300x180.jpg\" alt=\"\" width=\"300\" height=\"180\" srcset=\"https:\/\/www.naturparkmagazin.de\/stechlin\/wp-content\/uploads\/sites\/38\/NP-Wandertag_35-300x180.jpg 300w, https:\/\/www.naturparkmagazin.de\/stechlin\/wp-content\/uploads\/sites\/38\/NP-Wandertag_35.jpg 500w, https:\/\/www.naturparkmagazin.de\/stechlin\/wp-content\/uploads\/sites\/38\/NP-Wandertag_35-200x120.jpg 200w\" sizes=\"(max-width: 300px) 100vw, 300px\" \/><\/a><p id=\"caption-attachment-7118\" class=\"wp-caption-text\">Kaffeepause f\u00fcr Marathon-Wanderer.\u00a9 Dr. Mario Schrumpf<\/p><\/div>\n<p>Veranstalter des Fontane-Wandermarathon sind der Tourismusverband Ruppiner Seenland e.V., der Naturpark Stechlin-Ruppiner Land, der Verein Fitness-TREFF Natur e.V. und der Berliner Wanderverband e. V. Unterst\u00fctzt wird die diesj\u00e4hrige Veranstaltung vom Amt Gransee und Gemeinden, dem Versch\u00f6nerungsverein Gransee e.V., dem Laufpark Stechlin e.V. sowie dem Lauftreff des SV Eintracht Gransee sowie \u2013 bereits traditionell \u2013 von der Rheinsberger Preussenquelle.<\/p>\n<p>Brandenburgs Umweltminister Axel Vogel hat wieder die Schirmherrschaft \u00fcbernommen f\u00fcr den &#8222;gr\u00fcnsten&#8220; Wandermarathon Deutschlands.<\/p>\n<div id=\"attachment_15011\" style=\"width: 310px\" class=\"wp-caption aligncenter\"><a href=\"https:\/\/www.naturparkmagazin.de\/stechlin\/wp-content\/uploads\/sites\/38\/2024_02_19-Hoehepunkt-im-Wanderkalender-c-TV_RSL-Thomas-Janowitz.jpg\"><img aria-describedby=\"caption-attachment-15011\" decoding=\"async\" loading=\"lazy\" class=\"size-thumbnail wp-image-15011\" src=\"https:\/\/www.naturparkmagazin.de\/stechlin\/wp-content\/uploads\/sites\/38\/2024_02_19-Hoehepunkt-im-Wanderkalender-c-TV_RSL-Thomas-Janowitz-300x180.jpg\" alt=\"\" width=\"300\" height=\"180\" \/><\/a><p id=\"caption-attachment-15011\" class=\"wp-caption-text\">Ho\u0308hepunkt im Wanderkalender\u00a9 TV RSL Thomas Janowitz<\/p><\/div>\n<p>Ihre <strong>Ansprechpartnerin<\/strong>:<\/p>\n<p>Jannika Olesch, Tel.: 03391 &#8211; 659634<\/p>\n<p>olesch@ruppiner-seenland.de<\/p>\n","protected":false},"excerpt":{"rendered":"<p>Das Online-Portal f\u00fcr die Startplatz-Buchung ist seit 21. Februar 2024 ge\u00f6ffnet. Leider sind die 500 Startpl\u00e4tzte schon ausgebucht.<\/p>\n","protected":false},"author":39,"featured_media":11149,"comment_status":"open","ping_status":"open","sticky":false,"template":"","format":"standard","meta":[],"categories":[11],"tags":[],"yoast_head":"<!-- This site is optimized with the Yoast SEO plugin v19.10 - https:\/\/yoast.com\/wordpress\/plugins\/seo\/ -->\n<title>5. Fontane-Wandermarathon ausverkauft! (2024) - Naturpark Stechlin-Ruppiner Land<\/title>\n<meta name=\"robots\" content=\"index, follow, max-snippet:-1, max-image-preview:large, max-video-preview:-1\" \/>\n<link rel=\"canonical\" href=\"https:\/\/www.naturparkmagazin.de\/stechlin\/5-fontane-wandermarathon-ausverkauft\/\" \/>\n<meta property=\"og:locale\" content=\"de_DE\" \/>\n<meta property=\"og:type\" content=\"article\" \/>\n<meta property=\"og:title\" content=\"5. Fontane-Wandermarathon ausverkauft! (2024) - Naturpark Stechlin-Ruppiner Land\" \/>\n<meta property=\"og:description\" content=\"Das Online-Portal f\u00fcr die Startplatz-Buchung ist seit 21. Februar 2024 ge\u00f6ffnet. Leider sind die 500 Startpl\u00e4tzte schon ausgebucht.\" \/>\n<meta property=\"og:url\" content=\"https:\/\/www.naturparkmagazin.de\/stechlin\/5-fontane-wandermarathon-ausverkauft\/\" \/>\n<meta property=\"og:site_name\" content=\"Naturpark Stechlin-Ruppiner Land\" \/>\n<meta property=\"article:published_time\" content=\"2024-02-20T15:05:28+00:00\" \/>\n<meta property=\"article:modified_time\" content=\"2025-02-24T15:53:32+00:00\" \/>\n<meta property=\"og:image\" content=\"https:\/\/www.naturparkmagazin.de\/stechlin\/wp-content\/uploads\/sites\/38\/wandermarathon_a.jpg\" \/>\n\t<meta property=\"og:image:width\" content=\"200\" \/>\n\t<meta property=\"og:image:height\" content=\"200\" \/>\n\t<meta property=\"og:image:type\" content=\"image\/jpeg\" \/>\n<meta name=\"author\" content=\"marioschrumpf\" \/>\n<meta name=\"twitter:label1\" content=\"Verfasst von\" \/>\n\t<meta name=\"twitter:data1\" content=\"marioschrumpf\" \/>\n\t<meta name=\"twitter:label2\" content=\"Gesch\u00e4tzte Lesezeit\" \/>\n\t<meta name=\"twitter:data2\" content=\"3\u00a0Minuten\" \/>\n<script type=\"application\/ld+json\" class=\"yoast-schema-graph\">{\"@context\":\"https:\/\/schema.org\",\"@graph\":[{\"@type\":\"WebPage\",\"@id\":\"https:\/\/www.naturparkmagazin.de\/stechlin\/5-fontane-wandermarathon-ausverkauft\/\",\"url\":\"https:\/\/www.naturparkmagazin.de\/stechlin\/5-fontane-wandermarathon-ausverkauft\/\",\"name\":\"5. Fontane-Wandermarathon ausverkauft! (2024) - Naturpark Stechlin-Ruppiner Land\",\"isPartOf\":{\"@id\":\"https:\/\/www.naturparkmagazin.de\/stechlin\/#website\"},\"datePublished\":\"2024-02-20T15:05:28+00:00\",\"dateModified\":\"2025-02-24T15:53:32+00:00\",\"author\":{\"@id\":\"https:\/\/www.naturparkmagazin.de\/stechlin\/#\/schema\/person\/3f0d93203df21c806dd63c76d9bb28bc\"},\"breadcrumb\":{\"@id\":\"https:\/\/www.naturparkmagazin.de\/stechlin\/5-fontane-wandermarathon-ausverkauft\/#breadcrumb\"},\"inLanguage\":\"de\",\"potentialAction\":[{\"@type\":\"ReadAction\",\"target\":[\"https:\/\/www.naturparkmagazin.de\/stechlin\/5-fontane-wandermarathon-ausverkauft\/\"]}]},{\"@type\":\"BreadcrumbList\",\"@id\":\"https:\/\/www.naturparkmagazin.de\/stechlin\/5-fontane-wandermarathon-ausverkauft\/#breadcrumb\",\"itemListElement\":[{\"@type\":\"ListItem\",\"position\":1,\"name\":\"Home\",\"item\":\"https:\/\/www.naturparkmagazin.de\/stechlin\/\"},{\"@type\":\"ListItem\",\"position\":2,\"name\":\"5. Fontane-Wandermarathon ausverkauft! (2024)\"}]},{\"@type\":\"WebSite\",\"@id\":\"https:\/\/www.naturparkmagazin.de\/stechlin\/#website\",\"url\":\"https:\/\/www.naturparkmagazin.de\/stechlin\/\",\"name\":\"Naturpark Stechlin-Ruppiner Land\",\"description\":\"\",\"potentialAction\":[{\"@type\":\"SearchAction\",\"target\":{\"@type\":\"EntryPoint\",\"urlTemplate\":\"https:\/\/www.naturparkmagazin.de\/stechlin\/?s={search_term_string}\"},\"query-input\":\"required name=search_term_string\"}],\"inLanguage\":\"de\"},{\"@type\":\"Person\",\"@id\":\"https:\/\/www.naturparkmagazin.de\/stechlin\/#\/schema\/person\/3f0d93203df21c806dd63c76d9bb28bc\",\"name\":\"marioschrumpf\",\"url\":\"https:\/\/www.naturparkmagazin.de\/stechlin\/author\/marioschrumpf\/\"}]}<\/script>\n<!-- \/ Yoast SEO plugin. -->","yoast_head_json":{"title":"5. Fontane-Wandermarathon ausverkauft! (2024) - Naturpark Stechlin-Ruppiner Land","robots":{"index":"index","follow":"follow","max-snippet":"max-snippet:-1","max-image-preview":"max-image-preview:large","max-video-preview":"max-video-preview:-1"},"canonical":"https:\/\/www.naturparkmagazin.de\/stechlin\/5-fontane-wandermarathon-ausverkauft\/","og_locale":"de_DE","og_type":"article","og_title":"5. Fontane-Wandermarathon ausverkauft! (2024) - Naturpark Stechlin-Ruppiner Land","og_description":"Das Online-Portal f\u00fcr die Startplatz-Buchung ist seit 21. Februar 2024 ge\u00f6ffnet. Leider sind die 500 Startpl\u00e4tzte schon ausgebucht.","og_url":"https:\/\/www.naturparkmagazin.de\/stechlin\/5-fontane-wandermarathon-ausverkauft\/","og_site_name":"Naturpark Stechlin-Ruppiner Land","article_published_time":"2024-02-20T15:05:28+00:00","article_modified_time":"2025-02-24T15:53:32+00:00","og_image":[{"width":200,"height":200,"url":"https:\/\/www.naturparkmagazin.de\/stechlin\/wp-content\/uploads\/sites\/38\/wandermarathon_a.jpg","type":"image\/jpeg"}],"author":"marioschrumpf","twitter_misc":{"Verfasst von":"marioschrumpf","Gesch\u00e4tzte Lesezeit":"3\u00a0Minuten"},"schema":{"@context":"https:\/\/schema.org","@graph":[{"@type":"WebPage","@id":"https:\/\/www.naturparkmagazin.de\/stechlin\/5-fontane-wandermarathon-ausverkauft\/","url":"https:\/\/www.naturparkmagazin.de\/stechlin\/5-fontane-wandermarathon-ausverkauft\/","name":"5. Fontane-Wandermarathon ausverkauft! (2024) - Naturpark Stechlin-Ruppiner Land","isPartOf":{"@id":"https:\/\/www.naturparkmagazin.de\/stechlin\/#website"},"datePublished":"2024-02-20T15:05:28+00:00","dateModified":"2025-02-24T15:53:32+00:00","author":{"@id":"https:\/\/www.naturparkmagazin.de\/stechlin\/#\/schema\/person\/3f0d93203df21c806dd63c76d9bb28bc"},"breadcrumb":{"@id":"https:\/\/www.naturparkmagazin.de\/stechlin\/5-fontane-wandermarathon-ausverkauft\/#breadcrumb"},"inLanguage":"de","potentialAction":[{"@type":"ReadAction","target":["https:\/\/www.naturparkmagazin.de\/stechlin\/5-fontane-wandermarathon-ausverkauft\/"]}]},{"@type":"BreadcrumbList","@id":"https:\/\/www.naturparkmagazin.de\/stechlin\/5-fontane-wandermarathon-ausverkauft\/#breadcrumb","itemListElement":[{"@type":"ListItem","position":1,"name":"Home","item":"https:\/\/www.naturparkmagazin.de\/stechlin\/"},{"@type":"ListItem","position":2,"name":"5. Fontane-Wandermarathon ausverkauft! (2024)"}]},{"@type":"WebSite","@id":"https:\/\/www.naturparkmagazin.de\/stechlin\/#website","url":"https:\/\/www.naturparkmagazin.de\/stechlin\/","name":"Naturpark Stechlin-Ruppiner Land","description":"","potentialAction":[{"@type":"SearchAction","target":{"@type":"EntryPoint","urlTemplate":"https:\/\/www.naturparkmagazin.de\/stechlin\/?s={search_term_string}"},"query-input":"required name=search_term_string"}],"inLanguage":"de"},{"@type":"Person","@id":"https:\/\/www.naturparkmagazin.de\/stechlin\/#\/schema\/person\/3f0d93203df21c806dd63c76d9bb28bc","name":"marioschrumpf","url":"https:\/\/www.naturparkmagazin.de\/stechlin\/author\/marioschrumpf\/"}]}},"_links":{"self":[{"href":"https:\/\/www.naturparkmagazin.de\/stechlin\/wp-json\/wp\/v2\/posts\/15008"}],"collection":[{"href":"https:\/\/www.naturparkmagazin.de\/stechlin\/wp-json\/wp\/v2\/posts"}],"about":[{"href":"https:\/\/www.naturparkmagazin.de\/stechlin\/wp-json\/wp\/v2\/types\/post"}],"author":[{"embeddable":true,"href":"https:\/\/www.naturparkmagazin.de\/stechlin\/wp-json\/wp\/v2\/users\/39"}],"replies":[{"embeddable":true,"href":"https:\/\/www.naturparkmagazin.de\/stechlin\/wp-json\/wp\/v2\/comments?post=15008"}],"version-history":[{"count":11,"href":"https:\/\/www.naturparkmagazin.de\/stechlin\/wp-json\/wp\/v2\/posts\/15008\/revisions"}],"predecessor-version":[{"id":16831,"href":"https:\/\/www.naturparkmagazin.de\/stechlin\/wp-json\/wp\/v2\/posts\/15008\/revisions\/16831"}],"wp:featuredmedia":[{"embeddable":true,"href":"https:\/\/www.naturparkmagazin.de\/stechlin\/wp-json\/wp\/v2\/media\/11149"}],"wp:attachment":[{"href":"https:\/\/www.naturparkmagazin.de\/stechlin\/wp-json\/wp\/v2\/media?parent=15008"}],"wp:term":[{"taxonomy":"category","embeddable":true,"href":"https:\/\/www.naturparkmagazin.de\/stechlin\/wp-json\/wp\/v2\/categories?post=15008"},{"taxonomy":"post_tag","embeddable":true,"href":"https:\/\/www.naturparkmagazin.de\/stechlin\/wp-json\/wp\/v2\/tags?post=15008"}],"curies":[{"name":"wp","href":"https:\/\/api.w.org\/{rel}","templated":true}]}}