{"id":15048,"date":"2024-02-20T16:07:59","date_gmt":"2024-02-20T15:07:59","guid":{"rendered":"https:\/\/www.naturparkmagazin.de\/stechlin\/?p=15048"},"modified":"2024-02-27T12:00:02","modified_gmt":"2024-02-27T11:00:02","slug":"lehrgang-fuer-natur-und-landschaftsfuehrende-in-den-brandenburger-naturparken-ab-oktober-2024","status":"publish","type":"post","link":"https:\/\/www.naturparkmagazin.de\/stechlin\/lehrgang-fuer-natur-und-landschaftsfuehrende-in-den-brandenburger-naturparken-ab-oktober-2024\/","title":{"rendered":"Neuer Lehrgang f\u00fcr Natur- und Landschaftsf\u00fchrer im Oktober 2024"},"content":{"rendered":"<p>Erstmalig wird f\u00fcr mehrere Brandenburger Naturparke der bundesweit anerkannte Lehrgang zur\/zum zertifizierten Natur- und Landschaftsf\u00fchrer:in als zentraler Kurs angeboten.<\/p>\n<p>Die Naturparke sind als Teil der Brandenburger Naturlandschaften von \u00fcberregionaler Bedeutung f\u00fcr den Naturtourismus und eine nachhaltige Regionalentwicklung. Die Naturwacht bietet dort in Kooperation mit den Naturparkverwaltungen \u00fcber 500 Rangertouren an. Doch der Bedarf ist weit gr\u00f6\u00dfer. Deshalb engagieren sich die Brandenburger Naturlandschaften daf\u00fcr, zertifizierte Natur- und Landschaftsf\u00fchrer (ZNL) zu qualifizieren. Diese Zertifizierung steht allen offen: Personen, die bereits im Bereich Naturtourismus t\u00e4tig sind, aber auch allen Interessierten, die gern G\u00e4ste f\u00fchren oder als Tour Guide mit eigenen F\u00fchrungsangeboten in Brandenburg t\u00e4tig werden wollen. Der Kurs bietet auch die M\u00f6glichkeit, sich \u00fcberregional zu vernetzen und eigene Angebote zu schaffen.<\/p>\n<div id=\"attachment_926\" style=\"width: 310px\" class=\"wp-caption aligncenter\"><a href=\"https:\/\/www.naturparkmagazin.de\/stechlin\/wp-content\/uploads\/sites\/38\/Assatzk.jpg\"><img aria-describedby=\"caption-attachment-926\" decoding=\"async\" loading=\"lazy\" class=\"wp-image-926 size-thumbnail\" src=\"https:\/\/www.naturparkmagazin.de\/stechlin\/wp-content\/uploads\/sites\/38\/Assatzk-300x225.jpg\" alt=\"\" width=\"300\" height=\"225\" srcset=\"https:\/\/www.naturparkmagazin.de\/stechlin\/wp-content\/uploads\/sites\/38\/Assatzk-300x225.jpg 300w, https:\/\/www.naturparkmagazin.de\/stechlin\/wp-content\/uploads\/sites\/38\/Assatzk-420x315.jpg 420w, https:\/\/www.naturparkmagazin.de\/stechlin\/wp-content\/uploads\/sites\/38\/Assatzk-180x135.jpg 180w, https:\/\/www.naturparkmagazin.de\/stechlin\/wp-content\/uploads\/sites\/38\/Assatzk-95x71.jpg 95w, https:\/\/www.naturparkmagazin.de\/stechlin\/wp-content\/uploads\/sites\/38\/Assatzk.jpg 500w, https:\/\/www.naturparkmagazin.de\/stechlin\/wp-content\/uploads\/sites\/38\/Assatzk-200x150.jpg 200w\" sizes=\"(max-width: 300px) 100vw, 300px\" \/><\/a><p id=\"caption-attachment-926\" class=\"wp-caption-text\">F\u00fchrung mit der Natur- und Landschaftsf\u00fchrerin Sieglinde Assatzk in Meseberg\u00a9 Dr. Mario Schrumpf<\/p><\/div>\n<p>Der ZNL-Kurs wird vom Landesamt f\u00fcr Umwelt vom <strong>12. bis 18. Oktober 2024 in F\u00fcrstenberg (Havel)<\/strong> erstmalig als gebiets\u00fcbergreifende Blockwoche angeboten. Die 3-t\u00e4gigen Regionalmodule finden anschlie\u00dfend in den teilnehmenden Naturparken Westhavelland, Stechlin-Ruppiner Land, Uckerm\u00e4rkische Seen, Barnim und M\u00e4rkische Schweiz statt. Die regionalen Termine sind derzeit noch in Planung.<\/p>\n<p>Der 70-st\u00fcndige Lehrgang vermittelt in Vortr\u00e4gen, Workshops und Exkursionen neben naturschutzfachlichen, geologischen und kulturhistorischen Kenntnissen auch umfassende Vermittlungs-, Kommunikations- und Planungskompetenzen und schlie\u00dft mit einer schriftlichen und praktischen Pr\u00fcfung im Fr\u00fchjahr 2025 ab. Dieser Kompaktlehrgang enth\u00e4lt somit alle Inhalte, die f\u00fcr eine Zertifizierung n\u00f6tig sind und wird als berufliche Weiterbildung anerkannt. Arbeitnehmerinnen und Arbeitnehmern ist es m\u00f6glich, eine Bildungsfreistellung f\u00fcr den Zeitraum des Kurses zu beantragen.<\/p>\n<p>Die Teilnahmegeb\u00fchr betr\u00e4gt inklusive Pr\u00fcfungsgeb\u00fchr 800 Euro. Eine erm\u00e4\u00dfigte Geb\u00fchr von 650 Euro ist m\u00f6glich f\u00fcr Empf\u00e4nger:innen von B\u00fcrgergeld, Rentner:innen, Studierende sowie f\u00fcr Teilnehmende im Bundesfreiwilligendienst und im Freiwilligen \u00d6kologischen Jahr. Weiterhin k\u00f6nnen Ausbildungsinhalte \u00e4hnlich gelagerter Kurse anerkannt werden, wenn entsprechende Nachweise erbracht werden. Die Kosten f\u00fcr eine Unterkunft vor Ort sind nicht in der Kursgeb\u00fchr enthalten. Bei der Suche sind die Organisatoren behilflich.<\/p>\n<div id=\"attachment_831\" style=\"width: 310px\" class=\"wp-caption aligncenter\"><a href=\"https:\/\/www.naturparkmagazin.de\/stechlin\/wp-content\/uploads\/sites\/38\/Gentz.jpg\"><img aria-describedby=\"caption-attachment-831\" decoding=\"async\" loading=\"lazy\" class=\"wp-image-831 size-thumbnail\" src=\"https:\/\/www.naturparkmagazin.de\/stechlin\/wp-content\/uploads\/sites\/38\/Gentz-300x400.jpg\" alt=\"\" width=\"300\" height=\"400\" srcset=\"https:\/\/www.naturparkmagazin.de\/stechlin\/wp-content\/uploads\/sites\/38\/Gentz.jpg 300w, https:\/\/www.naturparkmagazin.de\/stechlin\/wp-content\/uploads\/sites\/38\/Gentz-135x180.jpg 135w, https:\/\/www.naturparkmagazin.de\/stechlin\/wp-content\/uploads\/sites\/38\/Gentz-53x71.jpg 53w, https:\/\/www.naturparkmagazin.de\/stechlin\/wp-content\/uploads\/sites\/38\/Gentz-200x267.jpg 200w\" sizes=\"(max-width: 300px) 100vw, 300px\" \/><\/a><p id=\"caption-attachment-831\" class=\"wp-caption-text\">Antonia Gentz, zertifizierte Natur- und Landschaftsf\u00fchrerin\u00a9 Dr. Mario Schrumpf<\/p><\/div>\n<p><strong>Eine Bewerbung f\u00fcr den ZNL-Kurs ist bis zum 30.04.2024 m\u00f6glich.<\/strong> Weitere Informationen zu den Inhalten des Kurses und ein Bewerbungsbogen sind auf der Internetseite www.natur-brandenburg.de zu finden. Der ausgef\u00fcllte Bewerbungsbogen ist bitte per E-Mail an banu@lfu.brandenburg.de zu senden.<\/p>\n<p><em>Hintergrund:<\/em><\/p>\n<p>Ziel des ZNL-Lehrgangs nach BANU (Bundesweiter Arbeitskreis der staatlich getragenen Umweltbildungsst\u00e4tten) ist, die Teilnehmenden zu bef\u00e4higen, qualitativ hochwertige, zielgruppenorientierte Natur- und Landschaftsf\u00fchrungen zu planen und durchzuf\u00fchren. Als Botschafterinnen und Botschafter ihrer Region sind sie praxisnah arbeitende Vermittelnde und Multiplikatorinnen und Multiplikatoren im Hinblick auf die Sensibilisierung f\u00fcr Biodiversit\u00e4t, Natur- und Artenschutzbelange sowie die Ziele einer nachhaltigen Entwicklung.<\/p>\n<p>F\u00fcr den Lehrgang zur\/zum \u201eZertifizierten Natur- und Landschaftsf\u00fchrer:in\u201c (ZNL) sind von den Umweltakademien der L\u00e4nder bundeseinheitliche Standards erarbeitet worden, die seit 2015 urheberrechtlich gesch\u00fctzt sind und st\u00e4ndig weiterentwickelt werden. Kooperationspartner auf Bundesebene sind der Bundesverband Naturwacht e. V., die Arbeitsgemeinschaft Natur- und Umweltbildung e. V., Nationale Naturlandschaften e. V. und der Verband Deutscher Naturparke e. V.<\/p>\n<p>F\u00fcr R\u00fcckfragen:\nDaniel Kowal\nTelefon: 035324\/ 305 12\nE-Mail: Daniel.Kowal@lfu.brandenburg.de<\/p>\n","protected":false},"excerpt":{"rendered":"<p>Erstmalig wird f\u00fcr mehrere Brandenburger Naturparke der bundesweit anerkannte Lehrgang zur\/zum zertifizierten Natur- und Landschaftsf\u00fchrer:in als zentraler Kurs angeboten.<\/p>\n","protected":false},"author":39,"featured_media":3197,"comment_status":"open","ping_status":"open","sticky":false,"template":"","format":"standard","meta":[],"categories":[11],"tags":[],"yoast_head":"<!-- This site is optimized with the Yoast SEO plugin v19.10 - https:\/\/yoast.com\/wordpress\/plugins\/seo\/ -->\n<title>Neuer Lehrgang f\u00fcr Natur- und Landschaftsf\u00fchrer im Oktober 2024 - Naturpark Stechlin-Ruppiner Land<\/title>\n<meta name=\"robots\" content=\"index, follow, max-snippet:-1, max-image-preview:large, max-video-preview:-1\" \/>\n<link rel=\"canonical\" href=\"https:\/\/www.naturparkmagazin.de\/stechlin\/lehrgang-fuer-natur-und-landschaftsfuehrende-in-den-brandenburger-naturparken-ab-oktober-2024\/\" \/>\n<meta property=\"og:locale\" content=\"de_DE\" \/>\n<meta property=\"og:type\" content=\"article\" \/>\n<meta property=\"og:title\" content=\"Neuer Lehrgang f\u00fcr Natur- und Landschaftsf\u00fchrer im Oktober 2024 - Naturpark Stechlin-Ruppiner Land\" \/>\n<meta property=\"og:description\" content=\"Erstmalig wird f\u00fcr mehrere Brandenburger Naturparke der bundesweit anerkannte Lehrgang zur\/zum zertifizierten Natur- und Landschaftsf\u00fchrer:in als zentraler Kurs angeboten.\" \/>\n<meta property=\"og:url\" content=\"https:\/\/www.naturparkmagazin.de\/stechlin\/lehrgang-fuer-natur-und-landschaftsfuehrende-in-den-brandenburger-naturparken-ab-oktober-2024\/\" \/>\n<meta property=\"og:site_name\" content=\"Naturpark Stechlin-Ruppiner Land\" \/>\n<meta property=\"article:published_time\" content=\"2024-02-20T15:07:59+00:00\" \/>\n<meta property=\"article:modified_time\" content=\"2024-02-27T11:00:02+00:00\" \/>\n<meta property=\"og:image\" content=\"https:\/\/www.naturparkmagazin.de\/stechlin\/wp-content\/uploads\/sites\/38\/F\u00fchrer.jpg\" \/>\n\t<meta property=\"og:image:width\" content=\"200\" \/>\n\t<meta property=\"og:image:height\" content=\"200\" \/>\n\t<meta property=\"og:image:type\" content=\"image\/jpeg\" \/>\n<meta name=\"author\" content=\"marioschrumpf\" \/>\n<meta name=\"twitter:label1\" content=\"Verfasst von\" \/>\n\t<meta name=\"twitter:data1\" content=\"marioschrumpf\" \/>\n\t<meta name=\"twitter:label2\" content=\"Gesch\u00e4tzte Lesezeit\" \/>\n\t<meta name=\"twitter:data2\" content=\"4\u00a0Minuten\" \/>\n<script type=\"application\/ld+json\" class=\"yoast-schema-graph\">{\"@context\":\"https:\/\/schema.org\",\"@graph\":[{\"@type\":\"WebPage\",\"@id\":\"https:\/\/www.naturparkmagazin.de\/stechlin\/lehrgang-fuer-natur-und-landschaftsfuehrende-in-den-brandenburger-naturparken-ab-oktober-2024\/\",\"url\":\"https:\/\/www.naturparkmagazin.de\/stechlin\/lehrgang-fuer-natur-und-landschaftsfuehrende-in-den-brandenburger-naturparken-ab-oktober-2024\/\",\"name\":\"Neuer Lehrgang f\u00fcr Natur- und Landschaftsf\u00fchrer im Oktober 2024 - Naturpark Stechlin-Ruppiner Land\",\"isPartOf\":{\"@id\":\"https:\/\/www.naturparkmagazin.de\/stechlin\/#website\"},\"datePublished\":\"2024-02-20T15:07:59+00:00\",\"dateModified\":\"2024-02-27T11:00:02+00:00\",\"author\":{\"@id\":\"https:\/\/www.naturparkmagazin.de\/stechlin\/#\/schema\/person\/3f0d93203df21c806dd63c76d9bb28bc\"},\"breadcrumb\":{\"@id\":\"https:\/\/www.naturparkmagazin.de\/stechlin\/lehrgang-fuer-natur-und-landschaftsfuehrende-in-den-brandenburger-naturparken-ab-oktober-2024\/#breadcrumb\"},\"inLanguage\":\"de\",\"potentialAction\":[{\"@type\":\"ReadAction\",\"target\":[\"https:\/\/www.naturparkmagazin.de\/stechlin\/lehrgang-fuer-natur-und-landschaftsfuehrende-in-den-brandenburger-naturparken-ab-oktober-2024\/\"]}]},{\"@type\":\"BreadcrumbList\",\"@id\":\"https:\/\/www.naturparkmagazin.de\/stechlin\/lehrgang-fuer-natur-und-landschaftsfuehrende-in-den-brandenburger-naturparken-ab-oktober-2024\/#breadcrumb\",\"itemListElement\":[{\"@type\":\"ListItem\",\"position\":1,\"name\":\"Home\",\"item\":\"https:\/\/www.naturparkmagazin.de\/stechlin\/\"},{\"@type\":\"ListItem\",\"position\":2,\"name\":\"Neuer Lehrgang f\u00fcr Natur- und Landschaftsf\u00fchrer im Oktober 2024\"}]},{\"@type\":\"WebSite\",\"@id\":\"https:\/\/www.naturparkmagazin.de\/stechlin\/#website\",\"url\":\"https:\/\/www.naturparkmagazin.de\/stechlin\/\",\"name\":\"Naturpark Stechlin-Ruppiner Land\",\"description\":\"\",\"potentialAction\":[{\"@type\":\"SearchAction\",\"target\":{\"@type\":\"EntryPoint\",\"urlTemplate\":\"https:\/\/www.naturparkmagazin.de\/stechlin\/?s={search_term_string}\"},\"query-input\":\"required name=search_term_string\"}],\"inLanguage\":\"de\"},{\"@type\":\"Person\",\"@id\":\"https:\/\/www.naturparkmagazin.de\/stechlin\/#\/schema\/person\/3f0d93203df21c806dd63c76d9bb28bc\",\"name\":\"marioschrumpf\",\"url\":\"https:\/\/www.naturparkmagazin.de\/stechlin\/author\/marioschrumpf\/\"}]}<\/script>\n<!-- \/ Yoast SEO plugin. -->","yoast_head_json":{"title":"Neuer Lehrgang f\u00fcr Natur- und Landschaftsf\u00fchrer im Oktober 2024 - Naturpark Stechlin-Ruppiner Land","robots":{"index":"index","follow":"follow","max-snippet":"max-snippet:-1","max-image-preview":"max-image-preview:large","max-video-preview":"max-video-preview:-1"},"canonical":"https:\/\/www.naturparkmagazin.de\/stechlin\/lehrgang-fuer-natur-und-landschaftsfuehrende-in-den-brandenburger-naturparken-ab-oktober-2024\/","og_locale":"de_DE","og_type":"article","og_title":"Neuer Lehrgang f\u00fcr Natur- und Landschaftsf\u00fchrer im Oktober 2024 - Naturpark Stechlin-Ruppiner Land","og_description":"Erstmalig wird f\u00fcr mehrere Brandenburger Naturparke der bundesweit anerkannte Lehrgang zur\/zum zertifizierten Natur- und Landschaftsf\u00fchrer:in als zentraler Kurs angeboten.","og_url":"https:\/\/www.naturparkmagazin.de\/stechlin\/lehrgang-fuer-natur-und-landschaftsfuehrende-in-den-brandenburger-naturparken-ab-oktober-2024\/","og_site_name":"Naturpark Stechlin-Ruppiner Land","article_published_time":"2024-02-20T15:07:59+00:00","article_modified_time":"2024-02-27T11:00:02+00:00","og_image":[{"width":200,"height":200,"url":"https:\/\/www.naturparkmagazin.de\/stechlin\/wp-content\/uploads\/sites\/38\/F\u00fchrer.jpg","type":"image\/jpeg"}],"author":"marioschrumpf","twitter_misc":{"Verfasst von":"marioschrumpf","Gesch\u00e4tzte Lesezeit":"4\u00a0Minuten"},"schema":{"@context":"https:\/\/schema.org","@graph":[{"@type":"WebPage","@id":"https:\/\/www.naturparkmagazin.de\/stechlin\/lehrgang-fuer-natur-und-landschaftsfuehrende-in-den-brandenburger-naturparken-ab-oktober-2024\/","url":"https:\/\/www.naturparkmagazin.de\/stechlin\/lehrgang-fuer-natur-und-landschaftsfuehrende-in-den-brandenburger-naturparken-ab-oktober-2024\/","name":"Neuer Lehrgang f\u00fcr Natur- und Landschaftsf\u00fchrer im Oktober 2024 - Naturpark Stechlin-Ruppiner Land","isPartOf":{"@id":"https:\/\/www.naturparkmagazin.de\/stechlin\/#website"},"datePublished":"2024-02-20T15:07:59+00:00","dateModified":"2024-02-27T11:00:02+00:00","author":{"@id":"https:\/\/www.naturparkmagazin.de\/stechlin\/#\/schema\/person\/3f0d93203df21c806dd63c76d9bb28bc"},"breadcrumb":{"@id":"https:\/\/www.naturparkmagazin.de\/stechlin\/lehrgang-fuer-natur-und-landschaftsfuehrende-in-den-brandenburger-naturparken-ab-oktober-2024\/#breadcrumb"},"inLanguage":"de","potentialAction":[{"@type":"ReadAction","target":["https:\/\/www.naturparkmagazin.de\/stechlin\/lehrgang-fuer-natur-und-landschaftsfuehrende-in-den-brandenburger-naturparken-ab-oktober-2024\/"]}]},{"@type":"BreadcrumbList","@id":"https:\/\/www.naturparkmagazin.de\/stechlin\/lehrgang-fuer-natur-und-landschaftsfuehrende-in-den-brandenburger-naturparken-ab-oktober-2024\/#breadcrumb","itemListElement":[{"@type":"ListItem","position":1,"name":"Home","item":"https:\/\/www.naturparkmagazin.de\/stechlin\/"},{"@type":"ListItem","position":2,"name":"Neuer Lehrgang f\u00fcr Natur- und Landschaftsf\u00fchrer im Oktober 2024"}]},{"@type":"WebSite","@id":"https:\/\/www.naturparkmagazin.de\/stechlin\/#website","url":"https:\/\/www.naturparkmagazin.de\/stechlin\/","name":"Naturpark Stechlin-Ruppiner Land","description":"","potentialAction":[{"@type":"SearchAction","target":{"@type":"EntryPoint","urlTemplate":"https:\/\/www.naturparkmagazin.de\/stechlin\/?s={search_term_string}"},"query-input":"required name=search_term_string"}],"inLanguage":"de"},{"@type":"Person","@id":"https:\/\/www.naturparkmagazin.de\/stechlin\/#\/schema\/person\/3f0d93203df21c806dd63c76d9bb28bc","name":"marioschrumpf","url":"https:\/\/www.naturparkmagazin.de\/stechlin\/author\/marioschrumpf\/"}]}},"_links":{"self":[{"href":"https:\/\/www.naturparkmagazin.de\/stechlin\/wp-json\/wp\/v2\/posts\/15048"}],"collection":[{"href":"https:\/\/www.naturparkmagazin.de\/stechlin\/wp-json\/wp\/v2\/posts"}],"about":[{"href":"https:\/\/www.naturparkmagazin.de\/stechlin\/wp-json\/wp\/v2\/types\/post"}],"author":[{"embeddable":true,"href":"https:\/\/www.naturparkmagazin.de\/stechlin\/wp-json\/wp\/v2\/users\/39"}],"replies":[{"embeddable":true,"href":"https:\/\/www.naturparkmagazin.de\/stechlin\/wp-json\/wp\/v2\/comments?post=15048"}],"version-history":[{"count":6,"href":"https:\/\/www.naturparkmagazin.de\/stechlin\/wp-json\/wp\/v2\/posts\/15048\/revisions"}],"predecessor-version":[{"id":15098,"href":"https:\/\/www.naturparkmagazin.de\/stechlin\/wp-json\/wp\/v2\/posts\/15048\/revisions\/15098"}],"wp:featuredmedia":[{"embeddable":true,"href":"https:\/\/www.naturparkmagazin.de\/stechlin\/wp-json\/wp\/v2\/media\/3197"}],"wp:attachment":[{"href":"https:\/\/www.naturparkmagazin.de\/stechlin\/wp-json\/wp\/v2\/media?parent=15048"}],"wp:term":[{"taxonomy":"category","embeddable":true,"href":"https:\/\/www.naturparkmagazin.de\/stechlin\/wp-json\/wp\/v2\/categories?post=15048"},{"taxonomy":"post_tag","embeddable":true,"href":"https:\/\/www.naturparkmagazin.de\/stechlin\/wp-json\/wp\/v2\/tags?post=15048"}],"curies":[{"name":"wp","href":"https:\/\/api.w.org\/{rel}","templated":true}]}}