{"id":15066,"date":"2024-02-20T16:08:42","date_gmt":"2024-02-20T15:08:42","guid":{"rendered":"https:\/\/www.naturparkmagazin.de\/stechlin\/?p=15066"},"modified":"2024-02-27T14:49:15","modified_gmt":"2024-02-27T13:49:15","slug":"die-alte-sorten-fragestunde-in-menz-2","status":"publish","type":"post","link":"https:\/\/www.naturparkmagazin.de\/stechlin\/die-alte-sorten-fragestunde-in-menz-2\/","title":{"rendered":"&#8222;Alte Sorten Fragestunde&#8220; am 15. M\u00e4rz 2024 in Menz"},"content":{"rendered":"<p>Viele Gartenfreunde warten schon ungeduldig auf den Beginn der Gartensaison. Wenn die Sonne h\u00f6her steigt und mit ihr fr\u00fchlingshafte Temparaturen ins Freie locken, ist am <strong>15.3.2024 um 18.00 Uhr<\/strong> auch Zeit f\u00fcr die allj\u00e4hrliche &#8222;<em>Alte Sorten Fragestunde<\/em>&#8220; in der <strong>Regionalwerkstatt Stechlin in Menz<\/strong>.<\/p>\n<div id=\"attachment_2207\" style=\"width: 310px\" class=\"wp-caption aligncenter\"><a href=\"https:\/\/www.naturparkmagazin.de\/stechlin\/wp-content\/uploads\/sites\/38\/k-DSC_00032.jpg\"><img aria-describedby=\"caption-attachment-2207\" decoding=\"async\" loading=\"lazy\" class=\"size-thumbnail wp-image-2207\" src=\"https:\/\/www.naturparkmagazin.de\/stechlin\/wp-content\/uploads\/sites\/38\/k-DSC_00032-300x201.jpg\" alt=\"\" width=\"300\" height=\"201\" srcset=\"https:\/\/www.naturparkmagazin.de\/stechlin\/wp-content\/uploads\/sites\/38\/k-DSC_00032-300x201.jpg 300w, https:\/\/www.naturparkmagazin.de\/stechlin\/wp-content\/uploads\/sites\/38\/k-DSC_00032-620x415.jpg 620w, https:\/\/www.naturparkmagazin.de\/stechlin\/wp-content\/uploads\/sites\/38\/k-DSC_00032-940x629.jpg 940w, https:\/\/www.naturparkmagazin.de\/stechlin\/wp-content\/uploads\/sites\/38\/k-DSC_00032-670x449.jpg 670w, https:\/\/www.naturparkmagazin.de\/stechlin\/wp-content\/uploads\/sites\/38\/k-DSC_00032-200x134.jpg 200w, https:\/\/www.naturparkmagazin.de\/stechlin\/wp-content\/uploads\/sites\/38\/k-DSC_00032.jpg 968w\" sizes=\"(max-width: 300px) 100vw, 300px\" \/><\/a><p id=\"caption-attachment-2207\" class=\"wp-caption-text\">Der VERN engagiert sich f\u00fcr den Erhalt alter Sorten &#8211; Anfang Mai k\u00f6nnen aus dem Sortiment alter Tomatensorten bei der Pflanzenb\u00f6rse in Menz Jungpflanzen erworben werden.\u00a9 Dr. Mario Schrumpf<\/p><\/div>\n<p>Unter dem <strong>Titel<\/strong><\/p>\n<h3><strong>Wie kommen vergessene Sorten aus der Genbank zur\u00fcck in die G\u00e4rten und auf die Teller?<\/strong><\/h3>\n<p>wird Annika Grabau vom <a href=\"https:\/\/vern.de\/\">Verein zur Erhaltung und Rekultivierung von Nutzpflanzen<\/a> \u201eVERN\u201c e.V. die G\u00e4ste einstimmen und zur Diskussion einladen.<\/p>\n<p><strong>Annika Grabau<\/strong> hat Biologie an der Universit\u00e4t Potsdam mit dem Schwerpunkt auf Pflanzen\u00f6kologie und Naturschutz studiert. In den letzten Jahren war sie wissenschaftliche Mitarbeiterin an der Humboldt-Universit\u00e4t zu Berlin und arbeitete an einem Projekt zur Rekultivierung von alten Gem\u00fcsesorten aus Genbanksammlungen. Seit 2019 ist sie ehrenamtliches Vorstandsmitglied im VERN e.V.<\/p>\n<p>In der an den Vortrag ankn\u00fcpfenden <strong>Fragestunde<\/strong> k\u00f6nnen alle interessierten Besucher:innen Fragen zu den alten Sorten, zum Anbau, zur Pflege und zur Vermehrung stellen.<\/p>\n<p>Das aktuelle <a href=\"https:\/\/vern.de\/wp-content\/uploads\/Compendium-2024.pdf\">VERN-Compendium<\/a> mit Sortenbeschreibung liegt im NaturParkHaus Stechlin aus bzw. kann auf der Webseite des VERN e.V. eingesehen werden.<\/p>\n<p>An diesem Abend werden Pflanzkartoffeln und S\u00e4mereien aus den Best\u00e4nden des VERN e.V. zum Verkauf angeboten.<\/p>\n<div id=\"attachment_11659\" style=\"width: 310px\" class=\"wp-caption aligncenter\"><a href=\"https:\/\/www.naturparkmagazin.de\/stechlin\/wp-content\/uploads\/sites\/38\/alte-sorten_1.jpg\"><img aria-describedby=\"caption-attachment-11659\" decoding=\"async\" loading=\"lazy\" class=\"size-thumbnail wp-image-11659\" src=\"https:\/\/www.naturparkmagazin.de\/stechlin\/wp-content\/uploads\/sites\/38\/alte-sorten_1-300x180.jpg\" alt=\"\u00a9 NaturParkHaus Stechlin\" width=\"300\" height=\"180\" \/><\/a><p id=\"caption-attachment-11659\" class=\"wp-caption-text\">\u00a9 NaturParkHaus Stechlin<\/p><\/div>\n<p><strong>Kontakt:<\/strong><\/p>\n<p>Naturpark Stechlin-Ruppiner Land<\/p>\n<p>Friedensplatz 9<\/p>\n<p>16775 Stechlin OT Menz<\/p>\n<p>Tel.: +49 033082-40714<\/p>\n<p>heiko.strobel@lfu.brandenburg.de<\/p>\n<p><a href=\"https:\/\/www.stechlin-ruppiner-land-naturpark.de\/\">https:\/\/www.stechlin-ruppiner-land-naturpark.de\/<\/a><\/p>\n","protected":false},"excerpt":{"rendered":"<p>Viele Gartenfreunde warten schon ungeduldig auf den Beginn der Gartensaison. Wenn die Sonne h\u00f6her steigt und mit ihr fr\u00fchlingshafte Temparaturen ins Freie locken, ist auch Zeit f\u00fcr die allj\u00e4hrliche &#8222;Alte Sorten Fragestunde&#8220;. <\/p>\n","protected":false},"author":39,"featured_media":14839,"comment_status":"open","ping_status":"open","sticky":false,"template":"","format":"standard","meta":[],"categories":[11],"tags":[],"yoast_head":"<!-- This site is optimized with the Yoast SEO plugin v19.10 - https:\/\/yoast.com\/wordpress\/plugins\/seo\/ -->\n<title>&quot;Alte Sorten Fragestunde&quot; am 15. M\u00e4rz 2024 in Menz - Naturpark Stechlin-Ruppiner Land<\/title>\n<meta name=\"robots\" content=\"index, follow, max-snippet:-1, max-image-preview:large, max-video-preview:-1\" \/>\n<link rel=\"canonical\" href=\"https:\/\/www.naturparkmagazin.de\/stechlin\/die-alte-sorten-fragestunde-in-menz-2\/\" \/>\n<meta property=\"og:locale\" content=\"de_DE\" \/>\n<meta property=\"og:type\" content=\"article\" \/>\n<meta property=\"og:title\" content=\"&quot;Alte Sorten Fragestunde&quot; am 15. M\u00e4rz 2024 in Menz - Naturpark Stechlin-Ruppiner Land\" \/>\n<meta property=\"og:description\" content=\"Viele Gartenfreunde warten schon ungeduldig auf den Beginn der Gartensaison. Wenn die Sonne h\u00f6her steigt und mit ihr fr\u00fchlingshafte Temparaturen ins Freie locken, ist auch Zeit f\u00fcr die allj\u00e4hrliche &quot;Alte Sorten Fragestunde&quot;.\" \/>\n<meta property=\"og:url\" content=\"https:\/\/www.naturparkmagazin.de\/stechlin\/die-alte-sorten-fragestunde-in-menz-2\/\" \/>\n<meta property=\"og:site_name\" content=\"Naturpark Stechlin-Ruppiner Land\" \/>\n<meta property=\"article:published_time\" content=\"2024-02-20T15:08:42+00:00\" \/>\n<meta property=\"article:modified_time\" content=\"2024-02-27T13:49:15+00:00\" \/>\n<meta property=\"og:image\" content=\"https:\/\/www.naturparkmagazin.de\/stechlin\/wp-content\/uploads\/sites\/38\/Compendium-2024_deck.jpg\" \/>\n\t<meta property=\"og:image:width\" content=\"200\" \/>\n\t<meta property=\"og:image:height\" content=\"200\" \/>\n\t<meta property=\"og:image:type\" content=\"image\/jpeg\" \/>\n<meta name=\"author\" content=\"marioschrumpf\" \/>\n<meta name=\"twitter:label1\" content=\"Verfasst von\" \/>\n\t<meta name=\"twitter:data1\" content=\"marioschrumpf\" \/>\n\t<meta name=\"twitter:label2\" content=\"Gesch\u00e4tzte Lesezeit\" \/>\n\t<meta name=\"twitter:data2\" content=\"2\u00a0Minuten\" \/>\n<script type=\"application\/ld+json\" class=\"yoast-schema-graph\">{\"@context\":\"https:\/\/schema.org\",\"@graph\":[{\"@type\":\"WebPage\",\"@id\":\"https:\/\/www.naturparkmagazin.de\/stechlin\/die-alte-sorten-fragestunde-in-menz-2\/\",\"url\":\"https:\/\/www.naturparkmagazin.de\/stechlin\/die-alte-sorten-fragestunde-in-menz-2\/\",\"name\":\"\\\"Alte Sorten Fragestunde\\\" am 15. M\u00e4rz 2024 in Menz - Naturpark Stechlin-Ruppiner Land\",\"isPartOf\":{\"@id\":\"https:\/\/www.naturparkmagazin.de\/stechlin\/#website\"},\"datePublished\":\"2024-02-20T15:08:42+00:00\",\"dateModified\":\"2024-02-27T13:49:15+00:00\",\"author\":{\"@id\":\"https:\/\/www.naturparkmagazin.de\/stechlin\/#\/schema\/person\/3f0d93203df21c806dd63c76d9bb28bc\"},\"breadcrumb\":{\"@id\":\"https:\/\/www.naturparkmagazin.de\/stechlin\/die-alte-sorten-fragestunde-in-menz-2\/#breadcrumb\"},\"inLanguage\":\"de\",\"potentialAction\":[{\"@type\":\"ReadAction\",\"target\":[\"https:\/\/www.naturparkmagazin.de\/stechlin\/die-alte-sorten-fragestunde-in-menz-2\/\"]}]},{\"@type\":\"BreadcrumbList\",\"@id\":\"https:\/\/www.naturparkmagazin.de\/stechlin\/die-alte-sorten-fragestunde-in-menz-2\/#breadcrumb\",\"itemListElement\":[{\"@type\":\"ListItem\",\"position\":1,\"name\":\"Home\",\"item\":\"https:\/\/www.naturparkmagazin.de\/stechlin\/\"},{\"@type\":\"ListItem\",\"position\":2,\"name\":\"&#8222;Alte Sorten Fragestunde&#8220; am 15. M\u00e4rz 2024 in Menz\"}]},{\"@type\":\"WebSite\",\"@id\":\"https:\/\/www.naturparkmagazin.de\/stechlin\/#website\",\"url\":\"https:\/\/www.naturparkmagazin.de\/stechlin\/\",\"name\":\"Naturpark Stechlin-Ruppiner Land\",\"description\":\"\",\"potentialAction\":[{\"@type\":\"SearchAction\",\"target\":{\"@type\":\"EntryPoint\",\"urlTemplate\":\"https:\/\/www.naturparkmagazin.de\/stechlin\/?s={search_term_string}\"},\"query-input\":\"required name=search_term_string\"}],\"inLanguage\":\"de\"},{\"@type\":\"Person\",\"@id\":\"https:\/\/www.naturparkmagazin.de\/stechlin\/#\/schema\/person\/3f0d93203df21c806dd63c76d9bb28bc\",\"name\":\"marioschrumpf\",\"url\":\"https:\/\/www.naturparkmagazin.de\/stechlin\/author\/marioschrumpf\/\"}]}<\/script>\n<!-- \/ Yoast SEO plugin. -->","yoast_head_json":{"title":"\"Alte Sorten Fragestunde\" am 15. M\u00e4rz 2024 in Menz - Naturpark Stechlin-Ruppiner Land","robots":{"index":"index","follow":"follow","max-snippet":"max-snippet:-1","max-image-preview":"max-image-preview:large","max-video-preview":"max-video-preview:-1"},"canonical":"https:\/\/www.naturparkmagazin.de\/stechlin\/die-alte-sorten-fragestunde-in-menz-2\/","og_locale":"de_DE","og_type":"article","og_title":"\"Alte Sorten Fragestunde\" am 15. M\u00e4rz 2024 in Menz - Naturpark Stechlin-Ruppiner Land","og_description":"Viele Gartenfreunde warten schon ungeduldig auf den Beginn der Gartensaison. Wenn die Sonne h\u00f6her steigt und mit ihr fr\u00fchlingshafte Temparaturen ins Freie locken, ist auch Zeit f\u00fcr die allj\u00e4hrliche \"Alte Sorten Fragestunde\".","og_url":"https:\/\/www.naturparkmagazin.de\/stechlin\/die-alte-sorten-fragestunde-in-menz-2\/","og_site_name":"Naturpark Stechlin-Ruppiner Land","article_published_time":"2024-02-20T15:08:42+00:00","article_modified_time":"2024-02-27T13:49:15+00:00","og_image":[{"width":200,"height":200,"url":"https:\/\/www.naturparkmagazin.de\/stechlin\/wp-content\/uploads\/sites\/38\/Compendium-2024_deck.jpg","type":"image\/jpeg"}],"author":"marioschrumpf","twitter_misc":{"Verfasst von":"marioschrumpf","Gesch\u00e4tzte Lesezeit":"2\u00a0Minuten"},"schema":{"@context":"https:\/\/schema.org","@graph":[{"@type":"WebPage","@id":"https:\/\/www.naturparkmagazin.de\/stechlin\/die-alte-sorten-fragestunde-in-menz-2\/","url":"https:\/\/www.naturparkmagazin.de\/stechlin\/die-alte-sorten-fragestunde-in-menz-2\/","name":"\"Alte Sorten Fragestunde\" am 15. M\u00e4rz 2024 in Menz - Naturpark Stechlin-Ruppiner Land","isPartOf":{"@id":"https:\/\/www.naturparkmagazin.de\/stechlin\/#website"},"datePublished":"2024-02-20T15:08:42+00:00","dateModified":"2024-02-27T13:49:15+00:00","author":{"@id":"https:\/\/www.naturparkmagazin.de\/stechlin\/#\/schema\/person\/3f0d93203df21c806dd63c76d9bb28bc"},"breadcrumb":{"@id":"https:\/\/www.naturparkmagazin.de\/stechlin\/die-alte-sorten-fragestunde-in-menz-2\/#breadcrumb"},"inLanguage":"de","potentialAction":[{"@type":"ReadAction","target":["https:\/\/www.naturparkmagazin.de\/stechlin\/die-alte-sorten-fragestunde-in-menz-2\/"]}]},{"@type":"BreadcrumbList","@id":"https:\/\/www.naturparkmagazin.de\/stechlin\/die-alte-sorten-fragestunde-in-menz-2\/#breadcrumb","itemListElement":[{"@type":"ListItem","position":1,"name":"Home","item":"https:\/\/www.naturparkmagazin.de\/stechlin\/"},{"@type":"ListItem","position":2,"name":"&#8222;Alte Sorten Fragestunde&#8220; am 15. M\u00e4rz 2024 in Menz"}]},{"@type":"WebSite","@id":"https:\/\/www.naturparkmagazin.de\/stechlin\/#website","url":"https:\/\/www.naturparkmagazin.de\/stechlin\/","name":"Naturpark Stechlin-Ruppiner Land","description":"","potentialAction":[{"@type":"SearchAction","target":{"@type":"EntryPoint","urlTemplate":"https:\/\/www.naturparkmagazin.de\/stechlin\/?s={search_term_string}"},"query-input":"required name=search_term_string"}],"inLanguage":"de"},{"@type":"Person","@id":"https:\/\/www.naturparkmagazin.de\/stechlin\/#\/schema\/person\/3f0d93203df21c806dd63c76d9bb28bc","name":"marioschrumpf","url":"https:\/\/www.naturparkmagazin.de\/stechlin\/author\/marioschrumpf\/"}]}},"_links":{"self":[{"href":"https:\/\/www.naturparkmagazin.de\/stechlin\/wp-json\/wp\/v2\/posts\/15066"}],"collection":[{"href":"https:\/\/www.naturparkmagazin.de\/stechlin\/wp-json\/wp\/v2\/posts"}],"about":[{"href":"https:\/\/www.naturparkmagazin.de\/stechlin\/wp-json\/wp\/v2\/types\/post"}],"author":[{"embeddable":true,"href":"https:\/\/www.naturparkmagazin.de\/stechlin\/wp-json\/wp\/v2\/users\/39"}],"replies":[{"embeddable":true,"href":"https:\/\/www.naturparkmagazin.de\/stechlin\/wp-json\/wp\/v2\/comments?post=15066"}],"version-history":[{"count":8,"href":"https:\/\/www.naturparkmagazin.de\/stechlin\/wp-json\/wp\/v2\/posts\/15066\/revisions"}],"predecessor-version":[{"id":15126,"href":"https:\/\/www.naturparkmagazin.de\/stechlin\/wp-json\/wp\/v2\/posts\/15066\/revisions\/15126"}],"wp:featuredmedia":[{"embeddable":true,"href":"https:\/\/www.naturparkmagazin.de\/stechlin\/wp-json\/wp\/v2\/media\/14839"}],"wp:attachment":[{"href":"https:\/\/www.naturparkmagazin.de\/stechlin\/wp-json\/wp\/v2\/media?parent=15066"}],"wp:term":[{"taxonomy":"category","embeddable":true,"href":"https:\/\/www.naturparkmagazin.de\/stechlin\/wp-json\/wp\/v2\/categories?post=15066"},{"taxonomy":"post_tag","embeddable":true,"href":"https:\/\/www.naturparkmagazin.de\/stechlin\/wp-json\/wp\/v2\/tags?post=15066"}],"curies":[{"name":"wp","href":"https:\/\/api.w.org\/{rel}","templated":true}]}}