{"id":15138,"date":"2024-03-20T16:05:15","date_gmt":"2024-03-20T15:05:15","guid":{"rendered":"https:\/\/www.naturparkmagazin.de\/stechlin\/?p=15138"},"modified":"2024-04-16T12:47:56","modified_gmt":"2024-04-16T10:47:56","slug":"save-the-date-kleine-tomatenpflanzenboerse-am-5-mai-2024","status":"publish","type":"post","link":"https:\/\/www.naturparkmagazin.de\/stechlin\/save-the-date-kleine-tomatenpflanzenboerse-am-5-mai-2024\/","title":{"rendered":"Save the date \u2013 Kleine Tomatenpflanzenb\u00f6rse am 3. Mai 2024"},"content":{"rendered":"<p>Liebhaber der paradiesischen Frucht sollten sich den<strong> 3. Mai<\/strong> ganz dick im Kalender anstreichen! Dann ist es endlich wieder soweit: die traditionelle <strong>Tomatenpflanzenb\u00f6rse<\/strong> findet <strong>ab 13 Uhr rund um das NaturParkHaus Stechlin in Menz<\/strong> statt.<\/p>\n<div id=\"attachment_694\" style=\"width: 310px\" class=\"wp-caption aligncenter\"><a href=\"https:\/\/www.naturparkmagazin.de\/stechlin\/wp-content\/uploads\/sites\/38\/k-11.-5.-Tomatenb\u00f6rse-2011.jpg\"><img aria-describedby=\"caption-attachment-694\" decoding=\"async\" loading=\"lazy\" class=\"size-thumbnail wp-image-694\" src=\"https:\/\/www.naturparkmagazin.de\/stechlin\/wp-content\/uploads\/sites\/38\/k-11.-5.-Tomatenb\u00f6rse-2011-300x225.jpg\" alt=\"Neben der &quot;Alten Sorten-Fragestunde&quot; hat auch die Tomatenpflanzenb\u00f6rse im Mai Tradition.\" width=\"300\" height=\"225\" srcset=\"https:\/\/www.naturparkmagazin.de\/stechlin\/wp-content\/uploads\/sites\/38\/k-11.-5.-Tomatenb\u00f6rse-2011-300x225.jpg 300w, https:\/\/www.naturparkmagazin.de\/stechlin\/wp-content\/uploads\/sites\/38\/k-11.-5.-Tomatenb\u00f6rse-2011-180x135.jpg 180w, https:\/\/www.naturparkmagazin.de\/stechlin\/wp-content\/uploads\/sites\/38\/k-11.-5.-Tomatenb\u00f6rse-2011-95x71.jpg 95w, https:\/\/www.naturparkmagazin.de\/stechlin\/wp-content\/uploads\/sites\/38\/k-11.-5.-Tomatenb\u00f6rse-2011-200x150.jpg 200w, https:\/\/www.naturparkmagazin.de\/stechlin\/wp-content\/uploads\/sites\/38\/k-11.-5.-Tomatenb\u00f6rse-2011.jpg 320w\" sizes=\"(max-width: 300px) 100vw, 300px\" \/><\/a><p id=\"caption-attachment-694\" class=\"wp-caption-text\">Neben der &#8222;Alten Sorten-Fragestunde&#8220; hat auch die Tomatenpflanzenb\u00f6rse im Mai Tradition.<\/p><\/div>\n<p>Mit dabei nat\u00fcrlich der\u00a0<strong>Verein zur Erhaltung und Rekultivierung von Nutzpflanzen (VERN e.V.<\/strong>) aus Greiffenberg in der Uckermark mit Pflanzen seines Sortimentes alter Tomatensorten. Rarit\u00e4ten wie gestreifte, behaarte oder gr\u00fcnfleischige Tomaten werden genauso im Angebot sein, wie die allseits beliebte Sorte &#8222;Harzfeuer&#8220;.<\/p>\n<p>Infos zum VERN e.V. und seinem Sortiment gibt es <a href=\"http:\/\/www.vern.de\">hier<\/a>!<\/p>\n<div id=\"attachment_2207\" style=\"width: 310px\" class=\"wp-caption aligncenter\"><a href=\"https:\/\/www.naturparkmagazin.de\/stechlin\/wp-content\/uploads\/sites\/38\/k-DSC_00032.jpg\"><img aria-describedby=\"caption-attachment-2207\" decoding=\"async\" loading=\"lazy\" class=\"size-thumbnail wp-image-2207\" src=\"https:\/\/www.naturparkmagazin.de\/stechlin\/wp-content\/uploads\/sites\/38\/k-DSC_00032-300x201.jpg\" alt=\"\" width=\"300\" height=\"201\" srcset=\"https:\/\/www.naturparkmagazin.de\/stechlin\/wp-content\/uploads\/sites\/38\/k-DSC_00032-300x201.jpg 300w, https:\/\/www.naturparkmagazin.de\/stechlin\/wp-content\/uploads\/sites\/38\/k-DSC_00032-620x415.jpg 620w, https:\/\/www.naturparkmagazin.de\/stechlin\/wp-content\/uploads\/sites\/38\/k-DSC_00032-940x629.jpg 940w, https:\/\/www.naturparkmagazin.de\/stechlin\/wp-content\/uploads\/sites\/38\/k-DSC_00032-670x449.jpg 670w, https:\/\/www.naturparkmagazin.de\/stechlin\/wp-content\/uploads\/sites\/38\/k-DSC_00032-200x134.jpg 200w, https:\/\/www.naturparkmagazin.de\/stechlin\/wp-content\/uploads\/sites\/38\/k-DSC_00032.jpg 968w\" sizes=\"(max-width: 300px) 100vw, 300px\" \/><\/a><p id=\"caption-attachment-2207\" class=\"wp-caption-text\">Der VERN engagiert sich f\u00fcr den Erhalt alter Sorten &#8211; Anfang Mai k\u00f6nnen aus dem Sortiment alter Tomatensorten bei der Pflanzenb\u00f6rse in Menz Jungpflanzen erworben werden.\u00a9 Dr. Mario Schrumpf<\/p><\/div>\n<p>Wer selber Tomatenpflanzen angezogen hat, kann diese gern zum Verkauf anbieten. Verk\u00e4ufer bitte vorab im NaturParkHaus anmelden (Tel. 033082\/51210).<\/p>\n","protected":false},"excerpt":{"rendered":"<p>Liebhaber der paradiesischen Frucht sollten sich den 3. Mai 2024 ganz dick im Kalender anstreichen!<\/p>\n","protected":false},"author":39,"featured_media":5068,"comment_status":"open","ping_status":"open","sticky":false,"template":"","format":"standard","meta":[],"categories":[11],"tags":[],"yoast_head":"<!-- This site is optimized with the Yoast SEO plugin v19.10 - https:\/\/yoast.com\/wordpress\/plugins\/seo\/ -->\n<title>Save the date \u2013 Kleine Tomatenpflanzenb\u00f6rse am 3. Mai 2024 - Naturpark Stechlin-Ruppiner Land<\/title>\n<meta name=\"robots\" content=\"index, follow, max-snippet:-1, max-image-preview:large, max-video-preview:-1\" \/>\n<link rel=\"canonical\" href=\"https:\/\/www.naturparkmagazin.de\/stechlin\/save-the-date-kleine-tomatenpflanzenboerse-am-5-mai-2024\/\" \/>\n<meta property=\"og:locale\" content=\"de_DE\" \/>\n<meta property=\"og:type\" content=\"article\" \/>\n<meta property=\"og:title\" content=\"Save the date \u2013 Kleine Tomatenpflanzenb\u00f6rse am 3. Mai 2024 - Naturpark Stechlin-Ruppiner Land\" \/>\n<meta property=\"og:description\" content=\"Liebhaber der paradiesischen Frucht sollten sich den 3. Mai 2024 ganz dick im Kalender anstreichen!\" \/>\n<meta property=\"og:url\" content=\"https:\/\/www.naturparkmagazin.de\/stechlin\/save-the-date-kleine-tomatenpflanzenboerse-am-5-mai-2024\/\" \/>\n<meta property=\"og:site_name\" content=\"Naturpark Stechlin-Ruppiner Land\" \/>\n<meta property=\"article:published_time\" content=\"2024-03-20T15:05:15+00:00\" \/>\n<meta property=\"article:modified_time\" content=\"2024-04-16T10:47:56+00:00\" \/>\n<meta property=\"og:image\" content=\"https:\/\/www.naturparkmagazin.de\/stechlin\/wp-content\/uploads\/sites\/38\/Korb-mit-Fr\u00fcchten_Karin-Schl\u00f6sser.jpg\" \/>\n\t<meta property=\"og:image:width\" content=\"200\" \/>\n\t<meta property=\"og:image:height\" content=\"200\" \/>\n\t<meta property=\"og:image:type\" content=\"image\/jpeg\" \/>\n<meta name=\"author\" content=\"marioschrumpf\" \/>\n<meta name=\"twitter:label1\" content=\"Verfasst von\" \/>\n\t<meta name=\"twitter:data1\" content=\"marioschrumpf\" \/>\n\t<meta name=\"twitter:label2\" content=\"Gesch\u00e4tzte Lesezeit\" \/>\n\t<meta name=\"twitter:data2\" content=\"2\u00a0Minuten\" \/>\n<script type=\"application\/ld+json\" class=\"yoast-schema-graph\">{\"@context\":\"https:\/\/schema.org\",\"@graph\":[{\"@type\":\"WebPage\",\"@id\":\"https:\/\/www.naturparkmagazin.de\/stechlin\/save-the-date-kleine-tomatenpflanzenboerse-am-5-mai-2024\/\",\"url\":\"https:\/\/www.naturparkmagazin.de\/stechlin\/save-the-date-kleine-tomatenpflanzenboerse-am-5-mai-2024\/\",\"name\":\"Save the date \u2013 Kleine Tomatenpflanzenb\u00f6rse am 3. Mai 2024 - Naturpark Stechlin-Ruppiner Land\",\"isPartOf\":{\"@id\":\"https:\/\/www.naturparkmagazin.de\/stechlin\/#website\"},\"datePublished\":\"2024-03-20T15:05:15+00:00\",\"dateModified\":\"2024-04-16T10:47:56+00:00\",\"author\":{\"@id\":\"https:\/\/www.naturparkmagazin.de\/stechlin\/#\/schema\/person\/3f0d93203df21c806dd63c76d9bb28bc\"},\"breadcrumb\":{\"@id\":\"https:\/\/www.naturparkmagazin.de\/stechlin\/save-the-date-kleine-tomatenpflanzenboerse-am-5-mai-2024\/#breadcrumb\"},\"inLanguage\":\"de\",\"potentialAction\":[{\"@type\":\"ReadAction\",\"target\":[\"https:\/\/www.naturparkmagazin.de\/stechlin\/save-the-date-kleine-tomatenpflanzenboerse-am-5-mai-2024\/\"]}]},{\"@type\":\"BreadcrumbList\",\"@id\":\"https:\/\/www.naturparkmagazin.de\/stechlin\/save-the-date-kleine-tomatenpflanzenboerse-am-5-mai-2024\/#breadcrumb\",\"itemListElement\":[{\"@type\":\"ListItem\",\"position\":1,\"name\":\"Home\",\"item\":\"https:\/\/www.naturparkmagazin.de\/stechlin\/\"},{\"@type\":\"ListItem\",\"position\":2,\"name\":\"Save the date \u2013 Kleine Tomatenpflanzenb\u00f6rse am 3. Mai 2024\"}]},{\"@type\":\"WebSite\",\"@id\":\"https:\/\/www.naturparkmagazin.de\/stechlin\/#website\",\"url\":\"https:\/\/www.naturparkmagazin.de\/stechlin\/\",\"name\":\"Naturpark Stechlin-Ruppiner Land\",\"description\":\"\",\"potentialAction\":[{\"@type\":\"SearchAction\",\"target\":{\"@type\":\"EntryPoint\",\"urlTemplate\":\"https:\/\/www.naturparkmagazin.de\/stechlin\/?s={search_term_string}\"},\"query-input\":\"required name=search_term_string\"}],\"inLanguage\":\"de\"},{\"@type\":\"Person\",\"@id\":\"https:\/\/www.naturparkmagazin.de\/stechlin\/#\/schema\/person\/3f0d93203df21c806dd63c76d9bb28bc\",\"name\":\"marioschrumpf\",\"url\":\"https:\/\/www.naturparkmagazin.de\/stechlin\/author\/marioschrumpf\/\"}]}<\/script>\n<!-- \/ Yoast SEO plugin. -->","yoast_head_json":{"title":"Save the date \u2013 Kleine Tomatenpflanzenb\u00f6rse am 3. Mai 2024 - Naturpark Stechlin-Ruppiner Land","robots":{"index":"index","follow":"follow","max-snippet":"max-snippet:-1","max-image-preview":"max-image-preview:large","max-video-preview":"max-video-preview:-1"},"canonical":"https:\/\/www.naturparkmagazin.de\/stechlin\/save-the-date-kleine-tomatenpflanzenboerse-am-5-mai-2024\/","og_locale":"de_DE","og_type":"article","og_title":"Save the date \u2013 Kleine Tomatenpflanzenb\u00f6rse am 3. Mai 2024 - Naturpark Stechlin-Ruppiner Land","og_description":"Liebhaber der paradiesischen Frucht sollten sich den 3. Mai 2024 ganz dick im Kalender anstreichen!","og_url":"https:\/\/www.naturparkmagazin.de\/stechlin\/save-the-date-kleine-tomatenpflanzenboerse-am-5-mai-2024\/","og_site_name":"Naturpark Stechlin-Ruppiner Land","article_published_time":"2024-03-20T15:05:15+00:00","article_modified_time":"2024-04-16T10:47:56+00:00","og_image":[{"width":200,"height":200,"url":"https:\/\/www.naturparkmagazin.de\/stechlin\/wp-content\/uploads\/sites\/38\/Korb-mit-Fr\u00fcchten_Karin-Schl\u00f6sser.jpg","type":"image\/jpeg"}],"author":"marioschrumpf","twitter_misc":{"Verfasst von":"marioschrumpf","Gesch\u00e4tzte Lesezeit":"2\u00a0Minuten"},"schema":{"@context":"https:\/\/schema.org","@graph":[{"@type":"WebPage","@id":"https:\/\/www.naturparkmagazin.de\/stechlin\/save-the-date-kleine-tomatenpflanzenboerse-am-5-mai-2024\/","url":"https:\/\/www.naturparkmagazin.de\/stechlin\/save-the-date-kleine-tomatenpflanzenboerse-am-5-mai-2024\/","name":"Save the date \u2013 Kleine Tomatenpflanzenb\u00f6rse am 3. Mai 2024 - Naturpark Stechlin-Ruppiner Land","isPartOf":{"@id":"https:\/\/www.naturparkmagazin.de\/stechlin\/#website"},"datePublished":"2024-03-20T15:05:15+00:00","dateModified":"2024-04-16T10:47:56+00:00","author":{"@id":"https:\/\/www.naturparkmagazin.de\/stechlin\/#\/schema\/person\/3f0d93203df21c806dd63c76d9bb28bc"},"breadcrumb":{"@id":"https:\/\/www.naturparkmagazin.de\/stechlin\/save-the-date-kleine-tomatenpflanzenboerse-am-5-mai-2024\/#breadcrumb"},"inLanguage":"de","potentialAction":[{"@type":"ReadAction","target":["https:\/\/www.naturparkmagazin.de\/stechlin\/save-the-date-kleine-tomatenpflanzenboerse-am-5-mai-2024\/"]}]},{"@type":"BreadcrumbList","@id":"https:\/\/www.naturparkmagazin.de\/stechlin\/save-the-date-kleine-tomatenpflanzenboerse-am-5-mai-2024\/#breadcrumb","itemListElement":[{"@type":"ListItem","position":1,"name":"Home","item":"https:\/\/www.naturparkmagazin.de\/stechlin\/"},{"@type":"ListItem","position":2,"name":"Save the date \u2013 Kleine Tomatenpflanzenb\u00f6rse am 3. Mai 2024"}]},{"@type":"WebSite","@id":"https:\/\/www.naturparkmagazin.de\/stechlin\/#website","url":"https:\/\/www.naturparkmagazin.de\/stechlin\/","name":"Naturpark Stechlin-Ruppiner Land","description":"","potentialAction":[{"@type":"SearchAction","target":{"@type":"EntryPoint","urlTemplate":"https:\/\/www.naturparkmagazin.de\/stechlin\/?s={search_term_string}"},"query-input":"required name=search_term_string"}],"inLanguage":"de"},{"@type":"Person","@id":"https:\/\/www.naturparkmagazin.de\/stechlin\/#\/schema\/person\/3f0d93203df21c806dd63c76d9bb28bc","name":"marioschrumpf","url":"https:\/\/www.naturparkmagazin.de\/stechlin\/author\/marioschrumpf\/"}]}},"_links":{"self":[{"href":"https:\/\/www.naturparkmagazin.de\/stechlin\/wp-json\/wp\/v2\/posts\/15138"}],"collection":[{"href":"https:\/\/www.naturparkmagazin.de\/stechlin\/wp-json\/wp\/v2\/posts"}],"about":[{"href":"https:\/\/www.naturparkmagazin.de\/stechlin\/wp-json\/wp\/v2\/types\/post"}],"author":[{"embeddable":true,"href":"https:\/\/www.naturparkmagazin.de\/stechlin\/wp-json\/wp\/v2\/users\/39"}],"replies":[{"embeddable":true,"href":"https:\/\/www.naturparkmagazin.de\/stechlin\/wp-json\/wp\/v2\/comments?post=15138"}],"version-history":[{"count":4,"href":"https:\/\/www.naturparkmagazin.de\/stechlin\/wp-json\/wp\/v2\/posts\/15138\/revisions"}],"predecessor-version":[{"id":15328,"href":"https:\/\/www.naturparkmagazin.de\/stechlin\/wp-json\/wp\/v2\/posts\/15138\/revisions\/15328"}],"wp:featuredmedia":[{"embeddable":true,"href":"https:\/\/www.naturparkmagazin.de\/stechlin\/wp-json\/wp\/v2\/media\/5068"}],"wp:attachment":[{"href":"https:\/\/www.naturparkmagazin.de\/stechlin\/wp-json\/wp\/v2\/media?parent=15138"}],"wp:term":[{"taxonomy":"category","embeddable":true,"href":"https:\/\/www.naturparkmagazin.de\/stechlin\/wp-json\/wp\/v2\/categories?post=15138"},{"taxonomy":"post_tag","embeddable":true,"href":"https:\/\/www.naturparkmagazin.de\/stechlin\/wp-json\/wp\/v2\/tags?post=15138"}],"curies":[{"name":"wp","href":"https:\/\/api.w.org\/{rel}","templated":true}]}}