{"id":15140,"date":"2024-03-20T16:01:49","date_gmt":"2024-03-20T15:01:49","guid":{"rendered":"https:\/\/www.naturparkmagazin.de\/stechlin\/?p=15140"},"modified":"2024-03-25T14:29:34","modified_gmt":"2024-03-25T13:29:34","slug":"6-4-wanderung-zur-eroeffnung-naturerlebnispunkt-sewekow","status":"publish","type":"post","link":"https:\/\/www.naturparkmagazin.de\/stechlin\/6-4-wanderung-zur-eroeffnung-naturerlebnispunkt-sewekow\/","title":{"rendered":"Wanderung zur Er\u00f6ffnung des Naturerlebnispunktes in Sewekow"},"content":{"rendered":"<p>Am <strong>6. April 2024<\/strong> f\u00fchrt der <a href=\"https:\/\/www.wandersportverein-rotation-berlin.de\/index.html\">Wandersportverein Rotation Berlin e.V.<\/a>\u00a0 eine Fr\u00fchlingswanderung von Wittstock\/Dosse zum Winterberg durch.<\/p>\n<p>Wolfgang Pagel wird in Zusammenarbeit mit dem Heimatverein Sewekow, dem Tourismusverein Wittstocker Land e. V. und dem Naturpark Stechlin-Ruppiner Land dabei den Naturerlebnispunkt in Sewekow er\u00f6ffnen.<\/p>\n<div id=\"attachment_15220\" style=\"width: 310px\" class=\"wp-caption aligncenter\"><a href=\"https:\/\/www.naturparkmagazin.de\/stechlin\/wp-content\/uploads\/sites\/38\/DSC_0008-2.jpg\"><img aria-describedby=\"caption-attachment-15220\" decoding=\"async\" loading=\"lazy\" class=\"size-thumbnail wp-image-15220\" src=\"https:\/\/www.naturparkmagazin.de\/stechlin\/wp-content\/uploads\/sites\/38\/DSC_0008-2-300x180.jpg\" alt=\"\" width=\"300\" height=\"180\" srcset=\"https:\/\/www.naturparkmagazin.de\/stechlin\/wp-content\/uploads\/sites\/38\/DSC_0008-2-300x180.jpg 300w, https:\/\/www.naturparkmagazin.de\/stechlin\/wp-content\/uploads\/sites\/38\/DSC_0008-2-200x120.jpg 200w, https:\/\/www.naturparkmagazin.de\/stechlin\/wp-content\/uploads\/sites\/38\/DSC_0008-2.jpg 500w\" sizes=\"(max-width: 300px) 100vw, 300px\" \/><\/a><p id=\"caption-attachment-15220\" class=\"wp-caption-text\">Der Naturerlebnispunkt.\u00a9 Dr. Mario Schrumpf<\/p><\/div>\n<p>Vom <strong>Bahnhof Wittstock<\/strong> ab<strong> 9.00 Uhr<\/strong> geht die Tour \u00fcber Bischofsburg, Dosse-S, Rothe M\u00fchle, Dossebr\u00fccke, Alt Daber (Heideturm: F\u00fchrung), Daberbach (Berlinchener Kanal), Segelflugplatz, Sewekower Tannen, Winterberg (Er\u00f6ffnung des Naturerlebnispunktes), Sewekow, Langhagen-S (Landesgrenze) biss zum Seehotel Ichlim. F\u00fcr die <strong>R\u00fccktour<\/strong> f\u00e4hrt vom Seehotel Ichlim ein Sonderbus ab <strong>16.10 Uhr<\/strong> zur\u00fcck <strong>zum Bahnhof Wittstock\/Dosse<\/strong>.<\/p>\n<p>\u00dcber insgesamt<strong> 23 km<\/strong> erleben die Wandernden eine abwechslungsreiche Landschaft im \u00e4u\u00dfersten Nodwesten des Naturparks.<\/p>\n<div id=\"attachment_15219\" style=\"width: 310px\" class=\"wp-caption aligncenter\"><a href=\"https:\/\/www.naturparkmagazin.de\/stechlin\/wp-content\/uploads\/sites\/38\/DSC_0005-4.jpg\"><img aria-describedby=\"caption-attachment-15219\" decoding=\"async\" loading=\"lazy\" class=\"size-thumbnail wp-image-15219\" src=\"https:\/\/www.naturparkmagazin.de\/stechlin\/wp-content\/uploads\/sites\/38\/DSC_0005-4-300x180.jpg\" alt=\"\" width=\"300\" height=\"180\" srcset=\"https:\/\/www.naturparkmagazin.de\/stechlin\/wp-content\/uploads\/sites\/38\/DSC_0005-4-300x180.jpg 300w, https:\/\/www.naturparkmagazin.de\/stechlin\/wp-content\/uploads\/sites\/38\/DSC_0005-4-200x120.jpg 200w, https:\/\/www.naturparkmagazin.de\/stechlin\/wp-content\/uploads\/sites\/38\/DSC_0005-4.jpg 500w\" sizes=\"(max-width: 300px) 100vw, 300px\" \/><\/a><p id=\"caption-attachment-15219\" class=\"wp-caption-text\">Blick vom Naturerlebnispunkt Sewekow in Richtung Sewekow und dar\u00fcber hianaus in das Nachbar-Bundesland.\u00a9 Dr. Mario Schrumpf<\/p><\/div>\n<p>Highlight dieser Veranstaltung ist zweifellos die feierliche Er\u00f6ffnung des Naturerlebnispunktes bei Sewekow, der, eingerahmt von urigen alten Streuobstalleen, einen wunderbaren Ausblick nach Sewekow und weit \u00fcber die Landesgrenze hinweg nach Mecklenburg Vorpommern erm\u00f6glicht.<\/p>\n<p>Der <strong>Kostenbeitrag<\/strong> f\u00fcr den <strong>Sonderbus<\/strong> betr\u00e4gt <strong>5 \u20ac<\/strong>. Bitte <strong>melden<\/strong> Sie sich f\u00fcr den <strong>Bustransfer<\/strong> beim Veranstalter <strong>an<\/strong>: <a href=\"mailto:rotation@wandersportverein-rotation-berlin.de\">rotation@wandersportverein-rotation-berlin.de<\/a><\/p>\n<p>Die Wandernden sind f\u00fcr ihre <strong>Rucksackverpflegung<\/strong> selbst verantwortlich. Zur <strong>Er\u00f6ffnung<\/strong> des Naturerlebnispunktes auf dem Winterberg gibt es <strong>Kaffee und Kuchen<\/strong>.<\/p>\n","protected":false},"excerpt":{"rendered":"<p>Am 6. April 2024 f\u00fcrhrt der Wandersportverein Rotation Berlin e.V.\u00a0 eine Fr\u00fchlingswanderung zum Winterberg durch.<\/p>\n","protected":false},"author":39,"featured_media":15221,"comment_status":"open","ping_status":"open","sticky":false,"template":"","format":"standard","meta":[],"categories":[11],"tags":[],"yoast_head":"<!-- This site is optimized with the Yoast SEO plugin v19.10 - https:\/\/yoast.com\/wordpress\/plugins\/seo\/ -->\n<title>Wanderung zur Er\u00f6ffnung des Naturerlebnispunktes in Sewekow - Naturpark Stechlin-Ruppiner Land<\/title>\n<meta name=\"robots\" content=\"index, follow, max-snippet:-1, max-image-preview:large, max-video-preview:-1\" \/>\n<link rel=\"canonical\" href=\"https:\/\/www.naturparkmagazin.de\/stechlin\/6-4-wanderung-zur-eroeffnung-naturerlebnispunkt-sewekow\/\" \/>\n<meta property=\"og:locale\" content=\"de_DE\" \/>\n<meta property=\"og:type\" content=\"article\" \/>\n<meta property=\"og:title\" content=\"Wanderung zur Er\u00f6ffnung des Naturerlebnispunktes in Sewekow - Naturpark Stechlin-Ruppiner Land\" \/>\n<meta property=\"og:description\" content=\"Am 6. April 2024 f\u00fcrhrt der Wandersportverein Rotation Berlin e.V.\u00a0 eine Fr\u00fchlingswanderung zum Winterberg durch.\" \/>\n<meta property=\"og:url\" content=\"https:\/\/www.naturparkmagazin.de\/stechlin\/6-4-wanderung-zur-eroeffnung-naturerlebnispunkt-sewekow\/\" \/>\n<meta property=\"og:site_name\" content=\"Naturpark Stechlin-Ruppiner Land\" \/>\n<meta property=\"article:published_time\" content=\"2024-03-20T15:01:49+00:00\" \/>\n<meta property=\"article:modified_time\" content=\"2024-03-25T13:29:34+00:00\" \/>\n<meta property=\"og:image\" content=\"https:\/\/www.naturparkmagazin.de\/stechlin\/wp-content\/uploads\/sites\/38\/DSC_0010_a-1.jpg\" \/>\n\t<meta property=\"og:image:width\" content=\"200\" \/>\n\t<meta property=\"og:image:height\" content=\"200\" \/>\n\t<meta property=\"og:image:type\" content=\"image\/jpeg\" \/>\n<meta name=\"author\" content=\"marioschrumpf\" \/>\n<meta name=\"twitter:label1\" content=\"Verfasst von\" \/>\n\t<meta name=\"twitter:data1\" content=\"marioschrumpf\" \/>\n\t<meta name=\"twitter:label2\" content=\"Gesch\u00e4tzte Lesezeit\" \/>\n\t<meta name=\"twitter:data2\" content=\"2\u00a0Minuten\" \/>\n<script type=\"application\/ld+json\" class=\"yoast-schema-graph\">{\"@context\":\"https:\/\/schema.org\",\"@graph\":[{\"@type\":\"WebPage\",\"@id\":\"https:\/\/www.naturparkmagazin.de\/stechlin\/6-4-wanderung-zur-eroeffnung-naturerlebnispunkt-sewekow\/\",\"url\":\"https:\/\/www.naturparkmagazin.de\/stechlin\/6-4-wanderung-zur-eroeffnung-naturerlebnispunkt-sewekow\/\",\"name\":\"Wanderung zur Er\u00f6ffnung des Naturerlebnispunktes in Sewekow - Naturpark Stechlin-Ruppiner Land\",\"isPartOf\":{\"@id\":\"https:\/\/www.naturparkmagazin.de\/stechlin\/#website\"},\"datePublished\":\"2024-03-20T15:01:49+00:00\",\"dateModified\":\"2024-03-25T13:29:34+00:00\",\"author\":{\"@id\":\"https:\/\/www.naturparkmagazin.de\/stechlin\/#\/schema\/person\/3f0d93203df21c806dd63c76d9bb28bc\"},\"breadcrumb\":{\"@id\":\"https:\/\/www.naturparkmagazin.de\/stechlin\/6-4-wanderung-zur-eroeffnung-naturerlebnispunkt-sewekow\/#breadcrumb\"},\"inLanguage\":\"de\",\"potentialAction\":[{\"@type\":\"ReadAction\",\"target\":[\"https:\/\/www.naturparkmagazin.de\/stechlin\/6-4-wanderung-zur-eroeffnung-naturerlebnispunkt-sewekow\/\"]}]},{\"@type\":\"BreadcrumbList\",\"@id\":\"https:\/\/www.naturparkmagazin.de\/stechlin\/6-4-wanderung-zur-eroeffnung-naturerlebnispunkt-sewekow\/#breadcrumb\",\"itemListElement\":[{\"@type\":\"ListItem\",\"position\":1,\"name\":\"Home\",\"item\":\"https:\/\/www.naturparkmagazin.de\/stechlin\/\"},{\"@type\":\"ListItem\",\"position\":2,\"name\":\"Wanderung zur Er\u00f6ffnung des Naturerlebnispunktes in Sewekow\"}]},{\"@type\":\"WebSite\",\"@id\":\"https:\/\/www.naturparkmagazin.de\/stechlin\/#website\",\"url\":\"https:\/\/www.naturparkmagazin.de\/stechlin\/\",\"name\":\"Naturpark Stechlin-Ruppiner Land\",\"description\":\"\",\"potentialAction\":[{\"@type\":\"SearchAction\",\"target\":{\"@type\":\"EntryPoint\",\"urlTemplate\":\"https:\/\/www.naturparkmagazin.de\/stechlin\/?s={search_term_string}\"},\"query-input\":\"required name=search_term_string\"}],\"inLanguage\":\"de\"},{\"@type\":\"Person\",\"@id\":\"https:\/\/www.naturparkmagazin.de\/stechlin\/#\/schema\/person\/3f0d93203df21c806dd63c76d9bb28bc\",\"name\":\"marioschrumpf\",\"url\":\"https:\/\/www.naturparkmagazin.de\/stechlin\/author\/marioschrumpf\/\"}]}<\/script>\n<!-- \/ Yoast SEO plugin. -->","yoast_head_json":{"title":"Wanderung zur Er\u00f6ffnung des Naturerlebnispunktes in Sewekow - Naturpark Stechlin-Ruppiner Land","robots":{"index":"index","follow":"follow","max-snippet":"max-snippet:-1","max-image-preview":"max-image-preview:large","max-video-preview":"max-video-preview:-1"},"canonical":"https:\/\/www.naturparkmagazin.de\/stechlin\/6-4-wanderung-zur-eroeffnung-naturerlebnispunkt-sewekow\/","og_locale":"de_DE","og_type":"article","og_title":"Wanderung zur Er\u00f6ffnung des Naturerlebnispunktes in Sewekow - Naturpark Stechlin-Ruppiner Land","og_description":"Am 6. April 2024 f\u00fcrhrt der Wandersportverein Rotation Berlin e.V.\u00a0 eine Fr\u00fchlingswanderung zum Winterberg durch.","og_url":"https:\/\/www.naturparkmagazin.de\/stechlin\/6-4-wanderung-zur-eroeffnung-naturerlebnispunkt-sewekow\/","og_site_name":"Naturpark Stechlin-Ruppiner Land","article_published_time":"2024-03-20T15:01:49+00:00","article_modified_time":"2024-03-25T13:29:34+00:00","og_image":[{"width":200,"height":200,"url":"https:\/\/www.naturparkmagazin.de\/stechlin\/wp-content\/uploads\/sites\/38\/DSC_0010_a-1.jpg","type":"image\/jpeg"}],"author":"marioschrumpf","twitter_misc":{"Verfasst von":"marioschrumpf","Gesch\u00e4tzte Lesezeit":"2\u00a0Minuten"},"schema":{"@context":"https:\/\/schema.org","@graph":[{"@type":"WebPage","@id":"https:\/\/www.naturparkmagazin.de\/stechlin\/6-4-wanderung-zur-eroeffnung-naturerlebnispunkt-sewekow\/","url":"https:\/\/www.naturparkmagazin.de\/stechlin\/6-4-wanderung-zur-eroeffnung-naturerlebnispunkt-sewekow\/","name":"Wanderung zur Er\u00f6ffnung des Naturerlebnispunktes in Sewekow - Naturpark Stechlin-Ruppiner Land","isPartOf":{"@id":"https:\/\/www.naturparkmagazin.de\/stechlin\/#website"},"datePublished":"2024-03-20T15:01:49+00:00","dateModified":"2024-03-25T13:29:34+00:00","author":{"@id":"https:\/\/www.naturparkmagazin.de\/stechlin\/#\/schema\/person\/3f0d93203df21c806dd63c76d9bb28bc"},"breadcrumb":{"@id":"https:\/\/www.naturparkmagazin.de\/stechlin\/6-4-wanderung-zur-eroeffnung-naturerlebnispunkt-sewekow\/#breadcrumb"},"inLanguage":"de","potentialAction":[{"@type":"ReadAction","target":["https:\/\/www.naturparkmagazin.de\/stechlin\/6-4-wanderung-zur-eroeffnung-naturerlebnispunkt-sewekow\/"]}]},{"@type":"BreadcrumbList","@id":"https:\/\/www.naturparkmagazin.de\/stechlin\/6-4-wanderung-zur-eroeffnung-naturerlebnispunkt-sewekow\/#breadcrumb","itemListElement":[{"@type":"ListItem","position":1,"name":"Home","item":"https:\/\/www.naturparkmagazin.de\/stechlin\/"},{"@type":"ListItem","position":2,"name":"Wanderung zur Er\u00f6ffnung des Naturerlebnispunktes in Sewekow"}]},{"@type":"WebSite","@id":"https:\/\/www.naturparkmagazin.de\/stechlin\/#website","url":"https:\/\/www.naturparkmagazin.de\/stechlin\/","name":"Naturpark Stechlin-Ruppiner Land","description":"","potentialAction":[{"@type":"SearchAction","target":{"@type":"EntryPoint","urlTemplate":"https:\/\/www.naturparkmagazin.de\/stechlin\/?s={search_term_string}"},"query-input":"required name=search_term_string"}],"inLanguage":"de"},{"@type":"Person","@id":"https:\/\/www.naturparkmagazin.de\/stechlin\/#\/schema\/person\/3f0d93203df21c806dd63c76d9bb28bc","name":"marioschrumpf","url":"https:\/\/www.naturparkmagazin.de\/stechlin\/author\/marioschrumpf\/"}]}},"_links":{"self":[{"href":"https:\/\/www.naturparkmagazin.de\/stechlin\/wp-json\/wp\/v2\/posts\/15140"}],"collection":[{"href":"https:\/\/www.naturparkmagazin.de\/stechlin\/wp-json\/wp\/v2\/posts"}],"about":[{"href":"https:\/\/www.naturparkmagazin.de\/stechlin\/wp-json\/wp\/v2\/types\/post"}],"author":[{"embeddable":true,"href":"https:\/\/www.naturparkmagazin.de\/stechlin\/wp-json\/wp\/v2\/users\/39"}],"replies":[{"embeddable":true,"href":"https:\/\/www.naturparkmagazin.de\/stechlin\/wp-json\/wp\/v2\/comments?post=15140"}],"version-history":[{"count":7,"href":"https:\/\/www.naturparkmagazin.de\/stechlin\/wp-json\/wp\/v2\/posts\/15140\/revisions"}],"predecessor-version":[{"id":15282,"href":"https:\/\/www.naturparkmagazin.de\/stechlin\/wp-json\/wp\/v2\/posts\/15140\/revisions\/15282"}],"wp:featuredmedia":[{"embeddable":true,"href":"https:\/\/www.naturparkmagazin.de\/stechlin\/wp-json\/wp\/v2\/media\/15221"}],"wp:attachment":[{"href":"https:\/\/www.naturparkmagazin.de\/stechlin\/wp-json\/wp\/v2\/media?parent=15140"}],"wp:term":[{"taxonomy":"category","embeddable":true,"href":"https:\/\/www.naturparkmagazin.de\/stechlin\/wp-json\/wp\/v2\/categories?post=15140"},{"taxonomy":"post_tag","embeddable":true,"href":"https:\/\/www.naturparkmagazin.de\/stechlin\/wp-json\/wp\/v2\/tags?post=15140"}],"curies":[{"name":"wp","href":"https:\/\/api.w.org\/{rel}","templated":true}]}}