{"id":15146,"date":"2024-03-20T16:06:53","date_gmt":"2024-03-20T15:06:53","guid":{"rendered":"https:\/\/www.naturparkmagazin.de\/stechlin\/?p=15146"},"modified":"2024-03-25T14:05:09","modified_gmt":"2024-03-25T13:05:09","slug":"offene-buehne-menz-am-6-april-2024","status":"publish","type":"post","link":"https:\/\/www.naturparkmagazin.de\/stechlin\/offene-buehne-menz-am-6-april-2024\/","title":{"rendered":"Offene B\u00fchne Menz am 6. April 2024"},"content":{"rendered":"<p>Die Offene B\u00fchne Menz hat sich inzwischen nicht nur einen Namen f\u00fcr gute Livemusik gemacht. Immer gut besucht ist es auch ein begehrter Teffpunkt f\u00fcr Musizierende aus der Gegend.<\/p>\n<p>Nach dem gro\u00dfen Erfolg im letzten Jahr, findet auch in diesem eine Fortsetzung der bunten Konzertreihe statt. Am 17. Ferbuar gab es wieder eine Offene B\u00fchne in Menz und <strong>am 6. April<\/strong> gibt es die zweite in diesem Jahr. Hochkar\u00e4tige Musiker:innen, aber auch Laien stehen in der <strong>Regionalwerkstatt Stechlin am Friedensplatz in Menz<\/strong> auf dem bunten Programm.<\/p>\n<p><strong>Beginn ist 19 Uhr.<\/strong><\/p>\n<p>Jeder hat mindestens 15 Minuten Zeit sich zu pr\u00e4sentieren. So gibt es ca. 10 Auftritte von Solisten, Duos und Bands. Mathias K\u00f6ppen aus Kr\u00e4nzlin covert Udo Lindenberg, die Gruppe Mirabelle aus Havelberg spielt s\u00fcdamerkanischen und internationalen Folk, die Gruppe Delikat bringt netten Ostrock und freche Balladen, das Duo Thomas Heise singt deutsche Liederkunst, Sabine aus Neuruppin kommt mit Blues, Collin Dorn aus Rheinsberg und seine Partnerin faszinieren mit Beat-Interpretationen.<\/p>\n<div id=\"attachment_15209\" style=\"width: 310px\" class=\"wp-caption aligncenter\"><a href=\"https:\/\/www.naturparkmagazin.de\/stechlin\/wp-content\/uploads\/sites\/38\/Mirabelle-2-Copy.jpg\"><img aria-describedby=\"caption-attachment-15209\" decoding=\"async\" loading=\"lazy\" class=\"size-thumbnail wp-image-15209\" src=\"https:\/\/www.naturparkmagazin.de\/stechlin\/wp-content\/uploads\/sites\/38\/Mirabelle-2-Copy-300x180.jpg\" alt=\"\" width=\"300\" height=\"180\" srcset=\"https:\/\/www.naturparkmagazin.de\/stechlin\/wp-content\/uploads\/sites\/38\/Mirabelle-2-Copy-300x180.jpg 300w, https:\/\/www.naturparkmagazin.de\/stechlin\/wp-content\/uploads\/sites\/38\/Mirabelle-2-Copy-200x120.jpg 200w, https:\/\/www.naturparkmagazin.de\/stechlin\/wp-content\/uploads\/sites\/38\/Mirabelle-2-Copy.jpg 500w\" sizes=\"(max-width: 300px) 100vw, 300px\" \/><\/a><p id=\"caption-attachment-15209\" class=\"wp-caption-text\">Mirabelle\u00a9 Katrin Davis<\/p><\/div>\n<div id=\"attachment_15208\" style=\"width: 310px\" class=\"wp-caption aligncenter\"><a href=\"https:\/\/www.naturparkmagazin.de\/stechlin\/wp-content\/uploads\/sites\/38\/delikat-Foto.jpg\"><img aria-describedby=\"caption-attachment-15208\" decoding=\"async\" loading=\"lazy\" class=\"size-thumbnail wp-image-15208\" src=\"https:\/\/www.naturparkmagazin.de\/stechlin\/wp-content\/uploads\/sites\/38\/delikat-Foto-300x180.jpg\" alt=\"\" width=\"300\" height=\"180\" srcset=\"https:\/\/www.naturparkmagazin.de\/stechlin\/wp-content\/uploads\/sites\/38\/delikat-Foto-300x180.jpg 300w, https:\/\/www.naturparkmagazin.de\/stechlin\/wp-content\/uploads\/sites\/38\/delikat-Foto-200x120.jpg 200w, https:\/\/www.naturparkmagazin.de\/stechlin\/wp-content\/uploads\/sites\/38\/delikat-Foto.jpg 500w\" sizes=\"(max-width: 300px) 100vw, 300px\" \/><\/a><p id=\"caption-attachment-15208\" class=\"wp-caption-text\">Delikat\u00a9 Katrin Davis<\/p><\/div>\n<p>Der Liedermacher Raimund aus Germendorf ist mit eigenen Liedern wieder dabei und Rosa aus Altglobsow singt feine Balladen. Solist Tobias St\u00fcrmer aus Zehdenick bringt nette Oldies und Andreas aus Gransee mit Anne aus F\u00fcrstenberg\/H. spielen Klassik und Jazziges auf Violine und Saxophon.<\/p>\n<p>Den Abschluss zum Tanzen bildet wie \u00fcblich unsere Menzer Hausband &#8222;Paul Davis and Friends&#8220; mit Star &#8211; Guitarrist Micha Strahl und gutem Rock.<\/p>\n<div id=\"attachment_15211\" style=\"width: 310px\" class=\"wp-caption aligncenter\"><a href=\"https:\/\/www.naturparkmagazin.de\/stechlin\/wp-content\/uploads\/sites\/38\/Paul-Davis-and-Friends1.jpg\"><img aria-describedby=\"caption-attachment-15211\" decoding=\"async\" loading=\"lazy\" class=\"size-thumbnail wp-image-15211\" src=\"https:\/\/www.naturparkmagazin.de\/stechlin\/wp-content\/uploads\/sites\/38\/Paul-Davis-and-Friends1-300x180.jpg\" alt=\"\" width=\"300\" height=\"180\" srcset=\"https:\/\/www.naturparkmagazin.de\/stechlin\/wp-content\/uploads\/sites\/38\/Paul-Davis-and-Friends1-300x180.jpg 300w, https:\/\/www.naturparkmagazin.de\/stechlin\/wp-content\/uploads\/sites\/38\/Paul-Davis-and-Friends1-200x120.jpg 200w, https:\/\/www.naturparkmagazin.de\/stechlin\/wp-content\/uploads\/sites\/38\/Paul-Davis-and-Friends1.jpg 500w\" sizes=\"(max-width: 300px) 100vw, 300px\" \/><\/a><p id=\"caption-attachment-15211\" class=\"wp-caption-text\">Paul Davis and Friends\u00a9 Katrin Davis<\/p><\/div>\n<p>Getr\u00e4nke, W\u00fcrstchen und Schmalzbrot stehen bereit. Der Eintritt ist frei &#8211; man freut sich \u00fcber Spenden.\nDie Veranstaltung wird unterst\u00fczt vom Gemeinsam e.V. und dem F\u00f6rderverein &#8222;Naturlandschaft Stechlin und Menzer Heide&#8220; e.V.<\/p>\n","protected":false},"excerpt":{"rendered":"<p>Die Offene B\u00fchne Menz hat sich inzwischen nicht nur einen Namen f\u00fcr gute Livemusik gemacht. Immer gut besucht ist es auch ein begehrter Teffpunkt f\u00fcr Musizierende aus der Gegend.<\/p>\n","protected":false},"author":39,"featured_media":15210,"comment_status":"open","ping_status":"open","sticky":false,"template":"","format":"standard","meta":[],"categories":[11],"tags":[],"yoast_head":"<!-- This site is optimized with the Yoast SEO plugin v19.10 - https:\/\/yoast.com\/wordpress\/plugins\/seo\/ -->\n<title>Offene B\u00fchne Menz am 6. April 2024 - Naturpark Stechlin-Ruppiner Land<\/title>\n<meta name=\"robots\" content=\"index, follow, max-snippet:-1, max-image-preview:large, max-video-preview:-1\" \/>\n<link rel=\"canonical\" href=\"https:\/\/www.naturparkmagazin.de\/stechlin\/offene-buehne-menz-am-6-april-2024\/\" \/>\n<meta property=\"og:locale\" content=\"de_DE\" \/>\n<meta property=\"og:type\" content=\"article\" \/>\n<meta property=\"og:title\" content=\"Offene B\u00fchne Menz am 6. April 2024 - Naturpark Stechlin-Ruppiner Land\" \/>\n<meta property=\"og:description\" content=\"Die Offene B\u00fchne Menz hat sich inzwischen nicht nur einen Namen f\u00fcr gute Livemusik gemacht. Immer gut besucht ist es auch ein begehrter Teffpunkt f\u00fcr Musizierende aus der Gegend.\" \/>\n<meta property=\"og:url\" content=\"https:\/\/www.naturparkmagazin.de\/stechlin\/offene-buehne-menz-am-6-april-2024\/\" \/>\n<meta property=\"og:site_name\" content=\"Naturpark Stechlin-Ruppiner Land\" \/>\n<meta property=\"article:published_time\" content=\"2024-03-20T15:06:53+00:00\" \/>\n<meta property=\"article:modified_time\" content=\"2024-03-25T13:05:09+00:00\" \/>\n<meta property=\"og:image\" content=\"https:\/\/www.naturparkmagazin.de\/stechlin\/wp-content\/uploads\/sites\/38\/Mirabelle-3_a.jpg\" \/>\n\t<meta property=\"og:image:width\" content=\"200\" \/>\n\t<meta property=\"og:image:height\" content=\"200\" \/>\n\t<meta property=\"og:image:type\" content=\"image\/jpeg\" \/>\n<meta name=\"author\" content=\"marioschrumpf\" \/>\n<meta name=\"twitter:label1\" content=\"Verfasst von\" \/>\n\t<meta name=\"twitter:data1\" content=\"marioschrumpf\" \/>\n\t<meta name=\"twitter:label2\" content=\"Gesch\u00e4tzte Lesezeit\" \/>\n\t<meta name=\"twitter:data2\" content=\"3\u00a0Minuten\" \/>\n<script type=\"application\/ld+json\" class=\"yoast-schema-graph\">{\"@context\":\"https:\/\/schema.org\",\"@graph\":[{\"@type\":\"WebPage\",\"@id\":\"https:\/\/www.naturparkmagazin.de\/stechlin\/offene-buehne-menz-am-6-april-2024\/\",\"url\":\"https:\/\/www.naturparkmagazin.de\/stechlin\/offene-buehne-menz-am-6-april-2024\/\",\"name\":\"Offene B\u00fchne Menz am 6. April 2024 - Naturpark Stechlin-Ruppiner Land\",\"isPartOf\":{\"@id\":\"https:\/\/www.naturparkmagazin.de\/stechlin\/#website\"},\"datePublished\":\"2024-03-20T15:06:53+00:00\",\"dateModified\":\"2024-03-25T13:05:09+00:00\",\"author\":{\"@id\":\"https:\/\/www.naturparkmagazin.de\/stechlin\/#\/schema\/person\/3f0d93203df21c806dd63c76d9bb28bc\"},\"breadcrumb\":{\"@id\":\"https:\/\/www.naturparkmagazin.de\/stechlin\/offene-buehne-menz-am-6-april-2024\/#breadcrumb\"},\"inLanguage\":\"de\",\"potentialAction\":[{\"@type\":\"ReadAction\",\"target\":[\"https:\/\/www.naturparkmagazin.de\/stechlin\/offene-buehne-menz-am-6-april-2024\/\"]}]},{\"@type\":\"BreadcrumbList\",\"@id\":\"https:\/\/www.naturparkmagazin.de\/stechlin\/offene-buehne-menz-am-6-april-2024\/#breadcrumb\",\"itemListElement\":[{\"@type\":\"ListItem\",\"position\":1,\"name\":\"Home\",\"item\":\"https:\/\/www.naturparkmagazin.de\/stechlin\/\"},{\"@type\":\"ListItem\",\"position\":2,\"name\":\"Offene B\u00fchne Menz am 6. April 2024\"}]},{\"@type\":\"WebSite\",\"@id\":\"https:\/\/www.naturparkmagazin.de\/stechlin\/#website\",\"url\":\"https:\/\/www.naturparkmagazin.de\/stechlin\/\",\"name\":\"Naturpark Stechlin-Ruppiner Land\",\"description\":\"\",\"potentialAction\":[{\"@type\":\"SearchAction\",\"target\":{\"@type\":\"EntryPoint\",\"urlTemplate\":\"https:\/\/www.naturparkmagazin.de\/stechlin\/?s={search_term_string}\"},\"query-input\":\"required name=search_term_string\"}],\"inLanguage\":\"de\"},{\"@type\":\"Person\",\"@id\":\"https:\/\/www.naturparkmagazin.de\/stechlin\/#\/schema\/person\/3f0d93203df21c806dd63c76d9bb28bc\",\"name\":\"marioschrumpf\",\"url\":\"https:\/\/www.naturparkmagazin.de\/stechlin\/author\/marioschrumpf\/\"}]}<\/script>\n<!-- \/ Yoast SEO plugin. -->","yoast_head_json":{"title":"Offene B\u00fchne Menz am 6. April 2024 - Naturpark Stechlin-Ruppiner Land","robots":{"index":"index","follow":"follow","max-snippet":"max-snippet:-1","max-image-preview":"max-image-preview:large","max-video-preview":"max-video-preview:-1"},"canonical":"https:\/\/www.naturparkmagazin.de\/stechlin\/offene-buehne-menz-am-6-april-2024\/","og_locale":"de_DE","og_type":"article","og_title":"Offene B\u00fchne Menz am 6. April 2024 - Naturpark Stechlin-Ruppiner Land","og_description":"Die Offene B\u00fchne Menz hat sich inzwischen nicht nur einen Namen f\u00fcr gute Livemusik gemacht. Immer gut besucht ist es auch ein begehrter Teffpunkt f\u00fcr Musizierende aus der Gegend.","og_url":"https:\/\/www.naturparkmagazin.de\/stechlin\/offene-buehne-menz-am-6-april-2024\/","og_site_name":"Naturpark Stechlin-Ruppiner Land","article_published_time":"2024-03-20T15:06:53+00:00","article_modified_time":"2024-03-25T13:05:09+00:00","og_image":[{"width":200,"height":200,"url":"https:\/\/www.naturparkmagazin.de\/stechlin\/wp-content\/uploads\/sites\/38\/Mirabelle-3_a.jpg","type":"image\/jpeg"}],"author":"marioschrumpf","twitter_misc":{"Verfasst von":"marioschrumpf","Gesch\u00e4tzte Lesezeit":"3\u00a0Minuten"},"schema":{"@context":"https:\/\/schema.org","@graph":[{"@type":"WebPage","@id":"https:\/\/www.naturparkmagazin.de\/stechlin\/offene-buehne-menz-am-6-april-2024\/","url":"https:\/\/www.naturparkmagazin.de\/stechlin\/offene-buehne-menz-am-6-april-2024\/","name":"Offene B\u00fchne Menz am 6. April 2024 - Naturpark Stechlin-Ruppiner Land","isPartOf":{"@id":"https:\/\/www.naturparkmagazin.de\/stechlin\/#website"},"datePublished":"2024-03-20T15:06:53+00:00","dateModified":"2024-03-25T13:05:09+00:00","author":{"@id":"https:\/\/www.naturparkmagazin.de\/stechlin\/#\/schema\/person\/3f0d93203df21c806dd63c76d9bb28bc"},"breadcrumb":{"@id":"https:\/\/www.naturparkmagazin.de\/stechlin\/offene-buehne-menz-am-6-april-2024\/#breadcrumb"},"inLanguage":"de","potentialAction":[{"@type":"ReadAction","target":["https:\/\/www.naturparkmagazin.de\/stechlin\/offene-buehne-menz-am-6-april-2024\/"]}]},{"@type":"BreadcrumbList","@id":"https:\/\/www.naturparkmagazin.de\/stechlin\/offene-buehne-menz-am-6-april-2024\/#breadcrumb","itemListElement":[{"@type":"ListItem","position":1,"name":"Home","item":"https:\/\/www.naturparkmagazin.de\/stechlin\/"},{"@type":"ListItem","position":2,"name":"Offene B\u00fchne Menz am 6. April 2024"}]},{"@type":"WebSite","@id":"https:\/\/www.naturparkmagazin.de\/stechlin\/#website","url":"https:\/\/www.naturparkmagazin.de\/stechlin\/","name":"Naturpark Stechlin-Ruppiner Land","description":"","potentialAction":[{"@type":"SearchAction","target":{"@type":"EntryPoint","urlTemplate":"https:\/\/www.naturparkmagazin.de\/stechlin\/?s={search_term_string}"},"query-input":"required name=search_term_string"}],"inLanguage":"de"},{"@type":"Person","@id":"https:\/\/www.naturparkmagazin.de\/stechlin\/#\/schema\/person\/3f0d93203df21c806dd63c76d9bb28bc","name":"marioschrumpf","url":"https:\/\/www.naturparkmagazin.de\/stechlin\/author\/marioschrumpf\/"}]}},"_links":{"self":[{"href":"https:\/\/www.naturparkmagazin.de\/stechlin\/wp-json\/wp\/v2\/posts\/15146"}],"collection":[{"href":"https:\/\/www.naturparkmagazin.de\/stechlin\/wp-json\/wp\/v2\/posts"}],"about":[{"href":"https:\/\/www.naturparkmagazin.de\/stechlin\/wp-json\/wp\/v2\/types\/post"}],"author":[{"embeddable":true,"href":"https:\/\/www.naturparkmagazin.de\/stechlin\/wp-json\/wp\/v2\/users\/39"}],"replies":[{"embeddable":true,"href":"https:\/\/www.naturparkmagazin.de\/stechlin\/wp-json\/wp\/v2\/comments?post=15146"}],"version-history":[{"count":7,"href":"https:\/\/www.naturparkmagazin.de\/stechlin\/wp-json\/wp\/v2\/posts\/15146\/revisions"}],"predecessor-version":[{"id":15278,"href":"https:\/\/www.naturparkmagazin.de\/stechlin\/wp-json\/wp\/v2\/posts\/15146\/revisions\/15278"}],"wp:featuredmedia":[{"embeddable":true,"href":"https:\/\/www.naturparkmagazin.de\/stechlin\/wp-json\/wp\/v2\/media\/15210"}],"wp:attachment":[{"href":"https:\/\/www.naturparkmagazin.de\/stechlin\/wp-json\/wp\/v2\/media?parent=15146"}],"wp:term":[{"taxonomy":"category","embeddable":true,"href":"https:\/\/www.naturparkmagazin.de\/stechlin\/wp-json\/wp\/v2\/categories?post=15146"},{"taxonomy":"post_tag","embeddable":true,"href":"https:\/\/www.naturparkmagazin.de\/stechlin\/wp-json\/wp\/v2\/tags?post=15146"}],"curies":[{"name":"wp","href":"https:\/\/api.w.org\/{rel}","templated":true}]}}