{"id":15152,"date":"2024-03-20T15:03:10","date_gmt":"2024-03-20T14:03:10","guid":{"rendered":"https:\/\/www.naturparkmagazin.de\/stechlin\/?p=15152"},"modified":"2024-03-20T12:00:19","modified_gmt":"2024-03-20T11:00:19","slug":"informationsveranstaltung-zum-geplanten-sternenpark-kyritz-ruppiner-heide","status":"publish","type":"post","link":"https:\/\/www.naturparkmagazin.de\/stechlin\/informationsveranstaltung-zum-geplanten-sternenpark-kyritz-ruppiner-heide\/","title":{"rendered":"Informationsveranstaltung zum geplanten Sternenpark Kyritz-Ruppiner Heide"},"content":{"rendered":"<p>Die Kyritz-Ruppiner Heide geh\u00f6rt zu den dunkelsten Naturr\u00e4umen Deutschlands.<\/p>\n<p>Um dieses Alleinstellungsmerkmal f\u00fcr die Entwicklung des Astrotourismus unter Sicherstellung des Schutzes der Nacht in unserem Naturpark zu nutzen, hat die Kommunale Arbeitsgemeinschaft Kyritz-Ruppiner Heide beschlossen, das ehemalige Bombodrom zum Sternenpark zu entwickeln.<\/p>\n<p>Der Landkreis Ostprignitz-Ruppin hat dankenswerterweise die Erstellung des Antrages zur Zertifizierung incl. Beleuchtungs-Richtlinie f\u00fcr die randlich gelegenen Orte finanziert. Mit Unterst\u00fctzung des benachbarten Natur- und Sternenparkes Westhavelland und durch \u201eSternenpapst\u201c Dr. Andreas H\u00e4nel aus Osnabr\u00fcck wurden die Dokumente vorbereitet.<\/p>\n<div id=\"attachment_15214\" style=\"width: 310px\" class=\"wp-caption aligncenter\"><a href=\"https:\/\/www.naturparkmagazin.de\/stechlin\/wp-content\/uploads\/sites\/38\/DSC_0034-2.jpg\"><img aria-describedby=\"caption-attachment-15214\" decoding=\"async\" loading=\"lazy\" class=\"size-thumbnail wp-image-15214\" src=\"https:\/\/www.naturparkmagazin.de\/stechlin\/wp-content\/uploads\/sites\/38\/DSC_0034-2-300x180.jpg\" alt=\"\" width=\"300\" height=\"180\" srcset=\"https:\/\/www.naturparkmagazin.de\/stechlin\/wp-content\/uploads\/sites\/38\/DSC_0034-2-300x180.jpg 300w, https:\/\/www.naturparkmagazin.de\/stechlin\/wp-content\/uploads\/sites\/38\/DSC_0034-2-200x120.jpg 200w, https:\/\/www.naturparkmagazin.de\/stechlin\/wp-content\/uploads\/sites\/38\/DSC_0034-2.jpg 500w\" sizes=\"(max-width: 300px) 100vw, 300px\" \/><\/a><p id=\"caption-attachment-15214\" class=\"wp-caption-text\">\u00a9 Dr. Mario Schrumpf<\/p><\/div>\n<p>Am 7. M\u00e4rz hat Thomas Becker, zust\u00e4ndiger Mitarbeiter im Natur- und Sternenpark Westhavelland die Unterlagen den Kommunen vorgestellt. In der anschlie\u00dfenden Diskussion wurden alle offenen Fragen gekl\u00e4rt und erste Vorschl\u00e4ge zur Optimierung der Beleuchtung in den Randd\u00f6rfern besprochen. Auf dem 12.000 Hektar umfassenden Areal der Kyritz-Ruppiner Heide steht nicht eine einzige Leuchte! Einigkeit bestand dar\u00fcber, dass dies auch zuk\u00fcnftig so bleiben soll.<\/p>\n<div id=\"attachment_15215\" style=\"width: 310px\" class=\"wp-caption aligncenter\"><a href=\"https:\/\/www.naturparkmagazin.de\/stechlin\/wp-content\/uploads\/sites\/38\/DSC_0037-3.jpg\"><img aria-describedby=\"caption-attachment-15215\" decoding=\"async\" loading=\"lazy\" class=\"size-thumbnail wp-image-15215\" src=\"https:\/\/www.naturparkmagazin.de\/stechlin\/wp-content\/uploads\/sites\/38\/DSC_0037-3-300x180.jpg\" alt=\"\" width=\"300\" height=\"180\" srcset=\"https:\/\/www.naturparkmagazin.de\/stechlin\/wp-content\/uploads\/sites\/38\/DSC_0037-3-300x180.jpg 300w, https:\/\/www.naturparkmagazin.de\/stechlin\/wp-content\/uploads\/sites\/38\/DSC_0037-3-200x120.jpg 200w, https:\/\/www.naturparkmagazin.de\/stechlin\/wp-content\/uploads\/sites\/38\/DSC_0037-3.jpg 500w\" sizes=\"(max-width: 300px) 100vw, 300px\" \/><\/a><p id=\"caption-attachment-15215\" class=\"wp-caption-text\">\u00a9 Dr. Mario Schrumpf<\/p><\/div>\n<p>Sie sind herzlich eingeladen unseren einzigartigen Sternenhimmel zu bewundern.<\/p>\n<div id=\"attachment_13264\" style=\"width: 310px\" class=\"wp-caption aligncenter\"><a href=\"https:\/\/www.naturparkmagazin.de\/stechlin\/wp-content\/uploads\/sites\/38\/Bild_Vortrag_b.jpg\"><img aria-describedby=\"caption-attachment-13264\" decoding=\"async\" loading=\"lazy\" class=\"size-full wp-image-13264\" src=\"https:\/\/www.naturparkmagazin.de\/stechlin\/wp-content\/uploads\/sites\/38\/Bild_Vortrag_b.jpg\" alt=\"\" width=\"300\" height=\"500\" srcset=\"https:\/\/www.naturparkmagazin.de\/stechlin\/wp-content\/uploads\/sites\/38\/Bild_Vortrag_b.jpg 300w, https:\/\/www.naturparkmagazin.de\/stechlin\/wp-content\/uploads\/sites\/38\/Bild_Vortrag_b-200x333.jpg 200w\" sizes=\"(max-width: 300px) 100vw, 300px\" \/><\/a><p id=\"caption-attachment-13264\" class=\"wp-caption-text\">\u00a9 Thomas Becker<\/p><\/div>\n","protected":false},"excerpt":{"rendered":"<p>Die Kyritz-Ruppiner Heide geh\u00f6rt zu den dunkelsten Naturr\u00e4umen Deutschlands.<\/p>\n","protected":false},"author":39,"featured_media":13263,"comment_status":"open","ping_status":"open","sticky":false,"template":"","format":"standard","meta":[],"categories":[7],"tags":[],"yoast_head":"<!-- This site is optimized with the Yoast SEO plugin v19.10 - https:\/\/yoast.com\/wordpress\/plugins\/seo\/ -->\n<title>Informationsveranstaltung zum geplanten Sternenpark Kyritz-Ruppiner Heide - Naturpark Stechlin-Ruppiner Land<\/title>\n<meta name=\"robots\" content=\"index, follow, max-snippet:-1, max-image-preview:large, max-video-preview:-1\" \/>\n<link rel=\"canonical\" href=\"https:\/\/www.naturparkmagazin.de\/stechlin\/?p=15152\" \/>\n<meta property=\"og:locale\" content=\"de_DE\" \/>\n<meta property=\"og:type\" content=\"article\" \/>\n<meta property=\"og:title\" content=\"Informationsveranstaltung zum geplanten Sternenpark Kyritz-Ruppiner Heide - Naturpark Stechlin-Ruppiner Land\" \/>\n<meta property=\"og:description\" content=\"Die Kyritz-Ruppiner Heide geh\u00f6rt zu den dunkelsten Naturr\u00e4umen Deutschlands.\" \/>\n<meta property=\"og:url\" content=\"https:\/\/www.naturparkmagazin.de\/stechlin\/?p=15152\" \/>\n<meta property=\"og:site_name\" content=\"Naturpark Stechlin-Ruppiner Land\" \/>\n<meta property=\"article:published_time\" content=\"2024-03-20T14:03:10+00:00\" \/>\n<meta property=\"article:modified_time\" content=\"2024-03-20T11:00:19+00:00\" \/>\n<meta property=\"og:image\" content=\"https:\/\/www.naturparkmagazin.de\/stechlin\/wp-content\/uploads\/sites\/38\/Bild_Vortrag_a.jpg\" \/>\n\t<meta property=\"og:image:width\" content=\"200\" \/>\n\t<meta property=\"og:image:height\" content=\"200\" \/>\n\t<meta property=\"og:image:type\" content=\"image\/jpeg\" \/>\n<meta name=\"author\" content=\"marioschrumpf\" \/>\n<meta name=\"twitter:label1\" content=\"Verfasst von\" \/>\n\t<meta name=\"twitter:data1\" content=\"marioschrumpf\" \/>\n\t<meta name=\"twitter:label2\" content=\"Gesch\u00e4tzte Lesezeit\" \/>\n\t<meta name=\"twitter:data2\" content=\"2\u00a0Minuten\" \/>\n<script type=\"application\/ld+json\" class=\"yoast-schema-graph\">{\"@context\":\"https:\/\/schema.org\",\"@graph\":[{\"@type\":\"WebPage\",\"@id\":\"https:\/\/www.naturparkmagazin.de\/stechlin\/?p=15152\",\"url\":\"https:\/\/www.naturparkmagazin.de\/stechlin\/?p=15152\",\"name\":\"Informationsveranstaltung zum geplanten Sternenpark Kyritz-Ruppiner Heide - Naturpark Stechlin-Ruppiner Land\",\"isPartOf\":{\"@id\":\"https:\/\/www.naturparkmagazin.de\/stechlin\/#website\"},\"datePublished\":\"2024-03-20T14:03:10+00:00\",\"dateModified\":\"2024-03-20T11:00:19+00:00\",\"author\":{\"@id\":\"https:\/\/www.naturparkmagazin.de\/stechlin\/#\/schema\/person\/3f0d93203df21c806dd63c76d9bb28bc\"},\"breadcrumb\":{\"@id\":\"https:\/\/www.naturparkmagazin.de\/stechlin\/?p=15152#breadcrumb\"},\"inLanguage\":\"de\",\"potentialAction\":[{\"@type\":\"ReadAction\",\"target\":[\"https:\/\/www.naturparkmagazin.de\/stechlin\/?p=15152\"]}]},{\"@type\":\"BreadcrumbList\",\"@id\":\"https:\/\/www.naturparkmagazin.de\/stechlin\/?p=15152#breadcrumb\",\"itemListElement\":[{\"@type\":\"ListItem\",\"position\":1,\"name\":\"Home\",\"item\":\"https:\/\/www.naturparkmagazin.de\/stechlin\/\"},{\"@type\":\"ListItem\",\"position\":2,\"name\":\"Informationsveranstaltung zum geplanten Sternenpark Kyritz-Ruppiner Heide\"}]},{\"@type\":\"WebSite\",\"@id\":\"https:\/\/www.naturparkmagazin.de\/stechlin\/#website\",\"url\":\"https:\/\/www.naturparkmagazin.de\/stechlin\/\",\"name\":\"Naturpark Stechlin-Ruppiner Land\",\"description\":\"\",\"potentialAction\":[{\"@type\":\"SearchAction\",\"target\":{\"@type\":\"EntryPoint\",\"urlTemplate\":\"https:\/\/www.naturparkmagazin.de\/stechlin\/?s={search_term_string}\"},\"query-input\":\"required name=search_term_string\"}],\"inLanguage\":\"de\"},{\"@type\":\"Person\",\"@id\":\"https:\/\/www.naturparkmagazin.de\/stechlin\/#\/schema\/person\/3f0d93203df21c806dd63c76d9bb28bc\",\"name\":\"marioschrumpf\",\"url\":\"https:\/\/www.naturparkmagazin.de\/stechlin\/author\/marioschrumpf\/\"}]}<\/script>\n<!-- \/ Yoast SEO plugin. -->","yoast_head_json":{"title":"Informationsveranstaltung zum geplanten Sternenpark Kyritz-Ruppiner Heide - Naturpark Stechlin-Ruppiner Land","robots":{"index":"index","follow":"follow","max-snippet":"max-snippet:-1","max-image-preview":"max-image-preview:large","max-video-preview":"max-video-preview:-1"},"canonical":"https:\/\/www.naturparkmagazin.de\/stechlin\/?p=15152","og_locale":"de_DE","og_type":"article","og_title":"Informationsveranstaltung zum geplanten Sternenpark Kyritz-Ruppiner Heide - Naturpark Stechlin-Ruppiner Land","og_description":"Die Kyritz-Ruppiner Heide geh\u00f6rt zu den dunkelsten Naturr\u00e4umen Deutschlands.","og_url":"https:\/\/www.naturparkmagazin.de\/stechlin\/?p=15152","og_site_name":"Naturpark Stechlin-Ruppiner Land","article_published_time":"2024-03-20T14:03:10+00:00","article_modified_time":"2024-03-20T11:00:19+00:00","og_image":[{"width":200,"height":200,"url":"https:\/\/www.naturparkmagazin.de\/stechlin\/wp-content\/uploads\/sites\/38\/Bild_Vortrag_a.jpg","type":"image\/jpeg"}],"author":"marioschrumpf","twitter_misc":{"Verfasst von":"marioschrumpf","Gesch\u00e4tzte Lesezeit":"2\u00a0Minuten"},"schema":{"@context":"https:\/\/schema.org","@graph":[{"@type":"WebPage","@id":"https:\/\/www.naturparkmagazin.de\/stechlin\/?p=15152","url":"https:\/\/www.naturparkmagazin.de\/stechlin\/?p=15152","name":"Informationsveranstaltung zum geplanten Sternenpark Kyritz-Ruppiner Heide - Naturpark Stechlin-Ruppiner Land","isPartOf":{"@id":"https:\/\/www.naturparkmagazin.de\/stechlin\/#website"},"datePublished":"2024-03-20T14:03:10+00:00","dateModified":"2024-03-20T11:00:19+00:00","author":{"@id":"https:\/\/www.naturparkmagazin.de\/stechlin\/#\/schema\/person\/3f0d93203df21c806dd63c76d9bb28bc"},"breadcrumb":{"@id":"https:\/\/www.naturparkmagazin.de\/stechlin\/?p=15152#breadcrumb"},"inLanguage":"de","potentialAction":[{"@type":"ReadAction","target":["https:\/\/www.naturparkmagazin.de\/stechlin\/?p=15152"]}]},{"@type":"BreadcrumbList","@id":"https:\/\/www.naturparkmagazin.de\/stechlin\/?p=15152#breadcrumb","itemListElement":[{"@type":"ListItem","position":1,"name":"Home","item":"https:\/\/www.naturparkmagazin.de\/stechlin\/"},{"@type":"ListItem","position":2,"name":"Informationsveranstaltung zum geplanten Sternenpark Kyritz-Ruppiner Heide"}]},{"@type":"WebSite","@id":"https:\/\/www.naturparkmagazin.de\/stechlin\/#website","url":"https:\/\/www.naturparkmagazin.de\/stechlin\/","name":"Naturpark Stechlin-Ruppiner Land","description":"","potentialAction":[{"@type":"SearchAction","target":{"@type":"EntryPoint","urlTemplate":"https:\/\/www.naturparkmagazin.de\/stechlin\/?s={search_term_string}"},"query-input":"required name=search_term_string"}],"inLanguage":"de"},{"@type":"Person","@id":"https:\/\/www.naturparkmagazin.de\/stechlin\/#\/schema\/person\/3f0d93203df21c806dd63c76d9bb28bc","name":"marioschrumpf","url":"https:\/\/www.naturparkmagazin.de\/stechlin\/author\/marioschrumpf\/"}]}},"_links":{"self":[{"href":"https:\/\/www.naturparkmagazin.de\/stechlin\/wp-json\/wp\/v2\/posts\/15152"}],"collection":[{"href":"https:\/\/www.naturparkmagazin.de\/stechlin\/wp-json\/wp\/v2\/posts"}],"about":[{"href":"https:\/\/www.naturparkmagazin.de\/stechlin\/wp-json\/wp\/v2\/types\/post"}],"author":[{"embeddable":true,"href":"https:\/\/www.naturparkmagazin.de\/stechlin\/wp-json\/wp\/v2\/users\/39"}],"replies":[{"embeddable":true,"href":"https:\/\/www.naturparkmagazin.de\/stechlin\/wp-json\/wp\/v2\/comments?post=15152"}],"version-history":[{"count":4,"href":"https:\/\/www.naturparkmagazin.de\/stechlin\/wp-json\/wp\/v2\/posts\/15152\/revisions"}],"predecessor-version":[{"id":15216,"href":"https:\/\/www.naturparkmagazin.de\/stechlin\/wp-json\/wp\/v2\/posts\/15152\/revisions\/15216"}],"wp:featuredmedia":[{"embeddable":true,"href":"https:\/\/www.naturparkmagazin.de\/stechlin\/wp-json\/wp\/v2\/media\/13263"}],"wp:attachment":[{"href":"https:\/\/www.naturparkmagazin.de\/stechlin\/wp-json\/wp\/v2\/media?parent=15152"}],"wp:term":[{"taxonomy":"category","embeddable":true,"href":"https:\/\/www.naturparkmagazin.de\/stechlin\/wp-json\/wp\/v2\/categories?post=15152"},{"taxonomy":"post_tag","embeddable":true,"href":"https:\/\/www.naturparkmagazin.de\/stechlin\/wp-json\/wp\/v2\/tags?post=15152"}],"curies":[{"name":"wp","href":"https:\/\/api.w.org\/{rel}","templated":true}]}}