{"id":15305,"date":"2024-04-23T15:03:55","date_gmt":"2024-04-23T13:03:55","guid":{"rendered":"https:\/\/www.naturparkmagazin.de\/stechlin\/?p=15305"},"modified":"2024-04-30T08:49:13","modified_gmt":"2024-04-30T06:49:13","slug":"naturerlebnispunkt-in-sewekow-feierlich-eroeffnet","status":"publish","type":"post","link":"https:\/\/www.naturparkmagazin.de\/stechlin\/naturerlebnispunkt-in-sewekow-feierlich-eroeffnet\/","title":{"rendered":"Naturerlebnispunkt in Sewekow feierlich er\u00f6ffnet"},"content":{"rendered":"<div id=\"attachment_15352\" style=\"width: 310px\" class=\"wp-caption aligncenter\"><a href=\"https:\/\/www.naturparkmagazin.de\/stechlin\/wp-content\/uploads\/sites\/38\/DSC_0024-1.jpg\"><img aria-describedby=\"caption-attachment-15352\" decoding=\"async\" loading=\"lazy\" class=\"wp-image-15352 size-thumbnail\" src=\"https:\/\/www.naturparkmagazin.de\/stechlin\/wp-content\/uploads\/sites\/38\/DSC_0024-1-300x180.jpg\" alt=\"\" width=\"300\" height=\"180\" srcset=\"https:\/\/www.naturparkmagazin.de\/stechlin\/wp-content\/uploads\/sites\/38\/DSC_0024-1-300x180.jpg 300w, https:\/\/www.naturparkmagazin.de\/stechlin\/wp-content\/uploads\/sites\/38\/DSC_0024-1-200x120.jpg 200w, https:\/\/www.naturparkmagazin.de\/stechlin\/wp-content\/uploads\/sites\/38\/DSC_0024-1.jpg 500w\" sizes=\"(max-width: 300px) 100vw, 300px\" \/><\/a><p id=\"caption-attachment-15352\" class=\"wp-caption-text\">Durch Wald und Flur von Wittstock\/Dosse nach Sewekow\u00a9 Dr. Mario Schrumpf<\/p><\/div>\n<p>Anl\u00e4sslich der Er\u00f6ffnung des Naturerlebnispunktes machten sich ca. 20 Wander:innen vom Berliner Wanderverband auf den Weg. Angef\u00fchrt von Wanderleiter Wolfgang Pagel wurde die Strecke vom Bahnhof Wittstock\/Dosse bis Sewekow und weiter nach Ichlim per pedes bew\u00e4ltigt.<\/p>\n<div id=\"attachment_15351\" style=\"width: 310px\" class=\"wp-caption aligncenter\"><a href=\"https:\/\/www.naturparkmagazin.de\/stechlin\/wp-content\/uploads\/sites\/38\/DSC_0022-1.jpg\"><img aria-describedby=\"caption-attachment-15351\" decoding=\"async\" loading=\"lazy\" class=\"wp-image-15351 size-thumbnail\" src=\"https:\/\/www.naturparkmagazin.de\/stechlin\/wp-content\/uploads\/sites\/38\/DSC_0022-1-300x180.jpg\" alt=\"\" width=\"300\" height=\"180\" srcset=\"https:\/\/www.naturparkmagazin.de\/stechlin\/wp-content\/uploads\/sites\/38\/DSC_0022-1-300x180.jpg 300w, https:\/\/www.naturparkmagazin.de\/stechlin\/wp-content\/uploads\/sites\/38\/DSC_0022-1-200x120.jpg 200w, https:\/\/www.naturparkmagazin.de\/stechlin\/wp-content\/uploads\/sites\/38\/DSC_0022-1.jpg 500w\" sizes=\"(max-width: 300px) 100vw, 300px\" \/><\/a><p id=\"caption-attachment-15351\" class=\"wp-caption-text\">Heute beherbergt die Daberburg eine interessante Ausstellung \u00fcber die Geschichte der Schmugglerheide an der ehemaligen Grenze\u00a9 Dr. Mario Schrumpf<\/p><\/div>\n<p>Erste Station war die Daberburg an der fr\u00fcheren Grenze zwischen Preussen und Mecklenburg.<\/p>\n<div id=\"attachment_15350\" style=\"width: 310px\" class=\"wp-caption aligncenter\"><a href=\"https:\/\/www.naturparkmagazin.de\/stechlin\/wp-content\/uploads\/sites\/38\/DSC_0018.jpg\"><img aria-describedby=\"caption-attachment-15350\" decoding=\"async\" loading=\"lazy\" class=\"wp-image-15350 size-thumbnail\" src=\"https:\/\/www.naturparkmagazin.de\/stechlin\/wp-content\/uploads\/sites\/38\/DSC_0018-300x180.jpg\" alt=\"\" width=\"300\" height=\"180\" srcset=\"https:\/\/www.naturparkmagazin.de\/stechlin\/wp-content\/uploads\/sites\/38\/DSC_0018-300x180.jpg 300w, https:\/\/www.naturparkmagazin.de\/stechlin\/wp-content\/uploads\/sites\/38\/DSC_0018-200x120.jpg 200w, https:\/\/www.naturparkmagazin.de\/stechlin\/wp-content\/uploads\/sites\/38\/DSC_0018.jpg 500w\" sizes=\"(max-width: 300px) 100vw, 300px\" \/><\/a><p id=\"caption-attachment-15350\" class=\"wp-caption-text\">Die Pilzdauerausstellung faszinierte die Wanderer\u00a9 Dr. Mario Schrumpf<\/p><\/div>\n<p>Gemeinsam wurde die informative Ausstellung besichtigt. Ein herzliches Dankesch\u00f6n an die Tourismusinformation, die speziell f\u00fcr die Wandergruppe die ansonsten erst ab Mai ge\u00f6ffnete Ausstellung zug\u00e4nglich machte.<\/p>\n<div id=\"attachment_15354\" style=\"width: 310px\" class=\"wp-caption aligncenter\"><a href=\"https:\/\/www.naturparkmagazin.de\/stechlin\/wp-content\/uploads\/sites\/38\/DSC_0036-1.jpg\"><img aria-describedby=\"caption-attachment-15354\" decoding=\"async\" loading=\"lazy\" class=\"wp-image-15354 size-thumbnail\" src=\"https:\/\/www.naturparkmagazin.de\/stechlin\/wp-content\/uploads\/sites\/38\/DSC_0036-1-300x180.jpg\" alt=\"\" width=\"300\" height=\"180\" srcset=\"https:\/\/www.naturparkmagazin.de\/stechlin\/wp-content\/uploads\/sites\/38\/DSC_0036-1-300x180.jpg 300w, https:\/\/www.naturparkmagazin.de\/stechlin\/wp-content\/uploads\/sites\/38\/DSC_0036-1-200x120.jpg 200w, https:\/\/www.naturparkmagazin.de\/stechlin\/wp-content\/uploads\/sites\/38\/DSC_0036-1.jpg 500w\" sizes=\"(max-width: 300px) 100vw, 300px\" \/><\/a><p id=\"caption-attachment-15354\" class=\"wp-caption-text\">Viele Sewekower, aber auch G\u00e4ste waren zur Er\u00f6ffnung gekommen\u00a9 Dr. Mario Schrumpf<\/p><\/div>\n<p>Auf dem Winterberg in Sewekow warteten schon die Einwohner auf ihre Berliner G\u00e4ste.<\/p>\n<div id=\"attachment_15356\" style=\"width: 310px\" class=\"wp-caption aligncenter\"><a href=\"https:\/\/www.naturparkmagazin.de\/stechlin\/wp-content\/uploads\/sites\/38\/DSC_0046-1.jpg\"><img aria-describedby=\"caption-attachment-15356\" decoding=\"async\" loading=\"lazy\" class=\"wp-image-15356 size-thumbnail\" src=\"https:\/\/www.naturparkmagazin.de\/stechlin\/wp-content\/uploads\/sites\/38\/DSC_0046-1-300x180.jpg\" alt=\"\" width=\"300\" height=\"180\" srcset=\"https:\/\/www.naturparkmagazin.de\/stechlin\/wp-content\/uploads\/sites\/38\/DSC_0046-1-300x180.jpg 300w, https:\/\/www.naturparkmagazin.de\/stechlin\/wp-content\/uploads\/sites\/38\/DSC_0046-1-200x120.jpg 200w, https:\/\/www.naturparkmagazin.de\/stechlin\/wp-content\/uploads\/sites\/38\/DSC_0046-1.jpg 500w\" sizes=\"(max-width: 300px) 100vw, 300px\" \/><\/a><p id=\"caption-attachment-15356\" class=\"wp-caption-text\">Heidi Sch\u00e4fer von Sewekower Dorfverein hielt die Er\u00f6ffnungsrede\u00a9 Dr. Mario Schrumpf<\/p><\/div>\n<p>Gemeinsam wurde der neu geschaffene Naturerlebnispunkt feierlich er\u00f6ffnet.<\/p>\n<div id=\"attachment_15358\" style=\"width: 310px\" class=\"wp-caption aligncenter\"><a href=\"https:\/\/www.naturparkmagazin.de\/stechlin\/wp-content\/uploads\/sites\/38\/DSC_0055-1.jpg\"><img aria-describedby=\"caption-attachment-15358\" decoding=\"async\" loading=\"lazy\" class=\"wp-image-15358 size-thumbnail\" src=\"https:\/\/www.naturparkmagazin.de\/stechlin\/wp-content\/uploads\/sites\/38\/DSC_0055-1-300x180.jpg\" alt=\"\" width=\"300\" height=\"180\" srcset=\"https:\/\/www.naturparkmagazin.de\/stechlin\/wp-content\/uploads\/sites\/38\/DSC_0055-1-300x180.jpg 300w, https:\/\/www.naturparkmagazin.de\/stechlin\/wp-content\/uploads\/sites\/38\/DSC_0055-1-200x120.jpg 200w, https:\/\/www.naturparkmagazin.de\/stechlin\/wp-content\/uploads\/sites\/38\/DSC_0055-1.jpg 500w\" sizes=\"(max-width: 300px) 100vw, 300px\" \/><\/a><p id=\"caption-attachment-15358\" class=\"wp-caption-text\">Der Naturerlebnispunkt bietet eine bemerkenswerte Aussicht auf das Dorf und die umliegende Landschaft\u00a9 Dr. Mario Schrumpf<\/p><\/div>\n<p>Sewekow ist das einzige &#8222;zweisprachige&#8220; Dorf im Naturpark. Hier wird neben hochdeutsch aktiv plattdeutsch gesprochen. Dank Heidi Sch\u00e4fer wird die plattdeutsche Sprache an die j\u00fcngsten weitergegeben.<\/p>\n<div id=\"attachment_15357\" style=\"width: 310px\" class=\"wp-caption aligncenter\"><a href=\"https:\/\/www.naturparkmagazin.de\/stechlin\/wp-content\/uploads\/sites\/38\/DSC_0051-1.jpg\"><img aria-describedby=\"caption-attachment-15357\" decoding=\"async\" loading=\"lazy\" class=\"wp-image-15357 size-full\" src=\"https:\/\/www.naturparkmagazin.de\/stechlin\/wp-content\/uploads\/sites\/38\/DSC_0051-1.jpg\" alt=\"\" width=\"300\" height=\"500\" srcset=\"https:\/\/www.naturparkmagazin.de\/stechlin\/wp-content\/uploads\/sites\/38\/DSC_0051-1.jpg 300w, https:\/\/www.naturparkmagazin.de\/stechlin\/wp-content\/uploads\/sites\/38\/DSC_0051-1-200x333.jpg 200w\" sizes=\"(max-width: 300px) 100vw, 300px\" \/><\/a><p id=\"caption-attachment-15357\" class=\"wp-caption-text\">H\u00f6hepunkt der feierlichen Er\u00f6ffnung war der Anschnitt der speziell gebackenen Torte\u00a9 Dr. Mario Schrumpf<\/p><\/div>\n<p>Sewekow geh\u00f6rt zu den wenigen D\u00f6rfern im Naturpark die noch \u00fcber alte Streuobstalleen verf\u00fcgen.<\/p>\n<div id=\"attachment_15359\" style=\"width: 310px\" class=\"wp-caption aligncenter\"><a href=\"https:\/\/www.naturparkmagazin.de\/stechlin\/wp-content\/uploads\/sites\/38\/DSC_0061-2.jpg\"><img aria-describedby=\"caption-attachment-15359\" decoding=\"async\" loading=\"lazy\" class=\"wp-image-15359 size-thumbnail\" src=\"https:\/\/www.naturparkmagazin.de\/stechlin\/wp-content\/uploads\/sites\/38\/DSC_0061-2-300x180.jpg\" alt=\"\" width=\"300\" height=\"180\" srcset=\"https:\/\/www.naturparkmagazin.de\/stechlin\/wp-content\/uploads\/sites\/38\/DSC_0061-2-300x180.jpg 300w, https:\/\/www.naturparkmagazin.de\/stechlin\/wp-content\/uploads\/sites\/38\/DSC_0061-2-200x120.jpg 200w, https:\/\/www.naturparkmagazin.de\/stechlin\/wp-content\/uploads\/sites\/38\/DSC_0061-2.jpg 500w\" sizes=\"(max-width: 300px) 100vw, 300px\" \/><\/a><p id=\"caption-attachment-15359\" class=\"wp-caption-text\">Auf dem Aussichtspunkt k\u00f6nnen sich die Besucher \u00fcber die historischen Streuobstalleen rund um Sewekow und Greifv\u00f6gel als K\u00f6nige der L\u00fcfte informieren\u00a9 Dr. Mario Schrumpf<\/p><\/div>\n<p><a href=\"https:\/\/www.youtube.com\/watch?v=ShBBnxVhOkU\">Hier geht es zum Film der Einweihungsfeier.<\/a><\/p>\n","protected":false},"excerpt":{"rendered":"<p>Vom Winterberg haben Besucher:innen des Naturerlebnispunktes einen bezaubernden Blick auf das Dorf Sewekow und die umliegende Landschaft.<\/p>\n","protected":false},"author":39,"featured_media":15353,"comment_status":"open","ping_status":"open","sticky":false,"template":"","format":"standard","meta":[],"categories":[7],"tags":[],"yoast_head":"<!-- This site is optimized with the Yoast SEO plugin v19.10 - https:\/\/yoast.com\/wordpress\/plugins\/seo\/ -->\n<title>Naturerlebnispunkt in Sewekow feierlich er\u00f6ffnet - Naturpark Stechlin-Ruppiner Land<\/title>\n<meta name=\"robots\" content=\"index, follow, max-snippet:-1, max-image-preview:large, max-video-preview:-1\" \/>\n<link rel=\"canonical\" href=\"https:\/\/www.naturparkmagazin.de\/stechlin\/naturerlebnispunkt-in-sewekow-feierlich-eroeffnet\/\" \/>\n<meta property=\"og:locale\" content=\"de_DE\" \/>\n<meta property=\"og:type\" content=\"article\" \/>\n<meta property=\"og:title\" content=\"Naturerlebnispunkt in Sewekow feierlich er\u00f6ffnet - Naturpark Stechlin-Ruppiner Land\" \/>\n<meta property=\"og:description\" content=\"Vom Winterberg haben Besucher:innen des Naturerlebnispunktes einen bezaubernden Blick auf das Dorf Sewekow und die umliegende Landschaft.\" \/>\n<meta property=\"og:url\" content=\"https:\/\/www.naturparkmagazin.de\/stechlin\/naturerlebnispunkt-in-sewekow-feierlich-eroeffnet\/\" \/>\n<meta property=\"og:site_name\" content=\"Naturpark Stechlin-Ruppiner Land\" \/>\n<meta property=\"article:published_time\" content=\"2024-04-23T13:03:55+00:00\" \/>\n<meta property=\"article:modified_time\" content=\"2024-04-30T06:49:13+00:00\" \/>\n<meta property=\"og:image\" content=\"https:\/\/www.naturparkmagazin.de\/stechlin\/wp-content\/uploads\/sites\/38\/DSC_0028_a.jpg\" \/>\n\t<meta property=\"og:image:width\" content=\"200\" \/>\n\t<meta property=\"og:image:height\" content=\"200\" \/>\n\t<meta property=\"og:image:type\" content=\"image\/jpeg\" \/>\n<meta name=\"author\" content=\"marioschrumpf\" \/>\n<meta name=\"twitter:label1\" content=\"Verfasst von\" \/>\n\t<meta name=\"twitter:data1\" content=\"marioschrumpf\" \/>\n\t<meta name=\"twitter:label2\" content=\"Gesch\u00e4tzte Lesezeit\" \/>\n\t<meta name=\"twitter:data2\" content=\"4\u00a0Minuten\" \/>\n<script type=\"application\/ld+json\" class=\"yoast-schema-graph\">{\"@context\":\"https:\/\/schema.org\",\"@graph\":[{\"@type\":\"WebPage\",\"@id\":\"https:\/\/www.naturparkmagazin.de\/stechlin\/naturerlebnispunkt-in-sewekow-feierlich-eroeffnet\/\",\"url\":\"https:\/\/www.naturparkmagazin.de\/stechlin\/naturerlebnispunkt-in-sewekow-feierlich-eroeffnet\/\",\"name\":\"Naturerlebnispunkt in Sewekow feierlich er\u00f6ffnet - Naturpark Stechlin-Ruppiner Land\",\"isPartOf\":{\"@id\":\"https:\/\/www.naturparkmagazin.de\/stechlin\/#website\"},\"datePublished\":\"2024-04-23T13:03:55+00:00\",\"dateModified\":\"2024-04-30T06:49:13+00:00\",\"author\":{\"@id\":\"https:\/\/www.naturparkmagazin.de\/stechlin\/#\/schema\/person\/3f0d93203df21c806dd63c76d9bb28bc\"},\"breadcrumb\":{\"@id\":\"https:\/\/www.naturparkmagazin.de\/stechlin\/naturerlebnispunkt-in-sewekow-feierlich-eroeffnet\/#breadcrumb\"},\"inLanguage\":\"de\",\"potentialAction\":[{\"@type\":\"ReadAction\",\"target\":[\"https:\/\/www.naturparkmagazin.de\/stechlin\/naturerlebnispunkt-in-sewekow-feierlich-eroeffnet\/\"]}]},{\"@type\":\"BreadcrumbList\",\"@id\":\"https:\/\/www.naturparkmagazin.de\/stechlin\/naturerlebnispunkt-in-sewekow-feierlich-eroeffnet\/#breadcrumb\",\"itemListElement\":[{\"@type\":\"ListItem\",\"position\":1,\"name\":\"Home\",\"item\":\"https:\/\/www.naturparkmagazin.de\/stechlin\/\"},{\"@type\":\"ListItem\",\"position\":2,\"name\":\"Naturerlebnispunkt in Sewekow feierlich er\u00f6ffnet\"}]},{\"@type\":\"WebSite\",\"@id\":\"https:\/\/www.naturparkmagazin.de\/stechlin\/#website\",\"url\":\"https:\/\/www.naturparkmagazin.de\/stechlin\/\",\"name\":\"Naturpark Stechlin-Ruppiner Land\",\"description\":\"\",\"potentialAction\":[{\"@type\":\"SearchAction\",\"target\":{\"@type\":\"EntryPoint\",\"urlTemplate\":\"https:\/\/www.naturparkmagazin.de\/stechlin\/?s={search_term_string}\"},\"query-input\":\"required name=search_term_string\"}],\"inLanguage\":\"de\"},{\"@type\":\"Person\",\"@id\":\"https:\/\/www.naturparkmagazin.de\/stechlin\/#\/schema\/person\/3f0d93203df21c806dd63c76d9bb28bc\",\"name\":\"marioschrumpf\",\"url\":\"https:\/\/www.naturparkmagazin.de\/stechlin\/author\/marioschrumpf\/\"}]}<\/script>\n<!-- \/ Yoast SEO plugin. -->","yoast_head_json":{"title":"Naturerlebnispunkt in Sewekow feierlich er\u00f6ffnet - Naturpark Stechlin-Ruppiner Land","robots":{"index":"index","follow":"follow","max-snippet":"max-snippet:-1","max-image-preview":"max-image-preview:large","max-video-preview":"max-video-preview:-1"},"canonical":"https:\/\/www.naturparkmagazin.de\/stechlin\/naturerlebnispunkt-in-sewekow-feierlich-eroeffnet\/","og_locale":"de_DE","og_type":"article","og_title":"Naturerlebnispunkt in Sewekow feierlich er\u00f6ffnet - Naturpark Stechlin-Ruppiner Land","og_description":"Vom Winterberg haben Besucher:innen des Naturerlebnispunktes einen bezaubernden Blick auf das Dorf Sewekow und die umliegende Landschaft.","og_url":"https:\/\/www.naturparkmagazin.de\/stechlin\/naturerlebnispunkt-in-sewekow-feierlich-eroeffnet\/","og_site_name":"Naturpark Stechlin-Ruppiner Land","article_published_time":"2024-04-23T13:03:55+00:00","article_modified_time":"2024-04-30T06:49:13+00:00","og_image":[{"width":200,"height":200,"url":"https:\/\/www.naturparkmagazin.de\/stechlin\/wp-content\/uploads\/sites\/38\/DSC_0028_a.jpg","type":"image\/jpeg"}],"author":"marioschrumpf","twitter_misc":{"Verfasst von":"marioschrumpf","Gesch\u00e4tzte Lesezeit":"4\u00a0Minuten"},"schema":{"@context":"https:\/\/schema.org","@graph":[{"@type":"WebPage","@id":"https:\/\/www.naturparkmagazin.de\/stechlin\/naturerlebnispunkt-in-sewekow-feierlich-eroeffnet\/","url":"https:\/\/www.naturparkmagazin.de\/stechlin\/naturerlebnispunkt-in-sewekow-feierlich-eroeffnet\/","name":"Naturerlebnispunkt in Sewekow feierlich er\u00f6ffnet - Naturpark Stechlin-Ruppiner Land","isPartOf":{"@id":"https:\/\/www.naturparkmagazin.de\/stechlin\/#website"},"datePublished":"2024-04-23T13:03:55+00:00","dateModified":"2024-04-30T06:49:13+00:00","author":{"@id":"https:\/\/www.naturparkmagazin.de\/stechlin\/#\/schema\/person\/3f0d93203df21c806dd63c76d9bb28bc"},"breadcrumb":{"@id":"https:\/\/www.naturparkmagazin.de\/stechlin\/naturerlebnispunkt-in-sewekow-feierlich-eroeffnet\/#breadcrumb"},"inLanguage":"de","potentialAction":[{"@type":"ReadAction","target":["https:\/\/www.naturparkmagazin.de\/stechlin\/naturerlebnispunkt-in-sewekow-feierlich-eroeffnet\/"]}]},{"@type":"BreadcrumbList","@id":"https:\/\/www.naturparkmagazin.de\/stechlin\/naturerlebnispunkt-in-sewekow-feierlich-eroeffnet\/#breadcrumb","itemListElement":[{"@type":"ListItem","position":1,"name":"Home","item":"https:\/\/www.naturparkmagazin.de\/stechlin\/"},{"@type":"ListItem","position":2,"name":"Naturerlebnispunkt in Sewekow feierlich er\u00f6ffnet"}]},{"@type":"WebSite","@id":"https:\/\/www.naturparkmagazin.de\/stechlin\/#website","url":"https:\/\/www.naturparkmagazin.de\/stechlin\/","name":"Naturpark Stechlin-Ruppiner Land","description":"","potentialAction":[{"@type":"SearchAction","target":{"@type":"EntryPoint","urlTemplate":"https:\/\/www.naturparkmagazin.de\/stechlin\/?s={search_term_string}"},"query-input":"required name=search_term_string"}],"inLanguage":"de"},{"@type":"Person","@id":"https:\/\/www.naturparkmagazin.de\/stechlin\/#\/schema\/person\/3f0d93203df21c806dd63c76d9bb28bc","name":"marioschrumpf","url":"https:\/\/www.naturparkmagazin.de\/stechlin\/author\/marioschrumpf\/"}]}},"_links":{"self":[{"href":"https:\/\/www.naturparkmagazin.de\/stechlin\/wp-json\/wp\/v2\/posts\/15305"}],"collection":[{"href":"https:\/\/www.naturparkmagazin.de\/stechlin\/wp-json\/wp\/v2\/posts"}],"about":[{"href":"https:\/\/www.naturparkmagazin.de\/stechlin\/wp-json\/wp\/v2\/types\/post"}],"author":[{"embeddable":true,"href":"https:\/\/www.naturparkmagazin.de\/stechlin\/wp-json\/wp\/v2\/users\/39"}],"replies":[{"embeddable":true,"href":"https:\/\/www.naturparkmagazin.de\/stechlin\/wp-json\/wp\/v2\/comments?post=15305"}],"version-history":[{"count":8,"href":"https:\/\/www.naturparkmagazin.de\/stechlin\/wp-json\/wp\/v2\/posts\/15305\/revisions"}],"predecessor-version":[{"id":15479,"href":"https:\/\/www.naturparkmagazin.de\/stechlin\/wp-json\/wp\/v2\/posts\/15305\/revisions\/15479"}],"wp:featuredmedia":[{"embeddable":true,"href":"https:\/\/www.naturparkmagazin.de\/stechlin\/wp-json\/wp\/v2\/media\/15353"}],"wp:attachment":[{"href":"https:\/\/www.naturparkmagazin.de\/stechlin\/wp-json\/wp\/v2\/media?parent=15305"}],"wp:term":[{"taxonomy":"category","embeddable":true,"href":"https:\/\/www.naturparkmagazin.de\/stechlin\/wp-json\/wp\/v2\/categories?post=15305"},{"taxonomy":"post_tag","embeddable":true,"href":"https:\/\/www.naturparkmagazin.de\/stechlin\/wp-json\/wp\/v2\/tags?post=15305"}],"curies":[{"name":"wp","href":"https:\/\/api.w.org\/{rel}","templated":true}]}}