{"id":15311,"date":"2024-04-23T15:06:05","date_gmt":"2024-04-23T13:06:05","guid":{"rendered":"https:\/\/www.naturparkmagazin.de\/stechlin\/?p=15311"},"modified":"2024-04-25T12:22:40","modified_gmt":"2024-04-25T10:22:40","slug":"minister-vogel-auf-kreisreise-in-ostprignitz-ruppin","status":"publish","type":"post","link":"https:\/\/www.naturparkmagazin.de\/stechlin\/minister-vogel-auf-kreisreise-in-ostprignitz-ruppin\/","title":{"rendered":"Minister Vogel auf Kreisreise in Ostprignitz-Ruppin"},"content":{"rendered":"<p>Brandenburgs <strong>Umweltminister Axel Vogel<\/strong> besuchte am 12. April auch unseren Naturpark. Anl\u00e4sslich seiner <strong>Kreisbereisung Ostprignitz-Ruppin<\/strong> mit <strong>Landrat Ralf Reinhardt<\/strong> startete er seinen Besuch in der <strong>Kyritz-Ruppiner Heide<\/strong>.<\/p>\n<p>Sie ist eine der gr\u00f6\u00dften zusammenh\u00e4ngenden Heidefl\u00e4chen Europas. Seit 2021 geh\u00f6rt sie zum Naturpark Stechlin-Ruppiner Land. \u00dcber viele Jahre hatten sich nach der \u201e<em>Wende<\/em>\u201c unz\u00e4hlige Menschen, Vereine und B\u00fcrgerinitiativen f\u00fcr eine freie Heide und gegen eine milit\u00e4rische Weiternutzung des rund <strong>12.000 Hektar<\/strong> gro\u00dfen Truppen\u00fcbungsplatzes eingesetzt. Die zahlreichen Proteste f\u00fchrten schlie\u00dflich im Jahr 2009 zum gro\u00dfen Erfolg. Der damalige Verteidigungsminister erkl\u00e4rte die Aufgabe des so genannten \u201e<em>Bombodroms<\/em>\u201c f\u00fcr milit\u00e4rische Zwecke.<\/p>\n<p>15 Jahre nach dieser wegweisenden Entscheidung hat nun der Minister f\u00fcr Landwirtschaft, Umwelt und Klimaschutz des Landes Brandenburg, Axel Vogel, gemeinsam mit Landrat Ralf Reinhardt den s\u00fcdlichen Bereich der Heide bei Pfalzheim besucht. Vom dortigen Wanderparkplatz ging es in Richtung des Heide-Turms auf dem Sielmann-H\u00fcgel, einer der markanten Wahrzeichen der nunmehr \u201eFreien Heide\u201c. Dieser Teil der Heide ist f\u00fcr die \u00d6ffentlichkeit auf gekennzeichneten Wanderwegen zug\u00e4nglich, insbesondere die bl\u00fchende Heidelandschaft im Sp\u00e4tsommer zieht Jahr f\u00fcr Jahr zahlreiche Besucherinnen und Besucher an.<\/p>\n<p>&nbsp;<\/p>\n<div id=\"attachment_15338\" style=\"width: 310px\" class=\"wp-caption aligncenter\"><a href=\"https:\/\/www.naturparkmagazin.de\/stechlin\/wp-content\/uploads\/sites\/38\/DSC_0013-3.jpg\"><img aria-describedby=\"caption-attachment-15338\" decoding=\"async\" loading=\"lazy\" class=\"size-thumbnail wp-image-15338\" src=\"https:\/\/www.naturparkmagazin.de\/stechlin\/wp-content\/uploads\/sites\/38\/DSC_0013-3-300x180.jpg\" alt=\"\" width=\"300\" height=\"180\" srcset=\"https:\/\/www.naturparkmagazin.de\/stechlin\/wp-content\/uploads\/sites\/38\/DSC_0013-3-300x180.jpg 300w, https:\/\/www.naturparkmagazin.de\/stechlin\/wp-content\/uploads\/sites\/38\/DSC_0013-3-200x120.jpg 200w, https:\/\/www.naturparkmagazin.de\/stechlin\/wp-content\/uploads\/sites\/38\/DSC_0013-3.jpg 500w\" sizes=\"(max-width: 300px) 100vw, 300px\" \/><\/a><p id=\"caption-attachment-15338\" class=\"wp-caption-text\">Am Fusse des Sielmannh\u00fcgels wurde \u00fcber das verh\u00e4ltnis Offenlandschaft &#8211; Wildnis diskutiert \u00a9 Dr. Mario Schrumpf<\/p><\/div>\n<p>Minister Axel Vogel lobte denn auch bei seinem Besuch den Einsatz f\u00fcr die Kyritz-Ruppiner Heide, um die einzigartige Natur und deren Schutz erfahrbar zu machen: \u201e<em>Es ist dem regionalen Engagement zu verdanken, dass sich das ehemalige Bombodrom zu einem naturtouristischen Highlight entwickelt hat. Besonders die von der Bundesanstalt f\u00fcr Immobilienaufgaben durchgef\u00fchrte Heidepflege sorgt daf\u00fcr, dass ab August die Heide in voller Bl\u00fcte auf vielen Tausend Hektar zu erleben ist.<\/em>\u201c Zum Erhalt der Heide, die vielen gesch\u00fctzten und gef\u00e4hrdeten Tierarten ein Zuhause bietet, darunter unter anderem Wiedehopf, Brachpieper und Ziegenmelker, m\u00fcssen j\u00e4hrlich zwischen 50 und 150 Hektar Heidefl\u00e4che kontrolliert abgebrannt werden. Mit dieser Ma\u00dfnahme kann sich das Heidekraut besser regenerieren, au\u00dferdem sollen konkurrierende B\u00e4ume und B\u00fcsche an der Ausbreitung im Heidebereich gehindert werden.<\/p>\n<p>Landrat Ralf Reinhardt sieht die Entwicklung der Kyritz-Ruppiner Heide in den vergangenen 15 Jahren ebenfalls positiv. Gleichwohl m\u00f6chte sich der Landkreis beim Bund als Eigent\u00fcmer des gesamten ehemaligen \u201e<em>Bombodrom<\/em>\u201c-Areals daf\u00fcr einsetzen, <strong>mehr Wildnis<\/strong> zuzulassen: \u201e<em><strong>Die Einbeziehung der Kyritz-Ruppiner Heide in den Naturpark vor drei Jahren war der Beginn einer Erfolgsgeschichte, die wir gemeinsam fortsetzen wollen.<\/strong> Dabei w\u00e4re es aus unserer Sicht auch wichtig, die riesigen Waldfl\u00e4chen ungenutzt und der Natur freie Hand zu lassen. Ungenutzter Wald ist ein Faktor als klimasch\u00fctzender Kohlenstoffspeicher, dar\u00fcber hinaus w\u00fcrde ein solcher aus der Nutzung genommener Wald eine noch gr\u00f6\u00dfere Artenvielfalt erzeugen.<\/em>\u201c Geht es nach den Vorstellungen der unteren Naturschutzbeh\u00f6rde des Landkreises, k\u00f6nnten die Randgebiete des fr\u00fcheren \u201eBombodroms\u201c auf bereits bestehenden, aber noch wegen der Munitionsbelastung gesperrten Wegen, f\u00fcr die \u00d6ffentlichkeit zug\u00e4nglich gemacht werden. \u201e<em>Damit h\u00e4tten Besucherinnen und Besucher noch mehr M\u00f6glichkeiten, eine dann wirklich unber\u00fchrte Natur hautnah zu erleben, ohne diese zu st\u00f6ren. Frei nach dem Zitat von Heinz Sielmann: <strong>Nur wer die Natur kennt und liebt, wird sie auch sch\u00fctzen.<\/strong> An diesem Ma\u00dfstab wollen wir uns auch k\u00fcnftig orientieren.<\/em>\u201c<\/p>\n<div id=\"attachment_15341\" style=\"width: 310px\" class=\"wp-caption aligncenter\"><a href=\"https:\/\/www.naturparkmagazin.de\/stechlin\/wp-content\/uploads\/sites\/38\/DSC_0026-3.jpg\"><img aria-describedby=\"caption-attachment-15341\" decoding=\"async\" loading=\"lazy\" class=\"size-thumbnail wp-image-15341\" src=\"https:\/\/www.naturparkmagazin.de\/stechlin\/wp-content\/uploads\/sites\/38\/DSC_0026-3-300x180.jpg\" alt=\"\" width=\"300\" height=\"180\" srcset=\"https:\/\/www.naturparkmagazin.de\/stechlin\/wp-content\/uploads\/sites\/38\/DSC_0026-3-300x180.jpg 300w, https:\/\/www.naturparkmagazin.de\/stechlin\/wp-content\/uploads\/sites\/38\/DSC_0026-3-200x120.jpg 200w, https:\/\/www.naturparkmagazin.de\/stechlin\/wp-content\/uploads\/sites\/38\/DSC_0026-3.jpg 500w\" sizes=\"(max-width: 300px) 100vw, 300px\" \/><\/a><p id=\"caption-attachment-15341\" class=\"wp-caption-text\">Zu Beginn des klimapolitischen Rundganges wurde die Baustelle f\u00fcr die Geothermiebohrung besucht. Zuk\u00fcnftig soll bis zu 85% des Heizenergiebedarfs in Neuruppin \u00fcber Geothermie gedeckt werden. \u00a9 Dr. Mario Schrumpf<\/p><\/div>\n<p>Am Nachmittag nahm Vogel am <strong>klimapolitischen Rundgang durch Neuruppin<\/strong> teil. Dort diskutiert Minister Vogel gemeinsam mit Neuruppins B\u00fcrgermeister Nico Ruhle und Vertreterinnen und Vertretern des Vereins \u201e<em>Klima und Alltag<\/em>\u201c mit Akteurinnen und Akteuren sowie allen Interessierten, wie Brandenburg beim Klimaschutz besser vorankommen kann. Der im M\u00e4rz von der Landesregierung beschlossene <strong>Klimaplan<\/strong> zeigt den Weg, die Schritte und Ma\u00dfnahmen zur Klimaneutralit\u00e4t bis sp\u00e4testens 2045 auf.<\/p>\n<p>&nbsp;<\/p>\n<div id=\"attachment_15342\" style=\"width: 310px\" class=\"wp-caption aligncenter\"><a href=\"https:\/\/www.naturparkmagazin.de\/stechlin\/wp-content\/uploads\/sites\/38\/DSC_0048-2.jpg\"><img aria-describedby=\"caption-attachment-15342\" decoding=\"async\" loading=\"lazy\" class=\"size-thumbnail wp-image-15342\" src=\"https:\/\/www.naturparkmagazin.de\/stechlin\/wp-content\/uploads\/sites\/38\/DSC_0048-2-300x180.jpg\" alt=\"\" width=\"300\" height=\"180\" srcset=\"https:\/\/www.naturparkmagazin.de\/stechlin\/wp-content\/uploads\/sites\/38\/DSC_0048-2-300x180.jpg 300w, https:\/\/www.naturparkmagazin.de\/stechlin\/wp-content\/uploads\/sites\/38\/DSC_0048-2-200x120.jpg 200w, https:\/\/www.naturparkmagazin.de\/stechlin\/wp-content\/uploads\/sites\/38\/DSC_0048-2.jpg 500w\" sizes=\"(max-width: 300px) 100vw, 300px\" \/><\/a><p id=\"caption-attachment-15342\" class=\"wp-caption-text\">Der klimapolitische Rundgang durch Neuruppin war gut besucht \u00a9 Dr. Mario Schrumpf<\/p><\/div>\n<p>Beim <strong>4. Zukunftsdialog \u201eKlimaschutz\u201c<\/strong> von Minister Vogel ging es im Anschluss darum, wie und wo das Land beziehungsweise die Politik beim kommunalen Klimaschutz besser unterst\u00fctzen kann. Die im Brandenburg-Paket f\u00fcr kommunale Klimaschutzprojekte vorgesehenen Mittel wurden gerade noch einmal um aufgestockt. Der Verein \u201eKlima und Alltag\u201c stellt zudem sein Engagement und die Projekte in Neuruppin vor.<\/p>\n<p>&nbsp;<\/p>\n<div id=\"attachment_15348\" style=\"width: 310px\" class=\"wp-caption aligncenter\"><a href=\"https:\/\/www.naturparkmagazin.de\/stechlin\/wp-content\/uploads\/sites\/38\/DSC_0080-1.jpg\"><img aria-describedby=\"caption-attachment-15348\" decoding=\"async\" loading=\"lazy\" class=\"size-thumbnail wp-image-15348\" src=\"https:\/\/www.naturparkmagazin.de\/stechlin\/wp-content\/uploads\/sites\/38\/DSC_0080-1-300x180.jpg\" alt=\"\" width=\"300\" height=\"180\" srcset=\"https:\/\/www.naturparkmagazin.de\/stechlin\/wp-content\/uploads\/sites\/38\/DSC_0080-1-300x180.jpg 300w, https:\/\/www.naturparkmagazin.de\/stechlin\/wp-content\/uploads\/sites\/38\/DSC_0080-1-200x120.jpg 200w, https:\/\/www.naturparkmagazin.de\/stechlin\/wp-content\/uploads\/sites\/38\/DSC_0080-1.jpg 500w\" sizes=\"(max-width: 300px) 100vw, 300px\" \/><\/a><p id=\"caption-attachment-15348\" class=\"wp-caption-text\">Beim 4. Zukunftsdialog Klimaschutz stellte sich Minister Vogel den Fragen der Neuruppiner B\u00fcrger \u00a9 Dr. Mario Schrumpf<\/p><\/div>\n<p>&nbsp;<\/p>\n<p>&nbsp;<\/p>\n","protected":false},"excerpt":{"rendered":"<p>Brandenburgs Umweltminister Axel Vogel besuchte am 12. April auch unseren Naturpark. Anl\u00e4sslich seiner Kreisbereisung Ostprignitz-Ruppin mit Landrat Ralf Reinhardt startete er seinen Besuch in der Kyritz-Ruppiner Heide.<\/p>\n","protected":false},"author":39,"featured_media":15337,"comment_status":"open","ping_status":"open","sticky":false,"template":"","format":"standard","meta":[],"categories":[7],"tags":[],"yoast_head":"<!-- This site is optimized with the Yoast SEO plugin v19.10 - https:\/\/yoast.com\/wordpress\/plugins\/seo\/ -->\n<title>Minister Vogel auf Kreisreise in Ostprignitz-Ruppin - Naturpark Stechlin-Ruppiner Land<\/title>\n<meta name=\"robots\" content=\"index, follow, max-snippet:-1, max-image-preview:large, max-video-preview:-1\" \/>\n<link rel=\"canonical\" href=\"https:\/\/www.naturparkmagazin.de\/stechlin\/minister-vogel-auf-kreisreise-in-ostprignitz-ruppin\/\" \/>\n<meta property=\"og:locale\" content=\"de_DE\" \/>\n<meta property=\"og:type\" content=\"article\" \/>\n<meta property=\"og:title\" content=\"Minister Vogel auf Kreisreise in Ostprignitz-Ruppin - Naturpark Stechlin-Ruppiner Land\" \/>\n<meta property=\"og:description\" content=\"Brandenburgs Umweltminister Axel Vogel besuchte am 12. April auch unseren Naturpark. Anl\u00e4sslich seiner Kreisbereisung Ostprignitz-Ruppin mit Landrat Ralf Reinhardt startete er seinen Besuch in der Kyritz-Ruppiner Heide.\" \/>\n<meta property=\"og:url\" content=\"https:\/\/www.naturparkmagazin.de\/stechlin\/minister-vogel-auf-kreisreise-in-ostprignitz-ruppin\/\" \/>\n<meta property=\"og:site_name\" content=\"Naturpark Stechlin-Ruppiner Land\" \/>\n<meta property=\"article:published_time\" content=\"2024-04-23T13:06:05+00:00\" \/>\n<meta property=\"article:modified_time\" content=\"2024-04-25T10:22:40+00:00\" \/>\n<meta property=\"og:image\" content=\"https:\/\/www.naturparkmagazin.de\/stechlin\/wp-content\/uploads\/sites\/38\/DSC_0001_a.jpg\" \/>\n\t<meta property=\"og:image:width\" content=\"200\" \/>\n\t<meta property=\"og:image:height\" content=\"200\" \/>\n\t<meta property=\"og:image:type\" content=\"image\/jpeg\" \/>\n<meta name=\"author\" content=\"marioschrumpf\" \/>\n<meta name=\"twitter:label1\" content=\"Verfasst von\" \/>\n\t<meta name=\"twitter:data1\" content=\"marioschrumpf\" \/>\n\t<meta name=\"twitter:label2\" content=\"Gesch\u00e4tzte Lesezeit\" \/>\n\t<meta name=\"twitter:data2\" content=\"5\u00a0Minuten\" \/>\n<script type=\"application\/ld+json\" class=\"yoast-schema-graph\">{\"@context\":\"https:\/\/schema.org\",\"@graph\":[{\"@type\":\"WebPage\",\"@id\":\"https:\/\/www.naturparkmagazin.de\/stechlin\/minister-vogel-auf-kreisreise-in-ostprignitz-ruppin\/\",\"url\":\"https:\/\/www.naturparkmagazin.de\/stechlin\/minister-vogel-auf-kreisreise-in-ostprignitz-ruppin\/\",\"name\":\"Minister Vogel auf Kreisreise in Ostprignitz-Ruppin - Naturpark Stechlin-Ruppiner Land\",\"isPartOf\":{\"@id\":\"https:\/\/www.naturparkmagazin.de\/stechlin\/#website\"},\"datePublished\":\"2024-04-23T13:06:05+00:00\",\"dateModified\":\"2024-04-25T10:22:40+00:00\",\"author\":{\"@id\":\"https:\/\/www.naturparkmagazin.de\/stechlin\/#\/schema\/person\/3f0d93203df21c806dd63c76d9bb28bc\"},\"breadcrumb\":{\"@id\":\"https:\/\/www.naturparkmagazin.de\/stechlin\/minister-vogel-auf-kreisreise-in-ostprignitz-ruppin\/#breadcrumb\"},\"inLanguage\":\"de\",\"potentialAction\":[{\"@type\":\"ReadAction\",\"target\":[\"https:\/\/www.naturparkmagazin.de\/stechlin\/minister-vogel-auf-kreisreise-in-ostprignitz-ruppin\/\"]}]},{\"@type\":\"BreadcrumbList\",\"@id\":\"https:\/\/www.naturparkmagazin.de\/stechlin\/minister-vogel-auf-kreisreise-in-ostprignitz-ruppin\/#breadcrumb\",\"itemListElement\":[{\"@type\":\"ListItem\",\"position\":1,\"name\":\"Home\",\"item\":\"https:\/\/www.naturparkmagazin.de\/stechlin\/\"},{\"@type\":\"ListItem\",\"position\":2,\"name\":\"Minister Vogel auf Kreisreise in Ostprignitz-Ruppin\"}]},{\"@type\":\"WebSite\",\"@id\":\"https:\/\/www.naturparkmagazin.de\/stechlin\/#website\",\"url\":\"https:\/\/www.naturparkmagazin.de\/stechlin\/\",\"name\":\"Naturpark Stechlin-Ruppiner Land\",\"description\":\"\",\"potentialAction\":[{\"@type\":\"SearchAction\",\"target\":{\"@type\":\"EntryPoint\",\"urlTemplate\":\"https:\/\/www.naturparkmagazin.de\/stechlin\/?s={search_term_string}\"},\"query-input\":\"required name=search_term_string\"}],\"inLanguage\":\"de\"},{\"@type\":\"Person\",\"@id\":\"https:\/\/www.naturparkmagazin.de\/stechlin\/#\/schema\/person\/3f0d93203df21c806dd63c76d9bb28bc\",\"name\":\"marioschrumpf\",\"url\":\"https:\/\/www.naturparkmagazin.de\/stechlin\/author\/marioschrumpf\/\"}]}<\/script>\n<!-- \/ Yoast SEO plugin. -->","yoast_head_json":{"title":"Minister Vogel auf Kreisreise in Ostprignitz-Ruppin - Naturpark Stechlin-Ruppiner Land","robots":{"index":"index","follow":"follow","max-snippet":"max-snippet:-1","max-image-preview":"max-image-preview:large","max-video-preview":"max-video-preview:-1"},"canonical":"https:\/\/www.naturparkmagazin.de\/stechlin\/minister-vogel-auf-kreisreise-in-ostprignitz-ruppin\/","og_locale":"de_DE","og_type":"article","og_title":"Minister Vogel auf Kreisreise in Ostprignitz-Ruppin - Naturpark Stechlin-Ruppiner Land","og_description":"Brandenburgs Umweltminister Axel Vogel besuchte am 12. April auch unseren Naturpark. Anl\u00e4sslich seiner Kreisbereisung Ostprignitz-Ruppin mit Landrat Ralf Reinhardt startete er seinen Besuch in der Kyritz-Ruppiner Heide.","og_url":"https:\/\/www.naturparkmagazin.de\/stechlin\/minister-vogel-auf-kreisreise-in-ostprignitz-ruppin\/","og_site_name":"Naturpark Stechlin-Ruppiner Land","article_published_time":"2024-04-23T13:06:05+00:00","article_modified_time":"2024-04-25T10:22:40+00:00","og_image":[{"width":200,"height":200,"url":"https:\/\/www.naturparkmagazin.de\/stechlin\/wp-content\/uploads\/sites\/38\/DSC_0001_a.jpg","type":"image\/jpeg"}],"author":"marioschrumpf","twitter_misc":{"Verfasst von":"marioschrumpf","Gesch\u00e4tzte Lesezeit":"5\u00a0Minuten"},"schema":{"@context":"https:\/\/schema.org","@graph":[{"@type":"WebPage","@id":"https:\/\/www.naturparkmagazin.de\/stechlin\/minister-vogel-auf-kreisreise-in-ostprignitz-ruppin\/","url":"https:\/\/www.naturparkmagazin.de\/stechlin\/minister-vogel-auf-kreisreise-in-ostprignitz-ruppin\/","name":"Minister Vogel auf Kreisreise in Ostprignitz-Ruppin - Naturpark Stechlin-Ruppiner Land","isPartOf":{"@id":"https:\/\/www.naturparkmagazin.de\/stechlin\/#website"},"datePublished":"2024-04-23T13:06:05+00:00","dateModified":"2024-04-25T10:22:40+00:00","author":{"@id":"https:\/\/www.naturparkmagazin.de\/stechlin\/#\/schema\/person\/3f0d93203df21c806dd63c76d9bb28bc"},"breadcrumb":{"@id":"https:\/\/www.naturparkmagazin.de\/stechlin\/minister-vogel-auf-kreisreise-in-ostprignitz-ruppin\/#breadcrumb"},"inLanguage":"de","potentialAction":[{"@type":"ReadAction","target":["https:\/\/www.naturparkmagazin.de\/stechlin\/minister-vogel-auf-kreisreise-in-ostprignitz-ruppin\/"]}]},{"@type":"BreadcrumbList","@id":"https:\/\/www.naturparkmagazin.de\/stechlin\/minister-vogel-auf-kreisreise-in-ostprignitz-ruppin\/#breadcrumb","itemListElement":[{"@type":"ListItem","position":1,"name":"Home","item":"https:\/\/www.naturparkmagazin.de\/stechlin\/"},{"@type":"ListItem","position":2,"name":"Minister Vogel auf Kreisreise in Ostprignitz-Ruppin"}]},{"@type":"WebSite","@id":"https:\/\/www.naturparkmagazin.de\/stechlin\/#website","url":"https:\/\/www.naturparkmagazin.de\/stechlin\/","name":"Naturpark Stechlin-Ruppiner Land","description":"","potentialAction":[{"@type":"SearchAction","target":{"@type":"EntryPoint","urlTemplate":"https:\/\/www.naturparkmagazin.de\/stechlin\/?s={search_term_string}"},"query-input":"required name=search_term_string"}],"inLanguage":"de"},{"@type":"Person","@id":"https:\/\/www.naturparkmagazin.de\/stechlin\/#\/schema\/person\/3f0d93203df21c806dd63c76d9bb28bc","name":"marioschrumpf","url":"https:\/\/www.naturparkmagazin.de\/stechlin\/author\/marioschrumpf\/"}]}},"_links":{"self":[{"href":"https:\/\/www.naturparkmagazin.de\/stechlin\/wp-json\/wp\/v2\/posts\/15311"}],"collection":[{"href":"https:\/\/www.naturparkmagazin.de\/stechlin\/wp-json\/wp\/v2\/posts"}],"about":[{"href":"https:\/\/www.naturparkmagazin.de\/stechlin\/wp-json\/wp\/v2\/types\/post"}],"author":[{"embeddable":true,"href":"https:\/\/www.naturparkmagazin.de\/stechlin\/wp-json\/wp\/v2\/users\/39"}],"replies":[{"embeddable":true,"href":"https:\/\/www.naturparkmagazin.de\/stechlin\/wp-json\/wp\/v2\/comments?post=15311"}],"version-history":[{"count":6,"href":"https:\/\/www.naturparkmagazin.de\/stechlin\/wp-json\/wp\/v2\/posts\/15311\/revisions"}],"predecessor-version":[{"id":15463,"href":"https:\/\/www.naturparkmagazin.de\/stechlin\/wp-json\/wp\/v2\/posts\/15311\/revisions\/15463"}],"wp:featuredmedia":[{"embeddable":true,"href":"https:\/\/www.naturparkmagazin.de\/stechlin\/wp-json\/wp\/v2\/media\/15337"}],"wp:attachment":[{"href":"https:\/\/www.naturparkmagazin.de\/stechlin\/wp-json\/wp\/v2\/media?parent=15311"}],"wp:term":[{"taxonomy":"category","embeddable":true,"href":"https:\/\/www.naturparkmagazin.de\/stechlin\/wp-json\/wp\/v2\/categories?post=15311"},{"taxonomy":"post_tag","embeddable":true,"href":"https:\/\/www.naturparkmagazin.de\/stechlin\/wp-json\/wp\/v2\/tags?post=15311"}],"curies":[{"name":"wp","href":"https:\/\/api.w.org\/{rel}","templated":true}]}}