{"id":15319,"date":"2024-04-23T16:04:52","date_gmt":"2024-04-23T14:04:52","guid":{"rendered":"https:\/\/www.naturparkmagazin.de\/stechlin\/?p=15319"},"modified":"2025-06-19T13:37:01","modified_gmt":"2025-06-19T11:37:01","slug":"ausstellung-vor-der-tuer-von-juergen-graetz","status":"publish","type":"post","link":"https:\/\/www.naturparkmagazin.de\/stechlin\/ausstellung-vor-der-tuer-von-juergen-graetz\/","title":{"rendered":"Ausstellung \u201eVor der T\u00fcr\u201c von J\u00fcrgen Graetz (2024)"},"content":{"rendered":"<p>Im Rahmen der &#8222;<em>Fahrrad<\/em>&#8211;<em>Tour in den Mai<\/em>&#8220; wird <strong>am 1. Mai um 14.00 Uhr<\/strong> eine weitere <strong>Fotoausstellung von J\u00fcrgen Graetz<\/strong> in der <strong>Kirche Neuglobsow\u00a0<\/strong> er\u00f6ffnet.<\/p>\n<p>Die Ausstellung &#8222;<em>Vor der T\u00fcr<\/em>&#8220; ist von <strong>Mai bis Oktober t\u00e4glich von 10.00 bis 18.00 Uhr<\/strong> zu sehen.<\/p>\n<p>Die Fotos aus dem Bestand des Dagower Fotografen J\u00fcrgen Graetz schaffen es immer wieder, das Originelle im Alltag festzuhalten. So ist es h\u00e4ufig die Konzentration auf das Detail, die einzigartige Stimmungen verewigt und aus Allt\u00e4glichkeiten das Besondere hervorholt.<\/p>\n<div id=\"attachment_15416\" style=\"width: 310px\" class=\"wp-caption aligncenter\"><a href=\"https:\/\/www.naturparkmagazin.de\/stechlin\/wp-content\/uploads\/sites\/38\/DSC_0018-1.jpg\"><img aria-describedby=\"caption-attachment-15416\" decoding=\"async\" loading=\"lazy\" class=\"size-thumbnail wp-image-15416\" src=\"https:\/\/www.naturparkmagazin.de\/stechlin\/wp-content\/uploads\/sites\/38\/DSC_0018-1-300x180.jpg\" alt=\"\" width=\"300\" height=\"180\" srcset=\"https:\/\/www.naturparkmagazin.de\/stechlin\/wp-content\/uploads\/sites\/38\/DSC_0018-1-300x180.jpg 300w, https:\/\/www.naturparkmagazin.de\/stechlin\/wp-content\/uploads\/sites\/38\/DSC_0018-1-200x120.jpg 200w, https:\/\/www.naturparkmagazin.de\/stechlin\/wp-content\/uploads\/sites\/38\/DSC_0018-1.jpg 500w\" sizes=\"(max-width: 300px) 100vw, 300px\" \/><\/a><p id=\"caption-attachment-15416\" class=\"wp-caption-text\">Start der Radtour ist die Kirche Zernikow\u00a9 Dr. Mario Schrumpf<\/p><\/div>\n<p>Bei der Fahrrad-Tour quer durch den Pfarrsprengel soll mit <strong>Start ab 10.00 Uhr in der Kirche Zernikow<\/strong> der <em>Radlersegen<\/em> gegeben werden. Die Tour verl\u00e4uft \u00fcber den <strong>Menzer Wallberg<\/strong> mit einem <em>Mittagsgebet und Erfrischungen (12.00 Uhr)<\/em> und ein <em>Mitbring-Picknick in Neuglobsow (13.00 Uhr)<\/em> zum schlussendlichen H\u00f6hepunkt in der Neuglobsower Kirche mit der <strong>Er\u00f6ffnung der Ausstellung<\/strong>.<\/p>\n","protected":false},"excerpt":{"rendered":"<p>Im Rahmen der &#8222;Tour in den Mai&#8220; wird eine weitere Fotoausstellung von J\u00fcrgen Graetz in der Kirche Neuglobsow am 1. Mai um 14.00 Uhr er\u00f6ffnet.<\/p>\n","protected":false},"author":39,"featured_media":15413,"comment_status":"open","ping_status":"open","sticky":false,"template":"","format":"standard","meta":[],"categories":[11],"tags":[],"yoast_head":"<!-- This site is optimized with the Yoast SEO plugin v19.10 - https:\/\/yoast.com\/wordpress\/plugins\/seo\/ -->\n<title>Ausstellung \u201eVor der T\u00fcr\u201c von J\u00fcrgen Graetz (2024) - Naturpark Stechlin-Ruppiner Land<\/title>\n<meta name=\"robots\" content=\"index, follow, max-snippet:-1, max-image-preview:large, max-video-preview:-1\" \/>\n<link rel=\"canonical\" href=\"https:\/\/www.naturparkmagazin.de\/stechlin\/ausstellung-vor-der-tuer-von-juergen-graetz\/\" \/>\n<meta property=\"og:locale\" content=\"de_DE\" \/>\n<meta property=\"og:type\" content=\"article\" \/>\n<meta property=\"og:title\" content=\"Ausstellung \u201eVor der T\u00fcr\u201c von J\u00fcrgen Graetz (2024) - Naturpark Stechlin-Ruppiner Land\" \/>\n<meta property=\"og:description\" content=\"Im Rahmen der &quot;Tour in den Mai&quot; wird eine weitere Fotoausstellung von J\u00fcrgen Graetz in der Kirche Neuglobsow am 1. Mai um 14.00 Uhr er\u00f6ffnet.\" \/>\n<meta property=\"og:url\" content=\"https:\/\/www.naturparkmagazin.de\/stechlin\/ausstellung-vor-der-tuer-von-juergen-graetz\/\" \/>\n<meta property=\"og:site_name\" content=\"Naturpark Stechlin-Ruppiner Land\" \/>\n<meta property=\"article:published_time\" content=\"2024-04-23T14:04:52+00:00\" \/>\n<meta property=\"article:modified_time\" content=\"2025-06-19T11:37:01+00:00\" \/>\n<meta property=\"og:image\" content=\"https:\/\/www.naturparkmagazin.de\/stechlin\/wp-content\/uploads\/sites\/38\/juergen-graetz_a.jpg\" \/>\n\t<meta property=\"og:image:width\" content=\"200\" \/>\n\t<meta property=\"og:image:height\" content=\"200\" \/>\n\t<meta property=\"og:image:type\" content=\"image\/jpeg\" \/>\n<meta name=\"author\" content=\"marioschrumpf\" \/>\n<meta name=\"twitter:label1\" content=\"Verfasst von\" \/>\n\t<meta name=\"twitter:data1\" content=\"marioschrumpf\" \/>\n\t<meta name=\"twitter:label2\" content=\"Gesch\u00e4tzte Lesezeit\" \/>\n\t<meta name=\"twitter:data2\" content=\"2\u00a0Minuten\" \/>\n<script type=\"application\/ld+json\" class=\"yoast-schema-graph\">{\"@context\":\"https:\/\/schema.org\",\"@graph\":[{\"@type\":\"WebPage\",\"@id\":\"https:\/\/www.naturparkmagazin.de\/stechlin\/ausstellung-vor-der-tuer-von-juergen-graetz\/\",\"url\":\"https:\/\/www.naturparkmagazin.de\/stechlin\/ausstellung-vor-der-tuer-von-juergen-graetz\/\",\"name\":\"Ausstellung \u201eVor der T\u00fcr\u201c von J\u00fcrgen Graetz (2024) - Naturpark Stechlin-Ruppiner Land\",\"isPartOf\":{\"@id\":\"https:\/\/www.naturparkmagazin.de\/stechlin\/#website\"},\"datePublished\":\"2024-04-23T14:04:52+00:00\",\"dateModified\":\"2025-06-19T11:37:01+00:00\",\"author\":{\"@id\":\"https:\/\/www.naturparkmagazin.de\/stechlin\/#\/schema\/person\/3f0d93203df21c806dd63c76d9bb28bc\"},\"breadcrumb\":{\"@id\":\"https:\/\/www.naturparkmagazin.de\/stechlin\/ausstellung-vor-der-tuer-von-juergen-graetz\/#breadcrumb\"},\"inLanguage\":\"de\",\"potentialAction\":[{\"@type\":\"ReadAction\",\"target\":[\"https:\/\/www.naturparkmagazin.de\/stechlin\/ausstellung-vor-der-tuer-von-juergen-graetz\/\"]}]},{\"@type\":\"BreadcrumbList\",\"@id\":\"https:\/\/www.naturparkmagazin.de\/stechlin\/ausstellung-vor-der-tuer-von-juergen-graetz\/#breadcrumb\",\"itemListElement\":[{\"@type\":\"ListItem\",\"position\":1,\"name\":\"Home\",\"item\":\"https:\/\/www.naturparkmagazin.de\/stechlin\/\"},{\"@type\":\"ListItem\",\"position\":2,\"name\":\"Ausstellung \u201eVor der T\u00fcr\u201c von J\u00fcrgen Graetz (2024)\"}]},{\"@type\":\"WebSite\",\"@id\":\"https:\/\/www.naturparkmagazin.de\/stechlin\/#website\",\"url\":\"https:\/\/www.naturparkmagazin.de\/stechlin\/\",\"name\":\"Naturpark Stechlin-Ruppiner Land\",\"description\":\"\",\"potentialAction\":[{\"@type\":\"SearchAction\",\"target\":{\"@type\":\"EntryPoint\",\"urlTemplate\":\"https:\/\/www.naturparkmagazin.de\/stechlin\/?s={search_term_string}\"},\"query-input\":\"required name=search_term_string\"}],\"inLanguage\":\"de\"},{\"@type\":\"Person\",\"@id\":\"https:\/\/www.naturparkmagazin.de\/stechlin\/#\/schema\/person\/3f0d93203df21c806dd63c76d9bb28bc\",\"name\":\"marioschrumpf\",\"url\":\"https:\/\/www.naturparkmagazin.de\/stechlin\/author\/marioschrumpf\/\"}]}<\/script>\n<!-- \/ Yoast SEO plugin. -->","yoast_head_json":{"title":"Ausstellung \u201eVor der T\u00fcr\u201c von J\u00fcrgen Graetz (2024) - Naturpark Stechlin-Ruppiner Land","robots":{"index":"index","follow":"follow","max-snippet":"max-snippet:-1","max-image-preview":"max-image-preview:large","max-video-preview":"max-video-preview:-1"},"canonical":"https:\/\/www.naturparkmagazin.de\/stechlin\/ausstellung-vor-der-tuer-von-juergen-graetz\/","og_locale":"de_DE","og_type":"article","og_title":"Ausstellung \u201eVor der T\u00fcr\u201c von J\u00fcrgen Graetz (2024) - Naturpark Stechlin-Ruppiner Land","og_description":"Im Rahmen der \"Tour in den Mai\" wird eine weitere Fotoausstellung von J\u00fcrgen Graetz in der Kirche Neuglobsow am 1. Mai um 14.00 Uhr er\u00f6ffnet.","og_url":"https:\/\/www.naturparkmagazin.de\/stechlin\/ausstellung-vor-der-tuer-von-juergen-graetz\/","og_site_name":"Naturpark Stechlin-Ruppiner Land","article_published_time":"2024-04-23T14:04:52+00:00","article_modified_time":"2025-06-19T11:37:01+00:00","og_image":[{"width":200,"height":200,"url":"https:\/\/www.naturparkmagazin.de\/stechlin\/wp-content\/uploads\/sites\/38\/juergen-graetz_a.jpg","type":"image\/jpeg"}],"author":"marioschrumpf","twitter_misc":{"Verfasst von":"marioschrumpf","Gesch\u00e4tzte Lesezeit":"2\u00a0Minuten"},"schema":{"@context":"https:\/\/schema.org","@graph":[{"@type":"WebPage","@id":"https:\/\/www.naturparkmagazin.de\/stechlin\/ausstellung-vor-der-tuer-von-juergen-graetz\/","url":"https:\/\/www.naturparkmagazin.de\/stechlin\/ausstellung-vor-der-tuer-von-juergen-graetz\/","name":"Ausstellung \u201eVor der T\u00fcr\u201c von J\u00fcrgen Graetz (2024) - Naturpark Stechlin-Ruppiner Land","isPartOf":{"@id":"https:\/\/www.naturparkmagazin.de\/stechlin\/#website"},"datePublished":"2024-04-23T14:04:52+00:00","dateModified":"2025-06-19T11:37:01+00:00","author":{"@id":"https:\/\/www.naturparkmagazin.de\/stechlin\/#\/schema\/person\/3f0d93203df21c806dd63c76d9bb28bc"},"breadcrumb":{"@id":"https:\/\/www.naturparkmagazin.de\/stechlin\/ausstellung-vor-der-tuer-von-juergen-graetz\/#breadcrumb"},"inLanguage":"de","potentialAction":[{"@type":"ReadAction","target":["https:\/\/www.naturparkmagazin.de\/stechlin\/ausstellung-vor-der-tuer-von-juergen-graetz\/"]}]},{"@type":"BreadcrumbList","@id":"https:\/\/www.naturparkmagazin.de\/stechlin\/ausstellung-vor-der-tuer-von-juergen-graetz\/#breadcrumb","itemListElement":[{"@type":"ListItem","position":1,"name":"Home","item":"https:\/\/www.naturparkmagazin.de\/stechlin\/"},{"@type":"ListItem","position":2,"name":"Ausstellung \u201eVor der T\u00fcr\u201c von J\u00fcrgen Graetz (2024)"}]},{"@type":"WebSite","@id":"https:\/\/www.naturparkmagazin.de\/stechlin\/#website","url":"https:\/\/www.naturparkmagazin.de\/stechlin\/","name":"Naturpark Stechlin-Ruppiner Land","description":"","potentialAction":[{"@type":"SearchAction","target":{"@type":"EntryPoint","urlTemplate":"https:\/\/www.naturparkmagazin.de\/stechlin\/?s={search_term_string}"},"query-input":"required name=search_term_string"}],"inLanguage":"de"},{"@type":"Person","@id":"https:\/\/www.naturparkmagazin.de\/stechlin\/#\/schema\/person\/3f0d93203df21c806dd63c76d9bb28bc","name":"marioschrumpf","url":"https:\/\/www.naturparkmagazin.de\/stechlin\/author\/marioschrumpf\/"}]}},"_links":{"self":[{"href":"https:\/\/www.naturparkmagazin.de\/stechlin\/wp-json\/wp\/v2\/posts\/15319"}],"collection":[{"href":"https:\/\/www.naturparkmagazin.de\/stechlin\/wp-json\/wp\/v2\/posts"}],"about":[{"href":"https:\/\/www.naturparkmagazin.de\/stechlin\/wp-json\/wp\/v2\/types\/post"}],"author":[{"embeddable":true,"href":"https:\/\/www.naturparkmagazin.de\/stechlin\/wp-json\/wp\/v2\/users\/39"}],"replies":[{"embeddable":true,"href":"https:\/\/www.naturparkmagazin.de\/stechlin\/wp-json\/wp\/v2\/comments?post=15319"}],"version-history":[{"count":6,"href":"https:\/\/www.naturparkmagazin.de\/stechlin\/wp-json\/wp\/v2\/posts\/15319\/revisions"}],"predecessor-version":[{"id":17499,"href":"https:\/\/www.naturparkmagazin.de\/stechlin\/wp-json\/wp\/v2\/posts\/15319\/revisions\/17499"}],"wp:featuredmedia":[{"embeddable":true,"href":"https:\/\/www.naturparkmagazin.de\/stechlin\/wp-json\/wp\/v2\/media\/15413"}],"wp:attachment":[{"href":"https:\/\/www.naturparkmagazin.de\/stechlin\/wp-json\/wp\/v2\/media?parent=15319"}],"wp:term":[{"taxonomy":"category","embeddable":true,"href":"https:\/\/www.naturparkmagazin.de\/stechlin\/wp-json\/wp\/v2\/categories?post=15319"},{"taxonomy":"post_tag","embeddable":true,"href":"https:\/\/www.naturparkmagazin.de\/stechlin\/wp-json\/wp\/v2\/tags?post=15319"}],"curies":[{"name":"wp","href":"https:\/\/api.w.org\/{rel}","templated":true}]}}