{"id":15323,"date":"2024-04-23T16:06:25","date_gmt":"2024-04-23T14:06:25","guid":{"rendered":"https:\/\/www.naturparkmagazin.de\/stechlin\/?p=15323"},"modified":"2024-04-30T09:37:50","modified_gmt":"2024-04-30T07:37:50","slug":"nacht-der-offenen-kirchen-am-19-mai-2024","status":"publish","type":"post","link":"https:\/\/www.naturparkmagazin.de\/stechlin\/nacht-der-offenen-kirchen-am-19-mai-2024\/","title":{"rendered":"Nacht der offenen Kirchen am 19. Mai 2024"},"content":{"rendered":"<p>Unter dem Titel &#8222;<em>Fotos aus der Zeit des Mauerfalls<\/em>&#8220; wird am <strong>19. Mai um 19.00 Uhr<\/strong> die Fotoausstellung von <strong>J\u00fcrgen Graetz<\/strong> mit einer Vernissage er\u00f6ffnet.<\/p>\n<p>&nbsp;<\/p>\n<div id=\"attachment_15410\" style=\"width: 310px\" class=\"wp-caption aligncenter\"><a href=\"https:\/\/www.naturparkmagazin.de\/stechlin\/wp-content\/uploads\/sites\/38\/DSC_0001-5.jpg\"><img aria-describedby=\"caption-attachment-15410\" decoding=\"async\" loading=\"lazy\" class=\"wp-image-15410 size-thumbnail\" src=\"https:\/\/www.naturparkmagazin.de\/stechlin\/wp-content\/uploads\/sites\/38\/DSC_0001-5-300x180.jpg\" alt=\"\" width=\"300\" height=\"180\" srcset=\"https:\/\/www.naturparkmagazin.de\/stechlin\/wp-content\/uploads\/sites\/38\/DSC_0001-5-300x180.jpg 300w, https:\/\/www.naturparkmagazin.de\/stechlin\/wp-content\/uploads\/sites\/38\/DSC_0001-5-200x120.jpg 200w, https:\/\/www.naturparkmagazin.de\/stechlin\/wp-content\/uploads\/sites\/38\/DSC_0001-5.jpg 500w\" sizes=\"(max-width: 300px) 100vw, 300px\" \/><\/a><p id=\"caption-attachment-15410\" class=\"wp-caption-text\">Ausstellungen haben in der Menzer Kirche Tradition\u00a9 Dr. Mario Schrumpf<\/p><\/div>\n<p>&nbsp;<\/p>\n<p>35 Jahre nach dem Mauerfall stellt J\u00fcrgen Graetz seine Bilder aus der damaligen Zeit in der Menzer Kirche aus. Erstmals werden seine Bilder von der gro\u00dfen Demonstration am 4. November 1989 in Ost-Berlin in einer Einzelausstellung gezeigt. Erg\u00e4nzt werden die Fotos durch eine Auswahl weiterer Fotos aus der Zeit der Grenz\u00f6ffnung.<\/p>\n<p>Die Er\u00f6ffnung findet am <strong>Pfingstsonntag<\/strong> im Rahmen der <strong>\u201eLangen Nacht der offenen Kirchen&#8220; in Berlin und Brandenburg<\/strong> statt.<\/p>\n<p>&nbsp;<\/p>\n<div id=\"attachment_15412\" style=\"width: 310px\" class=\"wp-caption aligncenter\"><a href=\"https:\/\/www.naturparkmagazin.de\/stechlin\/wp-content\/uploads\/sites\/38\/Juergen-Graetz.jpg\"><img aria-describedby=\"caption-attachment-15412\" decoding=\"async\" loading=\"lazy\" class=\"wp-image-15412 size-full\" src=\"https:\/\/www.naturparkmagazin.de\/stechlin\/wp-content\/uploads\/sites\/38\/Juergen-Graetz.jpg\" alt=\"\" width=\"300\" height=\"500\" srcset=\"https:\/\/www.naturparkmagazin.de\/stechlin\/wp-content\/uploads\/sites\/38\/Juergen-Graetz.jpg 300w, https:\/\/www.naturparkmagazin.de\/stechlin\/wp-content\/uploads\/sites\/38\/Juergen-Graetz-200x333.jpg 200w\" sizes=\"(max-width: 300px) 100vw, 300px\" \/><\/a><p id=\"caption-attachment-15412\" class=\"wp-caption-text\">J\u00fcrgen Graetz\u00a9 J\u00fcrgen Graetz<\/p><\/div>\n<p>&nbsp;<\/p>\n<p>Bei einem kleinen Imbiss wird der Fotograf auf Besonderheiten in seinen Bildern hinweisen, Hintergr\u00fcnde zu ihrer Entstehung erz\u00e4hlen und \u00fcberhaupt von seinen Eindr\u00fccken aus der Zeit berichten. Im Anschluss haben alle Zeit, die Bilder ausgiebig zu betrachten, denn die Menzer Kirche wird an diesem Abend <strong>bis Mitternacht<\/strong> ge\u00f6ffnet sein.<\/p>\n<p>Die Ausstellung ist ab Mai t\u00e4glich ge\u00f6ffnet.<\/p>\n<p>Der Eintritt ist frei.<\/p>\n","protected":false},"excerpt":{"rendered":"<p>Unter dem Titel &#8222;Fotos aus der Zeit des Mauerfalls&#8220; wird am 19. Mai um 19.00 Uhr die Fotoausstellung von J\u00fcrgen Graetz mit einer Vernissage er\u00f6ffnet.<\/p>\n","protected":false},"author":39,"featured_media":15411,"comment_status":"open","ping_status":"open","sticky":false,"template":"","format":"standard","meta":[],"categories":[11],"tags":[],"yoast_head":"<!-- This site is optimized with the Yoast SEO plugin v19.10 - https:\/\/yoast.com\/wordpress\/plugins\/seo\/ -->\n<title>Nacht der offenen Kirchen am 19. Mai 2024 - Naturpark Stechlin-Ruppiner Land<\/title>\n<meta name=\"robots\" content=\"index, follow, max-snippet:-1, max-image-preview:large, max-video-preview:-1\" \/>\n<link rel=\"canonical\" href=\"https:\/\/www.naturparkmagazin.de\/stechlin\/nacht-der-offenen-kirchen-am-19-mai-2024\/\" \/>\n<meta property=\"og:locale\" content=\"de_DE\" \/>\n<meta property=\"og:type\" content=\"article\" \/>\n<meta property=\"og:title\" content=\"Nacht der offenen Kirchen am 19. Mai 2024 - Naturpark Stechlin-Ruppiner Land\" \/>\n<meta property=\"og:description\" content=\"Unter dem Titel &quot;Fotos aus der Zeit des Mauerfalls&quot; wird am 19. Mai um 19.00 Uhr die Fotoausstellung von J\u00fcrgen Graetz mit einer Vernissage er\u00f6ffnet.\" \/>\n<meta property=\"og:url\" content=\"https:\/\/www.naturparkmagazin.de\/stechlin\/nacht-der-offenen-kirchen-am-19-mai-2024\/\" \/>\n<meta property=\"og:site_name\" content=\"Naturpark Stechlin-Ruppiner Land\" \/>\n<meta property=\"article:published_time\" content=\"2024-04-23T14:06:25+00:00\" \/>\n<meta property=\"article:modified_time\" content=\"2024-04-30T07:37:50+00:00\" \/>\n<meta property=\"og:image\" content=\"https:\/\/www.naturparkmagazin.de\/stechlin\/wp-content\/uploads\/sites\/38\/kirche-menz_a.jpg\" \/>\n\t<meta property=\"og:image:width\" content=\"200\" \/>\n\t<meta property=\"og:image:height\" content=\"200\" \/>\n\t<meta property=\"og:image:type\" content=\"image\/jpeg\" \/>\n<meta name=\"author\" content=\"marioschrumpf\" \/>\n<meta name=\"twitter:label1\" content=\"Verfasst von\" \/>\n\t<meta name=\"twitter:data1\" content=\"marioschrumpf\" \/>\n\t<meta name=\"twitter:label2\" content=\"Gesch\u00e4tzte Lesezeit\" \/>\n\t<meta name=\"twitter:data2\" content=\"2\u00a0Minuten\" \/>\n<script type=\"application\/ld+json\" class=\"yoast-schema-graph\">{\"@context\":\"https:\/\/schema.org\",\"@graph\":[{\"@type\":\"WebPage\",\"@id\":\"https:\/\/www.naturparkmagazin.de\/stechlin\/nacht-der-offenen-kirchen-am-19-mai-2024\/\",\"url\":\"https:\/\/www.naturparkmagazin.de\/stechlin\/nacht-der-offenen-kirchen-am-19-mai-2024\/\",\"name\":\"Nacht der offenen Kirchen am 19. Mai 2024 - Naturpark Stechlin-Ruppiner Land\",\"isPartOf\":{\"@id\":\"https:\/\/www.naturparkmagazin.de\/stechlin\/#website\"},\"datePublished\":\"2024-04-23T14:06:25+00:00\",\"dateModified\":\"2024-04-30T07:37:50+00:00\",\"author\":{\"@id\":\"https:\/\/www.naturparkmagazin.de\/stechlin\/#\/schema\/person\/3f0d93203df21c806dd63c76d9bb28bc\"},\"breadcrumb\":{\"@id\":\"https:\/\/www.naturparkmagazin.de\/stechlin\/nacht-der-offenen-kirchen-am-19-mai-2024\/#breadcrumb\"},\"inLanguage\":\"de\",\"potentialAction\":[{\"@type\":\"ReadAction\",\"target\":[\"https:\/\/www.naturparkmagazin.de\/stechlin\/nacht-der-offenen-kirchen-am-19-mai-2024\/\"]}]},{\"@type\":\"BreadcrumbList\",\"@id\":\"https:\/\/www.naturparkmagazin.de\/stechlin\/nacht-der-offenen-kirchen-am-19-mai-2024\/#breadcrumb\",\"itemListElement\":[{\"@type\":\"ListItem\",\"position\":1,\"name\":\"Home\",\"item\":\"https:\/\/www.naturparkmagazin.de\/stechlin\/\"},{\"@type\":\"ListItem\",\"position\":2,\"name\":\"Nacht der offenen Kirchen am 19. Mai 2024\"}]},{\"@type\":\"WebSite\",\"@id\":\"https:\/\/www.naturparkmagazin.de\/stechlin\/#website\",\"url\":\"https:\/\/www.naturparkmagazin.de\/stechlin\/\",\"name\":\"Naturpark Stechlin-Ruppiner Land\",\"description\":\"\",\"potentialAction\":[{\"@type\":\"SearchAction\",\"target\":{\"@type\":\"EntryPoint\",\"urlTemplate\":\"https:\/\/www.naturparkmagazin.de\/stechlin\/?s={search_term_string}\"},\"query-input\":\"required name=search_term_string\"}],\"inLanguage\":\"de\"},{\"@type\":\"Person\",\"@id\":\"https:\/\/www.naturparkmagazin.de\/stechlin\/#\/schema\/person\/3f0d93203df21c806dd63c76d9bb28bc\",\"name\":\"marioschrumpf\",\"url\":\"https:\/\/www.naturparkmagazin.de\/stechlin\/author\/marioschrumpf\/\"}]}<\/script>\n<!-- \/ Yoast SEO plugin. -->","yoast_head_json":{"title":"Nacht der offenen Kirchen am 19. Mai 2024 - Naturpark Stechlin-Ruppiner Land","robots":{"index":"index","follow":"follow","max-snippet":"max-snippet:-1","max-image-preview":"max-image-preview:large","max-video-preview":"max-video-preview:-1"},"canonical":"https:\/\/www.naturparkmagazin.de\/stechlin\/nacht-der-offenen-kirchen-am-19-mai-2024\/","og_locale":"de_DE","og_type":"article","og_title":"Nacht der offenen Kirchen am 19. Mai 2024 - Naturpark Stechlin-Ruppiner Land","og_description":"Unter dem Titel \"Fotos aus der Zeit des Mauerfalls\" wird am 19. Mai um 19.00 Uhr die Fotoausstellung von J\u00fcrgen Graetz mit einer Vernissage er\u00f6ffnet.","og_url":"https:\/\/www.naturparkmagazin.de\/stechlin\/nacht-der-offenen-kirchen-am-19-mai-2024\/","og_site_name":"Naturpark Stechlin-Ruppiner Land","article_published_time":"2024-04-23T14:06:25+00:00","article_modified_time":"2024-04-30T07:37:50+00:00","og_image":[{"width":200,"height":200,"url":"https:\/\/www.naturparkmagazin.de\/stechlin\/wp-content\/uploads\/sites\/38\/kirche-menz_a.jpg","type":"image\/jpeg"}],"author":"marioschrumpf","twitter_misc":{"Verfasst von":"marioschrumpf","Gesch\u00e4tzte Lesezeit":"2\u00a0Minuten"},"schema":{"@context":"https:\/\/schema.org","@graph":[{"@type":"WebPage","@id":"https:\/\/www.naturparkmagazin.de\/stechlin\/nacht-der-offenen-kirchen-am-19-mai-2024\/","url":"https:\/\/www.naturparkmagazin.de\/stechlin\/nacht-der-offenen-kirchen-am-19-mai-2024\/","name":"Nacht der offenen Kirchen am 19. Mai 2024 - Naturpark Stechlin-Ruppiner Land","isPartOf":{"@id":"https:\/\/www.naturparkmagazin.de\/stechlin\/#website"},"datePublished":"2024-04-23T14:06:25+00:00","dateModified":"2024-04-30T07:37:50+00:00","author":{"@id":"https:\/\/www.naturparkmagazin.de\/stechlin\/#\/schema\/person\/3f0d93203df21c806dd63c76d9bb28bc"},"breadcrumb":{"@id":"https:\/\/www.naturparkmagazin.de\/stechlin\/nacht-der-offenen-kirchen-am-19-mai-2024\/#breadcrumb"},"inLanguage":"de","potentialAction":[{"@type":"ReadAction","target":["https:\/\/www.naturparkmagazin.de\/stechlin\/nacht-der-offenen-kirchen-am-19-mai-2024\/"]}]},{"@type":"BreadcrumbList","@id":"https:\/\/www.naturparkmagazin.de\/stechlin\/nacht-der-offenen-kirchen-am-19-mai-2024\/#breadcrumb","itemListElement":[{"@type":"ListItem","position":1,"name":"Home","item":"https:\/\/www.naturparkmagazin.de\/stechlin\/"},{"@type":"ListItem","position":2,"name":"Nacht der offenen Kirchen am 19. Mai 2024"}]},{"@type":"WebSite","@id":"https:\/\/www.naturparkmagazin.de\/stechlin\/#website","url":"https:\/\/www.naturparkmagazin.de\/stechlin\/","name":"Naturpark Stechlin-Ruppiner Land","description":"","potentialAction":[{"@type":"SearchAction","target":{"@type":"EntryPoint","urlTemplate":"https:\/\/www.naturparkmagazin.de\/stechlin\/?s={search_term_string}"},"query-input":"required name=search_term_string"}],"inLanguage":"de"},{"@type":"Person","@id":"https:\/\/www.naturparkmagazin.de\/stechlin\/#\/schema\/person\/3f0d93203df21c806dd63c76d9bb28bc","name":"marioschrumpf","url":"https:\/\/www.naturparkmagazin.de\/stechlin\/author\/marioschrumpf\/"}]}},"_links":{"self":[{"href":"https:\/\/www.naturparkmagazin.de\/stechlin\/wp-json\/wp\/v2\/posts\/15323"}],"collection":[{"href":"https:\/\/www.naturparkmagazin.de\/stechlin\/wp-json\/wp\/v2\/posts"}],"about":[{"href":"https:\/\/www.naturparkmagazin.de\/stechlin\/wp-json\/wp\/v2\/types\/post"}],"author":[{"embeddable":true,"href":"https:\/\/www.naturparkmagazin.de\/stechlin\/wp-json\/wp\/v2\/users\/39"}],"replies":[{"embeddable":true,"href":"https:\/\/www.naturparkmagazin.de\/stechlin\/wp-json\/wp\/v2\/comments?post=15323"}],"version-history":[{"count":10,"href":"https:\/\/www.naturparkmagazin.de\/stechlin\/wp-json\/wp\/v2\/posts\/15323\/revisions"}],"predecessor-version":[{"id":15483,"href":"https:\/\/www.naturparkmagazin.de\/stechlin\/wp-json\/wp\/v2\/posts\/15323\/revisions\/15483"}],"wp:featuredmedia":[{"embeddable":true,"href":"https:\/\/www.naturparkmagazin.de\/stechlin\/wp-json\/wp\/v2\/media\/15411"}],"wp:attachment":[{"href":"https:\/\/www.naturparkmagazin.de\/stechlin\/wp-json\/wp\/v2\/media?parent=15323"}],"wp:term":[{"taxonomy":"category","embeddable":true,"href":"https:\/\/www.naturparkmagazin.de\/stechlin\/wp-json\/wp\/v2\/categories?post=15323"},{"taxonomy":"post_tag","embeddable":true,"href":"https:\/\/www.naturparkmagazin.de\/stechlin\/wp-json\/wp\/v2\/tags?post=15323"}],"curies":[{"name":"wp","href":"https:\/\/api.w.org\/{rel}","templated":true}]}}