{"id":1537,"date":"2014-11-19T18:08:11","date_gmt":"2014-11-19T17:08:11","guid":{"rendered":"http:\/\/www.naturparkmagazin.de\/stechlin\/?p=1537"},"modified":"2014-11-27T22:10:21","modified_gmt":"2014-11-27T21:10:21","slug":"menzer-adventsstube-am-nikolaustag","status":"publish","type":"post","link":"https:\/\/www.naturparkmagazin.de\/stechlin\/menzer-adventsstube-am-nikolaustag\/","title":{"rendered":"Menzer Adventsstube am Nikolaustag"},"content":{"rendered":"<div id=\"attachment_566\" style=\"width: 510px\" class=\"wp-caption alignnone\"><a href=\"https:\/\/www.naturparkmagazin.de\/stechlin\/wp-content\/uploads\/sites\/38\/Adventsstube1.jpg\"><img aria-describedby=\"caption-attachment-566\" decoding=\"async\" loading=\"lazy\" class=\"size-full wp-image-566\" alt=\"besinnliche Adventszeit\" src=\"https:\/\/www.naturparkmagazin.de\/stechlin\/wp-content\/uploads\/sites\/38\/Adventsstube1.jpg\" width=\"500\" height=\"375\" srcset=\"https:\/\/www.naturparkmagazin.de\/stechlin\/wp-content\/uploads\/sites\/38\/Adventsstube1.jpg 500w, https:\/\/www.naturparkmagazin.de\/stechlin\/wp-content\/uploads\/sites\/38\/Adventsstube1-300x225.jpg 300w, https:\/\/www.naturparkmagazin.de\/stechlin\/wp-content\/uploads\/sites\/38\/Adventsstube1-420x315.jpg 420w, https:\/\/www.naturparkmagazin.de\/stechlin\/wp-content\/uploads\/sites\/38\/Adventsstube1-180x135.jpg 180w, https:\/\/www.naturparkmagazin.de\/stechlin\/wp-content\/uploads\/sites\/38\/Adventsstube1-95x71.jpg 95w, https:\/\/www.naturparkmagazin.de\/stechlin\/wp-content\/uploads\/sites\/38\/Adventsstube1-200x150.jpg 200w\" sizes=\"(max-width: 500px) 100vw, 500px\" \/><\/a><p id=\"caption-attachment-566\" class=\"wp-caption-text\">besinnliche Adventszeit<\/p><\/div>\n<p>Bereits zum 11. Mal l\u00e4dt der F\u00f6rderverein Naturlandschaft Stechlin und Menzer Heide e. V. am 6. Dezember zur Menzer Adventsstube ein. Um 13 Uhr beginnt die besinnliche Einstimmung auf das Weihnachtsfest, mit Ausstellungen, weihnachtlichen Basteleien und vielen M\u00f6glichkeiten zum Schmecken, Riechen und H\u00f6ren. Organisatorin Johanna Dalchow hat in diesem Jahr passend zum 6. Dezember den Nikolaus thematisch in den Vordergrund gestellt. Wer Exponate, Geschichten oder anderes zum Thema hat, kann dies gern vorab im NaturParkHaus Stechlin (Tel.: 033082\/51210, Ansprechpartnerin Frau Schl\u00f6sser) abgeben.<\/p>\n<p>Wie in jedem Jahr wird es selbstverst\u00e4ndlich hei\u00dfen Gl\u00fchwein, duftende Kerzen und leise Weihnachtslieder geben. Wer dem Jahresstress und der Hektik in der Vorweihnachtszeit entfliehen will, ist zur Menzer Adventsstube genau richtig. F\u00fcr die lieben Verwandten und Bekannten k\u00f6nnen individuelle Geschenke gebastelt und nat\u00fcrlich auch mitgenommen werden.<\/p>\n<p>&nbsp;<\/p>\n","protected":false},"excerpt":{"rendered":"<p>Bereits zum 11. Mal l\u00e4dt der F\u00f6rderverein Naturlandschaft Stechlin und Menzer Heide e. V. am 6. Dezember zur Menzer Adventsstube ein.<\/p>\n","protected":false},"author":39,"featured_media":1538,"comment_status":"open","ping_status":"open","sticky":false,"template":"","format":"standard","meta":[],"categories":[11],"tags":[],"yoast_head":"<!-- This site is optimized with the Yoast SEO plugin v19.10 - https:\/\/yoast.com\/wordpress\/plugins\/seo\/ -->\n<title>Menzer Adventsstube am Nikolaustag - Naturpark Stechlin-Ruppiner Land<\/title>\n<meta name=\"robots\" content=\"index, follow, max-snippet:-1, max-image-preview:large, max-video-preview:-1\" \/>\n<link rel=\"canonical\" href=\"https:\/\/www.naturparkmagazin.de\/stechlin\/menzer-adventsstube-am-nikolaustag\/\" \/>\n<meta property=\"og:locale\" content=\"de_DE\" \/>\n<meta property=\"og:type\" content=\"article\" \/>\n<meta property=\"og:title\" content=\"Menzer Adventsstube am Nikolaustag - Naturpark Stechlin-Ruppiner Land\" \/>\n<meta property=\"og:description\" content=\"Bereits zum 11. Mal l\u00e4dt der F\u00f6rderverein Naturlandschaft Stechlin und Menzer Heide e. V. am 6. Dezember zur Menzer Adventsstube ein.\" \/>\n<meta property=\"og:url\" content=\"https:\/\/www.naturparkmagazin.de\/stechlin\/menzer-adventsstube-am-nikolaustag\/\" \/>\n<meta property=\"og:site_name\" content=\"Naturpark Stechlin-Ruppiner Land\" \/>\n<meta property=\"article:published_time\" content=\"2014-11-19T17:08:11+00:00\" \/>\n<meta property=\"article:modified_time\" content=\"2014-11-27T21:10:21+00:00\" \/>\n<meta property=\"og:image\" content=\"https:\/\/www.naturparkmagazin.de\/stechlin\/wp-content\/uploads\/sites\/38\/Adventsstube2.jpg\" \/>\n\t<meta property=\"og:image:width\" content=\"500\" \/>\n\t<meta property=\"og:image:height\" content=\"335\" \/>\n\t<meta property=\"og:image:type\" content=\"image\/jpeg\" \/>\n<meta name=\"author\" content=\"marioschrumpf\" \/>\n<meta name=\"twitter:label1\" content=\"Verfasst von\" \/>\n\t<meta name=\"twitter:data1\" content=\"marioschrumpf\" \/>\n\t<meta name=\"twitter:label2\" content=\"Gesch\u00e4tzte Lesezeit\" \/>\n\t<meta name=\"twitter:data2\" content=\"1\u00a0Minute\" \/>\n<script type=\"application\/ld+json\" class=\"yoast-schema-graph\">{\"@context\":\"https:\/\/schema.org\",\"@graph\":[{\"@type\":\"WebPage\",\"@id\":\"https:\/\/www.naturparkmagazin.de\/stechlin\/menzer-adventsstube-am-nikolaustag\/\",\"url\":\"https:\/\/www.naturparkmagazin.de\/stechlin\/menzer-adventsstube-am-nikolaustag\/\",\"name\":\"Menzer Adventsstube am Nikolaustag - Naturpark Stechlin-Ruppiner Land\",\"isPartOf\":{\"@id\":\"https:\/\/www.naturparkmagazin.de\/stechlin\/#website\"},\"datePublished\":\"2014-11-19T17:08:11+00:00\",\"dateModified\":\"2014-11-27T21:10:21+00:00\",\"author\":{\"@id\":\"https:\/\/www.naturparkmagazin.de\/stechlin\/#\/schema\/person\/3f0d93203df21c806dd63c76d9bb28bc\"},\"breadcrumb\":{\"@id\":\"https:\/\/www.naturparkmagazin.de\/stechlin\/menzer-adventsstube-am-nikolaustag\/#breadcrumb\"},\"inLanguage\":\"de\",\"potentialAction\":[{\"@type\":\"ReadAction\",\"target\":[\"https:\/\/www.naturparkmagazin.de\/stechlin\/menzer-adventsstube-am-nikolaustag\/\"]}]},{\"@type\":\"BreadcrumbList\",\"@id\":\"https:\/\/www.naturparkmagazin.de\/stechlin\/menzer-adventsstube-am-nikolaustag\/#breadcrumb\",\"itemListElement\":[{\"@type\":\"ListItem\",\"position\":1,\"name\":\"Home\",\"item\":\"https:\/\/www.naturparkmagazin.de\/stechlin\/\"},{\"@type\":\"ListItem\",\"position\":2,\"name\":\"Menzer Adventsstube am Nikolaustag\"}]},{\"@type\":\"WebSite\",\"@id\":\"https:\/\/www.naturparkmagazin.de\/stechlin\/#website\",\"url\":\"https:\/\/www.naturparkmagazin.de\/stechlin\/\",\"name\":\"Naturpark Stechlin-Ruppiner Land\",\"description\":\"\",\"potentialAction\":[{\"@type\":\"SearchAction\",\"target\":{\"@type\":\"EntryPoint\",\"urlTemplate\":\"https:\/\/www.naturparkmagazin.de\/stechlin\/?s={search_term_string}\"},\"query-input\":\"required name=search_term_string\"}],\"inLanguage\":\"de\"},{\"@type\":\"Person\",\"@id\":\"https:\/\/www.naturparkmagazin.de\/stechlin\/#\/schema\/person\/3f0d93203df21c806dd63c76d9bb28bc\",\"name\":\"marioschrumpf\",\"url\":\"https:\/\/www.naturparkmagazin.de\/stechlin\/author\/marioschrumpf\/\"}]}<\/script>\n<!-- \/ Yoast SEO plugin. -->","yoast_head_json":{"title":"Menzer Adventsstube am Nikolaustag - Naturpark Stechlin-Ruppiner Land","robots":{"index":"index","follow":"follow","max-snippet":"max-snippet:-1","max-image-preview":"max-image-preview:large","max-video-preview":"max-video-preview:-1"},"canonical":"https:\/\/www.naturparkmagazin.de\/stechlin\/menzer-adventsstube-am-nikolaustag\/","og_locale":"de_DE","og_type":"article","og_title":"Menzer Adventsstube am Nikolaustag - Naturpark Stechlin-Ruppiner Land","og_description":"Bereits zum 11. Mal l\u00e4dt der F\u00f6rderverein Naturlandschaft Stechlin und Menzer Heide e. V. am 6. Dezember zur Menzer Adventsstube ein.","og_url":"https:\/\/www.naturparkmagazin.de\/stechlin\/menzer-adventsstube-am-nikolaustag\/","og_site_name":"Naturpark Stechlin-Ruppiner Land","article_published_time":"2014-11-19T17:08:11+00:00","article_modified_time":"2014-11-27T21:10:21+00:00","og_image":[{"width":500,"height":335,"url":"https:\/\/www.naturparkmagazin.de\/stechlin\/wp-content\/uploads\/sites\/38\/Adventsstube2.jpg","type":"image\/jpeg"}],"author":"marioschrumpf","twitter_misc":{"Verfasst von":"marioschrumpf","Gesch\u00e4tzte Lesezeit":"1\u00a0Minute"},"schema":{"@context":"https:\/\/schema.org","@graph":[{"@type":"WebPage","@id":"https:\/\/www.naturparkmagazin.de\/stechlin\/menzer-adventsstube-am-nikolaustag\/","url":"https:\/\/www.naturparkmagazin.de\/stechlin\/menzer-adventsstube-am-nikolaustag\/","name":"Menzer Adventsstube am Nikolaustag - Naturpark Stechlin-Ruppiner Land","isPartOf":{"@id":"https:\/\/www.naturparkmagazin.de\/stechlin\/#website"},"datePublished":"2014-11-19T17:08:11+00:00","dateModified":"2014-11-27T21:10:21+00:00","author":{"@id":"https:\/\/www.naturparkmagazin.de\/stechlin\/#\/schema\/person\/3f0d93203df21c806dd63c76d9bb28bc"},"breadcrumb":{"@id":"https:\/\/www.naturparkmagazin.de\/stechlin\/menzer-adventsstube-am-nikolaustag\/#breadcrumb"},"inLanguage":"de","potentialAction":[{"@type":"ReadAction","target":["https:\/\/www.naturparkmagazin.de\/stechlin\/menzer-adventsstube-am-nikolaustag\/"]}]},{"@type":"BreadcrumbList","@id":"https:\/\/www.naturparkmagazin.de\/stechlin\/menzer-adventsstube-am-nikolaustag\/#breadcrumb","itemListElement":[{"@type":"ListItem","position":1,"name":"Home","item":"https:\/\/www.naturparkmagazin.de\/stechlin\/"},{"@type":"ListItem","position":2,"name":"Menzer Adventsstube am Nikolaustag"}]},{"@type":"WebSite","@id":"https:\/\/www.naturparkmagazin.de\/stechlin\/#website","url":"https:\/\/www.naturparkmagazin.de\/stechlin\/","name":"Naturpark Stechlin-Ruppiner Land","description":"","potentialAction":[{"@type":"SearchAction","target":{"@type":"EntryPoint","urlTemplate":"https:\/\/www.naturparkmagazin.de\/stechlin\/?s={search_term_string}"},"query-input":"required name=search_term_string"}],"inLanguage":"de"},{"@type":"Person","@id":"https:\/\/www.naturparkmagazin.de\/stechlin\/#\/schema\/person\/3f0d93203df21c806dd63c76d9bb28bc","name":"marioschrumpf","url":"https:\/\/www.naturparkmagazin.de\/stechlin\/author\/marioschrumpf\/"}]}},"_links":{"self":[{"href":"https:\/\/www.naturparkmagazin.de\/stechlin\/wp-json\/wp\/v2\/posts\/1537"}],"collection":[{"href":"https:\/\/www.naturparkmagazin.de\/stechlin\/wp-json\/wp\/v2\/posts"}],"about":[{"href":"https:\/\/www.naturparkmagazin.de\/stechlin\/wp-json\/wp\/v2\/types\/post"}],"author":[{"embeddable":true,"href":"https:\/\/www.naturparkmagazin.de\/stechlin\/wp-json\/wp\/v2\/users\/39"}],"replies":[{"embeddable":true,"href":"https:\/\/www.naturparkmagazin.de\/stechlin\/wp-json\/wp\/v2\/comments?post=1537"}],"version-history":[{"count":3,"href":"https:\/\/www.naturparkmagazin.de\/stechlin\/wp-json\/wp\/v2\/posts\/1537\/revisions"}],"predecessor-version":[{"id":1609,"href":"https:\/\/www.naturparkmagazin.de\/stechlin\/wp-json\/wp\/v2\/posts\/1537\/revisions\/1609"}],"wp:featuredmedia":[{"embeddable":true,"href":"https:\/\/www.naturparkmagazin.de\/stechlin\/wp-json\/wp\/v2\/media\/1538"}],"wp:attachment":[{"href":"https:\/\/www.naturparkmagazin.de\/stechlin\/wp-json\/wp\/v2\/media?parent=1537"}],"wp:term":[{"taxonomy":"category","embeddable":true,"href":"https:\/\/www.naturparkmagazin.de\/stechlin\/wp-json\/wp\/v2\/categories?post=1537"},{"taxonomy":"post_tag","embeddable":true,"href":"https:\/\/www.naturparkmagazin.de\/stechlin\/wp-json\/wp\/v2\/tags?post=1537"}],"curies":[{"name":"wp","href":"https:\/\/api.w.org\/{rel}","templated":true}]}}