{"id":1540,"date":"2014-11-19T11:14:58","date_gmt":"2014-11-19T10:14:58","guid":{"rendered":"http:\/\/www.naturparkmagazin.de\/stechlin\/?p=1540"},"modified":"2014-11-27T14:08:42","modified_gmt":"2014-11-27T13:08:42","slug":"nachruf-fuer-hans-joachim-engelmann","status":"publish","type":"post","link":"https:\/\/www.naturparkmagazin.de\/stechlin\/nachruf-fuer-hans-joachim-engelmann\/","title":{"rendered":"Nachruf f\u00fcr Hans-Joachim Engelmann"},"content":{"rendered":"<div>\n<p>\u00a0<a id=\"set-post-thumbnail\" title=\"Beitragsbild festlegen\" href=\"https:\/\/www.naturparkmagazin.de\/stechlin\/wp-admin\/media-upload.php?post_id=1540&amp;type=image&amp;TB_iframe=1\"><img decoding=\"async\" loading=\"lazy\" alt=\"NP SRL\/Dr. Mario Schrumpf\" src=\"https:\/\/www.naturparkmagazin.de\/stechlin\/wp-content\/uploads\/sites\/38\/Kreuz1-e1416550319698.jpg\" width=\"98\" height=\"180\" \/><\/a><\/p>\n<p>Mit gro\u00dfer Best\u00fcrzung und tiefer Trauer nehmen wir Abschied von unserem Kuratoriumsvorstandsmitglied, Herrn Hans-Joachim Engelmann.<\/p>\n<p>Er ist am 31.Oktober 2014 im Alter von 69 Jahren verstorben.<\/p>\n<p>Hans-Joachim Engelmann engagierte sich seit 2001 im Vorstand unseres Kuratoriums.<\/p>\n<p>Im Auftrag des Landesjagdverbandes brachte er dabei vor allem seine forstlichen Kompetenz und seine regionalen Erfahrungen ein.<\/p>\n<p>Seit 1973 bis zu seinem Ruhestand leitete er das Revier Wolfsbruch am Rande des Naturparks.<\/p>\n<p>Wir werden ihn mit seiner humorvollen Art und seiner positiven Lebenseinstellung vermissen. Unser tief empfundenes Mitgef\u00fchl geh\u00f6rt seinen Angeh\u00f6rigen.<\/p>\n<p>&nbsp;<\/p>\n<p>Peter Krause<\/p>\n<p>Vorsitzender des Kuratoriums<\/p>\n<p>des Naturparks Stechlin-Ruppiner Land<\/p>\n<p>&nbsp;<\/p>\n<p>Dr. Mario Schrumpf<\/p>\n<p>Leiter des<\/p>\n<p>des Naturparks Stechlin-Ruppiner Land<\/p>\n<\/div>\n","protected":false},"excerpt":{"rendered":"<p>Mit gro\u00dfer Best\u00fcrzung und tiefer Trauer nehmen wir Abschied von unserem Kuratoriumsvorstandsmitglied, Herrn Hans-Joachim Engelmann. Er ist am 31.Oktober 2014 im Alter von 69 Jahren verstorben.<\/p>\n","protected":false},"author":39,"featured_media":1631,"comment_status":"open","ping_status":"open","sticky":false,"template":"","format":"standard","meta":[],"categories":[7],"tags":[],"yoast_head":"<!-- This site is optimized with the Yoast SEO plugin v19.10 - https:\/\/yoast.com\/wordpress\/plugins\/seo\/ -->\n<title>Nachruf f\u00fcr Hans-Joachim Engelmann - Naturpark Stechlin-Ruppiner Land<\/title>\n<meta name=\"robots\" content=\"index, follow, max-snippet:-1, max-image-preview:large, max-video-preview:-1\" \/>\n<link rel=\"canonical\" href=\"https:\/\/www.naturparkmagazin.de\/stechlin\/nachruf-fuer-hans-joachim-engelmann\/\" \/>\n<meta property=\"og:locale\" content=\"de_DE\" \/>\n<meta property=\"og:type\" content=\"article\" \/>\n<meta property=\"og:title\" content=\"Nachruf f\u00fcr Hans-Joachim Engelmann - Naturpark Stechlin-Ruppiner Land\" \/>\n<meta property=\"og:description\" content=\"Mit gro\u00dfer Best\u00fcrzung und tiefer Trauer nehmen wir Abschied von unserem Kuratoriumsvorstandsmitglied, Herrn Hans-Joachim Engelmann. Er ist am 31.Oktober 2014 im Alter von 69 Jahren verstorben.\" \/>\n<meta property=\"og:url\" content=\"https:\/\/www.naturparkmagazin.de\/stechlin\/nachruf-fuer-hans-joachim-engelmann\/\" \/>\n<meta property=\"og:site_name\" content=\"Naturpark Stechlin-Ruppiner Land\" \/>\n<meta property=\"article:published_time\" content=\"2014-11-19T10:14:58+00:00\" \/>\n<meta property=\"article:modified_time\" content=\"2014-11-27T13:08:42+00:00\" \/>\n<meta property=\"og:image\" content=\"https:\/\/www.naturparkmagazin.de\/stechlin\/wp-content\/uploads\/sites\/38\/Stechlin.jpg\" \/>\n\t<meta property=\"og:image:width\" content=\"180\" \/>\n\t<meta property=\"og:image:height\" content=\"134\" \/>\n\t<meta property=\"og:image:type\" content=\"image\/jpeg\" \/>\n<meta name=\"author\" content=\"marioschrumpf\" \/>\n<meta name=\"twitter:label1\" content=\"Verfasst von\" \/>\n\t<meta name=\"twitter:data1\" content=\"marioschrumpf\" \/>\n\t<meta name=\"twitter:label2\" content=\"Gesch\u00e4tzte Lesezeit\" \/>\n\t<meta name=\"twitter:data2\" content=\"1\u00a0Minute\" \/>\n<script type=\"application\/ld+json\" class=\"yoast-schema-graph\">{\"@context\":\"https:\/\/schema.org\",\"@graph\":[{\"@type\":\"WebPage\",\"@id\":\"https:\/\/www.naturparkmagazin.de\/stechlin\/nachruf-fuer-hans-joachim-engelmann\/\",\"url\":\"https:\/\/www.naturparkmagazin.de\/stechlin\/nachruf-fuer-hans-joachim-engelmann\/\",\"name\":\"Nachruf f\u00fcr Hans-Joachim Engelmann - Naturpark Stechlin-Ruppiner Land\",\"isPartOf\":{\"@id\":\"https:\/\/www.naturparkmagazin.de\/stechlin\/#website\"},\"datePublished\":\"2014-11-19T10:14:58+00:00\",\"dateModified\":\"2014-11-27T13:08:42+00:00\",\"author\":{\"@id\":\"https:\/\/www.naturparkmagazin.de\/stechlin\/#\/schema\/person\/3f0d93203df21c806dd63c76d9bb28bc\"},\"breadcrumb\":{\"@id\":\"https:\/\/www.naturparkmagazin.de\/stechlin\/nachruf-fuer-hans-joachim-engelmann\/#breadcrumb\"},\"inLanguage\":\"de\",\"potentialAction\":[{\"@type\":\"ReadAction\",\"target\":[\"https:\/\/www.naturparkmagazin.de\/stechlin\/nachruf-fuer-hans-joachim-engelmann\/\"]}]},{\"@type\":\"BreadcrumbList\",\"@id\":\"https:\/\/www.naturparkmagazin.de\/stechlin\/nachruf-fuer-hans-joachim-engelmann\/#breadcrumb\",\"itemListElement\":[{\"@type\":\"ListItem\",\"position\":1,\"name\":\"Home\",\"item\":\"https:\/\/www.naturparkmagazin.de\/stechlin\/\"},{\"@type\":\"ListItem\",\"position\":2,\"name\":\"Nachruf f\u00fcr Hans-Joachim Engelmann\"}]},{\"@type\":\"WebSite\",\"@id\":\"https:\/\/www.naturparkmagazin.de\/stechlin\/#website\",\"url\":\"https:\/\/www.naturparkmagazin.de\/stechlin\/\",\"name\":\"Naturpark Stechlin-Ruppiner Land\",\"description\":\"\",\"potentialAction\":[{\"@type\":\"SearchAction\",\"target\":{\"@type\":\"EntryPoint\",\"urlTemplate\":\"https:\/\/www.naturparkmagazin.de\/stechlin\/?s={search_term_string}\"},\"query-input\":\"required name=search_term_string\"}],\"inLanguage\":\"de\"},{\"@type\":\"Person\",\"@id\":\"https:\/\/www.naturparkmagazin.de\/stechlin\/#\/schema\/person\/3f0d93203df21c806dd63c76d9bb28bc\",\"name\":\"marioschrumpf\",\"url\":\"https:\/\/www.naturparkmagazin.de\/stechlin\/author\/marioschrumpf\/\"}]}<\/script>\n<!-- \/ Yoast SEO plugin. -->","yoast_head_json":{"title":"Nachruf f\u00fcr Hans-Joachim Engelmann - Naturpark Stechlin-Ruppiner Land","robots":{"index":"index","follow":"follow","max-snippet":"max-snippet:-1","max-image-preview":"max-image-preview:large","max-video-preview":"max-video-preview:-1"},"canonical":"https:\/\/www.naturparkmagazin.de\/stechlin\/nachruf-fuer-hans-joachim-engelmann\/","og_locale":"de_DE","og_type":"article","og_title":"Nachruf f\u00fcr Hans-Joachim Engelmann - Naturpark Stechlin-Ruppiner Land","og_description":"Mit gro\u00dfer Best\u00fcrzung und tiefer Trauer nehmen wir Abschied von unserem Kuratoriumsvorstandsmitglied, Herrn Hans-Joachim Engelmann. Er ist am 31.Oktober 2014 im Alter von 69 Jahren verstorben.","og_url":"https:\/\/www.naturparkmagazin.de\/stechlin\/nachruf-fuer-hans-joachim-engelmann\/","og_site_name":"Naturpark Stechlin-Ruppiner Land","article_published_time":"2014-11-19T10:14:58+00:00","article_modified_time":"2014-11-27T13:08:42+00:00","og_image":[{"width":180,"height":134,"url":"https:\/\/www.naturparkmagazin.de\/stechlin\/wp-content\/uploads\/sites\/38\/Stechlin.jpg","type":"image\/jpeg"}],"author":"marioschrumpf","twitter_misc":{"Verfasst von":"marioschrumpf","Gesch\u00e4tzte Lesezeit":"1\u00a0Minute"},"schema":{"@context":"https:\/\/schema.org","@graph":[{"@type":"WebPage","@id":"https:\/\/www.naturparkmagazin.de\/stechlin\/nachruf-fuer-hans-joachim-engelmann\/","url":"https:\/\/www.naturparkmagazin.de\/stechlin\/nachruf-fuer-hans-joachim-engelmann\/","name":"Nachruf f\u00fcr Hans-Joachim Engelmann - Naturpark Stechlin-Ruppiner Land","isPartOf":{"@id":"https:\/\/www.naturparkmagazin.de\/stechlin\/#website"},"datePublished":"2014-11-19T10:14:58+00:00","dateModified":"2014-11-27T13:08:42+00:00","author":{"@id":"https:\/\/www.naturparkmagazin.de\/stechlin\/#\/schema\/person\/3f0d93203df21c806dd63c76d9bb28bc"},"breadcrumb":{"@id":"https:\/\/www.naturparkmagazin.de\/stechlin\/nachruf-fuer-hans-joachim-engelmann\/#breadcrumb"},"inLanguage":"de","potentialAction":[{"@type":"ReadAction","target":["https:\/\/www.naturparkmagazin.de\/stechlin\/nachruf-fuer-hans-joachim-engelmann\/"]}]},{"@type":"BreadcrumbList","@id":"https:\/\/www.naturparkmagazin.de\/stechlin\/nachruf-fuer-hans-joachim-engelmann\/#breadcrumb","itemListElement":[{"@type":"ListItem","position":1,"name":"Home","item":"https:\/\/www.naturparkmagazin.de\/stechlin\/"},{"@type":"ListItem","position":2,"name":"Nachruf f\u00fcr Hans-Joachim Engelmann"}]},{"@type":"WebSite","@id":"https:\/\/www.naturparkmagazin.de\/stechlin\/#website","url":"https:\/\/www.naturparkmagazin.de\/stechlin\/","name":"Naturpark Stechlin-Ruppiner Land","description":"","potentialAction":[{"@type":"SearchAction","target":{"@type":"EntryPoint","urlTemplate":"https:\/\/www.naturparkmagazin.de\/stechlin\/?s={search_term_string}"},"query-input":"required name=search_term_string"}],"inLanguage":"de"},{"@type":"Person","@id":"https:\/\/www.naturparkmagazin.de\/stechlin\/#\/schema\/person\/3f0d93203df21c806dd63c76d9bb28bc","name":"marioschrumpf","url":"https:\/\/www.naturparkmagazin.de\/stechlin\/author\/marioschrumpf\/"}]}},"_links":{"self":[{"href":"https:\/\/www.naturparkmagazin.de\/stechlin\/wp-json\/wp\/v2\/posts\/1540"}],"collection":[{"href":"https:\/\/www.naturparkmagazin.de\/stechlin\/wp-json\/wp\/v2\/posts"}],"about":[{"href":"https:\/\/www.naturparkmagazin.de\/stechlin\/wp-json\/wp\/v2\/types\/post"}],"author":[{"embeddable":true,"href":"https:\/\/www.naturparkmagazin.de\/stechlin\/wp-json\/wp\/v2\/users\/39"}],"replies":[{"embeddable":true,"href":"https:\/\/www.naturparkmagazin.de\/stechlin\/wp-json\/wp\/v2\/comments?post=1540"}],"version-history":[{"count":4,"href":"https:\/\/www.naturparkmagazin.de\/stechlin\/wp-json\/wp\/v2\/posts\/1540\/revisions"}],"predecessor-version":[{"id":1607,"href":"https:\/\/www.naturparkmagazin.de\/stechlin\/wp-json\/wp\/v2\/posts\/1540\/revisions\/1607"}],"wp:featuredmedia":[{"embeddable":true,"href":"https:\/\/www.naturparkmagazin.de\/stechlin\/wp-json\/wp\/v2\/media\/1631"}],"wp:attachment":[{"href":"https:\/\/www.naturparkmagazin.de\/stechlin\/wp-json\/wp\/v2\/media?parent=1540"}],"wp:term":[{"taxonomy":"category","embeddable":true,"href":"https:\/\/www.naturparkmagazin.de\/stechlin\/wp-json\/wp\/v2\/categories?post=1540"},{"taxonomy":"post_tag","embeddable":true,"href":"https:\/\/www.naturparkmagazin.de\/stechlin\/wp-json\/wp\/v2\/tags?post=1540"}],"curies":[{"name":"wp","href":"https:\/\/api.w.org\/{rel}","templated":true}]}}