{"id":15424,"date":"2024-04-23T16:08:47","date_gmt":"2024-04-23T14:08:47","guid":{"rendered":"https:\/\/www.naturparkmagazin.de\/stechlin\/?p=15424"},"modified":"2024-04-26T08:55:12","modified_gmt":"2024-04-26T06:55:12","slug":"saisoneroeffnung-auf-dem-biohof-kepos-in-altglobsow","status":"publish","type":"post","link":"https:\/\/www.naturparkmagazin.de\/stechlin\/saisoneroeffnung-auf-dem-biohof-kepos-in-altglobsow\/","title":{"rendered":"Saisoner\u00f6ffnung auf dem Biohof Kepos in Altglobsow"},"content":{"rendered":"<p>Der Biohof Kepos feiert am<strong> 11. Mai 2024<\/strong> die diesj\u00e4hrige Saisoner\u00f6ffnung mit einem <strong>Jungpflanzenmarkt<\/strong>.<\/p>\n<p>&nbsp;<\/p>\n<div id=\"attachment_15375\" style=\"width: 310px\" class=\"wp-caption aligncenter\"><a href=\"https:\/\/www.naturparkmagazin.de\/stechlin\/wp-content\/uploads\/sites\/38\/poster.jpg\"><img aria-describedby=\"caption-attachment-15375\" decoding=\"async\" loading=\"lazy\" class=\"size-full wp-image-15375\" src=\"https:\/\/www.naturparkmagazin.de\/stechlin\/wp-content\/uploads\/sites\/38\/poster.jpg\" alt=\"\" width=\"300\" height=\"423\" srcset=\"https:\/\/www.naturparkmagazin.de\/stechlin\/wp-content\/uploads\/sites\/38\/poster.jpg 300w, https:\/\/www.naturparkmagazin.de\/stechlin\/wp-content\/uploads\/sites\/38\/poster-200x282.jpg 200w\" sizes=\"(max-width: 300px) 100vw, 300px\" \/><\/a><p id=\"caption-attachment-15375\" class=\"wp-caption-text\">\u00a9 Julius Luge<\/p><\/div>\n<p>&nbsp;<\/p>\n<p><strong>Lena und Philipp Adler<\/strong> vom <strong>Good Food Syndicate<\/strong> betreiben seit April 2020 den Gem\u00fcsebaubetrieb auf dem Biohof Kepos in Altglobsow und produzieren hier frisches Bio-Gem\u00fcse. In diesem Jahr waren die beiden bereits Cover-Models des j\u00e4hrlich herausgegebenen Kalenders der F\u00f6rdergemeinschaft \u00d6kologischer Landbau (F\u00d6L) zu Brandenburger Bio-Terminen.<\/p>\n<p>&nbsp;<\/p>\n<div id=\"attachment_14975\" style=\"width: 310px\" class=\"wp-caption aligncenter\"><a href=\"https:\/\/www.naturparkmagazin.de\/stechlin\/wp-content\/uploads\/sites\/38\/titelbild_bio-termine_2024_homepage_rechter_rand.jpg\"><img aria-describedby=\"caption-attachment-14975\" decoding=\"async\" loading=\"lazy\" class=\"size-full wp-image-14975\" src=\"https:\/\/www.naturparkmagazin.de\/stechlin\/wp-content\/uploads\/sites\/38\/titelbild_bio-termine_2024_homepage_rechter_rand.jpg\" alt=\"\" width=\"300\" height=\"424\" srcset=\"https:\/\/www.naturparkmagazin.de\/stechlin\/wp-content\/uploads\/sites\/38\/titelbild_bio-termine_2024_homepage_rechter_rand.jpg 300w, https:\/\/www.naturparkmagazin.de\/stechlin\/wp-content\/uploads\/sites\/38\/titelbild_bio-termine_2024_homepage_rechter_rand-200x283.jpg 200w\" sizes=\"(max-width: 300px) 100vw, 300px\" \/><\/a><p id=\"caption-attachment-14975\" class=\"wp-caption-text\">Titelbild der Brosch\u00fcre der F\u00d6L\u00a9 Eduard Fischer f\u00fcr F\u00f6rdergemeinschaft \u00d6kologischer Landbau<\/p><\/div>\n<p>Dar\u00fcberhinaus produziert <strong>Peggy Giertz<\/strong> auf dem Hof Bio-Saatgut und Bio-Blumen zum selber pfl\u00fccken.<\/p>\n<div id=\"attachment_15442\" style=\"width: 310px\" class=\"wp-caption aligncenter\"><a href=\"https:\/\/www.naturparkmagazin.de\/stechlin\/wp-content\/uploads\/sites\/38\/peggy1.jpg\"><img aria-describedby=\"caption-attachment-15442\" decoding=\"async\" loading=\"lazy\" class=\"size-thumbnail wp-image-15442\" src=\"https:\/\/www.naturparkmagazin.de\/stechlin\/wp-content\/uploads\/sites\/38\/peggy1-300x180.jpg\" alt=\"\" width=\"300\" height=\"180\" srcset=\"https:\/\/www.naturparkmagazin.de\/stechlin\/wp-content\/uploads\/sites\/38\/peggy1-300x180.jpg 300w, https:\/\/www.naturparkmagazin.de\/stechlin\/wp-content\/uploads\/sites\/38\/peggy1-200x120.jpg 200w, https:\/\/www.naturparkmagazin.de\/stechlin\/wp-content\/uploads\/sites\/38\/peggy1.jpg 500w\" sizes=\"(max-width: 300px) 100vw, 300px\" \/><\/a><p id=\"caption-attachment-15442\" class=\"wp-caption-text\">Peggy Giertz &#8211; Bioz\u00fcchtergarten\u00a9 Biohof Kepos<\/p><\/div>\n<p>Der Clou ist, dass jeder\/jede von 8 bis 20 Uhr auf den Hof kommen kann und sich Gem\u00fcse oder Schnittblumen selbst oder unter Anleitung ernten kann. Bezahlt wird \u00fcber die\u00a0 Kasse des Vertrauens.<\/p>\n<p>Au\u00dferdem k\u00f6nnen auch vorgeerntetes Gem\u00fcse oder saisonal verf\u00fcgbare Setzlinge erworben werden.<\/p>\n<div id=\"attachment_15460\" style=\"width: 310px\" class=\"wp-caption aligncenter\"><a href=\"https:\/\/www.naturparkmagazin.de\/stechlin\/wp-content\/uploads\/sites\/38\/Pia-und-Frank-500x500-2.jpg\"><img aria-describedby=\"caption-attachment-15460\" decoding=\"async\" loading=\"lazy\" class=\"size-thumbnail wp-image-15460\" src=\"https:\/\/www.naturparkmagazin.de\/stechlin\/wp-content\/uploads\/sites\/38\/Pia-und-Frank-500x500-2-300x320.jpg\" alt=\"\" width=\"300\" height=\"320\" srcset=\"https:\/\/www.naturparkmagazin.de\/stechlin\/wp-content\/uploads\/sites\/38\/Pia-und-Frank-500x500-2-300x320.jpg 300w, https:\/\/www.naturparkmagazin.de\/stechlin\/wp-content\/uploads\/sites\/38\/Pia-und-Frank-500x500-2-200x214.jpg 200w, https:\/\/www.naturparkmagazin.de\/stechlin\/wp-content\/uploads\/sites\/38\/Pia-und-Frank-500x500-2.jpg 500w\" sizes=\"(max-width: 300px) 100vw, 300px\" \/><\/a><p id=\"caption-attachment-15460\" class=\"wp-caption-text\">Pia Bitsch-Rumpe &amp; Frank Rumpe\u00a9 Biohof Kepos<\/p><\/div>\n<p>Zu guter Letzt freuen sich auch die beiden Hofbesitzer <strong>Pia Bitsch-Rumpe &amp; Frank Rumpe<\/strong> \u00fcber viele interessierte G\u00e4ste. In ihrem Verst\u00e4ndnis\u00a0 ist der Biohof Kepos ein offener Garten, in dem die Natur mit Liebe nachhaltig gepflegt wird. Hier sind alle Menschen herzlich willkommen. Egal, ob sie ausruhen oder mit anpacken wollen oder eben die <strong>Saisoner\u00f6ffnung feiern<\/strong>.<\/p>\n<p><a href=\"https:\/\/biohofkepos.de\/\">Hier geht es zur Webseite des Biohofs Kepos.<\/a><\/p>\n","protected":false},"excerpt":{"rendered":"<p>Der Biohof Kepos feiert am 11. Mai 2024 die diesj\u00e4hrige Saisoner\u00f6ffnung mit einem Jungpflanzenmarkt<\/p>\n","protected":false},"author":39,"featured_media":14976,"comment_status":"open","ping_status":"open","sticky":false,"template":"","format":"standard","meta":[],"categories":[11],"tags":[],"yoast_head":"<!-- This site is optimized with the Yoast SEO plugin v19.10 - https:\/\/yoast.com\/wordpress\/plugins\/seo\/ -->\n<title>Saisoner\u00f6ffnung auf dem Biohof Kepos in Altglobsow - Naturpark Stechlin-Ruppiner Land<\/title>\n<meta name=\"robots\" content=\"index, follow, max-snippet:-1, max-image-preview:large, max-video-preview:-1\" \/>\n<link rel=\"canonical\" href=\"https:\/\/www.naturparkmagazin.de\/stechlin\/saisoneroeffnung-auf-dem-biohof-kepos-in-altglobsow\/\" \/>\n<meta property=\"og:locale\" content=\"de_DE\" \/>\n<meta property=\"og:type\" content=\"article\" \/>\n<meta property=\"og:title\" content=\"Saisoner\u00f6ffnung auf dem Biohof Kepos in Altglobsow - Naturpark Stechlin-Ruppiner Land\" \/>\n<meta property=\"og:description\" content=\"Der Biohof Kepos feiert am 11. Mai 2024 die diesj\u00e4hrige Saisoner\u00f6ffnung mit einem Jungpflanzenmarkt\" \/>\n<meta property=\"og:url\" content=\"https:\/\/www.naturparkmagazin.de\/stechlin\/saisoneroeffnung-auf-dem-biohof-kepos-in-altglobsow\/\" \/>\n<meta property=\"og:site_name\" content=\"Naturpark Stechlin-Ruppiner Land\" \/>\n<meta property=\"article:published_time\" content=\"2024-04-23T14:08:47+00:00\" \/>\n<meta property=\"article:modified_time\" content=\"2024-04-26T06:55:12+00:00\" \/>\n<meta property=\"og:image\" content=\"https:\/\/www.naturparkmagazin.de\/stechlin\/wp-content\/uploads\/sites\/38\/titelbild_bio-termine_2024_homepage_rechter_rand_a.jpg\" \/>\n\t<meta property=\"og:image:width\" content=\"200\" \/>\n\t<meta property=\"og:image:height\" content=\"200\" \/>\n\t<meta property=\"og:image:type\" content=\"image\/jpeg\" \/>\n<meta name=\"author\" content=\"marioschrumpf\" \/>\n<meta name=\"twitter:label1\" content=\"Verfasst von\" \/>\n\t<meta name=\"twitter:data1\" content=\"marioschrumpf\" \/>\n\t<meta name=\"twitter:label2\" content=\"Gesch\u00e4tzte Lesezeit\" \/>\n\t<meta name=\"twitter:data2\" content=\"3\u00a0Minuten\" \/>\n<script type=\"application\/ld+json\" class=\"yoast-schema-graph\">{\"@context\":\"https:\/\/schema.org\",\"@graph\":[{\"@type\":\"WebPage\",\"@id\":\"https:\/\/www.naturparkmagazin.de\/stechlin\/saisoneroeffnung-auf-dem-biohof-kepos-in-altglobsow\/\",\"url\":\"https:\/\/www.naturparkmagazin.de\/stechlin\/saisoneroeffnung-auf-dem-biohof-kepos-in-altglobsow\/\",\"name\":\"Saisoner\u00f6ffnung auf dem Biohof Kepos in Altglobsow - Naturpark Stechlin-Ruppiner Land\",\"isPartOf\":{\"@id\":\"https:\/\/www.naturparkmagazin.de\/stechlin\/#website\"},\"datePublished\":\"2024-04-23T14:08:47+00:00\",\"dateModified\":\"2024-04-26T06:55:12+00:00\",\"author\":{\"@id\":\"https:\/\/www.naturparkmagazin.de\/stechlin\/#\/schema\/person\/3f0d93203df21c806dd63c76d9bb28bc\"},\"breadcrumb\":{\"@id\":\"https:\/\/www.naturparkmagazin.de\/stechlin\/saisoneroeffnung-auf-dem-biohof-kepos-in-altglobsow\/#breadcrumb\"},\"inLanguage\":\"de\",\"potentialAction\":[{\"@type\":\"ReadAction\",\"target\":[\"https:\/\/www.naturparkmagazin.de\/stechlin\/saisoneroeffnung-auf-dem-biohof-kepos-in-altglobsow\/\"]}]},{\"@type\":\"BreadcrumbList\",\"@id\":\"https:\/\/www.naturparkmagazin.de\/stechlin\/saisoneroeffnung-auf-dem-biohof-kepos-in-altglobsow\/#breadcrumb\",\"itemListElement\":[{\"@type\":\"ListItem\",\"position\":1,\"name\":\"Home\",\"item\":\"https:\/\/www.naturparkmagazin.de\/stechlin\/\"},{\"@type\":\"ListItem\",\"position\":2,\"name\":\"Saisoner\u00f6ffnung auf dem Biohof Kepos in Altglobsow\"}]},{\"@type\":\"WebSite\",\"@id\":\"https:\/\/www.naturparkmagazin.de\/stechlin\/#website\",\"url\":\"https:\/\/www.naturparkmagazin.de\/stechlin\/\",\"name\":\"Naturpark Stechlin-Ruppiner Land\",\"description\":\"\",\"potentialAction\":[{\"@type\":\"SearchAction\",\"target\":{\"@type\":\"EntryPoint\",\"urlTemplate\":\"https:\/\/www.naturparkmagazin.de\/stechlin\/?s={search_term_string}\"},\"query-input\":\"required name=search_term_string\"}],\"inLanguage\":\"de\"},{\"@type\":\"Person\",\"@id\":\"https:\/\/www.naturparkmagazin.de\/stechlin\/#\/schema\/person\/3f0d93203df21c806dd63c76d9bb28bc\",\"name\":\"marioschrumpf\",\"url\":\"https:\/\/www.naturparkmagazin.de\/stechlin\/author\/marioschrumpf\/\"}]}<\/script>\n<!-- \/ Yoast SEO plugin. -->","yoast_head_json":{"title":"Saisoner\u00f6ffnung auf dem Biohof Kepos in Altglobsow - Naturpark Stechlin-Ruppiner Land","robots":{"index":"index","follow":"follow","max-snippet":"max-snippet:-1","max-image-preview":"max-image-preview:large","max-video-preview":"max-video-preview:-1"},"canonical":"https:\/\/www.naturparkmagazin.de\/stechlin\/saisoneroeffnung-auf-dem-biohof-kepos-in-altglobsow\/","og_locale":"de_DE","og_type":"article","og_title":"Saisoner\u00f6ffnung auf dem Biohof Kepos in Altglobsow - Naturpark Stechlin-Ruppiner Land","og_description":"Der Biohof Kepos feiert am 11. Mai 2024 die diesj\u00e4hrige Saisoner\u00f6ffnung mit einem Jungpflanzenmarkt","og_url":"https:\/\/www.naturparkmagazin.de\/stechlin\/saisoneroeffnung-auf-dem-biohof-kepos-in-altglobsow\/","og_site_name":"Naturpark Stechlin-Ruppiner Land","article_published_time":"2024-04-23T14:08:47+00:00","article_modified_time":"2024-04-26T06:55:12+00:00","og_image":[{"width":200,"height":200,"url":"https:\/\/www.naturparkmagazin.de\/stechlin\/wp-content\/uploads\/sites\/38\/titelbild_bio-termine_2024_homepage_rechter_rand_a.jpg","type":"image\/jpeg"}],"author":"marioschrumpf","twitter_misc":{"Verfasst von":"marioschrumpf","Gesch\u00e4tzte Lesezeit":"3\u00a0Minuten"},"schema":{"@context":"https:\/\/schema.org","@graph":[{"@type":"WebPage","@id":"https:\/\/www.naturparkmagazin.de\/stechlin\/saisoneroeffnung-auf-dem-biohof-kepos-in-altglobsow\/","url":"https:\/\/www.naturparkmagazin.de\/stechlin\/saisoneroeffnung-auf-dem-biohof-kepos-in-altglobsow\/","name":"Saisoner\u00f6ffnung auf dem Biohof Kepos in Altglobsow - Naturpark Stechlin-Ruppiner Land","isPartOf":{"@id":"https:\/\/www.naturparkmagazin.de\/stechlin\/#website"},"datePublished":"2024-04-23T14:08:47+00:00","dateModified":"2024-04-26T06:55:12+00:00","author":{"@id":"https:\/\/www.naturparkmagazin.de\/stechlin\/#\/schema\/person\/3f0d93203df21c806dd63c76d9bb28bc"},"breadcrumb":{"@id":"https:\/\/www.naturparkmagazin.de\/stechlin\/saisoneroeffnung-auf-dem-biohof-kepos-in-altglobsow\/#breadcrumb"},"inLanguage":"de","potentialAction":[{"@type":"ReadAction","target":["https:\/\/www.naturparkmagazin.de\/stechlin\/saisoneroeffnung-auf-dem-biohof-kepos-in-altglobsow\/"]}]},{"@type":"BreadcrumbList","@id":"https:\/\/www.naturparkmagazin.de\/stechlin\/saisoneroeffnung-auf-dem-biohof-kepos-in-altglobsow\/#breadcrumb","itemListElement":[{"@type":"ListItem","position":1,"name":"Home","item":"https:\/\/www.naturparkmagazin.de\/stechlin\/"},{"@type":"ListItem","position":2,"name":"Saisoner\u00f6ffnung auf dem Biohof Kepos in Altglobsow"}]},{"@type":"WebSite","@id":"https:\/\/www.naturparkmagazin.de\/stechlin\/#website","url":"https:\/\/www.naturparkmagazin.de\/stechlin\/","name":"Naturpark Stechlin-Ruppiner Land","description":"","potentialAction":[{"@type":"SearchAction","target":{"@type":"EntryPoint","urlTemplate":"https:\/\/www.naturparkmagazin.de\/stechlin\/?s={search_term_string}"},"query-input":"required name=search_term_string"}],"inLanguage":"de"},{"@type":"Person","@id":"https:\/\/www.naturparkmagazin.de\/stechlin\/#\/schema\/person\/3f0d93203df21c806dd63c76d9bb28bc","name":"marioschrumpf","url":"https:\/\/www.naturparkmagazin.de\/stechlin\/author\/marioschrumpf\/"}]}},"_links":{"self":[{"href":"https:\/\/www.naturparkmagazin.de\/stechlin\/wp-json\/wp\/v2\/posts\/15424"}],"collection":[{"href":"https:\/\/www.naturparkmagazin.de\/stechlin\/wp-json\/wp\/v2\/posts"}],"about":[{"href":"https:\/\/www.naturparkmagazin.de\/stechlin\/wp-json\/wp\/v2\/types\/post"}],"author":[{"embeddable":true,"href":"https:\/\/www.naturparkmagazin.de\/stechlin\/wp-json\/wp\/v2\/users\/39"}],"replies":[{"embeddable":true,"href":"https:\/\/www.naturparkmagazin.de\/stechlin\/wp-json\/wp\/v2\/comments?post=15424"}],"version-history":[{"count":10,"href":"https:\/\/www.naturparkmagazin.de\/stechlin\/wp-json\/wp\/v2\/posts\/15424\/revisions"}],"predecessor-version":[{"id":15467,"href":"https:\/\/www.naturparkmagazin.de\/stechlin\/wp-json\/wp\/v2\/posts\/15424\/revisions\/15467"}],"wp:featuredmedia":[{"embeddable":true,"href":"https:\/\/www.naturparkmagazin.de\/stechlin\/wp-json\/wp\/v2\/media\/14976"}],"wp:attachment":[{"href":"https:\/\/www.naturparkmagazin.de\/stechlin\/wp-json\/wp\/v2\/media?parent=15424"}],"wp:term":[{"taxonomy":"category","embeddable":true,"href":"https:\/\/www.naturparkmagazin.de\/stechlin\/wp-json\/wp\/v2\/categories?post=15424"},{"taxonomy":"post_tag","embeddable":true,"href":"https:\/\/www.naturparkmagazin.de\/stechlin\/wp-json\/wp\/v2\/tags?post=15424"}],"curies":[{"name":"wp","href":"https:\/\/api.w.org\/{rel}","templated":true}]}}