{"id":1546,"date":"2014-11-19T12:56:13","date_gmt":"2014-11-19T11:56:13","guid":{"rendered":"http:\/\/www.naturparkmagazin.de\/stechlin\/?p=1546"},"modified":"2014-11-27T14:09:00","modified_gmt":"2014-11-27T13:09:00","slug":"liebe-leserinnen-und-leser-5","status":"publish","type":"post","link":"https:\/\/www.naturparkmagazin.de\/stechlin\/liebe-leserinnen-und-leser-5\/","title":{"rendered":"Liebe Leserinnen und Leser,"},"content":{"rendered":"<p>viel zu schnell geht ein erfolgreiches Jahr f\u00fcr den Naturpark Stechlin-Ruppiner Land zu Ende. Mit Freude denke ich zur\u00fcck an H\u00f6hepunkte im Leben des Naturparks, wie das Menzer Waldfest in 20. Jubil\u00e4umsauflage im Juni, unseren Kleinen Naturschutztag im Februar oder unseren Menzer Apfeltag im Oktober mit neuem Besucherrekord. Gro\u00dfe wie kleine Veranstaltungen sind das Ergebnis eines erfolgreichen Netzwerkes mit vielen, vielen Partnern im Naturpark, denen ich an dieser Stelle ausdr\u00fccklich danken m\u00f6chte.<\/p>\n<p>Ich w\u00fcnsche Ihnen eine entspannte Adventszeit. Genie\u00dfen Sie die Festtage besinnlich im Kreise Ihrer Familie und tanken Sie Kraft f\u00fcr einen erfolgreichen Start in das neue Jahr!<\/p>\n<p>Dr. Mario Schrumpf\nTeamleiter des Naturparks<\/p>\n<p>&nbsp;<\/p>\n<p>&nbsp;<\/p>\n","protected":false},"excerpt":{"rendered":"<p>viel zu schnell geht ein erfolgreiches Jahr f\u00fcr den Naturpark Stechlin-Ruppiner Land zu Ende. Mit Freude denke ich zur\u00fcck an H\u00f6hepunkte im Leben des Naturparks, wie das Menzer Waldfest in 20. Jubil\u00e4umsauflage im Juni, unseren Kleinen Naturschutztag im Februar oder unseren Menzer Apfeltag im Oktober mit neuem Besucherrekord. Gro\u00dfe wie kleine Veranstaltungen sind das Ergebnis<\/p>\n","protected":false},"author":39,"featured_media":0,"comment_status":"open","ping_status":"open","sticky":false,"template":"","format":"standard","meta":[],"categories":[52],"tags":[],"yoast_head":"<!-- This site is optimized with the Yoast SEO plugin v19.10 - https:\/\/yoast.com\/wordpress\/plugins\/seo\/ -->\n<title>Liebe Leserinnen und Leser, - Naturpark Stechlin-Ruppiner Land<\/title>\n<meta name=\"robots\" content=\"index, follow, max-snippet:-1, max-image-preview:large, max-video-preview:-1\" \/>\n<link rel=\"canonical\" href=\"https:\/\/www.naturparkmagazin.de\/stechlin\/liebe-leserinnen-und-leser-5\/\" \/>\n<meta property=\"og:locale\" content=\"de_DE\" \/>\n<meta property=\"og:type\" content=\"article\" \/>\n<meta property=\"og:title\" content=\"Liebe Leserinnen und Leser, - Naturpark Stechlin-Ruppiner Land\" \/>\n<meta property=\"og:description\" content=\"viel zu schnell geht ein erfolgreiches Jahr f\u00fcr den Naturpark Stechlin-Ruppiner Land zu Ende. Mit Freude denke ich zur\u00fcck an H\u00f6hepunkte im Leben des Naturparks, wie das Menzer Waldfest in 20. Jubil\u00e4umsauflage im Juni, unseren Kleinen Naturschutztag im Februar oder unseren Menzer Apfeltag im Oktober mit neuem Besucherrekord. Gro\u00dfe wie kleine Veranstaltungen sind das Ergebnis\" \/>\n<meta property=\"og:url\" content=\"https:\/\/www.naturparkmagazin.de\/stechlin\/liebe-leserinnen-und-leser-5\/\" \/>\n<meta property=\"og:site_name\" content=\"Naturpark Stechlin-Ruppiner Land\" \/>\n<meta property=\"article:published_time\" content=\"2014-11-19T11:56:13+00:00\" \/>\n<meta property=\"article:modified_time\" content=\"2014-11-27T13:09:00+00:00\" \/>\n<meta name=\"author\" content=\"marioschrumpf\" \/>\n<meta name=\"twitter:label1\" content=\"Verfasst von\" \/>\n\t<meta name=\"twitter:data1\" content=\"marioschrumpf\" \/>\n\t<meta name=\"twitter:label2\" content=\"Gesch\u00e4tzte Lesezeit\" \/>\n\t<meta name=\"twitter:data2\" content=\"1\u00a0Minute\" \/>\n<script type=\"application\/ld+json\" class=\"yoast-schema-graph\">{\"@context\":\"https:\/\/schema.org\",\"@graph\":[{\"@type\":\"WebPage\",\"@id\":\"https:\/\/www.naturparkmagazin.de\/stechlin\/liebe-leserinnen-und-leser-5\/\",\"url\":\"https:\/\/www.naturparkmagazin.de\/stechlin\/liebe-leserinnen-und-leser-5\/\",\"name\":\"Liebe Leserinnen und Leser, - Naturpark Stechlin-Ruppiner Land\",\"isPartOf\":{\"@id\":\"https:\/\/www.naturparkmagazin.de\/stechlin\/#website\"},\"datePublished\":\"2014-11-19T11:56:13+00:00\",\"dateModified\":\"2014-11-27T13:09:00+00:00\",\"author\":{\"@id\":\"https:\/\/www.naturparkmagazin.de\/stechlin\/#\/schema\/person\/3f0d93203df21c806dd63c76d9bb28bc\"},\"breadcrumb\":{\"@id\":\"https:\/\/www.naturparkmagazin.de\/stechlin\/liebe-leserinnen-und-leser-5\/#breadcrumb\"},\"inLanguage\":\"de\",\"potentialAction\":[{\"@type\":\"ReadAction\",\"target\":[\"https:\/\/www.naturparkmagazin.de\/stechlin\/liebe-leserinnen-und-leser-5\/\"]}]},{\"@type\":\"BreadcrumbList\",\"@id\":\"https:\/\/www.naturparkmagazin.de\/stechlin\/liebe-leserinnen-und-leser-5\/#breadcrumb\",\"itemListElement\":[{\"@type\":\"ListItem\",\"position\":1,\"name\":\"Home\",\"item\":\"https:\/\/www.naturparkmagazin.de\/stechlin\/\"},{\"@type\":\"ListItem\",\"position\":2,\"name\":\"Liebe Leserinnen und Leser,\"}]},{\"@type\":\"WebSite\",\"@id\":\"https:\/\/www.naturparkmagazin.de\/stechlin\/#website\",\"url\":\"https:\/\/www.naturparkmagazin.de\/stechlin\/\",\"name\":\"Naturpark Stechlin-Ruppiner Land\",\"description\":\"\",\"potentialAction\":[{\"@type\":\"SearchAction\",\"target\":{\"@type\":\"EntryPoint\",\"urlTemplate\":\"https:\/\/www.naturparkmagazin.de\/stechlin\/?s={search_term_string}\"},\"query-input\":\"required name=search_term_string\"}],\"inLanguage\":\"de\"},{\"@type\":\"Person\",\"@id\":\"https:\/\/www.naturparkmagazin.de\/stechlin\/#\/schema\/person\/3f0d93203df21c806dd63c76d9bb28bc\",\"name\":\"marioschrumpf\",\"url\":\"https:\/\/www.naturparkmagazin.de\/stechlin\/author\/marioschrumpf\/\"}]}<\/script>\n<!-- \/ Yoast SEO plugin. -->","yoast_head_json":{"title":"Liebe Leserinnen und Leser, - Naturpark Stechlin-Ruppiner Land","robots":{"index":"index","follow":"follow","max-snippet":"max-snippet:-1","max-image-preview":"max-image-preview:large","max-video-preview":"max-video-preview:-1"},"canonical":"https:\/\/www.naturparkmagazin.de\/stechlin\/liebe-leserinnen-und-leser-5\/","og_locale":"de_DE","og_type":"article","og_title":"Liebe Leserinnen und Leser, - Naturpark Stechlin-Ruppiner Land","og_description":"viel zu schnell geht ein erfolgreiches Jahr f\u00fcr den Naturpark Stechlin-Ruppiner Land zu Ende. Mit Freude denke ich zur\u00fcck an H\u00f6hepunkte im Leben des Naturparks, wie das Menzer Waldfest in 20. Jubil\u00e4umsauflage im Juni, unseren Kleinen Naturschutztag im Februar oder unseren Menzer Apfeltag im Oktober mit neuem Besucherrekord. Gro\u00dfe wie kleine Veranstaltungen sind das Ergebnis","og_url":"https:\/\/www.naturparkmagazin.de\/stechlin\/liebe-leserinnen-und-leser-5\/","og_site_name":"Naturpark Stechlin-Ruppiner Land","article_published_time":"2014-11-19T11:56:13+00:00","article_modified_time":"2014-11-27T13:09:00+00:00","author":"marioschrumpf","twitter_misc":{"Verfasst von":"marioschrumpf","Gesch\u00e4tzte Lesezeit":"1\u00a0Minute"},"schema":{"@context":"https:\/\/schema.org","@graph":[{"@type":"WebPage","@id":"https:\/\/www.naturparkmagazin.de\/stechlin\/liebe-leserinnen-und-leser-5\/","url":"https:\/\/www.naturparkmagazin.de\/stechlin\/liebe-leserinnen-und-leser-5\/","name":"Liebe Leserinnen und Leser, - Naturpark Stechlin-Ruppiner Land","isPartOf":{"@id":"https:\/\/www.naturparkmagazin.de\/stechlin\/#website"},"datePublished":"2014-11-19T11:56:13+00:00","dateModified":"2014-11-27T13:09:00+00:00","author":{"@id":"https:\/\/www.naturparkmagazin.de\/stechlin\/#\/schema\/person\/3f0d93203df21c806dd63c76d9bb28bc"},"breadcrumb":{"@id":"https:\/\/www.naturparkmagazin.de\/stechlin\/liebe-leserinnen-und-leser-5\/#breadcrumb"},"inLanguage":"de","potentialAction":[{"@type":"ReadAction","target":["https:\/\/www.naturparkmagazin.de\/stechlin\/liebe-leserinnen-und-leser-5\/"]}]},{"@type":"BreadcrumbList","@id":"https:\/\/www.naturparkmagazin.de\/stechlin\/liebe-leserinnen-und-leser-5\/#breadcrumb","itemListElement":[{"@type":"ListItem","position":1,"name":"Home","item":"https:\/\/www.naturparkmagazin.de\/stechlin\/"},{"@type":"ListItem","position":2,"name":"Liebe Leserinnen und Leser,"}]},{"@type":"WebSite","@id":"https:\/\/www.naturparkmagazin.de\/stechlin\/#website","url":"https:\/\/www.naturparkmagazin.de\/stechlin\/","name":"Naturpark Stechlin-Ruppiner Land","description":"","potentialAction":[{"@type":"SearchAction","target":{"@type":"EntryPoint","urlTemplate":"https:\/\/www.naturparkmagazin.de\/stechlin\/?s={search_term_string}"},"query-input":"required name=search_term_string"}],"inLanguage":"de"},{"@type":"Person","@id":"https:\/\/www.naturparkmagazin.de\/stechlin\/#\/schema\/person\/3f0d93203df21c806dd63c76d9bb28bc","name":"marioschrumpf","url":"https:\/\/www.naturparkmagazin.de\/stechlin\/author\/marioschrumpf\/"}]}},"_links":{"self":[{"href":"https:\/\/www.naturparkmagazin.de\/stechlin\/wp-json\/wp\/v2\/posts\/1546"}],"collection":[{"href":"https:\/\/www.naturparkmagazin.de\/stechlin\/wp-json\/wp\/v2\/posts"}],"about":[{"href":"https:\/\/www.naturparkmagazin.de\/stechlin\/wp-json\/wp\/v2\/types\/post"}],"author":[{"embeddable":true,"href":"https:\/\/www.naturparkmagazin.de\/stechlin\/wp-json\/wp\/v2\/users\/39"}],"replies":[{"embeddable":true,"href":"https:\/\/www.naturparkmagazin.de\/stechlin\/wp-json\/wp\/v2\/comments?post=1546"}],"version-history":[{"count":4,"href":"https:\/\/www.naturparkmagazin.de\/stechlin\/wp-json\/wp\/v2\/posts\/1546\/revisions"}],"predecessor-version":[{"id":1614,"href":"https:\/\/www.naturparkmagazin.de\/stechlin\/wp-json\/wp\/v2\/posts\/1546\/revisions\/1614"}],"wp:attachment":[{"href":"https:\/\/www.naturparkmagazin.de\/stechlin\/wp-json\/wp\/v2\/media?parent=1546"}],"wp:term":[{"taxonomy":"category","embeddable":true,"href":"https:\/\/www.naturparkmagazin.de\/stechlin\/wp-json\/wp\/v2\/categories?post=1546"},{"taxonomy":"post_tag","embeddable":true,"href":"https:\/\/www.naturparkmagazin.de\/stechlin\/wp-json\/wp\/v2\/tags?post=1546"}],"curies":[{"name":"wp","href":"https:\/\/api.w.org\/{rel}","templated":true}]}}