{"id":1548,"date":"2014-11-19T14:02:54","date_gmt":"2014-11-19T13:02:54","guid":{"rendered":"http:\/\/www.naturparkmagazin.de\/stechlin\/?p=1548"},"modified":"2014-11-27T22:12:18","modified_gmt":"2014-11-27T21:12:18","slug":"entwuerfe-der-fachbeitraege-des-pflege-und-entwicklungsplanes-liegen-vor","status":"publish","type":"post","link":"https:\/\/www.naturparkmagazin.de\/stechlin\/entwuerfe-der-fachbeitraege-des-pflege-und-entwicklungsplanes-liegen-vor\/","title":{"rendered":"Entw\u00fcrfe der Fachbeitr\u00e4ge des Pflege- und Entwicklungsplanes liegen vor"},"content":{"rendered":"<p><a href=\"https:\/\/www.naturparkmagazin.de\/stechlin\/wp-content\/uploads\/sites\/38\/PEP_MP-Silke.jpg\"><img decoding=\"async\" loading=\"lazy\" class=\"alignnone size-full wp-image-1549\" alt=\"NP SRL\/Silke Oldorff\" src=\"https:\/\/www.naturparkmagazin.de\/stechlin\/wp-content\/uploads\/sites\/38\/PEP_MP-Silke.jpg\" width=\"500\" height=\"375\" srcset=\"https:\/\/www.naturparkmagazin.de\/stechlin\/wp-content\/uploads\/sites\/38\/PEP_MP-Silke.jpg 500w, https:\/\/www.naturparkmagazin.de\/stechlin\/wp-content\/uploads\/sites\/38\/PEP_MP-Silke-300x225.jpg 300w, https:\/\/www.naturparkmagazin.de\/stechlin\/wp-content\/uploads\/sites\/38\/PEP_MP-Silke-420x315.jpg 420w, https:\/\/www.naturparkmagazin.de\/stechlin\/wp-content\/uploads\/sites\/38\/PEP_MP-Silke-180x135.jpg 180w, https:\/\/www.naturparkmagazin.de\/stechlin\/wp-content\/uploads\/sites\/38\/PEP_MP-Silke-95x71.jpg 95w, https:\/\/www.naturparkmagazin.de\/stechlin\/wp-content\/uploads\/sites\/38\/PEP_MP-Silke-200x150.jpg 200w\" sizes=\"(max-width: 500px) 100vw, 500px\" \/><\/a><\/p>\n<p>Die B\u00fcrogemeinschaft LB Planer+Ingenieure (Luftbild Brandenburg GmbH) wurde vom Landesamt f\u00fcr Umwelt, Gesundheit und Verbraucherschutz mit der Erarbeitung des Pflege- und Entwicklungsplanes f\u00fcr den Naturpark Stechlin-Ruppiner Land beauftragt. Der Pflege- und Entwicklungsplan des Naturparks besteht aus sieben Teilpl\u00e4nen:<\/p>\n<p align=\"left\">\u00a0I\u00a0\u00a0\u00a0\u00a0\u00a0\u00a0\u00a0\u00a0\u00a0\u00a0 Grundlagen<\/p>\n<p align=\"left\">ll \u00a0\u00a0\u00a0\u00a0\u00a0\u00a0\u00a0\u00a0 Fachbeitrag Flora, Vegetation und Biotope<\/p>\n<p>lll \u00a0\u00a0\u00a0\u00a0\u00a0\u00a0\u00a0 Fachbeitrag Fauna<\/p>\n<p align=\"left\">lV\u00a0\u00a0\u00a0\u00a0\u00a0\u00a0\u00a0 Fachbeitrag Gew\u00e4sser<\/p>\n<p align=\"left\">V \u00a0\u00a0\u00a0\u00a0\u00a0\u00a0\u00a0 Fachbeitrag Forstwirtschaft und Jagd<\/p>\n<p align=\"left\">Vl \u00a0\u00a0\u00a0\u00a0\u00a0\u00a0 Fachbeitrag Landwirtschaft<\/p>\n<p>Vll \u00a0\u00a0\u00a0\u00a0\u00a0 Fachbeitrag Tourismus<b><\/b><\/p>\n<p>In den vergangenen anderthalb Jahren sind zahlreiche bilaterale Abstimmungsgespr\u00e4che mit vielen Akteuren im Naturpark gef\u00fchrt worden. In wichtigen Fragen konnte bereits \u00dcbereinstimmung erzielt werden bzw. wurden Anregungen in den Plan aufgenommen. Die Entwurfsfassungen k\u00f6nnen bei Silke Oldorff eingesehen werden:<\/p>\n<p align=\"left\">Naturparkverwaltung Stechlin-Ruppiner Land,<\/p>\n<p align=\"left\">Friedensplatz 9, 16775 Stechlin<\/p>\n<p align=\"left\">Tel.: (033082)40717<\/p>\n<p align=\"left\">Fax: (033082)40715<\/p>\n<p align=\"left\">e-mail: silke.oldorff@lugv.brandenburg.de<\/p>\n<p>\u00a0Wir freuen uns \u00fcber Ihr Interesse!<\/p>\n<p>Vom 22.12.2014 bis 04.01.2015 ist das B\u00fcro nicht besetzt!<\/p>\n<p>Bitte den <strong>19.03.2015<\/strong>, 9.00 Uhr als Termin f\u00fcr die <strong>Vorstellung und Diskussion des Pflege- und Entwicklungsplanes<\/strong> f\u00fcr den Naturpark Stechlin-Ruppiner Land vormerken. Die Vorstellung erfolgt in der Regionalwerkstatt Stechlin, Sitz der Naturparkverwaltung Stechlin-Ruppiner Land, Friedensplatz 9 in 16775 Menz.<\/p>\n","protected":false},"excerpt":{"rendered":"<p>Die B\u00fcrogemeinschaft LB Planer+Ingenieure (Luftbild Brandenburg GmbH) wurde vom Landesamt f\u00fcr Umwelt, Gesundheit und Verbraucherschutz mit der Erarbeitung des Pflege- und Entwicklungsplanes f\u00fcr den Naturpark Stechlin-Ruppiner Land beauftragt.<\/p>\n","protected":false},"author":39,"featured_media":1549,"comment_status":"open","ping_status":"open","sticky":false,"template":"","format":"standard","meta":[],"categories":[11],"tags":[],"yoast_head":"<!-- This site is optimized with the Yoast SEO plugin v19.10 - https:\/\/yoast.com\/wordpress\/plugins\/seo\/ -->\n<title>Entw\u00fcrfe der Fachbeitr\u00e4ge des Pflege- und Entwicklungsplanes liegen vor - Naturpark Stechlin-Ruppiner Land<\/title>\n<meta name=\"robots\" content=\"index, follow, max-snippet:-1, max-image-preview:large, max-video-preview:-1\" \/>\n<link rel=\"canonical\" href=\"https:\/\/www.naturparkmagazin.de\/stechlin\/entwuerfe-der-fachbeitraege-des-pflege-und-entwicklungsplanes-liegen-vor\/\" \/>\n<meta property=\"og:locale\" content=\"de_DE\" \/>\n<meta property=\"og:type\" content=\"article\" \/>\n<meta property=\"og:title\" content=\"Entw\u00fcrfe der Fachbeitr\u00e4ge des Pflege- und Entwicklungsplanes liegen vor - Naturpark Stechlin-Ruppiner Land\" \/>\n<meta property=\"og:description\" content=\"Die B\u00fcrogemeinschaft LB Planer+Ingenieure (Luftbild Brandenburg GmbH) wurde vom Landesamt f\u00fcr Umwelt, Gesundheit und Verbraucherschutz mit der Erarbeitung des Pflege- und Entwicklungsplanes f\u00fcr den Naturpark Stechlin-Ruppiner Land beauftragt.\" \/>\n<meta property=\"og:url\" content=\"https:\/\/www.naturparkmagazin.de\/stechlin\/entwuerfe-der-fachbeitraege-des-pflege-und-entwicklungsplanes-liegen-vor\/\" \/>\n<meta property=\"og:site_name\" content=\"Naturpark Stechlin-Ruppiner Land\" \/>\n<meta property=\"article:published_time\" content=\"2014-11-19T13:02:54+00:00\" \/>\n<meta property=\"article:modified_time\" content=\"2014-11-27T21:12:18+00:00\" \/>\n<meta property=\"og:image\" content=\"https:\/\/www.naturparkmagazin.de\/stechlin\/wp-content\/uploads\/sites\/38\/PEP_MP-Silke.jpg\" \/>\n\t<meta property=\"og:image:width\" content=\"500\" \/>\n\t<meta property=\"og:image:height\" content=\"375\" \/>\n\t<meta property=\"og:image:type\" content=\"image\/jpeg\" \/>\n<meta name=\"author\" content=\"marioschrumpf\" \/>\n<meta name=\"twitter:label1\" content=\"Verfasst von\" \/>\n\t<meta name=\"twitter:data1\" content=\"marioschrumpf\" \/>\n\t<meta name=\"twitter:label2\" content=\"Gesch\u00e4tzte Lesezeit\" \/>\n\t<meta name=\"twitter:data2\" content=\"1\u00a0Minute\" \/>\n<script type=\"application\/ld+json\" class=\"yoast-schema-graph\">{\"@context\":\"https:\/\/schema.org\",\"@graph\":[{\"@type\":\"WebPage\",\"@id\":\"https:\/\/www.naturparkmagazin.de\/stechlin\/entwuerfe-der-fachbeitraege-des-pflege-und-entwicklungsplanes-liegen-vor\/\",\"url\":\"https:\/\/www.naturparkmagazin.de\/stechlin\/entwuerfe-der-fachbeitraege-des-pflege-und-entwicklungsplanes-liegen-vor\/\",\"name\":\"Entw\u00fcrfe der Fachbeitr\u00e4ge des Pflege- und Entwicklungsplanes liegen vor - Naturpark Stechlin-Ruppiner Land\",\"isPartOf\":{\"@id\":\"https:\/\/www.naturparkmagazin.de\/stechlin\/#website\"},\"datePublished\":\"2014-11-19T13:02:54+00:00\",\"dateModified\":\"2014-11-27T21:12:18+00:00\",\"author\":{\"@id\":\"https:\/\/www.naturparkmagazin.de\/stechlin\/#\/schema\/person\/3f0d93203df21c806dd63c76d9bb28bc\"},\"breadcrumb\":{\"@id\":\"https:\/\/www.naturparkmagazin.de\/stechlin\/entwuerfe-der-fachbeitraege-des-pflege-und-entwicklungsplanes-liegen-vor\/#breadcrumb\"},\"inLanguage\":\"de\",\"potentialAction\":[{\"@type\":\"ReadAction\",\"target\":[\"https:\/\/www.naturparkmagazin.de\/stechlin\/entwuerfe-der-fachbeitraege-des-pflege-und-entwicklungsplanes-liegen-vor\/\"]}]},{\"@type\":\"BreadcrumbList\",\"@id\":\"https:\/\/www.naturparkmagazin.de\/stechlin\/entwuerfe-der-fachbeitraege-des-pflege-und-entwicklungsplanes-liegen-vor\/#breadcrumb\",\"itemListElement\":[{\"@type\":\"ListItem\",\"position\":1,\"name\":\"Home\",\"item\":\"https:\/\/www.naturparkmagazin.de\/stechlin\/\"},{\"@type\":\"ListItem\",\"position\":2,\"name\":\"Entw\u00fcrfe der Fachbeitr\u00e4ge des Pflege- und Entwicklungsplanes liegen vor\"}]},{\"@type\":\"WebSite\",\"@id\":\"https:\/\/www.naturparkmagazin.de\/stechlin\/#website\",\"url\":\"https:\/\/www.naturparkmagazin.de\/stechlin\/\",\"name\":\"Naturpark Stechlin-Ruppiner Land\",\"description\":\"\",\"potentialAction\":[{\"@type\":\"SearchAction\",\"target\":{\"@type\":\"EntryPoint\",\"urlTemplate\":\"https:\/\/www.naturparkmagazin.de\/stechlin\/?s={search_term_string}\"},\"query-input\":\"required name=search_term_string\"}],\"inLanguage\":\"de\"},{\"@type\":\"Person\",\"@id\":\"https:\/\/www.naturparkmagazin.de\/stechlin\/#\/schema\/person\/3f0d93203df21c806dd63c76d9bb28bc\",\"name\":\"marioschrumpf\",\"url\":\"https:\/\/www.naturparkmagazin.de\/stechlin\/author\/marioschrumpf\/\"}]}<\/script>\n<!-- \/ Yoast SEO plugin. -->","yoast_head_json":{"title":"Entw\u00fcrfe der Fachbeitr\u00e4ge des Pflege- und Entwicklungsplanes liegen vor - Naturpark Stechlin-Ruppiner Land","robots":{"index":"index","follow":"follow","max-snippet":"max-snippet:-1","max-image-preview":"max-image-preview:large","max-video-preview":"max-video-preview:-1"},"canonical":"https:\/\/www.naturparkmagazin.de\/stechlin\/entwuerfe-der-fachbeitraege-des-pflege-und-entwicklungsplanes-liegen-vor\/","og_locale":"de_DE","og_type":"article","og_title":"Entw\u00fcrfe der Fachbeitr\u00e4ge des Pflege- und Entwicklungsplanes liegen vor - Naturpark Stechlin-Ruppiner Land","og_description":"Die B\u00fcrogemeinschaft LB Planer+Ingenieure (Luftbild Brandenburg GmbH) wurde vom Landesamt f\u00fcr Umwelt, Gesundheit und Verbraucherschutz mit der Erarbeitung des Pflege- und Entwicklungsplanes f\u00fcr den Naturpark Stechlin-Ruppiner Land beauftragt.","og_url":"https:\/\/www.naturparkmagazin.de\/stechlin\/entwuerfe-der-fachbeitraege-des-pflege-und-entwicklungsplanes-liegen-vor\/","og_site_name":"Naturpark Stechlin-Ruppiner Land","article_published_time":"2014-11-19T13:02:54+00:00","article_modified_time":"2014-11-27T21:12:18+00:00","og_image":[{"width":500,"height":375,"url":"https:\/\/www.naturparkmagazin.de\/stechlin\/wp-content\/uploads\/sites\/38\/PEP_MP-Silke.jpg","type":"image\/jpeg"}],"author":"marioschrumpf","twitter_misc":{"Verfasst von":"marioschrumpf","Gesch\u00e4tzte Lesezeit":"1\u00a0Minute"},"schema":{"@context":"https:\/\/schema.org","@graph":[{"@type":"WebPage","@id":"https:\/\/www.naturparkmagazin.de\/stechlin\/entwuerfe-der-fachbeitraege-des-pflege-und-entwicklungsplanes-liegen-vor\/","url":"https:\/\/www.naturparkmagazin.de\/stechlin\/entwuerfe-der-fachbeitraege-des-pflege-und-entwicklungsplanes-liegen-vor\/","name":"Entw\u00fcrfe der Fachbeitr\u00e4ge des Pflege- und Entwicklungsplanes liegen vor - Naturpark Stechlin-Ruppiner Land","isPartOf":{"@id":"https:\/\/www.naturparkmagazin.de\/stechlin\/#website"},"datePublished":"2014-11-19T13:02:54+00:00","dateModified":"2014-11-27T21:12:18+00:00","author":{"@id":"https:\/\/www.naturparkmagazin.de\/stechlin\/#\/schema\/person\/3f0d93203df21c806dd63c76d9bb28bc"},"breadcrumb":{"@id":"https:\/\/www.naturparkmagazin.de\/stechlin\/entwuerfe-der-fachbeitraege-des-pflege-und-entwicklungsplanes-liegen-vor\/#breadcrumb"},"inLanguage":"de","potentialAction":[{"@type":"ReadAction","target":["https:\/\/www.naturparkmagazin.de\/stechlin\/entwuerfe-der-fachbeitraege-des-pflege-und-entwicklungsplanes-liegen-vor\/"]}]},{"@type":"BreadcrumbList","@id":"https:\/\/www.naturparkmagazin.de\/stechlin\/entwuerfe-der-fachbeitraege-des-pflege-und-entwicklungsplanes-liegen-vor\/#breadcrumb","itemListElement":[{"@type":"ListItem","position":1,"name":"Home","item":"https:\/\/www.naturparkmagazin.de\/stechlin\/"},{"@type":"ListItem","position":2,"name":"Entw\u00fcrfe der Fachbeitr\u00e4ge des Pflege- und Entwicklungsplanes liegen vor"}]},{"@type":"WebSite","@id":"https:\/\/www.naturparkmagazin.de\/stechlin\/#website","url":"https:\/\/www.naturparkmagazin.de\/stechlin\/","name":"Naturpark Stechlin-Ruppiner Land","description":"","potentialAction":[{"@type":"SearchAction","target":{"@type":"EntryPoint","urlTemplate":"https:\/\/www.naturparkmagazin.de\/stechlin\/?s={search_term_string}"},"query-input":"required name=search_term_string"}],"inLanguage":"de"},{"@type":"Person","@id":"https:\/\/www.naturparkmagazin.de\/stechlin\/#\/schema\/person\/3f0d93203df21c806dd63c76d9bb28bc","name":"marioschrumpf","url":"https:\/\/www.naturparkmagazin.de\/stechlin\/author\/marioschrumpf\/"}]}},"_links":{"self":[{"href":"https:\/\/www.naturparkmagazin.de\/stechlin\/wp-json\/wp\/v2\/posts\/1548"}],"collection":[{"href":"https:\/\/www.naturparkmagazin.de\/stechlin\/wp-json\/wp\/v2\/posts"}],"about":[{"href":"https:\/\/www.naturparkmagazin.de\/stechlin\/wp-json\/wp\/v2\/types\/post"}],"author":[{"embeddable":true,"href":"https:\/\/www.naturparkmagazin.de\/stechlin\/wp-json\/wp\/v2\/users\/39"}],"replies":[{"embeddable":true,"href":"https:\/\/www.naturparkmagazin.de\/stechlin\/wp-json\/wp\/v2\/comments?post=1548"}],"version-history":[{"count":3,"href":"https:\/\/www.naturparkmagazin.de\/stechlin\/wp-json\/wp\/v2\/posts\/1548\/revisions"}],"predecessor-version":[{"id":1599,"href":"https:\/\/www.naturparkmagazin.de\/stechlin\/wp-json\/wp\/v2\/posts\/1548\/revisions\/1599"}],"wp:featuredmedia":[{"embeddable":true,"href":"https:\/\/www.naturparkmagazin.de\/stechlin\/wp-json\/wp\/v2\/media\/1549"}],"wp:attachment":[{"href":"https:\/\/www.naturparkmagazin.de\/stechlin\/wp-json\/wp\/v2\/media?parent=1548"}],"wp:term":[{"taxonomy":"category","embeddable":true,"href":"https:\/\/www.naturparkmagazin.de\/stechlin\/wp-json\/wp\/v2\/categories?post=1548"},{"taxonomy":"post_tag","embeddable":true,"href":"https:\/\/www.naturparkmagazin.de\/stechlin\/wp-json\/wp\/v2\/tags?post=1548"}],"curies":[{"name":"wp","href":"https:\/\/api.w.org\/{rel}","templated":true}]}}