{"id":15492,"date":"2024-04-23T16:09:35","date_gmt":"2024-04-23T14:09:35","guid":{"rendered":"https:\/\/www.naturparkmagazin.de\/stechlin\/?p=15492"},"modified":"2024-04-30T16:26:58","modified_gmt":"2024-04-30T14:26:58","slug":"heimatkunden-am-3-mai-2024-in-zernikow","status":"publish","type":"post","link":"https:\/\/www.naturparkmagazin.de\/stechlin\/heimatkunden-am-3-mai-2024-in-zernikow\/","title":{"rendered":"Heimatkunden &#8211; am 3. Mai 2024 in Zernikow"},"content":{"rendered":"<p>Menschen unterschiedlicher Herk\u00fcnfte, Professionen, politischer Orientierung begegnen sich und tauschen sich aus, \u00fcber das, was ihnen Heimat bedeutet. Das ist die Grundidee der Gespr\u00e4chsreihe Heimatkunden.<\/p>\n<div id=\"attachment_15496\" style=\"width: 310px\" class=\"wp-caption aligncenter\"><a href=\"https:\/\/www.naturparkmagazin.de\/stechlin\/wp-content\/uploads\/sites\/38\/Heimatkunden_4_Plakat-x.jpg\"><img aria-describedby=\"caption-attachment-15496\" decoding=\"async\" loading=\"lazy\" class=\"size-full wp-image-15496\" src=\"https:\/\/www.naturparkmagazin.de\/stechlin\/wp-content\/uploads\/sites\/38\/Heimatkunden_4_Plakat-x.jpg\" alt=\"\" width=\"300\" height=\"500\" srcset=\"https:\/\/www.naturparkmagazin.de\/stechlin\/wp-content\/uploads\/sites\/38\/Heimatkunden_4_Plakat-x.jpg 300w, https:\/\/www.naturparkmagazin.de\/stechlin\/wp-content\/uploads\/sites\/38\/Heimatkunden_4_Plakat-x-200x333.jpg 200w\" sizes=\"(max-width: 300px) 100vw, 300px\" \/><\/a><p id=\"caption-attachment-15496\" class=\"wp-caption-text\">Plakat\u00a9 V.i.S.d.P.: W. Grassl<\/p><\/div>\n<p>Wo kommen wir her und wo wollen wir hin, was ist uns wichtig in unserem Zusammenleben? Begegnung und Erkundung soll m\u00f6glich werden \u2013 fern des oft polarisierten politischen Gesch\u00e4fts.\nIn loser Reihenfolge laden die Organisator:innen ein \u2013 Menschen aus unserer Region im Austausch mit G\u00e4sten. Jede und Jeder ist eingeladen mitzuh\u00f6ren, mitzudenken, mitzusprechen.<\/p>\n<p><strong>Termin<\/strong>: FREITAG, <strong>3. MAI 2024, 19.00\u201321.00 UHR<\/strong><\/p>\n<p><strong>Im Gespr\u00e4ch<\/strong>: Bernd Siggelkow und Dr. Matthias Bormeister moderiert von Ingrid H\u00fcchtker<\/p>\n<p><strong>Ort<\/strong>: <strong>Bric-a-Brac<\/strong>, Veranstaltungshalle, Gut Zernikow, Zernikower Stra\u00dfe 40, 16775 Gro\u00dfwoltersdorf OT Zernikow<\/p>\n<div id=\"attachment_15499\" style=\"width: 210px\" class=\"wp-caption aligncenter\"><a href=\"https:\/\/www.naturparkmagazin.de\/stechlin\/wp-content\/uploads\/sites\/38\/Siggelkow.jpg\"><img aria-describedby=\"caption-attachment-15499\" decoding=\"async\" loading=\"lazy\" class=\"size-full wp-image-15499\" src=\"https:\/\/www.naturparkmagazin.de\/stechlin\/wp-content\/uploads\/sites\/38\/Siggelkow.jpg\" alt=\"\" width=\"200\" height=\"200\" srcset=\"https:\/\/www.naturparkmagazin.de\/stechlin\/wp-content\/uploads\/sites\/38\/Siggelkow.jpg 200w, https:\/\/www.naturparkmagazin.de\/stechlin\/wp-content\/uploads\/sites\/38\/Siggelkow-30x30.jpg 30w, https:\/\/www.naturparkmagazin.de\/stechlin\/wp-content\/uploads\/sites\/38\/Siggelkow-150x150.jpg 150w, https:\/\/www.naturparkmagazin.de\/stechlin\/wp-content\/uploads\/sites\/38\/Siggelkow-120x120.jpg 120w\" sizes=\"(max-width: 200px) 100vw, 200px\" \/><\/a><p id=\"caption-attachment-15499\" class=\"wp-caption-text\">Bernd Siggelkow\u00a9 V.i.S.d.P.: W. Grassl<\/p><\/div>\n<p><strong>Bernd Siggelkow,<\/strong> Gr\u00fcnder und Vorstand der Kinderstiftung Arche\nGeboren und aufgewachsen auf St. Pauli, ist ausgebildeter Theologe und war mehrere Jahre als Jugendpastor t\u00e4tig. 1995 gr\u00fcndete er in Berlin-Hellersdorf das christliche Kinder- und Jugendwerk \u00bbDie ARCHE\u00ab. Zum Thema Kinderarmut hat er bereits mehrere B\u00fccher ver\u00f6ffentlicht.\nF\u00fcr seine Arbeit wurde er unter andere mit dem \u00bbBundesverdienstkreuz\u00ab und dem \u00bbVerdienstorden des Landes Berlin\u00ab ausgezeichnet.<\/p>\n<div id=\"attachment_15495\" style=\"width: 210px\" class=\"wp-caption aligncenter\"><a href=\"https:\/\/www.naturparkmagazin.de\/stechlin\/wp-content\/uploads\/sites\/38\/Bormeister.jpg\"><img aria-describedby=\"caption-attachment-15495\" decoding=\"async\" loading=\"lazy\" class=\"size-full wp-image-15495\" src=\"https:\/\/www.naturparkmagazin.de\/stechlin\/wp-content\/uploads\/sites\/38\/Bormeister.jpg\" alt=\"\" width=\"200\" height=\"200\" srcset=\"https:\/\/www.naturparkmagazin.de\/stechlin\/wp-content\/uploads\/sites\/38\/Bormeister.jpg 200w, https:\/\/www.naturparkmagazin.de\/stechlin\/wp-content\/uploads\/sites\/38\/Bormeister-30x30.jpg 30w, https:\/\/www.naturparkmagazin.de\/stechlin\/wp-content\/uploads\/sites\/38\/Bormeister-150x150.jpg 150w, https:\/\/www.naturparkmagazin.de\/stechlin\/wp-content\/uploads\/sites\/38\/Bormeister-120x120.jpg 120w\" sizes=\"(max-width: 200px) 100vw, 200px\" \/><\/a><p id=\"caption-attachment-15495\" class=\"wp-caption-text\">Dr. Matthias Bormeister\u00a9 V.i.S.d.P.: W. Grassl<\/p><\/div>\n<p><strong>Dr. Matthias Bormeister,<\/strong> Fachzahnarzt, Vorsitzender \u00c4rzte helfen e. V, Vorsitzender Schulf\u00f6rderverein Pro Gymnasium Gransee\nMatthias Bormeister ist 1959 in Berlin geboren und in Zehdenick in einem Mehrgenerationenhaus aufgewachsen. Studium der Zahnmedizin in Rostock, seit 1991 eigene Praxis in Gransee.\nNach dem Ausscheiden von Gerhard Gabriel \u00fcbernahm er den Vorsitz von Schulf\u00f6rderverein Pro Gymnasium Gransee. 2009 kam es durch einen Kontakt seines Freundes und Kollegen Steffen K\u00f6hler zu der Gr\u00fcndung von \u00c4rzte helfen e. V. und damit zu der Partnerschaft mit der ASB Klinik im westafrikanischen Gambia. 2010 erfolgte der erste Einsatz dort vor Ort. Zuletzt war Matthias Bormeister dieses Jahr wieder zu einem Arbeitseinsatz in Gambia. Im November 2023 erhielt Bormeister den Ehrenamtspreis vom Landkreis Oberhavel.<\/p>\n<div id=\"attachment_15498\" style=\"width: 210px\" class=\"wp-caption aligncenter\"><a href=\"https:\/\/www.naturparkmagazin.de\/stechlin\/wp-content\/uploads\/sites\/38\/Huechtker.jpg\"><img aria-describedby=\"caption-attachment-15498\" decoding=\"async\" loading=\"lazy\" class=\"size-full wp-image-15498\" src=\"https:\/\/www.naturparkmagazin.de\/stechlin\/wp-content\/uploads\/sites\/38\/Huechtker.jpg\" alt=\"\" width=\"200\" height=\"200\" srcset=\"https:\/\/www.naturparkmagazin.de\/stechlin\/wp-content\/uploads\/sites\/38\/Huechtker.jpg 200w, https:\/\/www.naturparkmagazin.de\/stechlin\/wp-content\/uploads\/sites\/38\/Huechtker-30x30.jpg 30w, https:\/\/www.naturparkmagazin.de\/stechlin\/wp-content\/uploads\/sites\/38\/Huechtker-150x150.jpg 150w, https:\/\/www.naturparkmagazin.de\/stechlin\/wp-content\/uploads\/sites\/38\/Huechtker-120x120.jpg 120w\" sizes=\"(max-width: 200px) 100vw, 200px\" \/><\/a><p id=\"caption-attachment-15498\" class=\"wp-caption-text\">Ingrid H\u00fcchtker\u00a9 V.i.S.d.P.: W. Grassl<\/p><\/div>\n<p><strong>Ingrid H\u00fcchtker,<\/strong>\ngeb. 1966 in M\u00fcnster\/Westf., im Erstberuf Journalistin, t\u00e4tig als Grundschullehrerin, arbeitet f\u00fcr Bildungsgerechtigkeit, engagiert sich in der Kommunalpolitik f\u00fcr B\u00fcndnis 90\/Die Gr\u00fcnen, Gemeindevertreterin, im Vorstand des Rittervereins Zernikow e. V.<\/p>\n<p>Die Organisator:innen: Ingrid H\u00fcchtker, Lukas Beckmann, Wolfgang Grassl, Unter dem Dach der \u00bbInitiative Zernikow e. V.\u00ab, Gef\u00f6rdert durch die Stiftung \u00bbDemokratie von unten bauen\u00ab Kontakt: W. Grassl | Dorfstra\u00dfe 29 | 16775 Gransee<\/p>\n","protected":false},"excerpt":{"rendered":"<p>Menschen unterschiedlicher Herk\u00fcnfte, Professionen, politischer Orientierung begegnen sich und tauschen sich aus, \u00fcber das, was ihnen Heimat bedeutet. Das\nist die Grundidee der Gespr\u00e4chsreihe Heimatkunden.<\/p>\n","protected":false},"author":39,"featured_media":15497,"comment_status":"open","ping_status":"open","sticky":false,"template":"","format":"standard","meta":[],"categories":[11],"tags":[],"yoast_head":"<!-- This site is optimized with the Yoast SEO plugin v19.10 - https:\/\/yoast.com\/wordpress\/plugins\/seo\/ -->\n<title>Heimatkunden - am 3. Mai 2024 in Zernikow - Naturpark Stechlin-Ruppiner Land<\/title>\n<meta name=\"robots\" content=\"index, follow, max-snippet:-1, max-image-preview:large, max-video-preview:-1\" \/>\n<link rel=\"canonical\" href=\"https:\/\/www.naturparkmagazin.de\/stechlin\/heimatkunden-am-3-mai-2024-in-zernikow\/\" \/>\n<meta property=\"og:locale\" content=\"de_DE\" \/>\n<meta property=\"og:type\" content=\"article\" \/>\n<meta property=\"og:title\" content=\"Heimatkunden - am 3. Mai 2024 in Zernikow - Naturpark Stechlin-Ruppiner Land\" \/>\n<meta property=\"og:description\" content=\"Menschen unterschiedlicher Herk\u00fcnfte, Professionen, politischer Orientierung begegnen sich und tauschen sich aus, \u00fcber das, was ihnen Heimat bedeutet. Das ist die Grundidee der Gespr\u00e4chsreihe Heimatkunden.\" \/>\n<meta property=\"og:url\" content=\"https:\/\/www.naturparkmagazin.de\/stechlin\/heimatkunden-am-3-mai-2024-in-zernikow\/\" \/>\n<meta property=\"og:site_name\" content=\"Naturpark Stechlin-Ruppiner Land\" \/>\n<meta property=\"article:published_time\" content=\"2024-04-23T14:09:35+00:00\" \/>\n<meta property=\"article:modified_time\" content=\"2024-04-30T14:26:58+00:00\" \/>\n<meta property=\"og:image\" content=\"https:\/\/www.naturparkmagazin.de\/stechlin\/wp-content\/uploads\/sites\/38\/hk_a.jpg\" \/>\n\t<meta property=\"og:image:width\" content=\"200\" \/>\n\t<meta property=\"og:image:height\" content=\"200\" \/>\n\t<meta property=\"og:image:type\" content=\"image\/jpeg\" \/>\n<meta name=\"author\" content=\"marioschrumpf\" \/>\n<meta name=\"twitter:label1\" content=\"Verfasst von\" \/>\n\t<meta name=\"twitter:data1\" content=\"marioschrumpf\" \/>\n\t<meta name=\"twitter:label2\" content=\"Gesch\u00e4tzte Lesezeit\" \/>\n\t<meta name=\"twitter:data2\" content=\"3\u00a0Minuten\" \/>\n<script type=\"application\/ld+json\" class=\"yoast-schema-graph\">{\"@context\":\"https:\/\/schema.org\",\"@graph\":[{\"@type\":\"WebPage\",\"@id\":\"https:\/\/www.naturparkmagazin.de\/stechlin\/heimatkunden-am-3-mai-2024-in-zernikow\/\",\"url\":\"https:\/\/www.naturparkmagazin.de\/stechlin\/heimatkunden-am-3-mai-2024-in-zernikow\/\",\"name\":\"Heimatkunden - am 3. Mai 2024 in Zernikow - Naturpark Stechlin-Ruppiner Land\",\"isPartOf\":{\"@id\":\"https:\/\/www.naturparkmagazin.de\/stechlin\/#website\"},\"datePublished\":\"2024-04-23T14:09:35+00:00\",\"dateModified\":\"2024-04-30T14:26:58+00:00\",\"author\":{\"@id\":\"https:\/\/www.naturparkmagazin.de\/stechlin\/#\/schema\/person\/3f0d93203df21c806dd63c76d9bb28bc\"},\"breadcrumb\":{\"@id\":\"https:\/\/www.naturparkmagazin.de\/stechlin\/heimatkunden-am-3-mai-2024-in-zernikow\/#breadcrumb\"},\"inLanguage\":\"de\",\"potentialAction\":[{\"@type\":\"ReadAction\",\"target\":[\"https:\/\/www.naturparkmagazin.de\/stechlin\/heimatkunden-am-3-mai-2024-in-zernikow\/\"]}]},{\"@type\":\"BreadcrumbList\",\"@id\":\"https:\/\/www.naturparkmagazin.de\/stechlin\/heimatkunden-am-3-mai-2024-in-zernikow\/#breadcrumb\",\"itemListElement\":[{\"@type\":\"ListItem\",\"position\":1,\"name\":\"Home\",\"item\":\"https:\/\/www.naturparkmagazin.de\/stechlin\/\"},{\"@type\":\"ListItem\",\"position\":2,\"name\":\"Heimatkunden &#8211; am 3. Mai 2024 in Zernikow\"}]},{\"@type\":\"WebSite\",\"@id\":\"https:\/\/www.naturparkmagazin.de\/stechlin\/#website\",\"url\":\"https:\/\/www.naturparkmagazin.de\/stechlin\/\",\"name\":\"Naturpark Stechlin-Ruppiner Land\",\"description\":\"\",\"potentialAction\":[{\"@type\":\"SearchAction\",\"target\":{\"@type\":\"EntryPoint\",\"urlTemplate\":\"https:\/\/www.naturparkmagazin.de\/stechlin\/?s={search_term_string}\"},\"query-input\":\"required name=search_term_string\"}],\"inLanguage\":\"de\"},{\"@type\":\"Person\",\"@id\":\"https:\/\/www.naturparkmagazin.de\/stechlin\/#\/schema\/person\/3f0d93203df21c806dd63c76d9bb28bc\",\"name\":\"marioschrumpf\",\"url\":\"https:\/\/www.naturparkmagazin.de\/stechlin\/author\/marioschrumpf\/\"}]}<\/script>\n<!-- \/ Yoast SEO plugin. -->","yoast_head_json":{"title":"Heimatkunden - am 3. Mai 2024 in Zernikow - Naturpark Stechlin-Ruppiner Land","robots":{"index":"index","follow":"follow","max-snippet":"max-snippet:-1","max-image-preview":"max-image-preview:large","max-video-preview":"max-video-preview:-1"},"canonical":"https:\/\/www.naturparkmagazin.de\/stechlin\/heimatkunden-am-3-mai-2024-in-zernikow\/","og_locale":"de_DE","og_type":"article","og_title":"Heimatkunden - am 3. Mai 2024 in Zernikow - Naturpark Stechlin-Ruppiner Land","og_description":"Menschen unterschiedlicher Herk\u00fcnfte, Professionen, politischer Orientierung begegnen sich und tauschen sich aus, \u00fcber das, was ihnen Heimat bedeutet. Das ist die Grundidee der Gespr\u00e4chsreihe Heimatkunden.","og_url":"https:\/\/www.naturparkmagazin.de\/stechlin\/heimatkunden-am-3-mai-2024-in-zernikow\/","og_site_name":"Naturpark Stechlin-Ruppiner Land","article_published_time":"2024-04-23T14:09:35+00:00","article_modified_time":"2024-04-30T14:26:58+00:00","og_image":[{"width":200,"height":200,"url":"https:\/\/www.naturparkmagazin.de\/stechlin\/wp-content\/uploads\/sites\/38\/hk_a.jpg","type":"image\/jpeg"}],"author":"marioschrumpf","twitter_misc":{"Verfasst von":"marioschrumpf","Gesch\u00e4tzte Lesezeit":"3\u00a0Minuten"},"schema":{"@context":"https:\/\/schema.org","@graph":[{"@type":"WebPage","@id":"https:\/\/www.naturparkmagazin.de\/stechlin\/heimatkunden-am-3-mai-2024-in-zernikow\/","url":"https:\/\/www.naturparkmagazin.de\/stechlin\/heimatkunden-am-3-mai-2024-in-zernikow\/","name":"Heimatkunden - am 3. Mai 2024 in Zernikow - Naturpark Stechlin-Ruppiner Land","isPartOf":{"@id":"https:\/\/www.naturparkmagazin.de\/stechlin\/#website"},"datePublished":"2024-04-23T14:09:35+00:00","dateModified":"2024-04-30T14:26:58+00:00","author":{"@id":"https:\/\/www.naturparkmagazin.de\/stechlin\/#\/schema\/person\/3f0d93203df21c806dd63c76d9bb28bc"},"breadcrumb":{"@id":"https:\/\/www.naturparkmagazin.de\/stechlin\/heimatkunden-am-3-mai-2024-in-zernikow\/#breadcrumb"},"inLanguage":"de","potentialAction":[{"@type":"ReadAction","target":["https:\/\/www.naturparkmagazin.de\/stechlin\/heimatkunden-am-3-mai-2024-in-zernikow\/"]}]},{"@type":"BreadcrumbList","@id":"https:\/\/www.naturparkmagazin.de\/stechlin\/heimatkunden-am-3-mai-2024-in-zernikow\/#breadcrumb","itemListElement":[{"@type":"ListItem","position":1,"name":"Home","item":"https:\/\/www.naturparkmagazin.de\/stechlin\/"},{"@type":"ListItem","position":2,"name":"Heimatkunden &#8211; am 3. Mai 2024 in Zernikow"}]},{"@type":"WebSite","@id":"https:\/\/www.naturparkmagazin.de\/stechlin\/#website","url":"https:\/\/www.naturparkmagazin.de\/stechlin\/","name":"Naturpark Stechlin-Ruppiner Land","description":"","potentialAction":[{"@type":"SearchAction","target":{"@type":"EntryPoint","urlTemplate":"https:\/\/www.naturparkmagazin.de\/stechlin\/?s={search_term_string}"},"query-input":"required name=search_term_string"}],"inLanguage":"de"},{"@type":"Person","@id":"https:\/\/www.naturparkmagazin.de\/stechlin\/#\/schema\/person\/3f0d93203df21c806dd63c76d9bb28bc","name":"marioschrumpf","url":"https:\/\/www.naturparkmagazin.de\/stechlin\/author\/marioschrumpf\/"}]}},"_links":{"self":[{"href":"https:\/\/www.naturparkmagazin.de\/stechlin\/wp-json\/wp\/v2\/posts\/15492"}],"collection":[{"href":"https:\/\/www.naturparkmagazin.de\/stechlin\/wp-json\/wp\/v2\/posts"}],"about":[{"href":"https:\/\/www.naturparkmagazin.de\/stechlin\/wp-json\/wp\/v2\/types\/post"}],"author":[{"embeddable":true,"href":"https:\/\/www.naturparkmagazin.de\/stechlin\/wp-json\/wp\/v2\/users\/39"}],"replies":[{"embeddable":true,"href":"https:\/\/www.naturparkmagazin.de\/stechlin\/wp-json\/wp\/v2\/comments?post=15492"}],"version-history":[{"count":8,"href":"https:\/\/www.naturparkmagazin.de\/stechlin\/wp-json\/wp\/v2\/posts\/15492\/revisions"}],"predecessor-version":[{"id":15505,"href":"https:\/\/www.naturparkmagazin.de\/stechlin\/wp-json\/wp\/v2\/posts\/15492\/revisions\/15505"}],"wp:featuredmedia":[{"embeddable":true,"href":"https:\/\/www.naturparkmagazin.de\/stechlin\/wp-json\/wp\/v2\/media\/15497"}],"wp:attachment":[{"href":"https:\/\/www.naturparkmagazin.de\/stechlin\/wp-json\/wp\/v2\/media?parent=15492"}],"wp:term":[{"taxonomy":"category","embeddable":true,"href":"https:\/\/www.naturparkmagazin.de\/stechlin\/wp-json\/wp\/v2\/categories?post=15492"},{"taxonomy":"post_tag","embeddable":true,"href":"https:\/\/www.naturparkmagazin.de\/stechlin\/wp-json\/wp\/v2\/tags?post=15492"}],"curies":[{"name":"wp","href":"https:\/\/api.w.org\/{rel}","templated":true}]}}