{"id":1551,"date":"2014-12-15T13:20:02","date_gmt":"2014-12-15T12:20:02","guid":{"rendered":"http:\/\/www.naturparkmagazin.de\/stechlin\/?p=1551"},"modified":"2014-11-24T13:34:36","modified_gmt":"2014-11-24T12:34:36","slug":"studentischer-ideenwettbewerb-fuer-barrierefreien-aussichtsturm-ausgelobt","status":"publish","type":"post","link":"https:\/\/www.naturparkmagazin.de\/stechlin\/studentischer-ideenwettbewerb-fuer-barrierefreien-aussichtsturm-ausgelobt\/","title":{"rendered":"Studentischer Ideenwettbewerb f\u00fcr barrierefreien Aussichtsturm ausgelobt"},"content":{"rendered":"<p><a href=\"https:\/\/www.naturparkmagazin.de\/stechlin\/wp-content\/uploads\/sites\/38\/k-DSC_0057.jpg\"><img decoding=\"async\" loading=\"lazy\" class=\"alignnone size-full wp-image-785\" alt=\"Copyright: NP SRL\/Dr. Mario Schrumpf\" src=\"https:\/\/www.naturparkmagazin.de\/stechlin\/wp-content\/uploads\/sites\/38\/k-DSC_0057.jpg\" width=\"320\" height=\"240\" srcset=\"https:\/\/www.naturparkmagazin.de\/stechlin\/wp-content\/uploads\/sites\/38\/k-DSC_0057.jpg 320w, https:\/\/www.naturparkmagazin.de\/stechlin\/wp-content\/uploads\/sites\/38\/k-DSC_0057-300x225.jpg 300w, https:\/\/www.naturparkmagazin.de\/stechlin\/wp-content\/uploads\/sites\/38\/k-DSC_0057-180x135.jpg 180w, https:\/\/www.naturparkmagazin.de\/stechlin\/wp-content\/uploads\/sites\/38\/k-DSC_0057-95x71.jpg 95w, https:\/\/www.naturparkmagazin.de\/stechlin\/wp-content\/uploads\/sites\/38\/k-DSC_0057-200x150.jpg 200w\" sizes=\"(max-width: 320px) 100vw, 320px\" \/><\/a><\/p>\n<p>Die Tourismusregion Ruppiner Seenland ist Modellregion f\u00fcr den barrierefreien Tourismus und Mitglied in der bundesweiten AG &#8222;Barrierefreie Reiseziele&#8220;. Mit dem Hotel Haus Rheinsberg der F\u00fcrst Donnersmarck-Stiftung existiert in unmittelbarer N\u00e4he ein europaweiter &#8222;Leuchtturm&#8220; im barrierefreien Tourismus. Ausgehend von dem &#8222;Entwicklungskonzept f\u00fcr eine zivile Nutzung der Kyritz-Ruppiner Heide&#8220; soll auf dem sogenannten &#8222;Sielmann-H\u00fcgel&#8220; n\u00f6rdlich von Pfalzheim im Bereich der &#8222;S\u00fcdspange&#8220; (geplanter Wander- und Kutschweg von Neuglienicke vorbei an Pfalzheim und Rossow nach Fretzdorf) ein barrierefreies Aussichtsplateau entstehen. Das Plateau soll Ziel einer Wanderung\/Kutschfahrt sein und Aussicht genie\u00dfen, Ausruhen, Kr\u00e4fte sammeln f\u00fcr die R\u00fccktour sowie Naturerlebnis &#8211; f\u00fcr Jedermann &#8211; erm\u00f6glichen. Die Konstruktionsunterlagen sollen bundesweit f\u00fcr die Nachnutzung in Naturlandschaften bereitgestellt werden. Als Material ist Robinienholz aus den Best\u00e4nden der Sielmann-Stiftung in der D\u00f6bberitzer Heide vorgesehen. Projekttr\u00e4ger ist die Heinz-Sielmann-Stiftung in Zusammenarbeit mit dem Landkreis Ostprignitz-Ruppin, der BImA, der KAG Kyritz-Ruppiner Heide und dem Naturpark.<\/p>\n<p>Der Wettbewerbsaufruf richtet sich an die Studenten des Fachbereiches Holzbau (Prof. L\u00f6fflad) an der Hochschule f\u00fcr nachhaltige Entwicklung Eberswalde. Die Wettbewerbsergebnisse sind bis Ende Januar 2015 einzureichen. Drei Preise werden ausgelobt. Der Siegerentwurf soll im Rahmen eines LEADER-Projektes im Anschluss umgesetzt werden. Der Kostenrahmen ist auf max. 500.000 \u20ac\u00a0\u00a0\u00a0 festgesetzt.<\/p>\n","protected":false},"excerpt":{"rendered":"<p>Die Tourismusregion Ruppiner Seenland ist Modellregion f\u00fcr den barrierefreien Tourismus und Mitglied in der bundesweiten AG &#8222;Barrierefreie Reiseziele&#8220;. <\/p>\n","protected":false},"author":39,"featured_media":785,"comment_status":"open","ping_status":"open","sticky":false,"template":"","format":"standard","meta":[],"categories":[7],"tags":[],"yoast_head":"<!-- This site is optimized with the Yoast SEO plugin v19.10 - https:\/\/yoast.com\/wordpress\/plugins\/seo\/ -->\n<title>Studentischer Ideenwettbewerb f\u00fcr barrierefreien Aussichtsturm ausgelobt - Naturpark Stechlin-Ruppiner Land<\/title>\n<meta name=\"robots\" content=\"index, follow, max-snippet:-1, max-image-preview:large, max-video-preview:-1\" \/>\n<link rel=\"canonical\" href=\"https:\/\/www.naturparkmagazin.de\/stechlin\/studentischer-ideenwettbewerb-fuer-barrierefreien-aussichtsturm-ausgelobt\/\" \/>\n<meta property=\"og:locale\" content=\"de_DE\" \/>\n<meta property=\"og:type\" content=\"article\" \/>\n<meta property=\"og:title\" content=\"Studentischer Ideenwettbewerb f\u00fcr barrierefreien Aussichtsturm ausgelobt - Naturpark Stechlin-Ruppiner Land\" \/>\n<meta property=\"og:description\" content=\"Die Tourismusregion Ruppiner Seenland ist Modellregion f\u00fcr den barrierefreien Tourismus und Mitglied in der bundesweiten AG &quot;Barrierefreie Reiseziele&quot;.\" \/>\n<meta property=\"og:url\" content=\"https:\/\/www.naturparkmagazin.de\/stechlin\/studentischer-ideenwettbewerb-fuer-barrierefreien-aussichtsturm-ausgelobt\/\" \/>\n<meta property=\"og:site_name\" content=\"Naturpark Stechlin-Ruppiner Land\" \/>\n<meta property=\"article:published_time\" content=\"2014-12-15T12:20:02+00:00\" \/>\n<meta property=\"article:modified_time\" content=\"2014-11-24T12:34:36+00:00\" \/>\n<meta property=\"og:image\" content=\"https:\/\/www.naturparkmagazin.de\/stechlin\/wp-content\/uploads\/sites\/38\/k-DSC_0057.jpg\" \/>\n\t<meta property=\"og:image:width\" content=\"320\" \/>\n\t<meta property=\"og:image:height\" content=\"240\" \/>\n\t<meta property=\"og:image:type\" content=\"image\/jpeg\" \/>\n<meta name=\"author\" content=\"marioschrumpf\" \/>\n<meta name=\"twitter:label1\" content=\"Verfasst von\" \/>\n\t<meta name=\"twitter:data1\" content=\"marioschrumpf\" \/>\n\t<meta name=\"twitter:label2\" content=\"Gesch\u00e4tzte Lesezeit\" \/>\n\t<meta name=\"twitter:data2\" content=\"1\u00a0Minute\" \/>\n<script type=\"application\/ld+json\" class=\"yoast-schema-graph\">{\"@context\":\"https:\/\/schema.org\",\"@graph\":[{\"@type\":\"WebPage\",\"@id\":\"https:\/\/www.naturparkmagazin.de\/stechlin\/studentischer-ideenwettbewerb-fuer-barrierefreien-aussichtsturm-ausgelobt\/\",\"url\":\"https:\/\/www.naturparkmagazin.de\/stechlin\/studentischer-ideenwettbewerb-fuer-barrierefreien-aussichtsturm-ausgelobt\/\",\"name\":\"Studentischer Ideenwettbewerb f\u00fcr barrierefreien Aussichtsturm ausgelobt - Naturpark Stechlin-Ruppiner Land\",\"isPartOf\":{\"@id\":\"https:\/\/www.naturparkmagazin.de\/stechlin\/#website\"},\"datePublished\":\"2014-12-15T12:20:02+00:00\",\"dateModified\":\"2014-11-24T12:34:36+00:00\",\"author\":{\"@id\":\"https:\/\/www.naturparkmagazin.de\/stechlin\/#\/schema\/person\/3f0d93203df21c806dd63c76d9bb28bc\"},\"breadcrumb\":{\"@id\":\"https:\/\/www.naturparkmagazin.de\/stechlin\/studentischer-ideenwettbewerb-fuer-barrierefreien-aussichtsturm-ausgelobt\/#breadcrumb\"},\"inLanguage\":\"de\",\"potentialAction\":[{\"@type\":\"ReadAction\",\"target\":[\"https:\/\/www.naturparkmagazin.de\/stechlin\/studentischer-ideenwettbewerb-fuer-barrierefreien-aussichtsturm-ausgelobt\/\"]}]},{\"@type\":\"BreadcrumbList\",\"@id\":\"https:\/\/www.naturparkmagazin.de\/stechlin\/studentischer-ideenwettbewerb-fuer-barrierefreien-aussichtsturm-ausgelobt\/#breadcrumb\",\"itemListElement\":[{\"@type\":\"ListItem\",\"position\":1,\"name\":\"Home\",\"item\":\"https:\/\/www.naturparkmagazin.de\/stechlin\/\"},{\"@type\":\"ListItem\",\"position\":2,\"name\":\"Studentischer Ideenwettbewerb f\u00fcr barrierefreien Aussichtsturm ausgelobt\"}]},{\"@type\":\"WebSite\",\"@id\":\"https:\/\/www.naturparkmagazin.de\/stechlin\/#website\",\"url\":\"https:\/\/www.naturparkmagazin.de\/stechlin\/\",\"name\":\"Naturpark Stechlin-Ruppiner Land\",\"description\":\"\",\"potentialAction\":[{\"@type\":\"SearchAction\",\"target\":{\"@type\":\"EntryPoint\",\"urlTemplate\":\"https:\/\/www.naturparkmagazin.de\/stechlin\/?s={search_term_string}\"},\"query-input\":\"required name=search_term_string\"}],\"inLanguage\":\"de\"},{\"@type\":\"Person\",\"@id\":\"https:\/\/www.naturparkmagazin.de\/stechlin\/#\/schema\/person\/3f0d93203df21c806dd63c76d9bb28bc\",\"name\":\"marioschrumpf\",\"url\":\"https:\/\/www.naturparkmagazin.de\/stechlin\/author\/marioschrumpf\/\"}]}<\/script>\n<!-- \/ Yoast SEO plugin. -->","yoast_head_json":{"title":"Studentischer Ideenwettbewerb f\u00fcr barrierefreien Aussichtsturm ausgelobt - Naturpark Stechlin-Ruppiner Land","robots":{"index":"index","follow":"follow","max-snippet":"max-snippet:-1","max-image-preview":"max-image-preview:large","max-video-preview":"max-video-preview:-1"},"canonical":"https:\/\/www.naturparkmagazin.de\/stechlin\/studentischer-ideenwettbewerb-fuer-barrierefreien-aussichtsturm-ausgelobt\/","og_locale":"de_DE","og_type":"article","og_title":"Studentischer Ideenwettbewerb f\u00fcr barrierefreien Aussichtsturm ausgelobt - Naturpark Stechlin-Ruppiner Land","og_description":"Die Tourismusregion Ruppiner Seenland ist Modellregion f\u00fcr den barrierefreien Tourismus und Mitglied in der bundesweiten AG \"Barrierefreie Reiseziele\".","og_url":"https:\/\/www.naturparkmagazin.de\/stechlin\/studentischer-ideenwettbewerb-fuer-barrierefreien-aussichtsturm-ausgelobt\/","og_site_name":"Naturpark Stechlin-Ruppiner Land","article_published_time":"2014-12-15T12:20:02+00:00","article_modified_time":"2014-11-24T12:34:36+00:00","og_image":[{"width":320,"height":240,"url":"https:\/\/www.naturparkmagazin.de\/stechlin\/wp-content\/uploads\/sites\/38\/k-DSC_0057.jpg","type":"image\/jpeg"}],"author":"marioschrumpf","twitter_misc":{"Verfasst von":"marioschrumpf","Gesch\u00e4tzte Lesezeit":"1\u00a0Minute"},"schema":{"@context":"https:\/\/schema.org","@graph":[{"@type":"WebPage","@id":"https:\/\/www.naturparkmagazin.de\/stechlin\/studentischer-ideenwettbewerb-fuer-barrierefreien-aussichtsturm-ausgelobt\/","url":"https:\/\/www.naturparkmagazin.de\/stechlin\/studentischer-ideenwettbewerb-fuer-barrierefreien-aussichtsturm-ausgelobt\/","name":"Studentischer Ideenwettbewerb f\u00fcr barrierefreien Aussichtsturm ausgelobt - Naturpark Stechlin-Ruppiner Land","isPartOf":{"@id":"https:\/\/www.naturparkmagazin.de\/stechlin\/#website"},"datePublished":"2014-12-15T12:20:02+00:00","dateModified":"2014-11-24T12:34:36+00:00","author":{"@id":"https:\/\/www.naturparkmagazin.de\/stechlin\/#\/schema\/person\/3f0d93203df21c806dd63c76d9bb28bc"},"breadcrumb":{"@id":"https:\/\/www.naturparkmagazin.de\/stechlin\/studentischer-ideenwettbewerb-fuer-barrierefreien-aussichtsturm-ausgelobt\/#breadcrumb"},"inLanguage":"de","potentialAction":[{"@type":"ReadAction","target":["https:\/\/www.naturparkmagazin.de\/stechlin\/studentischer-ideenwettbewerb-fuer-barrierefreien-aussichtsturm-ausgelobt\/"]}]},{"@type":"BreadcrumbList","@id":"https:\/\/www.naturparkmagazin.de\/stechlin\/studentischer-ideenwettbewerb-fuer-barrierefreien-aussichtsturm-ausgelobt\/#breadcrumb","itemListElement":[{"@type":"ListItem","position":1,"name":"Home","item":"https:\/\/www.naturparkmagazin.de\/stechlin\/"},{"@type":"ListItem","position":2,"name":"Studentischer Ideenwettbewerb f\u00fcr barrierefreien Aussichtsturm ausgelobt"}]},{"@type":"WebSite","@id":"https:\/\/www.naturparkmagazin.de\/stechlin\/#website","url":"https:\/\/www.naturparkmagazin.de\/stechlin\/","name":"Naturpark Stechlin-Ruppiner Land","description":"","potentialAction":[{"@type":"SearchAction","target":{"@type":"EntryPoint","urlTemplate":"https:\/\/www.naturparkmagazin.de\/stechlin\/?s={search_term_string}"},"query-input":"required name=search_term_string"}],"inLanguage":"de"},{"@type":"Person","@id":"https:\/\/www.naturparkmagazin.de\/stechlin\/#\/schema\/person\/3f0d93203df21c806dd63c76d9bb28bc","name":"marioschrumpf","url":"https:\/\/www.naturparkmagazin.de\/stechlin\/author\/marioschrumpf\/"}]}},"_links":{"self":[{"href":"https:\/\/www.naturparkmagazin.de\/stechlin\/wp-json\/wp\/v2\/posts\/1551"}],"collection":[{"href":"https:\/\/www.naturparkmagazin.de\/stechlin\/wp-json\/wp\/v2\/posts"}],"about":[{"href":"https:\/\/www.naturparkmagazin.de\/stechlin\/wp-json\/wp\/v2\/types\/post"}],"author":[{"embeddable":true,"href":"https:\/\/www.naturparkmagazin.de\/stechlin\/wp-json\/wp\/v2\/users\/39"}],"replies":[{"embeddable":true,"href":"https:\/\/www.naturparkmagazin.de\/stechlin\/wp-json\/wp\/v2\/comments?post=1551"}],"version-history":[{"count":3,"href":"https:\/\/www.naturparkmagazin.de\/stechlin\/wp-json\/wp\/v2\/posts\/1551\/revisions"}],"predecessor-version":[{"id":1601,"href":"https:\/\/www.naturparkmagazin.de\/stechlin\/wp-json\/wp\/v2\/posts\/1551\/revisions\/1601"}],"wp:featuredmedia":[{"embeddable":true,"href":"https:\/\/www.naturparkmagazin.de\/stechlin\/wp-json\/wp\/v2\/media\/785"}],"wp:attachment":[{"href":"https:\/\/www.naturparkmagazin.de\/stechlin\/wp-json\/wp\/v2\/media?parent=1551"}],"wp:term":[{"taxonomy":"category","embeddable":true,"href":"https:\/\/www.naturparkmagazin.de\/stechlin\/wp-json\/wp\/v2\/categories?post=1551"},{"taxonomy":"post_tag","embeddable":true,"href":"https:\/\/www.naturparkmagazin.de\/stechlin\/wp-json\/wp\/v2\/tags?post=1551"}],"curies":[{"name":"wp","href":"https:\/\/api.w.org\/{rel}","templated":true}]}}