{"id":15526,"date":"2024-05-22T16:04:35","date_gmt":"2024-05-22T14:04:35","guid":{"rendered":"https:\/\/www.naturparkmagazin.de\/stechlin\/?p=15526"},"modified":"2024-05-24T14:48:54","modified_gmt":"2024-05-24T12:48:54","slug":"28-menzer-waldfest-vom-28-30-juni-2024","status":"publish","type":"post","link":"https:\/\/www.naturparkmagazin.de\/stechlin\/28-menzer-waldfest-vom-28-30-juni-2024\/","title":{"rendered":"28. Menzer Waldfest vom 28. bis 30. Juni 2024"},"content":{"rendered":"<p>In wenigen Wochen ist es wieder soweit, Besucher:innen aus nah und fern sind eingeladen zum 28. Menzer Waldfest.<\/p>\n<p>Folgendes <strong>Programm<\/strong> ist bislang geplant:<\/p>\n<h3><strong>28. Juni, Freitag \u2013 Er\u00f6ffnung des Waldfestes<\/strong><\/h3>\n<p>Er\u00f6ffnung des Waldfestes<\/p>\n<p>18.00 Uhr <strong>Vortrag<\/strong> in der Menzer Kirche, anschlie\u00dfend Lagerfeuer<\/p>\n<p>19.30 Uhr <strong>Menzer Abend<\/strong> am Roofensee &#8211; gem\u00fctliches Beisammensein<\/p>\n<p>20:30 Uhr <strong>Wettrudern<\/strong> \u00fcber den Roofensee<\/p>\n<h3><strong>29. Juni, Sonnabend \u2013 Gro\u00dfer Waldmarkt auf dem Friedensplatz (ab 10.00 Uhr)<\/strong><\/h3>\n<ul>\n<li>Traditionelles <strong>Handwerk<\/strong> mit T\u00f6pfer, Imker, Korbmacher, Schmied, &#8230;, sowie heimischen <strong>Spezialit\u00e4ten<\/strong>.\n<div id=\"attachment_5979\" style=\"width: 510px\" class=\"wp-caption aligncenter\"><a href=\"https:\/\/www.naturparkmagazin.de\/stechlin\/wp-content\/uploads\/sites\/38\/Waldfest-2017-4.jpg\"><img aria-describedby=\"caption-attachment-5979\" decoding=\"async\" loading=\"lazy\" class=\"wp-image-5979 size-full\" src=\"https:\/\/www.naturparkmagazin.de\/stechlin\/wp-content\/uploads\/sites\/38\/Waldfest-2017-4.jpg\" alt=\"\" width=\"500\" height=\"300\" srcset=\"https:\/\/www.naturparkmagazin.de\/stechlin\/wp-content\/uploads\/sites\/38\/Waldfest-2017-4.jpg 500w, https:\/\/www.naturparkmagazin.de\/stechlin\/wp-content\/uploads\/sites\/38\/Waldfest-2017-4-300x180.jpg 300w, https:\/\/www.naturparkmagazin.de\/stechlin\/wp-content\/uploads\/sites\/38\/Waldfest-2017-4-200x120.jpg 200w\" sizes=\"(max-width: 500px) 100vw, 500px\" \/><\/a><p id=\"caption-attachment-5979\" class=\"wp-caption-text\">Traditionelles Handwerk\u00a9 Jeanette Lehmann<\/p><\/div>\n<div id=\"attachment_8593\" style=\"width: 510px\" class=\"wp-caption aligncenter\"><a href=\"https:\/\/www.naturparkmagazin.de\/stechlin\/wp-content\/uploads\/sites\/38\/Waldfest_69.jpg\"><img aria-describedby=\"caption-attachment-8593\" decoding=\"async\" loading=\"lazy\" class=\"wp-image-8593 size-full\" src=\"https:\/\/www.naturparkmagazin.de\/stechlin\/wp-content\/uploads\/sites\/38\/Waldfest_69.jpg\" alt=\"\" width=\"500\" height=\"300\" srcset=\"https:\/\/www.naturparkmagazin.de\/stechlin\/wp-content\/uploads\/sites\/38\/Waldfest_69.jpg 500w, https:\/\/www.naturparkmagazin.de\/stechlin\/wp-content\/uploads\/sites\/38\/Waldfest_69-300x180.jpg 300w, https:\/\/www.naturparkmagazin.de\/stechlin\/wp-content\/uploads\/sites\/38\/Waldfest_69-200x120.jpg 200w\" sizes=\"(max-width: 500px) 100vw, 500px\" \/><\/a><p id=\"caption-attachment-8593\" class=\"wp-caption-text\">Imker Klaus Werner kommt Jahr f\u00fcr Jahr als Aussteller zum Waldfest.\u00a9 Dr. Mario Schrumpf<\/p><\/div><\/li>\n<li>Ganzt\u00e4gig gro\u00dfes <strong>B\u00fchnenprogramm<\/strong>.<\/li>\n<\/ul>\n<div id=\"attachment_15537\" style=\"width: 510px\" class=\"wp-caption aligncenter\"><a href=\"https:\/\/www.naturparkmagazin.de\/stechlin\/wp-content\/uploads\/sites\/38\/Waldfest_Buehnenprogramm.jpg\"><img aria-describedby=\"caption-attachment-15537\" decoding=\"async\" loading=\"lazy\" class=\"wp-image-15537 size-full\" src=\"https:\/\/www.naturparkmagazin.de\/stechlin\/wp-content\/uploads\/sites\/38\/Waldfest_Buehnenprogramm.jpg\" alt=\"\" width=\"500\" height=\"300\" srcset=\"https:\/\/www.naturparkmagazin.de\/stechlin\/wp-content\/uploads\/sites\/38\/Waldfest_Buehnenprogramm.jpg 500w, https:\/\/www.naturparkmagazin.de\/stechlin\/wp-content\/uploads\/sites\/38\/Waldfest_Buehnenprogramm-300x180.jpg 300w, https:\/\/www.naturparkmagazin.de\/stechlin\/wp-content\/uploads\/sites\/38\/Waldfest_Buehnenprogramm-200x120.jpg 200w\" sizes=\"(max-width: 500px) 100vw, 500px\" \/><\/a><p id=\"caption-attachment-15537\" class=\"wp-caption-text\">Waldfest B\u00fchnenprogramm\u00a9 Dr. Mario Schrumpf<\/p><\/div>\n<ul>\n<li>Menzer <strong>Triathlon <em>\u201eIron-Menz\u201c<\/em><\/strong>.\n<div id=\"attachment_4213\" style=\"width: 510px\" class=\"wp-caption aligncenter\"><a href=\"https:\/\/www.naturparkmagazin.de\/stechlin\/wp-content\/uploads\/sites\/38\/Waldfest21.jpg\"><img aria-describedby=\"caption-attachment-4213\" decoding=\"async\" loading=\"lazy\" class=\"wp-image-4213 size-full\" src=\"https:\/\/www.naturparkmagazin.de\/stechlin\/wp-content\/uploads\/sites\/38\/Waldfest21.jpg\" alt=\"\" width=\"500\" height=\"335\" srcset=\"https:\/\/www.naturparkmagazin.de\/stechlin\/wp-content\/uploads\/sites\/38\/Waldfest21.jpg 500w, https:\/\/www.naturparkmagazin.de\/stechlin\/wp-content\/uploads\/sites\/38\/Waldfest21-300x201.jpg 300w, https:\/\/www.naturparkmagazin.de\/stechlin\/wp-content\/uploads\/sites\/38\/Waldfest21-200x134.jpg 200w\" sizes=\"(max-width: 500px) 100vw, 500px\" \/><\/a><p id=\"caption-attachment-4213\" class=\"wp-caption-text\">Start des Iron-Menz\u00a9 Dr. Mario Schrumpf<\/p><\/div><\/li>\n<\/ul>\n<p>F\u00fcr das <strong>leibliche Wohl<\/strong> ist gesorgt mit heimischen Spezialit\u00e4ten<\/p>\n<p><strong>Dauer<\/strong>: ganzt\u00e4gig<\/p>\n<p><strong>Eintritt<\/strong>: 3,50 \u20ac<\/p>\n<h3><strong>30. Juni, Sonntag, Ausklang\n<\/strong><\/h3>\n<p>10.00 Uhr <strong>Waldandacht<\/strong> auf dem Wallberg.<\/p>\n<p>Anschlie\u00dfende <strong>Wanderung<\/strong> oder <strong>Radtour<\/strong>.<\/p>\n<p>16.00 Uhr <strong>Abschlusskonzert<\/strong> in der Kirche Menz mit Pippo-Miller Duo.<\/p>\n","protected":false},"excerpt":{"rendered":"<p>Besucher:innen aus nah und fern sind eingeladen zum 28. Menzer Waldfest.<\/p>\n","protected":false},"author":39,"featured_media":15538,"comment_status":"open","ping_status":"open","sticky":false,"template":"","format":"standard","meta":[],"categories":[11],"tags":[],"yoast_head":"<!-- This site is optimized with the Yoast SEO plugin v19.10 - https:\/\/yoast.com\/wordpress\/plugins\/seo\/ -->\n<title>28. Menzer Waldfest vom 28. bis 30. Juni 2024 - Naturpark Stechlin-Ruppiner Land<\/title>\n<meta name=\"robots\" content=\"index, follow, max-snippet:-1, max-image-preview:large, max-video-preview:-1\" \/>\n<link rel=\"canonical\" href=\"https:\/\/www.naturparkmagazin.de\/stechlin\/28-menzer-waldfest-vom-28-30-juni-2024\/\" \/>\n<meta property=\"og:locale\" content=\"de_DE\" \/>\n<meta property=\"og:type\" content=\"article\" \/>\n<meta property=\"og:title\" content=\"28. Menzer Waldfest vom 28. bis 30. Juni 2024 - Naturpark Stechlin-Ruppiner Land\" \/>\n<meta property=\"og:description\" content=\"Besucher:innen aus nah und fern sind eingeladen zum 28. Menzer Waldfest.\" \/>\n<meta property=\"og:url\" content=\"https:\/\/www.naturparkmagazin.de\/stechlin\/28-menzer-waldfest-vom-28-30-juni-2024\/\" \/>\n<meta property=\"og:site_name\" content=\"Naturpark Stechlin-Ruppiner Land\" \/>\n<meta property=\"article:published_time\" content=\"2024-05-22T14:04:35+00:00\" \/>\n<meta property=\"article:modified_time\" content=\"2024-05-24T12:48:54+00:00\" \/>\n<meta property=\"og:image\" content=\"https:\/\/www.naturparkmagazin.de\/stechlin\/wp-content\/uploads\/sites\/38\/Waldfest_Titelbild.jpg\" \/>\n\t<meta property=\"og:image:width\" content=\"200\" \/>\n\t<meta property=\"og:image:height\" content=\"200\" \/>\n\t<meta property=\"og:image:type\" content=\"image\/jpeg\" \/>\n<meta name=\"author\" content=\"marioschrumpf\" \/>\n<meta name=\"twitter:label1\" content=\"Verfasst von\" \/>\n\t<meta name=\"twitter:data1\" content=\"marioschrumpf\" \/>\n\t<meta name=\"twitter:label2\" content=\"Gesch\u00e4tzte Lesezeit\" \/>\n\t<meta name=\"twitter:data2\" content=\"2\u00a0Minuten\" \/>\n<script type=\"application\/ld+json\" class=\"yoast-schema-graph\">{\"@context\":\"https:\/\/schema.org\",\"@graph\":[{\"@type\":\"WebPage\",\"@id\":\"https:\/\/www.naturparkmagazin.de\/stechlin\/28-menzer-waldfest-vom-28-30-juni-2024\/\",\"url\":\"https:\/\/www.naturparkmagazin.de\/stechlin\/28-menzer-waldfest-vom-28-30-juni-2024\/\",\"name\":\"28. Menzer Waldfest vom 28. bis 30. Juni 2024 - Naturpark Stechlin-Ruppiner Land\",\"isPartOf\":{\"@id\":\"https:\/\/www.naturparkmagazin.de\/stechlin\/#website\"},\"datePublished\":\"2024-05-22T14:04:35+00:00\",\"dateModified\":\"2024-05-24T12:48:54+00:00\",\"author\":{\"@id\":\"https:\/\/www.naturparkmagazin.de\/stechlin\/#\/schema\/person\/3f0d93203df21c806dd63c76d9bb28bc\"},\"breadcrumb\":{\"@id\":\"https:\/\/www.naturparkmagazin.de\/stechlin\/28-menzer-waldfest-vom-28-30-juni-2024\/#breadcrumb\"},\"inLanguage\":\"de\",\"potentialAction\":[{\"@type\":\"ReadAction\",\"target\":[\"https:\/\/www.naturparkmagazin.de\/stechlin\/28-menzer-waldfest-vom-28-30-juni-2024\/\"]}]},{\"@type\":\"BreadcrumbList\",\"@id\":\"https:\/\/www.naturparkmagazin.de\/stechlin\/28-menzer-waldfest-vom-28-30-juni-2024\/#breadcrumb\",\"itemListElement\":[{\"@type\":\"ListItem\",\"position\":1,\"name\":\"Home\",\"item\":\"https:\/\/www.naturparkmagazin.de\/stechlin\/\"},{\"@type\":\"ListItem\",\"position\":2,\"name\":\"28. Menzer Waldfest vom 28. bis 30. Juni 2024\"}]},{\"@type\":\"WebSite\",\"@id\":\"https:\/\/www.naturparkmagazin.de\/stechlin\/#website\",\"url\":\"https:\/\/www.naturparkmagazin.de\/stechlin\/\",\"name\":\"Naturpark Stechlin-Ruppiner Land\",\"description\":\"\",\"potentialAction\":[{\"@type\":\"SearchAction\",\"target\":{\"@type\":\"EntryPoint\",\"urlTemplate\":\"https:\/\/www.naturparkmagazin.de\/stechlin\/?s={search_term_string}\"},\"query-input\":\"required name=search_term_string\"}],\"inLanguage\":\"de\"},{\"@type\":\"Person\",\"@id\":\"https:\/\/www.naturparkmagazin.de\/stechlin\/#\/schema\/person\/3f0d93203df21c806dd63c76d9bb28bc\",\"name\":\"marioschrumpf\",\"url\":\"https:\/\/www.naturparkmagazin.de\/stechlin\/author\/marioschrumpf\/\"}]}<\/script>\n<!-- \/ Yoast SEO plugin. -->","yoast_head_json":{"title":"28. Menzer Waldfest vom 28. bis 30. Juni 2024 - Naturpark Stechlin-Ruppiner Land","robots":{"index":"index","follow":"follow","max-snippet":"max-snippet:-1","max-image-preview":"max-image-preview:large","max-video-preview":"max-video-preview:-1"},"canonical":"https:\/\/www.naturparkmagazin.de\/stechlin\/28-menzer-waldfest-vom-28-30-juni-2024\/","og_locale":"de_DE","og_type":"article","og_title":"28. Menzer Waldfest vom 28. bis 30. Juni 2024 - Naturpark Stechlin-Ruppiner Land","og_description":"Besucher:innen aus nah und fern sind eingeladen zum 28. Menzer Waldfest.","og_url":"https:\/\/www.naturparkmagazin.de\/stechlin\/28-menzer-waldfest-vom-28-30-juni-2024\/","og_site_name":"Naturpark Stechlin-Ruppiner Land","article_published_time":"2024-05-22T14:04:35+00:00","article_modified_time":"2024-05-24T12:48:54+00:00","og_image":[{"width":200,"height":200,"url":"https:\/\/www.naturparkmagazin.de\/stechlin\/wp-content\/uploads\/sites\/38\/Waldfest_Titelbild.jpg","type":"image\/jpeg"}],"author":"marioschrumpf","twitter_misc":{"Verfasst von":"marioschrumpf","Gesch\u00e4tzte Lesezeit":"2\u00a0Minuten"},"schema":{"@context":"https:\/\/schema.org","@graph":[{"@type":"WebPage","@id":"https:\/\/www.naturparkmagazin.de\/stechlin\/28-menzer-waldfest-vom-28-30-juni-2024\/","url":"https:\/\/www.naturparkmagazin.de\/stechlin\/28-menzer-waldfest-vom-28-30-juni-2024\/","name":"28. Menzer Waldfest vom 28. bis 30. Juni 2024 - Naturpark Stechlin-Ruppiner Land","isPartOf":{"@id":"https:\/\/www.naturparkmagazin.de\/stechlin\/#website"},"datePublished":"2024-05-22T14:04:35+00:00","dateModified":"2024-05-24T12:48:54+00:00","author":{"@id":"https:\/\/www.naturparkmagazin.de\/stechlin\/#\/schema\/person\/3f0d93203df21c806dd63c76d9bb28bc"},"breadcrumb":{"@id":"https:\/\/www.naturparkmagazin.de\/stechlin\/28-menzer-waldfest-vom-28-30-juni-2024\/#breadcrumb"},"inLanguage":"de","potentialAction":[{"@type":"ReadAction","target":["https:\/\/www.naturparkmagazin.de\/stechlin\/28-menzer-waldfest-vom-28-30-juni-2024\/"]}]},{"@type":"BreadcrumbList","@id":"https:\/\/www.naturparkmagazin.de\/stechlin\/28-menzer-waldfest-vom-28-30-juni-2024\/#breadcrumb","itemListElement":[{"@type":"ListItem","position":1,"name":"Home","item":"https:\/\/www.naturparkmagazin.de\/stechlin\/"},{"@type":"ListItem","position":2,"name":"28. Menzer Waldfest vom 28. bis 30. Juni 2024"}]},{"@type":"WebSite","@id":"https:\/\/www.naturparkmagazin.de\/stechlin\/#website","url":"https:\/\/www.naturparkmagazin.de\/stechlin\/","name":"Naturpark Stechlin-Ruppiner Land","description":"","potentialAction":[{"@type":"SearchAction","target":{"@type":"EntryPoint","urlTemplate":"https:\/\/www.naturparkmagazin.de\/stechlin\/?s={search_term_string}"},"query-input":"required name=search_term_string"}],"inLanguage":"de"},{"@type":"Person","@id":"https:\/\/www.naturparkmagazin.de\/stechlin\/#\/schema\/person\/3f0d93203df21c806dd63c76d9bb28bc","name":"marioschrumpf","url":"https:\/\/www.naturparkmagazin.de\/stechlin\/author\/marioschrumpf\/"}]}},"_links":{"self":[{"href":"https:\/\/www.naturparkmagazin.de\/stechlin\/wp-json\/wp\/v2\/posts\/15526"}],"collection":[{"href":"https:\/\/www.naturparkmagazin.de\/stechlin\/wp-json\/wp\/v2\/posts"}],"about":[{"href":"https:\/\/www.naturparkmagazin.de\/stechlin\/wp-json\/wp\/v2\/types\/post"}],"author":[{"embeddable":true,"href":"https:\/\/www.naturparkmagazin.de\/stechlin\/wp-json\/wp\/v2\/users\/39"}],"replies":[{"embeddable":true,"href":"https:\/\/www.naturparkmagazin.de\/stechlin\/wp-json\/wp\/v2\/comments?post=15526"}],"version-history":[{"count":16,"href":"https:\/\/www.naturparkmagazin.de\/stechlin\/wp-json\/wp\/v2\/posts\/15526\/revisions"}],"predecessor-version":[{"id":15631,"href":"https:\/\/www.naturparkmagazin.de\/stechlin\/wp-json\/wp\/v2\/posts\/15526\/revisions\/15631"}],"wp:featuredmedia":[{"embeddable":true,"href":"https:\/\/www.naturparkmagazin.de\/stechlin\/wp-json\/wp\/v2\/media\/15538"}],"wp:attachment":[{"href":"https:\/\/www.naturparkmagazin.de\/stechlin\/wp-json\/wp\/v2\/media?parent=15526"}],"wp:term":[{"taxonomy":"category","embeddable":true,"href":"https:\/\/www.naturparkmagazin.de\/stechlin\/wp-json\/wp\/v2\/categories?post=15526"},{"taxonomy":"post_tag","embeddable":true,"href":"https:\/\/www.naturparkmagazin.de\/stechlin\/wp-json\/wp\/v2\/tags?post=15526"}],"curies":[{"name":"wp","href":"https:\/\/api.w.org\/{rel}","templated":true}]}}