{"id":1556,"date":"2014-11-19T13:41:45","date_gmt":"2014-11-19T12:41:45","guid":{"rendered":"http:\/\/www.naturparkmagazin.de\/stechlin\/?p=1556"},"modified":"2014-11-27T14:09:25","modified_gmt":"2014-11-27T13:09:25","slug":"gudrun-lomas","status":"publish","type":"post","link":"https:\/\/www.naturparkmagazin.de\/stechlin\/gudrun-lomas\/","title":{"rendered":"Gudrun Lomas"},"content":{"rendered":"<div id=\"attachment_1557\" style=\"width: 630px\" class=\"wp-caption alignnone\"><a href=\"https:\/\/www.naturparkmagazin.de\/stechlin\/wp-content\/uploads\/sites\/38\/Gudrun-Lomas.jpg\"><img aria-describedby=\"caption-attachment-1557\" decoding=\"async\" loading=\"lazy\" class=\"size-medium wp-image-1557\" alt=\"Gudrun Lomas\" src=\"https:\/\/www.naturparkmagazin.de\/stechlin\/wp-content\/uploads\/sites\/38\/Gudrun-Lomas-620x620.jpg\" width=\"620\" height=\"620\" srcset=\"https:\/\/www.naturparkmagazin.de\/stechlin\/wp-content\/uploads\/sites\/38\/Gudrun-Lomas-620x620.jpg 620w, https:\/\/www.naturparkmagazin.de\/stechlin\/wp-content\/uploads\/sites\/38\/Gudrun-Lomas-300x300.jpg 300w, https:\/\/www.naturparkmagazin.de\/stechlin\/wp-content\/uploads\/sites\/38\/Gudrun-Lomas-200x200.jpg 200w, https:\/\/www.naturparkmagazin.de\/stechlin\/wp-content\/uploads\/sites\/38\/Gudrun-Lomas-30x30.jpg 30w, https:\/\/www.naturparkmagazin.de\/stechlin\/wp-content\/uploads\/sites\/38\/Gudrun-Lomas-670x670.jpg 670w, https:\/\/www.naturparkmagazin.de\/stechlin\/wp-content\/uploads\/sites\/38\/Gudrun-Lomas.jpg 709w\" sizes=\"(max-width: 620px) 100vw, 620px\" \/><\/a><p id=\"caption-attachment-1557\" class=\"wp-caption-text\">Gudrun Lomas<\/p><\/div>\n<p>Seit vielen Jahren verbindet den Naturpark eine enge Partnerschaft mit dem Kunstverein Zehdenick e.V. Gudrun Lomas, Vorsitzende des Kunstvereins, betreut von Anbeginn die Internationalen Kunstsymposien des Naturparks Stechlin-Ruppiner Land als k\u00fcnstlerische Leiterin. Im kommenden Jahr wird das \u00fcber die Grenzen des Naturparks hinaus bekannte Symposium bereits zum 15. Mal stattfinden. W\u00e4hrend in den Anfangsjahren die Finanzierung bis unmittelbar vor Beginn des Symposiums unsicher war, liegen heute bereits Einladungen f\u00fcr die n\u00e4chsten Jahre vor. Ein Verdienst der Arbeit von Gudrun Lomas. Neben ihrer gl\u00fccklichen Hand bei der Auswahl der K\u00fcnstler hat sie sich auch einen &#8222;guten Namen&#8220; als perfekte Organisatorin gemacht. 10 und mehr individuelle K\u00fcnstlerpers\u00f6nlichkeiten unter einen Hut zu bringen und ein inspirierendes, kreatives Umfeld frei von allen Alltagssorgen zu organisieren, verlangt die &#8222;ganze Frau&#8220;.<\/p>\n<p>Am Nikolaustag feiert Gudrun Lomas ihren 70. Geburtstag. Wir gratulieren von ganzem Herzen, w\u00fcnschen Gesundheit, Kreativit\u00e4t, Schaffenskraft und noch viele gemeinsame Kunstsymposien im Naturpark Stechlin-Ruppiner Land.<\/p>\n","protected":false},"excerpt":{"rendered":"<p>Seit vielen Jahren verbindet den Naturpark eine enge Partnerschaft mit dem Kunstverein Zehdenick e.V. Gudrun Lomas, Vorsitzende des Kunstvereins, betreut von Anbeginn die Internationalen Kunstsymposien des Naturparks Stechlin-Ruppiner Land als k\u00fcnstlerische Leiterin.<\/p>\n","protected":false},"author":39,"featured_media":1557,"comment_status":"open","ping_status":"open","sticky":false,"template":"","format":"standard","meta":[],"categories":[8],"tags":[],"yoast_head":"<!-- This site is optimized with the Yoast SEO plugin v19.10 - https:\/\/yoast.com\/wordpress\/plugins\/seo\/ -->\n<title>Gudrun Lomas - Naturpark Stechlin-Ruppiner Land<\/title>\n<meta name=\"robots\" content=\"index, follow, max-snippet:-1, max-image-preview:large, max-video-preview:-1\" \/>\n<link rel=\"canonical\" href=\"https:\/\/www.naturparkmagazin.de\/stechlin\/gudrun-lomas\/\" \/>\n<meta property=\"og:locale\" content=\"de_DE\" \/>\n<meta property=\"og:type\" content=\"article\" \/>\n<meta property=\"og:title\" content=\"Gudrun Lomas - Naturpark Stechlin-Ruppiner Land\" \/>\n<meta property=\"og:description\" content=\"Seit vielen Jahren verbindet den Naturpark eine enge Partnerschaft mit dem Kunstverein Zehdenick e.V. Gudrun Lomas, Vorsitzende des Kunstvereins, betreut von Anbeginn die Internationalen Kunstsymposien des Naturparks Stechlin-Ruppiner Land als k\u00fcnstlerische Leiterin.\" \/>\n<meta property=\"og:url\" content=\"https:\/\/www.naturparkmagazin.de\/stechlin\/gudrun-lomas\/\" \/>\n<meta property=\"og:site_name\" content=\"Naturpark Stechlin-Ruppiner Land\" \/>\n<meta property=\"article:published_time\" content=\"2014-11-19T12:41:45+00:00\" \/>\n<meta property=\"article:modified_time\" content=\"2014-11-27T13:09:25+00:00\" \/>\n<meta property=\"og:image\" content=\"https:\/\/www.naturparkmagazin.de\/stechlin\/wp-content\/uploads\/sites\/38\/Gudrun-Lomas.jpg\" \/>\n\t<meta property=\"og:image:width\" content=\"709\" \/>\n\t<meta property=\"og:image:height\" content=\"709\" \/>\n\t<meta property=\"og:image:type\" content=\"image\/jpeg\" \/>\n<meta name=\"author\" content=\"marioschrumpf\" \/>\n<meta name=\"twitter:label1\" content=\"Verfasst von\" \/>\n\t<meta name=\"twitter:data1\" content=\"marioschrumpf\" \/>\n\t<meta name=\"twitter:label2\" content=\"Gesch\u00e4tzte Lesezeit\" \/>\n\t<meta name=\"twitter:data2\" content=\"1\u00a0Minute\" \/>\n<script type=\"application\/ld+json\" class=\"yoast-schema-graph\">{\"@context\":\"https:\/\/schema.org\",\"@graph\":[{\"@type\":\"WebPage\",\"@id\":\"https:\/\/www.naturparkmagazin.de\/stechlin\/gudrun-lomas\/\",\"url\":\"https:\/\/www.naturparkmagazin.de\/stechlin\/gudrun-lomas\/\",\"name\":\"Gudrun Lomas - Naturpark Stechlin-Ruppiner Land\",\"isPartOf\":{\"@id\":\"https:\/\/www.naturparkmagazin.de\/stechlin\/#website\"},\"datePublished\":\"2014-11-19T12:41:45+00:00\",\"dateModified\":\"2014-11-27T13:09:25+00:00\",\"author\":{\"@id\":\"https:\/\/www.naturparkmagazin.de\/stechlin\/#\/schema\/person\/3f0d93203df21c806dd63c76d9bb28bc\"},\"breadcrumb\":{\"@id\":\"https:\/\/www.naturparkmagazin.de\/stechlin\/gudrun-lomas\/#breadcrumb\"},\"inLanguage\":\"de\",\"potentialAction\":[{\"@type\":\"ReadAction\",\"target\":[\"https:\/\/www.naturparkmagazin.de\/stechlin\/gudrun-lomas\/\"]}]},{\"@type\":\"BreadcrumbList\",\"@id\":\"https:\/\/www.naturparkmagazin.de\/stechlin\/gudrun-lomas\/#breadcrumb\",\"itemListElement\":[{\"@type\":\"ListItem\",\"position\":1,\"name\":\"Home\",\"item\":\"https:\/\/www.naturparkmagazin.de\/stechlin\/\"},{\"@type\":\"ListItem\",\"position\":2,\"name\":\"Gudrun Lomas\"}]},{\"@type\":\"WebSite\",\"@id\":\"https:\/\/www.naturparkmagazin.de\/stechlin\/#website\",\"url\":\"https:\/\/www.naturparkmagazin.de\/stechlin\/\",\"name\":\"Naturpark Stechlin-Ruppiner Land\",\"description\":\"\",\"potentialAction\":[{\"@type\":\"SearchAction\",\"target\":{\"@type\":\"EntryPoint\",\"urlTemplate\":\"https:\/\/www.naturparkmagazin.de\/stechlin\/?s={search_term_string}\"},\"query-input\":\"required name=search_term_string\"}],\"inLanguage\":\"de\"},{\"@type\":\"Person\",\"@id\":\"https:\/\/www.naturparkmagazin.de\/stechlin\/#\/schema\/person\/3f0d93203df21c806dd63c76d9bb28bc\",\"name\":\"marioschrumpf\",\"url\":\"https:\/\/www.naturparkmagazin.de\/stechlin\/author\/marioschrumpf\/\"}]}<\/script>\n<!-- \/ Yoast SEO plugin. -->","yoast_head_json":{"title":"Gudrun Lomas - Naturpark Stechlin-Ruppiner Land","robots":{"index":"index","follow":"follow","max-snippet":"max-snippet:-1","max-image-preview":"max-image-preview:large","max-video-preview":"max-video-preview:-1"},"canonical":"https:\/\/www.naturparkmagazin.de\/stechlin\/gudrun-lomas\/","og_locale":"de_DE","og_type":"article","og_title":"Gudrun Lomas - Naturpark Stechlin-Ruppiner Land","og_description":"Seit vielen Jahren verbindet den Naturpark eine enge Partnerschaft mit dem Kunstverein Zehdenick e.V. Gudrun Lomas, Vorsitzende des Kunstvereins, betreut von Anbeginn die Internationalen Kunstsymposien des Naturparks Stechlin-Ruppiner Land als k\u00fcnstlerische Leiterin.","og_url":"https:\/\/www.naturparkmagazin.de\/stechlin\/gudrun-lomas\/","og_site_name":"Naturpark Stechlin-Ruppiner Land","article_published_time":"2014-11-19T12:41:45+00:00","article_modified_time":"2014-11-27T13:09:25+00:00","og_image":[{"width":709,"height":709,"url":"https:\/\/www.naturparkmagazin.de\/stechlin\/wp-content\/uploads\/sites\/38\/Gudrun-Lomas.jpg","type":"image\/jpeg"}],"author":"marioschrumpf","twitter_misc":{"Verfasst von":"marioschrumpf","Gesch\u00e4tzte Lesezeit":"1\u00a0Minute"},"schema":{"@context":"https:\/\/schema.org","@graph":[{"@type":"WebPage","@id":"https:\/\/www.naturparkmagazin.de\/stechlin\/gudrun-lomas\/","url":"https:\/\/www.naturparkmagazin.de\/stechlin\/gudrun-lomas\/","name":"Gudrun Lomas - Naturpark Stechlin-Ruppiner Land","isPartOf":{"@id":"https:\/\/www.naturparkmagazin.de\/stechlin\/#website"},"datePublished":"2014-11-19T12:41:45+00:00","dateModified":"2014-11-27T13:09:25+00:00","author":{"@id":"https:\/\/www.naturparkmagazin.de\/stechlin\/#\/schema\/person\/3f0d93203df21c806dd63c76d9bb28bc"},"breadcrumb":{"@id":"https:\/\/www.naturparkmagazin.de\/stechlin\/gudrun-lomas\/#breadcrumb"},"inLanguage":"de","potentialAction":[{"@type":"ReadAction","target":["https:\/\/www.naturparkmagazin.de\/stechlin\/gudrun-lomas\/"]}]},{"@type":"BreadcrumbList","@id":"https:\/\/www.naturparkmagazin.de\/stechlin\/gudrun-lomas\/#breadcrumb","itemListElement":[{"@type":"ListItem","position":1,"name":"Home","item":"https:\/\/www.naturparkmagazin.de\/stechlin\/"},{"@type":"ListItem","position":2,"name":"Gudrun Lomas"}]},{"@type":"WebSite","@id":"https:\/\/www.naturparkmagazin.de\/stechlin\/#website","url":"https:\/\/www.naturparkmagazin.de\/stechlin\/","name":"Naturpark Stechlin-Ruppiner Land","description":"","potentialAction":[{"@type":"SearchAction","target":{"@type":"EntryPoint","urlTemplate":"https:\/\/www.naturparkmagazin.de\/stechlin\/?s={search_term_string}"},"query-input":"required name=search_term_string"}],"inLanguage":"de"},{"@type":"Person","@id":"https:\/\/www.naturparkmagazin.de\/stechlin\/#\/schema\/person\/3f0d93203df21c806dd63c76d9bb28bc","name":"marioschrumpf","url":"https:\/\/www.naturparkmagazin.de\/stechlin\/author\/marioschrumpf\/"}]}},"_links":{"self":[{"href":"https:\/\/www.naturparkmagazin.de\/stechlin\/wp-json\/wp\/v2\/posts\/1556"}],"collection":[{"href":"https:\/\/www.naturparkmagazin.de\/stechlin\/wp-json\/wp\/v2\/posts"}],"about":[{"href":"https:\/\/www.naturparkmagazin.de\/stechlin\/wp-json\/wp\/v2\/types\/post"}],"author":[{"embeddable":true,"href":"https:\/\/www.naturparkmagazin.de\/stechlin\/wp-json\/wp\/v2\/users\/39"}],"replies":[{"embeddable":true,"href":"https:\/\/www.naturparkmagazin.de\/stechlin\/wp-json\/wp\/v2\/comments?post=1556"}],"version-history":[{"count":3,"href":"https:\/\/www.naturparkmagazin.de\/stechlin\/wp-json\/wp\/v2\/posts\/1556\/revisions"}],"predecessor-version":[{"id":1594,"href":"https:\/\/www.naturparkmagazin.de\/stechlin\/wp-json\/wp\/v2\/posts\/1556\/revisions\/1594"}],"wp:featuredmedia":[{"embeddable":true,"href":"https:\/\/www.naturparkmagazin.de\/stechlin\/wp-json\/wp\/v2\/media\/1557"}],"wp:attachment":[{"href":"https:\/\/www.naturparkmagazin.de\/stechlin\/wp-json\/wp\/v2\/media?parent=1556"}],"wp:term":[{"taxonomy":"category","embeddable":true,"href":"https:\/\/www.naturparkmagazin.de\/stechlin\/wp-json\/wp\/v2\/categories?post=1556"},{"taxonomy":"post_tag","embeddable":true,"href":"https:\/\/www.naturparkmagazin.de\/stechlin\/wp-json\/wp\/v2\/tags?post=1556"}],"curies":[{"name":"wp","href":"https:\/\/api.w.org\/{rel}","templated":true}]}}