{"id":1561,"date":"2014-11-19T07:35:03","date_gmt":"2014-11-19T06:35:03","guid":{"rendered":"http:\/\/www.naturparkmagazin.de\/stechlin\/?p=1561"},"modified":"2014-11-27T14:09:49","modified_gmt":"2014-11-27T13:09:49","slug":"dialog-am-stechlin-brachte-wissenschaftler-und-naturschuetzer-zusammen","status":"publish","type":"post","link":"https:\/\/www.naturparkmagazin.de\/stechlin\/dialog-am-stechlin-brachte-wissenschaftler-und-naturschuetzer-zusammen\/","title":{"rendered":"Dialog am Stechlin brachte Wissenschaftler und Natursch\u00fctzer zusammen"},"content":{"rendered":"<div id=\"attachment_1564\" style=\"width: 330px\" class=\"wp-caption alignnone\"><a href=\"https:\/\/www.naturparkmagazin.de\/stechlin\/wp-content\/uploads\/sites\/38\/k-DSC_00043.jpg\"><img aria-describedby=\"caption-attachment-1564\" decoding=\"async\" loading=\"lazy\" class=\"size-full wp-image-1564\" alt=\"Prof. Manfred Stock vom Potsdamer Institut f\u00fcr Klimafolgenforschung referierte \u00fcber den Klimawandel\" src=\"https:\/\/www.naturparkmagazin.de\/stechlin\/wp-content\/uploads\/sites\/38\/k-DSC_00043.jpg\" width=\"320\" height=\"240\" srcset=\"https:\/\/www.naturparkmagazin.de\/stechlin\/wp-content\/uploads\/sites\/38\/k-DSC_00043.jpg 320w, https:\/\/www.naturparkmagazin.de\/stechlin\/wp-content\/uploads\/sites\/38\/k-DSC_00043-300x225.jpg 300w, https:\/\/www.naturparkmagazin.de\/stechlin\/wp-content\/uploads\/sites\/38\/k-DSC_00043-180x135.jpg 180w, https:\/\/www.naturparkmagazin.de\/stechlin\/wp-content\/uploads\/sites\/38\/k-DSC_00043-95x71.jpg 95w, https:\/\/www.naturparkmagazin.de\/stechlin\/wp-content\/uploads\/sites\/38\/k-DSC_00043-200x150.jpg 200w\" sizes=\"(max-width: 320px) 100vw, 320px\" \/><\/a><p id=\"caption-attachment-1564\" class=\"wp-caption-text\">Prof. Manfred Stock vom Potsdamer Institut f\u00fcr Klimafolgenforschung referierte \u00fcber den Klimawandel<\/p><\/div>\n<p>Um Umweltproblemen wie dem Klimawandel oder dem Verlust der Artenvielfalt zu begegnen, braucht es das Engagement aller Beteiligten. Inwieweit die Zusammenarbeit von Akteuren aus Wissenschaft und Naturschutz dazu beitragen kann, dar\u00fcber wurde Ende Oktober beim Dialog am Stechlinsee diskutiert. Die vom Leibniz-Institut f\u00fcr Gew\u00e4sser\u00f6kologie und Binnenfischerei (IGB) in Zusammenarbeit mit dem Naturpark initiierte Veranstaltung richtete sich an Vertreter aus Forschung, Politik und Praxis, aber auch an interessierte B\u00fcrger. Der drohende Verlust bekannter Arten wie Otter und Schellente oder die Auswirkungen des Klimawandels auf Fl\u00fcsse und Seen erregen immer wieder \u00f6ffentliche Aufmerksamkeit. Zahlreiche kleinere Organismen, die ebenso betroffen sind, geraten hingegen oft aus dem Blickfeld. Sie alle sind jedoch untrennbar miteinander verbunden. Die zur\u00fcckliegenden Prozesse sind meist so komplex, dass Schutzma\u00dfnahmen allein nicht immer zum Erfolg f\u00fchren. Um Lebensr\u00e4ume sowie seltene Tier- und Pflanzenarten k\u00fcnftig besser sch\u00fctzen zu k\u00f6nnen, braucht es deshalb ein grundlegendes Verst\u00e4ndnis. Dabei greifen \u00f6kologische Forschung und praktischer Naturschutz immer wieder ineinander.<\/p>\n<p>Anlass genug f\u00fcr die Initiatoren des ersten Dialogs am Stechlinsee, sich dem Thema Naturschutz und wissenschaftliche Forschung &#8211; Perspektiven der Zusammenarbeit anzunehmen. &#8222;<em>Mit der Veranstaltung wollen wir Verst\u00e4ndnis f\u00fcr die Perspektiven des jeweils anderen wecken, Vorbehalte ausr\u00e4umen und Kooperationen f\u00f6rdern, von denen Naturschutz und Wissenschaft profitieren<\/em>!&#8220;, erkl\u00e4rte Dr. Peter Casper, einer der Organisatoren des Dialogs und Wissenschaftler am IGB in Neuglobsow. Neue wissenschaftliche Erkenntnisse k\u00f6nnten beispielsweise dem Naturschutz helfen, bei seiner Arbeit bessere Erfolge zu erzielen. Umgekehrt versprechen sich die Wissenschaftler vom Naturschutz neue Impulse f\u00fcr die Umweltforschung. In jedem Fall w\u00fcrde von der Partnerschaft die Natur profitieren.<\/p>\n<p>Den Auftakt bildete am Abend des 24. Oktobers ein Vortrag\u00a0im Kurt Tucholsky Literaturmuseum im Schloss Rheinsberg. Prof. Manfred Stock vom Potsdamer Institur f\u00fcr Klimafolgenforschung\u00a0sprach \u00fcber den Klimawandel und stellte sich anschlie\u00dfend der \u00f6ffentlichen Diskussion. Der darauffolgende Samstag bot eine Reihe abwechslungsreicher Vortr\u00e4ge im Stechlinsee-Center Neuglobsow. Zu den Referenten geh\u00f6rten u.a. Prof. Karsten Reise vom Alfred-Wegener-Institut auf Sylt, Prof. Vera Luthardt von der Hochschule f\u00fcr nachhaltige Entwicklung Eberswalde, Prof. Josef H. Reichholf von der Technischen Universit\u00e4t M\u00fcnchen und Dr. R\u00fcdiger Mauersberger vom Naturschutzgro\u00dfprojekt Uckerm\u00e4rkische Seen. Auch Wissenschaftler des IGB beteiligten sich aktiv, darunter Prof. Klement Tockner, Direktor des Instituts.<\/p>\n<p>Naturschutz hautnah erleben mit Projektleiter Michael Zauft konnten die Teilnehmer am Sonntag, dem 26. Oktober, bei einer gef\u00fchrten Exkursion in das Gramzow-Seengebiet nahe F\u00fcrstenberg\/Havel, das im EU-Life Projekt Kalkmoore integriert ist.<\/p>\n<p>Mit dem Dialog am Stechlinsee begr\u00fcndete das Leibniz-Institut f\u00fcr Gew\u00e4sser\u00f6kologie und Binnenfischerei eine neue Veranstaltungsreihe, die das traditionelle Stechlin-Forum fortsetzt und den Dialog am M\u00fcggelsee sowie den Dialog am Arendsee erg\u00e4nzt. Allen Veranstaltungen gemein ist das Anliegen, aktuelle Themen aus Wissenschaft und Praxis mit Fachleuten und B\u00fcrgern aus unterschiedlichen Blickwinkeln zu beleuchten.<\/p>\n<p>&nbsp;<\/p>\n<div id=\"attachment_1566\" style=\"width: 330px\" class=\"wp-caption alignnone\"><a href=\"https:\/\/www.naturparkmagazin.de\/stechlin\/wp-content\/uploads\/sites\/38\/k-DSC_00261.jpg\"><img aria-describedby=\"caption-attachment-1566\" decoding=\"async\" loading=\"lazy\" class=\"size-full wp-image-1566\" alt=\"Prof. Mark Gessner, Abteilungsleiter im IGB und Naturparkleiter Dr. Mario Schrumpf unterzeichneten eine Kooperationsvereinbarung\" src=\"https:\/\/www.naturparkmagazin.de\/stechlin\/wp-content\/uploads\/sites\/38\/k-DSC_00261.jpg\" width=\"320\" height=\"240\" srcset=\"https:\/\/www.naturparkmagazin.de\/stechlin\/wp-content\/uploads\/sites\/38\/k-DSC_00261.jpg 320w, https:\/\/www.naturparkmagazin.de\/stechlin\/wp-content\/uploads\/sites\/38\/k-DSC_00261-300x225.jpg 300w, https:\/\/www.naturparkmagazin.de\/stechlin\/wp-content\/uploads\/sites\/38\/k-DSC_00261-180x135.jpg 180w, https:\/\/www.naturparkmagazin.de\/stechlin\/wp-content\/uploads\/sites\/38\/k-DSC_00261-95x71.jpg 95w, https:\/\/www.naturparkmagazin.de\/stechlin\/wp-content\/uploads\/sites\/38\/k-DSC_00261-200x150.jpg 200w\" sizes=\"(max-width: 320px) 100vw, 320px\" \/><\/a><p id=\"caption-attachment-1566\" class=\"wp-caption-text\">Prof. Mark Gessner, Abteilungsleiter im IGB und Naturparkleiter Dr. Mario Schrumpf unterzeichneten eine Kooperationsvereinbarung<\/p><\/div>\n<p>&nbsp;<\/p>\n<p>&nbsp;<\/p>\n","protected":false},"excerpt":{"rendered":"<p>Um Umweltproblemen wie dem Klimawandel oder dem Verlust der Artenvielfalt zu begegnen, braucht es das Engagement aller Beteiligten. <\/p>\n","protected":false},"author":39,"featured_media":1565,"comment_status":"open","ping_status":"open","sticky":false,"template":"","format":"standard","meta":[],"categories":[7],"tags":[],"yoast_head":"<!-- This site is optimized with the Yoast SEO plugin v19.10 - https:\/\/yoast.com\/wordpress\/plugins\/seo\/ -->\n<title>Dialog am Stechlin brachte Wissenschaftler und Natursch\u00fctzer zusammen - Naturpark Stechlin-Ruppiner Land<\/title>\n<meta name=\"robots\" content=\"index, follow, max-snippet:-1, max-image-preview:large, max-video-preview:-1\" \/>\n<link rel=\"canonical\" href=\"https:\/\/www.naturparkmagazin.de\/stechlin\/dialog-am-stechlin-brachte-wissenschaftler-und-naturschuetzer-zusammen\/\" \/>\n<meta property=\"og:locale\" content=\"de_DE\" \/>\n<meta property=\"og:type\" content=\"article\" \/>\n<meta property=\"og:title\" content=\"Dialog am Stechlin brachte Wissenschaftler und Natursch\u00fctzer zusammen - Naturpark Stechlin-Ruppiner Land\" \/>\n<meta property=\"og:description\" content=\"Um Umweltproblemen wie dem Klimawandel oder dem Verlust der Artenvielfalt zu begegnen, braucht es das Engagement aller Beteiligten.\" \/>\n<meta property=\"og:url\" content=\"https:\/\/www.naturparkmagazin.de\/stechlin\/dialog-am-stechlin-brachte-wissenschaftler-und-naturschuetzer-zusammen\/\" \/>\n<meta property=\"og:site_name\" content=\"Naturpark Stechlin-Ruppiner Land\" \/>\n<meta property=\"article:published_time\" content=\"2014-11-19T06:35:03+00:00\" \/>\n<meta property=\"article:modified_time\" content=\"2014-11-27T13:09:49+00:00\" \/>\n<meta property=\"og:image\" content=\"https:\/\/www.naturparkmagazin.de\/stechlin\/wp-content\/uploads\/sites\/38\/k-DSC_0010.jpg\" \/>\n\t<meta property=\"og:image:width\" content=\"320\" \/>\n\t<meta property=\"og:image:height\" content=\"240\" \/>\n\t<meta property=\"og:image:type\" content=\"image\/jpeg\" \/>\n<meta name=\"author\" content=\"marioschrumpf\" \/>\n<meta name=\"twitter:label1\" content=\"Verfasst von\" \/>\n\t<meta name=\"twitter:data1\" content=\"marioschrumpf\" \/>\n\t<meta name=\"twitter:label2\" content=\"Gesch\u00e4tzte Lesezeit\" \/>\n\t<meta name=\"twitter:data2\" content=\"3\u00a0Minuten\" \/>\n<script type=\"application\/ld+json\" class=\"yoast-schema-graph\">{\"@context\":\"https:\/\/schema.org\",\"@graph\":[{\"@type\":\"WebPage\",\"@id\":\"https:\/\/www.naturparkmagazin.de\/stechlin\/dialog-am-stechlin-brachte-wissenschaftler-und-naturschuetzer-zusammen\/\",\"url\":\"https:\/\/www.naturparkmagazin.de\/stechlin\/dialog-am-stechlin-brachte-wissenschaftler-und-naturschuetzer-zusammen\/\",\"name\":\"Dialog am Stechlin brachte Wissenschaftler und Natursch\u00fctzer zusammen - Naturpark Stechlin-Ruppiner Land\",\"isPartOf\":{\"@id\":\"https:\/\/www.naturparkmagazin.de\/stechlin\/#website\"},\"datePublished\":\"2014-11-19T06:35:03+00:00\",\"dateModified\":\"2014-11-27T13:09:49+00:00\",\"author\":{\"@id\":\"https:\/\/www.naturparkmagazin.de\/stechlin\/#\/schema\/person\/3f0d93203df21c806dd63c76d9bb28bc\"},\"breadcrumb\":{\"@id\":\"https:\/\/www.naturparkmagazin.de\/stechlin\/dialog-am-stechlin-brachte-wissenschaftler-und-naturschuetzer-zusammen\/#breadcrumb\"},\"inLanguage\":\"de\",\"potentialAction\":[{\"@type\":\"ReadAction\",\"target\":[\"https:\/\/www.naturparkmagazin.de\/stechlin\/dialog-am-stechlin-brachte-wissenschaftler-und-naturschuetzer-zusammen\/\"]}]},{\"@type\":\"BreadcrumbList\",\"@id\":\"https:\/\/www.naturparkmagazin.de\/stechlin\/dialog-am-stechlin-brachte-wissenschaftler-und-naturschuetzer-zusammen\/#breadcrumb\",\"itemListElement\":[{\"@type\":\"ListItem\",\"position\":1,\"name\":\"Home\",\"item\":\"https:\/\/www.naturparkmagazin.de\/stechlin\/\"},{\"@type\":\"ListItem\",\"position\":2,\"name\":\"Dialog am Stechlin brachte Wissenschaftler und Natursch\u00fctzer zusammen\"}]},{\"@type\":\"WebSite\",\"@id\":\"https:\/\/www.naturparkmagazin.de\/stechlin\/#website\",\"url\":\"https:\/\/www.naturparkmagazin.de\/stechlin\/\",\"name\":\"Naturpark Stechlin-Ruppiner Land\",\"description\":\"\",\"potentialAction\":[{\"@type\":\"SearchAction\",\"target\":{\"@type\":\"EntryPoint\",\"urlTemplate\":\"https:\/\/www.naturparkmagazin.de\/stechlin\/?s={search_term_string}\"},\"query-input\":\"required name=search_term_string\"}],\"inLanguage\":\"de\"},{\"@type\":\"Person\",\"@id\":\"https:\/\/www.naturparkmagazin.de\/stechlin\/#\/schema\/person\/3f0d93203df21c806dd63c76d9bb28bc\",\"name\":\"marioschrumpf\",\"url\":\"https:\/\/www.naturparkmagazin.de\/stechlin\/author\/marioschrumpf\/\"}]}<\/script>\n<!-- \/ Yoast SEO plugin. -->","yoast_head_json":{"title":"Dialog am Stechlin brachte Wissenschaftler und Natursch\u00fctzer zusammen - Naturpark Stechlin-Ruppiner Land","robots":{"index":"index","follow":"follow","max-snippet":"max-snippet:-1","max-image-preview":"max-image-preview:large","max-video-preview":"max-video-preview:-1"},"canonical":"https:\/\/www.naturparkmagazin.de\/stechlin\/dialog-am-stechlin-brachte-wissenschaftler-und-naturschuetzer-zusammen\/","og_locale":"de_DE","og_type":"article","og_title":"Dialog am Stechlin brachte Wissenschaftler und Natursch\u00fctzer zusammen - Naturpark Stechlin-Ruppiner Land","og_description":"Um Umweltproblemen wie dem Klimawandel oder dem Verlust der Artenvielfalt zu begegnen, braucht es das Engagement aller Beteiligten.","og_url":"https:\/\/www.naturparkmagazin.de\/stechlin\/dialog-am-stechlin-brachte-wissenschaftler-und-naturschuetzer-zusammen\/","og_site_name":"Naturpark Stechlin-Ruppiner Land","article_published_time":"2014-11-19T06:35:03+00:00","article_modified_time":"2014-11-27T13:09:49+00:00","og_image":[{"width":320,"height":240,"url":"https:\/\/www.naturparkmagazin.de\/stechlin\/wp-content\/uploads\/sites\/38\/k-DSC_0010.jpg","type":"image\/jpeg"}],"author":"marioschrumpf","twitter_misc":{"Verfasst von":"marioschrumpf","Gesch\u00e4tzte Lesezeit":"3\u00a0Minuten"},"schema":{"@context":"https:\/\/schema.org","@graph":[{"@type":"WebPage","@id":"https:\/\/www.naturparkmagazin.de\/stechlin\/dialog-am-stechlin-brachte-wissenschaftler-und-naturschuetzer-zusammen\/","url":"https:\/\/www.naturparkmagazin.de\/stechlin\/dialog-am-stechlin-brachte-wissenschaftler-und-naturschuetzer-zusammen\/","name":"Dialog am Stechlin brachte Wissenschaftler und Natursch\u00fctzer zusammen - Naturpark Stechlin-Ruppiner Land","isPartOf":{"@id":"https:\/\/www.naturparkmagazin.de\/stechlin\/#website"},"datePublished":"2014-11-19T06:35:03+00:00","dateModified":"2014-11-27T13:09:49+00:00","author":{"@id":"https:\/\/www.naturparkmagazin.de\/stechlin\/#\/schema\/person\/3f0d93203df21c806dd63c76d9bb28bc"},"breadcrumb":{"@id":"https:\/\/www.naturparkmagazin.de\/stechlin\/dialog-am-stechlin-brachte-wissenschaftler-und-naturschuetzer-zusammen\/#breadcrumb"},"inLanguage":"de","potentialAction":[{"@type":"ReadAction","target":["https:\/\/www.naturparkmagazin.de\/stechlin\/dialog-am-stechlin-brachte-wissenschaftler-und-naturschuetzer-zusammen\/"]}]},{"@type":"BreadcrumbList","@id":"https:\/\/www.naturparkmagazin.de\/stechlin\/dialog-am-stechlin-brachte-wissenschaftler-und-naturschuetzer-zusammen\/#breadcrumb","itemListElement":[{"@type":"ListItem","position":1,"name":"Home","item":"https:\/\/www.naturparkmagazin.de\/stechlin\/"},{"@type":"ListItem","position":2,"name":"Dialog am Stechlin brachte Wissenschaftler und Natursch\u00fctzer zusammen"}]},{"@type":"WebSite","@id":"https:\/\/www.naturparkmagazin.de\/stechlin\/#website","url":"https:\/\/www.naturparkmagazin.de\/stechlin\/","name":"Naturpark Stechlin-Ruppiner Land","description":"","potentialAction":[{"@type":"SearchAction","target":{"@type":"EntryPoint","urlTemplate":"https:\/\/www.naturparkmagazin.de\/stechlin\/?s={search_term_string}"},"query-input":"required name=search_term_string"}],"inLanguage":"de"},{"@type":"Person","@id":"https:\/\/www.naturparkmagazin.de\/stechlin\/#\/schema\/person\/3f0d93203df21c806dd63c76d9bb28bc","name":"marioschrumpf","url":"https:\/\/www.naturparkmagazin.de\/stechlin\/author\/marioschrumpf\/"}]}},"_links":{"self":[{"href":"https:\/\/www.naturparkmagazin.de\/stechlin\/wp-json\/wp\/v2\/posts\/1561"}],"collection":[{"href":"https:\/\/www.naturparkmagazin.de\/stechlin\/wp-json\/wp\/v2\/posts"}],"about":[{"href":"https:\/\/www.naturparkmagazin.de\/stechlin\/wp-json\/wp\/v2\/types\/post"}],"author":[{"embeddable":true,"href":"https:\/\/www.naturparkmagazin.de\/stechlin\/wp-json\/wp\/v2\/users\/39"}],"replies":[{"embeddable":true,"href":"https:\/\/www.naturparkmagazin.de\/stechlin\/wp-json\/wp\/v2\/comments?post=1561"}],"version-history":[{"count":6,"href":"https:\/\/www.naturparkmagazin.de\/stechlin\/wp-json\/wp\/v2\/posts\/1561\/revisions"}],"predecessor-version":[{"id":1598,"href":"https:\/\/www.naturparkmagazin.de\/stechlin\/wp-json\/wp\/v2\/posts\/1561\/revisions\/1598"}],"wp:featuredmedia":[{"embeddable":true,"href":"https:\/\/www.naturparkmagazin.de\/stechlin\/wp-json\/wp\/v2\/media\/1565"}],"wp:attachment":[{"href":"https:\/\/www.naturparkmagazin.de\/stechlin\/wp-json\/wp\/v2\/media?parent=1561"}],"wp:term":[{"taxonomy":"category","embeddable":true,"href":"https:\/\/www.naturparkmagazin.de\/stechlin\/wp-json\/wp\/v2\/categories?post=1561"},{"taxonomy":"post_tag","embeddable":true,"href":"https:\/\/www.naturparkmagazin.de\/stechlin\/wp-json\/wp\/v2\/tags?post=1561"}],"curies":[{"name":"wp","href":"https:\/\/api.w.org\/{rel}","templated":true}]}}