{"id":15647,"date":"2024-06-20T15:04:30","date_gmt":"2024-06-20T13:04:30","guid":{"rendered":"https:\/\/www.naturparkmagazin.de\/stechlin\/?p=15647"},"modified":"2024-06-25T10:40:34","modified_gmt":"2024-06-25T08:40:34","slug":"bluehwiesen-in-grosswoltersdorf-menz-und-fuerstenberghavel","status":"publish","type":"post","link":"https:\/\/www.naturparkmagazin.de\/stechlin\/bluehwiesen-in-grosswoltersdorf-menz-und-fuerstenberghavel\/","title":{"rendered":"Bl\u00fchwiesen in Gro\u00dfwoltersdorf; Menz und F\u00fcrstenberg\/Havel"},"content":{"rendered":"<p>Im vergangenen Jahr, als der Rasen <strong>rund um die Kirche in Menz<\/strong> frisch umgepfl\u00fcgt war, fragten sich manche, was das wohl werden solle. So ist das mit einer <strong>Bl\u00fchwiese<\/strong>. Sie beginnt erst einmal mit der Aussaat auf der blanken Erde. Bereits im Sommer stand sie in voller Bl\u00fcte. Und in diesem zweiten Jahr ist die Bl\u00fchwiese kaum noch aus dem Ortsbild wegzudenken. \u00dcberall summt und schwirrt es umher. Das zeigt wie wichtig diese kleinen Oasen f\u00fcr unsere Insektenwelt sind.<\/p>\n<div id=\"attachment_15729\" style=\"width: 510px\" class=\"wp-caption aligncenter\"><a href=\"https:\/\/www.naturparkmagazin.de\/stechlin\/wp-content\/uploads\/sites\/38\/1008.jpg\"><img aria-describedby=\"caption-attachment-15729\" decoding=\"async\" loading=\"lazy\" class=\"wp-image-15729 size-full\" src=\"https:\/\/www.naturparkmagazin.de\/stechlin\/wp-content\/uploads\/sites\/38\/1008.jpg\" alt=\"\" width=\"500\" height=\"300\" srcset=\"https:\/\/www.naturparkmagazin.de\/stechlin\/wp-content\/uploads\/sites\/38\/1008.jpg 500w, https:\/\/www.naturparkmagazin.de\/stechlin\/wp-content\/uploads\/sites\/38\/1008-300x180.jpg 300w, https:\/\/www.naturparkmagazin.de\/stechlin\/wp-content\/uploads\/sites\/38\/1008-200x120.jpg 200w\" sizes=\"(max-width: 500px) 100vw, 500px\" \/><\/a><p id=\"caption-attachment-15729\" class=\"wp-caption-text\">Die Bl\u00fchwiese rund um die Menzer Kirche \u00a9 Stefan Determann \/ KK-OHL<\/p><\/div>\n<p>Die Idee f\u00fcr eine <strong>Bl\u00fchwiese in Gro\u00dfwoltersdorf<\/strong> entstand im Rahmen eines Mittwochsgebetes. Unterst\u00fctzt vom Ortsbeirat wurde bei der Fr\u00fchsjahrsaktion des Dorfes im April ein breiter Streifen hinter der Kirche umgepfl\u00fcgt und in eine Bl\u00fchwiese verwandelt. Jetzt im Juni schwirrenden bereits Insekten \u00fcber die ersten Bl\u00fcten auf der Wiese. Das bringt h\u00f6rbar Leben rund um die Kirche.\nDer Gemeindekirchenrat hat sich \u00fcber die vielseitige Unterst\u00fctzung vom Dorf gefreut.<\/p>\n<div id=\"attachment_15721\" style=\"width: 510px\" class=\"wp-caption aligncenter\"><a href=\"https:\/\/www.naturparkmagazin.de\/stechlin\/wp-content\/uploads\/sites\/38\/DSCN0082.jpg\"><img aria-describedby=\"caption-attachment-15721\" decoding=\"async\" loading=\"lazy\" class=\"wp-image-15721 size-full\" src=\"https:\/\/www.naturparkmagazin.de\/stechlin\/wp-content\/uploads\/sites\/38\/DSCN0082.jpg\" alt=\"\" width=\"500\" height=\"300\" srcset=\"https:\/\/www.naturparkmagazin.de\/stechlin\/wp-content\/uploads\/sites\/38\/DSCN0082.jpg 500w, https:\/\/www.naturparkmagazin.de\/stechlin\/wp-content\/uploads\/sites\/38\/DSCN0082-300x180.jpg 300w, https:\/\/www.naturparkmagazin.de\/stechlin\/wp-content\/uploads\/sites\/38\/DSCN0082-200x120.jpg 200w\" sizes=\"(max-width: 500px) 100vw, 500px\" \/><\/a><p id=\"caption-attachment-15721\" class=\"wp-caption-text\">Viele flei\u00dfige H\u00e4nde bei der Aussaat hinter der Kirche in Gro\u00dfwoltersdorf \u00a9 Stefan Determann \/ KK-OHL<\/p><\/div>\n<p>Als im Mai 2021 in der Uckermark die NABU-Kirche in Neu Temmen eingeweiht wurde stand schon fest: Hier kommt auch eine Bl\u00fchwiese hin. Im dritten Jahr der Bl\u00fcte ist sie satt und dicht gewachsen und Heimat f\u00fcr unz\u00e4hlbare W\u00fcrmer, K\u00e4fer und Insekten geworden. So entsteht unsch\u00e4tzbarer Lebensraum, wo sonst vielerorts nur kurzgeschnittener Rasen in der Sommersonne verbrennt.<\/p>\n<div id=\"attachment_15726\" style=\"width: 510px\" class=\"wp-caption aligncenter\"><a href=\"https:\/\/www.naturparkmagazin.de\/stechlin\/wp-content\/uploads\/sites\/38\/29240520_003.jpg\"><img aria-describedby=\"caption-attachment-15726\" decoding=\"async\" loading=\"lazy\" class=\"wp-image-15726 size-full\" src=\"https:\/\/www.naturparkmagazin.de\/stechlin\/wp-content\/uploads\/sites\/38\/29240520_003.jpg\" alt=\"\" width=\"500\" height=\"300\" srcset=\"https:\/\/www.naturparkmagazin.de\/stechlin\/wp-content\/uploads\/sites\/38\/29240520_003.jpg 500w, https:\/\/www.naturparkmagazin.de\/stechlin\/wp-content\/uploads\/sites\/38\/29240520_003-300x180.jpg 300w, https:\/\/www.naturparkmagazin.de\/stechlin\/wp-content\/uploads\/sites\/38\/29240520_003-200x120.jpg 200w\" sizes=\"(max-width: 500px) 100vw, 500px\" \/><\/a><p id=\"caption-attachment-15726\" class=\"wp-caption-text\">Eine Infotafel informiert \u00fcber die Zusammensetzung der Pflanzengesellschaft auf der Bl\u00fchwiese Neutemmen \u00a9 Stefan Determann \/ KK-OHL<\/p><\/div>\n<p>Sicher gibt es im Kirchenkreis noch viele andere gute Beispiele, wo die Kirchwiesen zum zus\u00e4tzlichen Lebensraum werden. Wer Lust hat, sich mit dem Thema &#8222;<em>Bl\u00fchwiese<\/em>&#8220; intensiver zu befassen, kann sich gern in der Naturparkverwaltung melden.<\/p>\n<div id=\"attachment_15728\" style=\"width: 510px\" class=\"wp-caption aligncenter\"><a href=\"https:\/\/www.naturparkmagazin.de\/stechlin\/wp-content\/uploads\/sites\/38\/20240612_165449.jpg\"><img aria-describedby=\"caption-attachment-15728\" decoding=\"async\" loading=\"lazy\" class=\"wp-image-15728 size-full\" src=\"https:\/\/www.naturparkmagazin.de\/stechlin\/wp-content\/uploads\/sites\/38\/20240612_165449.jpg\" alt=\"\" width=\"500\" height=\"300\" srcset=\"https:\/\/www.naturparkmagazin.de\/stechlin\/wp-content\/uploads\/sites\/38\/20240612_165449.jpg 500w, https:\/\/www.naturparkmagazin.de\/stechlin\/wp-content\/uploads\/sites\/38\/20240612_165449-300x180.jpg 300w, https:\/\/www.naturparkmagazin.de\/stechlin\/wp-content\/uploads\/sites\/38\/20240612_165449-200x120.jpg 200w\" sizes=\"(max-width: 500px) 100vw, 500px\" \/><\/a><p id=\"caption-attachment-15728\" class=\"wp-caption-text\">Herbert Brauer vom Gemeindekirchenrat Gro\u00dfwoltersdorf zeigt stolz die frisch entstandene Bl\u00fchwiese \u00a9 Stefan Determann \/ KK-OHL<\/p><\/div>\n","protected":false},"excerpt":{"rendered":"<p>Das Insektensterben ist in aller Munde. Maja, Willi und ihren Insektenfreunden geht es nicht gut. Bl\u00fchwiesen helfen ihnen, zu \u00fcberleben.<\/p>\n","protected":false},"author":39,"featured_media":7986,"comment_status":"open","ping_status":"open","sticky":false,"template":"","format":"standard","meta":[],"categories":[7],"tags":[],"yoast_head":"<!-- This site is optimized with the Yoast SEO plugin v19.10 - https:\/\/yoast.com\/wordpress\/plugins\/seo\/ -->\n<title>Bl\u00fchwiesen in Gro\u00dfwoltersdorf; Menz und F\u00fcrstenberg\/Havel - Naturpark Stechlin-Ruppiner Land<\/title>\n<meta name=\"robots\" content=\"index, follow, max-snippet:-1, max-image-preview:large, max-video-preview:-1\" \/>\n<link rel=\"canonical\" href=\"https:\/\/www.naturparkmagazin.de\/stechlin\/bluehwiesen-in-grosswoltersdorf-menz-und-fuerstenberghavel\/\" \/>\n<meta property=\"og:locale\" content=\"de_DE\" \/>\n<meta property=\"og:type\" content=\"article\" \/>\n<meta property=\"og:title\" content=\"Bl\u00fchwiesen in Gro\u00dfwoltersdorf; Menz und F\u00fcrstenberg\/Havel - Naturpark Stechlin-Ruppiner Land\" \/>\n<meta property=\"og:description\" content=\"Das Insektensterben ist in aller Munde. Maja, Willi und ihren Insektenfreunden geht es nicht gut. Bl\u00fchwiesen helfen ihnen, zu \u00fcberleben.\" \/>\n<meta property=\"og:url\" content=\"https:\/\/www.naturparkmagazin.de\/stechlin\/bluehwiesen-in-grosswoltersdorf-menz-und-fuerstenberghavel\/\" \/>\n<meta property=\"og:site_name\" content=\"Naturpark Stechlin-Ruppiner Land\" \/>\n<meta property=\"article:published_time\" content=\"2024-06-20T13:04:30+00:00\" \/>\n<meta property=\"article:modified_time\" content=\"2024-06-25T08:40:34+00:00\" \/>\n<meta property=\"og:image\" content=\"https:\/\/www.naturparkmagazin.de\/stechlin\/wp-content\/uploads\/sites\/38\/Biene-auf-Bl\u00fcte_Dirk-Donner.jpg\" \/>\n\t<meta property=\"og:image:width\" content=\"200\" \/>\n\t<meta property=\"og:image:height\" content=\"200\" \/>\n\t<meta property=\"og:image:type\" content=\"image\/jpeg\" \/>\n<meta name=\"author\" content=\"marioschrumpf\" \/>\n<meta name=\"twitter:label1\" content=\"Verfasst von\" \/>\n\t<meta name=\"twitter:data1\" content=\"marioschrumpf\" \/>\n\t<meta name=\"twitter:label2\" content=\"Gesch\u00e4tzte Lesezeit\" \/>\n\t<meta name=\"twitter:data2\" content=\"3\u00a0Minuten\" \/>\n<script type=\"application\/ld+json\" class=\"yoast-schema-graph\">{\"@context\":\"https:\/\/schema.org\",\"@graph\":[{\"@type\":\"WebPage\",\"@id\":\"https:\/\/www.naturparkmagazin.de\/stechlin\/bluehwiesen-in-grosswoltersdorf-menz-und-fuerstenberghavel\/\",\"url\":\"https:\/\/www.naturparkmagazin.de\/stechlin\/bluehwiesen-in-grosswoltersdorf-menz-und-fuerstenberghavel\/\",\"name\":\"Bl\u00fchwiesen in Gro\u00dfwoltersdorf; Menz und F\u00fcrstenberg\/Havel - Naturpark Stechlin-Ruppiner Land\",\"isPartOf\":{\"@id\":\"https:\/\/www.naturparkmagazin.de\/stechlin\/#website\"},\"datePublished\":\"2024-06-20T13:04:30+00:00\",\"dateModified\":\"2024-06-25T08:40:34+00:00\",\"author\":{\"@id\":\"https:\/\/www.naturparkmagazin.de\/stechlin\/#\/schema\/person\/3f0d93203df21c806dd63c76d9bb28bc\"},\"breadcrumb\":{\"@id\":\"https:\/\/www.naturparkmagazin.de\/stechlin\/bluehwiesen-in-grosswoltersdorf-menz-und-fuerstenberghavel\/#breadcrumb\"},\"inLanguage\":\"de\",\"potentialAction\":[{\"@type\":\"ReadAction\",\"target\":[\"https:\/\/www.naturparkmagazin.de\/stechlin\/bluehwiesen-in-grosswoltersdorf-menz-und-fuerstenberghavel\/\"]}]},{\"@type\":\"BreadcrumbList\",\"@id\":\"https:\/\/www.naturparkmagazin.de\/stechlin\/bluehwiesen-in-grosswoltersdorf-menz-und-fuerstenberghavel\/#breadcrumb\",\"itemListElement\":[{\"@type\":\"ListItem\",\"position\":1,\"name\":\"Home\",\"item\":\"https:\/\/www.naturparkmagazin.de\/stechlin\/\"},{\"@type\":\"ListItem\",\"position\":2,\"name\":\"Bl\u00fchwiesen in Gro\u00dfwoltersdorf; Menz und F\u00fcrstenberg\/Havel\"}]},{\"@type\":\"WebSite\",\"@id\":\"https:\/\/www.naturparkmagazin.de\/stechlin\/#website\",\"url\":\"https:\/\/www.naturparkmagazin.de\/stechlin\/\",\"name\":\"Naturpark Stechlin-Ruppiner Land\",\"description\":\"\",\"potentialAction\":[{\"@type\":\"SearchAction\",\"target\":{\"@type\":\"EntryPoint\",\"urlTemplate\":\"https:\/\/www.naturparkmagazin.de\/stechlin\/?s={search_term_string}\"},\"query-input\":\"required name=search_term_string\"}],\"inLanguage\":\"de\"},{\"@type\":\"Person\",\"@id\":\"https:\/\/www.naturparkmagazin.de\/stechlin\/#\/schema\/person\/3f0d93203df21c806dd63c76d9bb28bc\",\"name\":\"marioschrumpf\",\"url\":\"https:\/\/www.naturparkmagazin.de\/stechlin\/author\/marioschrumpf\/\"}]}<\/script>\n<!-- \/ Yoast SEO plugin. -->","yoast_head_json":{"title":"Bl\u00fchwiesen in Gro\u00dfwoltersdorf; Menz und F\u00fcrstenberg\/Havel - Naturpark Stechlin-Ruppiner Land","robots":{"index":"index","follow":"follow","max-snippet":"max-snippet:-1","max-image-preview":"max-image-preview:large","max-video-preview":"max-video-preview:-1"},"canonical":"https:\/\/www.naturparkmagazin.de\/stechlin\/bluehwiesen-in-grosswoltersdorf-menz-und-fuerstenberghavel\/","og_locale":"de_DE","og_type":"article","og_title":"Bl\u00fchwiesen in Gro\u00dfwoltersdorf; Menz und F\u00fcrstenberg\/Havel - Naturpark Stechlin-Ruppiner Land","og_description":"Das Insektensterben ist in aller Munde. Maja, Willi und ihren Insektenfreunden geht es nicht gut. Bl\u00fchwiesen helfen ihnen, zu \u00fcberleben.","og_url":"https:\/\/www.naturparkmagazin.de\/stechlin\/bluehwiesen-in-grosswoltersdorf-menz-und-fuerstenberghavel\/","og_site_name":"Naturpark Stechlin-Ruppiner Land","article_published_time":"2024-06-20T13:04:30+00:00","article_modified_time":"2024-06-25T08:40:34+00:00","og_image":[{"width":200,"height":200,"url":"https:\/\/www.naturparkmagazin.de\/stechlin\/wp-content\/uploads\/sites\/38\/Biene-auf-Bl\u00fcte_Dirk-Donner.jpg","type":"image\/jpeg"}],"author":"marioschrumpf","twitter_misc":{"Verfasst von":"marioschrumpf","Gesch\u00e4tzte Lesezeit":"3\u00a0Minuten"},"schema":{"@context":"https:\/\/schema.org","@graph":[{"@type":"WebPage","@id":"https:\/\/www.naturparkmagazin.de\/stechlin\/bluehwiesen-in-grosswoltersdorf-menz-und-fuerstenberghavel\/","url":"https:\/\/www.naturparkmagazin.de\/stechlin\/bluehwiesen-in-grosswoltersdorf-menz-und-fuerstenberghavel\/","name":"Bl\u00fchwiesen in Gro\u00dfwoltersdorf; Menz und F\u00fcrstenberg\/Havel - Naturpark Stechlin-Ruppiner Land","isPartOf":{"@id":"https:\/\/www.naturparkmagazin.de\/stechlin\/#website"},"datePublished":"2024-06-20T13:04:30+00:00","dateModified":"2024-06-25T08:40:34+00:00","author":{"@id":"https:\/\/www.naturparkmagazin.de\/stechlin\/#\/schema\/person\/3f0d93203df21c806dd63c76d9bb28bc"},"breadcrumb":{"@id":"https:\/\/www.naturparkmagazin.de\/stechlin\/bluehwiesen-in-grosswoltersdorf-menz-und-fuerstenberghavel\/#breadcrumb"},"inLanguage":"de","potentialAction":[{"@type":"ReadAction","target":["https:\/\/www.naturparkmagazin.de\/stechlin\/bluehwiesen-in-grosswoltersdorf-menz-und-fuerstenberghavel\/"]}]},{"@type":"BreadcrumbList","@id":"https:\/\/www.naturparkmagazin.de\/stechlin\/bluehwiesen-in-grosswoltersdorf-menz-und-fuerstenberghavel\/#breadcrumb","itemListElement":[{"@type":"ListItem","position":1,"name":"Home","item":"https:\/\/www.naturparkmagazin.de\/stechlin\/"},{"@type":"ListItem","position":2,"name":"Bl\u00fchwiesen in Gro\u00dfwoltersdorf; Menz und F\u00fcrstenberg\/Havel"}]},{"@type":"WebSite","@id":"https:\/\/www.naturparkmagazin.de\/stechlin\/#website","url":"https:\/\/www.naturparkmagazin.de\/stechlin\/","name":"Naturpark Stechlin-Ruppiner Land","description":"","potentialAction":[{"@type":"SearchAction","target":{"@type":"EntryPoint","urlTemplate":"https:\/\/www.naturparkmagazin.de\/stechlin\/?s={search_term_string}"},"query-input":"required name=search_term_string"}],"inLanguage":"de"},{"@type":"Person","@id":"https:\/\/www.naturparkmagazin.de\/stechlin\/#\/schema\/person\/3f0d93203df21c806dd63c76d9bb28bc","name":"marioschrumpf","url":"https:\/\/www.naturparkmagazin.de\/stechlin\/author\/marioschrumpf\/"}]}},"_links":{"self":[{"href":"https:\/\/www.naturparkmagazin.de\/stechlin\/wp-json\/wp\/v2\/posts\/15647"}],"collection":[{"href":"https:\/\/www.naturparkmagazin.de\/stechlin\/wp-json\/wp\/v2\/posts"}],"about":[{"href":"https:\/\/www.naturparkmagazin.de\/stechlin\/wp-json\/wp\/v2\/types\/post"}],"author":[{"embeddable":true,"href":"https:\/\/www.naturparkmagazin.de\/stechlin\/wp-json\/wp\/v2\/users\/39"}],"replies":[{"embeddable":true,"href":"https:\/\/www.naturparkmagazin.de\/stechlin\/wp-json\/wp\/v2\/comments?post=15647"}],"version-history":[{"count":5,"href":"https:\/\/www.naturparkmagazin.de\/stechlin\/wp-json\/wp\/v2\/posts\/15647\/revisions"}],"predecessor-version":[{"id":15777,"href":"https:\/\/www.naturparkmagazin.de\/stechlin\/wp-json\/wp\/v2\/posts\/15647\/revisions\/15777"}],"wp:featuredmedia":[{"embeddable":true,"href":"https:\/\/www.naturparkmagazin.de\/stechlin\/wp-json\/wp\/v2\/media\/7986"}],"wp:attachment":[{"href":"https:\/\/www.naturparkmagazin.de\/stechlin\/wp-json\/wp\/v2\/media?parent=15647"}],"wp:term":[{"taxonomy":"category","embeddable":true,"href":"https:\/\/www.naturparkmagazin.de\/stechlin\/wp-json\/wp\/v2\/categories?post=15647"},{"taxonomy":"post_tag","embeddable":true,"href":"https:\/\/www.naturparkmagazin.de\/stechlin\/wp-json\/wp\/v2\/tags?post=15647"}],"curies":[{"name":"wp","href":"https:\/\/api.w.org\/{rel}","templated":true}]}}