{"id":15654,"date":"2024-06-20T16:01:48","date_gmt":"2024-06-20T14:01:48","guid":{"rendered":"https:\/\/www.naturparkmagazin.de\/stechlin\/?p=15654"},"modified":"2024-06-21T15:39:28","modified_gmt":"2024-06-21T13:39:28","slug":"fuerstenberger-kino-brueckenschlag-im-juli-2024","status":"publish","type":"post","link":"https:\/\/www.naturparkmagazin.de\/stechlin\/fuerstenberger-kino-brueckenschlag-im-juli-2024\/","title":{"rendered":"F\u00fcrstenberger Kino Br\u00fcckenschlag im Juli 2024"},"content":{"rendered":"<p>Immer <strong>Freitags<\/strong> l\u00e4dt der <strong>Verein Br\u00fcckenschlag e.V.<\/strong> zum gemeinsamen <strong>Kinoabend<\/strong> nach F\u00fcrstenberg\/Havel ein.<\/p>\n<p>Der \u201eBr\u00fcckenschlag F\u00fcrstenberg e. V.\u201c hat seinen Sitz in der <strong>Brandenburger Stra\u00dfe 38<\/strong> in <strong>16798 F\u00fcrstenberg\/Havel<\/strong>.<\/p>\n<p>Emailadresse: info@brueckenschlagfuerstenberg.de\nTelefon: 0172 3227421<\/p>\n<p><strong><em>5.7. um 20.00 Uhr &#8211; <\/em><\/strong><strong>Black Friday for Future<\/strong>\nKom\u00f6die | Frankreich 2023 | 120 Minuten\nRegie: Olivier Nakache\nSp\u00e4testens mit ihrem Kom\u00f6dienhit \u201eZiemlich beste Freunde\u201c eroberten \u00c9ric Toledano und Olivier Nakache die Kinos der Welt und die Herzen des Publikums. Typisch f\u00fcr ihre Filme ist neben der scharfen Beobachtungsgabe, mit der sie soziale und gesellschaftliche Missst\u00e4nde analysieren, ihr positiver Humor, der sich vor allem aus dem Zusammentreffen der genau und mit viel Empathie gezeichneten Charaktere ergibt. Kann man also der Klimakrise auch mit Heiterkeit begegnen? Man kann! Der Film schaffte das mit Leichtigkeit, ohne je belehrend zu wirken. Eine sehr unterhaltsame Sozialkom\u00f6die, in der zwei bis \u00fcber die Ohren verschuldete Franzosen durch Zufall in eine Gruppe militanter Umweltsch\u00fctzer geraten. (nach Programmkino)<\/p>\n<div id=\"attachment_15702\" style=\"width: 310px\" class=\"wp-caption aligncenter\"><a href=\"https:\/\/www.naturparkmagazin.de\/stechlin\/wp-content\/uploads\/sites\/38\/black-friday-for-future.jpg\"><img aria-describedby=\"caption-attachment-15702\" decoding=\"async\" loading=\"lazy\" class=\"size-full wp-image-15702\" src=\"https:\/\/www.naturparkmagazin.de\/stechlin\/wp-content\/uploads\/sites\/38\/black-friday-for-future.jpg\" alt=\"\" width=\"300\" height=\"424\" srcset=\"https:\/\/www.naturparkmagazin.de\/stechlin\/wp-content\/uploads\/sites\/38\/black-friday-for-future.jpg 300w, https:\/\/www.naturparkmagazin.de\/stechlin\/wp-content\/uploads\/sites\/38\/black-friday-for-future-200x283.jpg 200w\" sizes=\"(max-width: 300px) 100vw, 300px\" \/><\/a><p id=\"caption-attachment-15702\" class=\"wp-caption-text\">\u00a9 Br\u00fcckenschlag e.V.<\/p><\/div>\n<p><em><strong>12.7. um 20 Uhr &#8211; <\/strong><\/em><strong>Anselm &#8211; Das Rauschen der Zeit<\/strong>\nDokumentarfilm | Deutschland 2023 | 94 Minuten\nRegie: Wim Wenders\nEin poetischer Blick des Regisseurs Wim Wenders auf die Werke und Gedanken seines Freundes Anselm Kiefer. In einer Mischung aus Spielhandlung, historischen Fernsehaufzeichnungen und Interview-Sequenzen vermittelt der Film einen schlaglichthaften Blick auf den in Deutschland lange Zeit umstrittenen &#8222;Erschaffer&#8220; brachialer Skulpturen und Bilderwelten, die sich mit Krieg, Gewalt und den Nachwirkungen der NS-Zeit besch\u00e4ftigen. In ausgekl\u00fcgelten, mitunter spielerischen Bildern wird eine eher intuitive Ann\u00e4herung gesucht, die sich in der Konfrontation mit den portr\u00e4tierten Werken zur audiovisuell \u00fcberw\u00e4ltigenden Erfahrung verdichtet. (nach filmdienst)<\/p>\n<div id=\"attachment_15701\" style=\"width: 310px\" class=\"wp-caption aligncenter\"><a href=\"https:\/\/www.naturparkmagazin.de\/stechlin\/wp-content\/uploads\/sites\/38\/anselm-kinoplakat.jpg\"><img aria-describedby=\"caption-attachment-15701\" decoding=\"async\" loading=\"lazy\" class=\"size-full wp-image-15701\" src=\"https:\/\/www.naturparkmagazin.de\/stechlin\/wp-content\/uploads\/sites\/38\/anselm-kinoplakat.jpg\" alt=\"\" width=\"300\" height=\"425\" srcset=\"https:\/\/www.naturparkmagazin.de\/stechlin\/wp-content\/uploads\/sites\/38\/anselm-kinoplakat.jpg 300w, https:\/\/www.naturparkmagazin.de\/stechlin\/wp-content\/uploads\/sites\/38\/anselm-kinoplakat-200x283.jpg 200w\" sizes=\"(max-width: 300px) 100vw, 300px\" \/><\/a><p id=\"caption-attachment-15701\" class=\"wp-caption-text\">\u00a9 Br\u00fcckenschlag e.V.<\/p><\/div>\n<p><em><strong>19.7. um 20.00 Uhr &#8211; <\/strong><\/em><strong>Eine Million Minuten<\/strong>\nKom\u00f6die | Deutschland 2024 | 125 Minuten\nRegie: Christopher Doll\nEin Feel-Good-Film wie aus dem Bilderbuch ist diese Verfilmung der wahren Bestseller-Geschichte von Wolf K\u00fcper. Starbesetzt mit Karoline Herfurth, Tom Schilling und Joachim Kr\u00f3l geht es um eine Familie mit zwei Kindern, die mit der Work-Life-Balance k\u00e4mpft, weil der Vater als Mitarbeiter der UN st\u00e4ndig unterwegs und die halbtags besch\u00e4ftigte Mutter am Ende ihrer Kr\u00e4fte ist. Zudem entwickelt sich die Tochter lansamer als andere Kinder.\nWas tun? Mehr Zeit miteinander verbringen. Genauer jene titelgebende Million Minuten also 694 Tage, nimmt sich die Familie eine Auszeit f\u00fcr gemeinsame Reise nach Asien und Island. Ein widerspr\u00fcchliches Unterfangens. Aber es gibt eben Wichtigeres im Leben als die Karriere. (nach Programmkino, filmdienst)<\/p>\n<div id=\"attachment_15703\" style=\"width: 310px\" class=\"wp-caption aligncenter\"><a href=\"https:\/\/www.naturparkmagazin.de\/stechlin\/wp-content\/uploads\/sites\/38\/million-minuten-eine.jpg\"><img aria-describedby=\"caption-attachment-15703\" decoding=\"async\" loading=\"lazy\" class=\"size-full wp-image-15703\" src=\"https:\/\/www.naturparkmagazin.de\/stechlin\/wp-content\/uploads\/sites\/38\/million-minuten-eine.jpg\" alt=\"\" width=\"300\" height=\"424\" srcset=\"https:\/\/www.naturparkmagazin.de\/stechlin\/wp-content\/uploads\/sites\/38\/million-minuten-eine.jpg 300w, https:\/\/www.naturparkmagazin.de\/stechlin\/wp-content\/uploads\/sites\/38\/million-minuten-eine-200x283.jpg 200w\" sizes=\"(max-width: 300px) 100vw, 300px\" \/><\/a><p id=\"caption-attachment-15703\" class=\"wp-caption-text\">\u00a9 Br\u00fcckenschlag e.V.<\/p><\/div>\n<p><em><strong>26.7. um 22.00 Uhr<\/strong><\/em> &#8211; <strong><span style=\"color: #ff0000\">Freiluftkino gemeinsam mit der Gedenkst\u00e4tte Ravensbr\u00fcck im Stadtpark &#8211; Eintritt frei<\/span><\/strong>\n<strong>The Old Oak<\/strong>\nDrama | Frankreich\/Gro\u00dfbritannien\/Belgien 2023 | 113 Minuten\nRegie: Ken Loach\nDas The Old Oak ist ein besonderer Ort: letzte Bastion gegen den seit 30 Jahren fortschreitenden Verfall eines einst florierenden Grubendorfes im Nordosten Englands und Sammelpunkt der sich vom \u201eSystem\u201c verraten f\u00fchlenden Gemeinschaft ehemaliger Minenarbeiter. Wirt TJ Ballantyne kann den Pub gerade so am Laufen, sich selbst dabei aber kaum \u00fcber Wasser halten. Nicht einfacher wird die Lage durch die kritisch be\u00e4ugte Ankunft syrischer Fl\u00fcchtlinge, die in den zahlreichen leerstehenden H\u00e4usern des Dorfes untergebracht werden. Trotz der vielen Anfeindungen entwickelt sich zwischen der jungen Syrerin Yara und dem Kneipenbesitzer eine Art Freundschaft und gemeinsam versuchen sie, das The Old Oak als Treffpunkt f\u00fcr beide Gemeinschaften zu etablieren. (epd-film)\nEin ans Herz gehender Film, der an die wahren Werte der Menschlichkeit erinnert.<\/p>\n<div id=\"attachment_15704\" style=\"width: 310px\" class=\"wp-caption aligncenter\"><a href=\"https:\/\/www.naturparkmagazin.de\/stechlin\/wp-content\/uploads\/sites\/38\/old-oak-the.jpg\"><img aria-describedby=\"caption-attachment-15704\" decoding=\"async\" loading=\"lazy\" class=\"size-full wp-image-15704\" src=\"https:\/\/www.naturparkmagazin.de\/stechlin\/wp-content\/uploads\/sites\/38\/old-oak-the.jpg\" alt=\"\" width=\"300\" height=\"424\" srcset=\"https:\/\/www.naturparkmagazin.de\/stechlin\/wp-content\/uploads\/sites\/38\/old-oak-the.jpg 300w, https:\/\/www.naturparkmagazin.de\/stechlin\/wp-content\/uploads\/sites\/38\/old-oak-the-200x283.jpg 200w\" sizes=\"(max-width: 300px) 100vw, 300px\" \/><\/a><p id=\"caption-attachment-15704\" class=\"wp-caption-text\">\u00a9 Br\u00fcckenschlag e.V.<\/p><\/div>\n<p><a href=\"http:\/\/brueckenschlagfuerstenberg.de\/\">Hier geht es zur Webseite des Vereins!<\/a><\/p>\n","protected":false},"excerpt":{"rendered":"<p>Immer Freitags l\u00e4dt der Verein Br\u00fcckenschlag e.V. zum gemeinsamen Kinoabend nach F\u00fcrstenberg\/Havel ein.<\/p>\n","protected":false},"author":39,"featured_media":12836,"comment_status":"open","ping_status":"open","sticky":false,"template":"","format":"standard","meta":[],"categories":[11],"tags":[],"yoast_head":"<!-- This site is optimized with the Yoast SEO plugin v19.10 - https:\/\/yoast.com\/wordpress\/plugins\/seo\/ -->\n<title>F\u00fcrstenberger Kino Br\u00fcckenschlag im Juli 2024 - Naturpark Stechlin-Ruppiner Land<\/title>\n<meta name=\"robots\" content=\"index, follow, max-snippet:-1, max-image-preview:large, max-video-preview:-1\" \/>\n<link rel=\"canonical\" href=\"https:\/\/www.naturparkmagazin.de\/stechlin\/fuerstenberger-kino-brueckenschlag-im-juli-2024\/\" \/>\n<meta property=\"og:locale\" content=\"de_DE\" \/>\n<meta property=\"og:type\" content=\"article\" \/>\n<meta property=\"og:title\" content=\"F\u00fcrstenberger Kino Br\u00fcckenschlag im Juli 2024 - Naturpark Stechlin-Ruppiner Land\" \/>\n<meta property=\"og:description\" content=\"Immer Freitags l\u00e4dt der Verein Br\u00fcckenschlag e.V. zum gemeinsamen Kinoabend nach F\u00fcrstenberg\/Havel ein.\" \/>\n<meta property=\"og:url\" content=\"https:\/\/www.naturparkmagazin.de\/stechlin\/fuerstenberger-kino-brueckenschlag-im-juli-2024\/\" \/>\n<meta property=\"og:site_name\" content=\"Naturpark Stechlin-Ruppiner Land\" \/>\n<meta property=\"article:published_time\" content=\"2024-06-20T14:01:48+00:00\" \/>\n<meta property=\"article:modified_time\" content=\"2024-06-21T13:39:28+00:00\" \/>\n<meta property=\"og:image\" content=\"https:\/\/www.naturparkmagazin.de\/stechlin\/wp-content\/uploads\/sites\/38\/logo_a1.jpg\" \/>\n\t<meta property=\"og:image:width\" content=\"2362\" \/>\n\t<meta property=\"og:image:height\" content=\"2362\" \/>\n\t<meta property=\"og:image:type\" content=\"image\/jpeg\" \/>\n<meta name=\"author\" content=\"marioschrumpf\" \/>\n<meta name=\"twitter:label1\" content=\"Verfasst von\" \/>\n\t<meta name=\"twitter:data1\" content=\"marioschrumpf\" \/>\n\t<meta name=\"twitter:label2\" content=\"Gesch\u00e4tzte Lesezeit\" \/>\n\t<meta name=\"twitter:data2\" content=\"4\u00a0Minuten\" \/>\n<script type=\"application\/ld+json\" class=\"yoast-schema-graph\">{\"@context\":\"https:\/\/schema.org\",\"@graph\":[{\"@type\":\"WebPage\",\"@id\":\"https:\/\/www.naturparkmagazin.de\/stechlin\/fuerstenberger-kino-brueckenschlag-im-juli-2024\/\",\"url\":\"https:\/\/www.naturparkmagazin.de\/stechlin\/fuerstenberger-kino-brueckenschlag-im-juli-2024\/\",\"name\":\"F\u00fcrstenberger Kino Br\u00fcckenschlag im Juli 2024 - Naturpark Stechlin-Ruppiner Land\",\"isPartOf\":{\"@id\":\"https:\/\/www.naturparkmagazin.de\/stechlin\/#website\"},\"datePublished\":\"2024-06-20T14:01:48+00:00\",\"dateModified\":\"2024-06-21T13:39:28+00:00\",\"author\":{\"@id\":\"https:\/\/www.naturparkmagazin.de\/stechlin\/#\/schema\/person\/3f0d93203df21c806dd63c76d9bb28bc\"},\"breadcrumb\":{\"@id\":\"https:\/\/www.naturparkmagazin.de\/stechlin\/fuerstenberger-kino-brueckenschlag-im-juli-2024\/#breadcrumb\"},\"inLanguage\":\"de\",\"potentialAction\":[{\"@type\":\"ReadAction\",\"target\":[\"https:\/\/www.naturparkmagazin.de\/stechlin\/fuerstenberger-kino-brueckenschlag-im-juli-2024\/\"]}]},{\"@type\":\"BreadcrumbList\",\"@id\":\"https:\/\/www.naturparkmagazin.de\/stechlin\/fuerstenberger-kino-brueckenschlag-im-juli-2024\/#breadcrumb\",\"itemListElement\":[{\"@type\":\"ListItem\",\"position\":1,\"name\":\"Home\",\"item\":\"https:\/\/www.naturparkmagazin.de\/stechlin\/\"},{\"@type\":\"ListItem\",\"position\":2,\"name\":\"F\u00fcrstenberger Kino Br\u00fcckenschlag im Juli 2024\"}]},{\"@type\":\"WebSite\",\"@id\":\"https:\/\/www.naturparkmagazin.de\/stechlin\/#website\",\"url\":\"https:\/\/www.naturparkmagazin.de\/stechlin\/\",\"name\":\"Naturpark Stechlin-Ruppiner Land\",\"description\":\"\",\"potentialAction\":[{\"@type\":\"SearchAction\",\"target\":{\"@type\":\"EntryPoint\",\"urlTemplate\":\"https:\/\/www.naturparkmagazin.de\/stechlin\/?s={search_term_string}\"},\"query-input\":\"required name=search_term_string\"}],\"inLanguage\":\"de\"},{\"@type\":\"Person\",\"@id\":\"https:\/\/www.naturparkmagazin.de\/stechlin\/#\/schema\/person\/3f0d93203df21c806dd63c76d9bb28bc\",\"name\":\"marioschrumpf\",\"url\":\"https:\/\/www.naturparkmagazin.de\/stechlin\/author\/marioschrumpf\/\"}]}<\/script>\n<!-- \/ Yoast SEO plugin. -->","yoast_head_json":{"title":"F\u00fcrstenberger Kino Br\u00fcckenschlag im Juli 2024 - Naturpark Stechlin-Ruppiner Land","robots":{"index":"index","follow":"follow","max-snippet":"max-snippet:-1","max-image-preview":"max-image-preview:large","max-video-preview":"max-video-preview:-1"},"canonical":"https:\/\/www.naturparkmagazin.de\/stechlin\/fuerstenberger-kino-brueckenschlag-im-juli-2024\/","og_locale":"de_DE","og_type":"article","og_title":"F\u00fcrstenberger Kino Br\u00fcckenschlag im Juli 2024 - Naturpark Stechlin-Ruppiner Land","og_description":"Immer Freitags l\u00e4dt der Verein Br\u00fcckenschlag e.V. zum gemeinsamen Kinoabend nach F\u00fcrstenberg\/Havel ein.","og_url":"https:\/\/www.naturparkmagazin.de\/stechlin\/fuerstenberger-kino-brueckenschlag-im-juli-2024\/","og_site_name":"Naturpark Stechlin-Ruppiner Land","article_published_time":"2024-06-20T14:01:48+00:00","article_modified_time":"2024-06-21T13:39:28+00:00","og_image":[{"width":2362,"height":2362,"url":"https:\/\/www.naturparkmagazin.de\/stechlin\/wp-content\/uploads\/sites\/38\/logo_a1.jpg","type":"image\/jpeg"}],"author":"marioschrumpf","twitter_misc":{"Verfasst von":"marioschrumpf","Gesch\u00e4tzte Lesezeit":"4\u00a0Minuten"},"schema":{"@context":"https:\/\/schema.org","@graph":[{"@type":"WebPage","@id":"https:\/\/www.naturparkmagazin.de\/stechlin\/fuerstenberger-kino-brueckenschlag-im-juli-2024\/","url":"https:\/\/www.naturparkmagazin.de\/stechlin\/fuerstenberger-kino-brueckenschlag-im-juli-2024\/","name":"F\u00fcrstenberger Kino Br\u00fcckenschlag im Juli 2024 - Naturpark Stechlin-Ruppiner Land","isPartOf":{"@id":"https:\/\/www.naturparkmagazin.de\/stechlin\/#website"},"datePublished":"2024-06-20T14:01:48+00:00","dateModified":"2024-06-21T13:39:28+00:00","author":{"@id":"https:\/\/www.naturparkmagazin.de\/stechlin\/#\/schema\/person\/3f0d93203df21c806dd63c76d9bb28bc"},"breadcrumb":{"@id":"https:\/\/www.naturparkmagazin.de\/stechlin\/fuerstenberger-kino-brueckenschlag-im-juli-2024\/#breadcrumb"},"inLanguage":"de","potentialAction":[{"@type":"ReadAction","target":["https:\/\/www.naturparkmagazin.de\/stechlin\/fuerstenberger-kino-brueckenschlag-im-juli-2024\/"]}]},{"@type":"BreadcrumbList","@id":"https:\/\/www.naturparkmagazin.de\/stechlin\/fuerstenberger-kino-brueckenschlag-im-juli-2024\/#breadcrumb","itemListElement":[{"@type":"ListItem","position":1,"name":"Home","item":"https:\/\/www.naturparkmagazin.de\/stechlin\/"},{"@type":"ListItem","position":2,"name":"F\u00fcrstenberger Kino Br\u00fcckenschlag im Juli 2024"}]},{"@type":"WebSite","@id":"https:\/\/www.naturparkmagazin.de\/stechlin\/#website","url":"https:\/\/www.naturparkmagazin.de\/stechlin\/","name":"Naturpark Stechlin-Ruppiner Land","description":"","potentialAction":[{"@type":"SearchAction","target":{"@type":"EntryPoint","urlTemplate":"https:\/\/www.naturparkmagazin.de\/stechlin\/?s={search_term_string}"},"query-input":"required name=search_term_string"}],"inLanguage":"de"},{"@type":"Person","@id":"https:\/\/www.naturparkmagazin.de\/stechlin\/#\/schema\/person\/3f0d93203df21c806dd63c76d9bb28bc","name":"marioschrumpf","url":"https:\/\/www.naturparkmagazin.de\/stechlin\/author\/marioschrumpf\/"}]}},"_links":{"self":[{"href":"https:\/\/www.naturparkmagazin.de\/stechlin\/wp-json\/wp\/v2\/posts\/15654"}],"collection":[{"href":"https:\/\/www.naturparkmagazin.de\/stechlin\/wp-json\/wp\/v2\/posts"}],"about":[{"href":"https:\/\/www.naturparkmagazin.de\/stechlin\/wp-json\/wp\/v2\/types\/post"}],"author":[{"embeddable":true,"href":"https:\/\/www.naturparkmagazin.de\/stechlin\/wp-json\/wp\/v2\/users\/39"}],"replies":[{"embeddable":true,"href":"https:\/\/www.naturparkmagazin.de\/stechlin\/wp-json\/wp\/v2\/comments?post=15654"}],"version-history":[{"count":6,"href":"https:\/\/www.naturparkmagazin.de\/stechlin\/wp-json\/wp\/v2\/posts\/15654\/revisions"}],"predecessor-version":[{"id":15762,"href":"https:\/\/www.naturparkmagazin.de\/stechlin\/wp-json\/wp\/v2\/posts\/15654\/revisions\/15762"}],"wp:featuredmedia":[{"embeddable":true,"href":"https:\/\/www.naturparkmagazin.de\/stechlin\/wp-json\/wp\/v2\/media\/12836"}],"wp:attachment":[{"href":"https:\/\/www.naturparkmagazin.de\/stechlin\/wp-json\/wp\/v2\/media?parent=15654"}],"wp:term":[{"taxonomy":"category","embeddable":true,"href":"https:\/\/www.naturparkmagazin.de\/stechlin\/wp-json\/wp\/v2\/categories?post=15654"},{"taxonomy":"post_tag","embeddable":true,"href":"https:\/\/www.naturparkmagazin.de\/stechlin\/wp-json\/wp\/v2\/tags?post=15654"}],"curies":[{"name":"wp","href":"https:\/\/api.w.org\/{rel}","templated":true}]}}