{"id":15662,"date":"2024-06-20T16:05:48","date_gmt":"2024-06-20T14:05:48","guid":{"rendered":"https:\/\/www.naturparkmagazin.de\/stechlin\/?p=15662"},"modified":"2025-05-14T12:01:19","modified_gmt":"2025-05-14T10:01:19","slug":"sommermaerkte-auf-gut-zernikow","status":"publish","type":"post","link":"https:\/\/www.naturparkmagazin.de\/stechlin\/sommermaerkte-auf-gut-zernikow\/","title":{"rendered":"Sommerm\u00e4rkte auf Gut Zernikow (2024)"},"content":{"rendered":"<p>Auf dem Zernikower Gutshof bieten die <strong>sommerlichen M\u00e4rkte<\/strong> Kunsthandwerk, Tr\u00f6del, regionale Produkte und Workshop- Angebote f\u00fcr Kinder.<\/p>\n<div id=\"attachment_15691\" style=\"width: 510px\" class=\"wp-caption aligncenter\"><a href=\"https:\/\/www.naturparkmagazin.de\/stechlin\/wp-content\/uploads\/sites\/38\/Marktsommer-Angebot-II.jpg\"><img aria-describedby=\"caption-attachment-15691\" decoding=\"async\" loading=\"lazy\" class=\"size-full wp-image-15691\" src=\"https:\/\/www.naturparkmagazin.de\/stechlin\/wp-content\/uploads\/sites\/38\/Marktsommer-Angebot-II.jpg\" alt=\"\" width=\"500\" height=\"300\" srcset=\"https:\/\/www.naturparkmagazin.de\/stechlin\/wp-content\/uploads\/sites\/38\/Marktsommer-Angebot-II.jpg 500w, https:\/\/www.naturparkmagazin.de\/stechlin\/wp-content\/uploads\/sites\/38\/Marktsommer-Angebot-II-300x180.jpg 300w, https:\/\/www.naturparkmagazin.de\/stechlin\/wp-content\/uploads\/sites\/38\/Marktsommer-Angebot-II-200x120.jpg 200w\" sizes=\"(max-width: 500px) 100vw, 500px\" \/><\/a><p id=\"caption-attachment-15691\" class=\"wp-caption-text\">Regionale Produkete\u00a9 Anke Nicolai<\/p><\/div>\n<p>Das Bric \u00e0 Brac sorgt mit herzhaften Galettes, s\u00fc\u00dfen Cr\u00eapes, franz\u00f6sischen Tartes und mit einem Grillstand f\u00fcr die Verpflegung, der Gutshof bietet Platz f\u00fcr Spiel und Verweilen.<\/p>\n<p><strong>Der Markt findet an jedem Freitag im Juli und August von 12-17 Uhr statt<\/strong>, veranstaltet von der<span style=\"color: black\"> Cr\u00eaperie Bric \u00e0 Brac. <\/span><\/p>\n<div id=\"attachment_15692\" style=\"width: 510px\" class=\"wp-caption aligncenter\"><a href=\"https:\/\/www.naturparkmagazin.de\/stechlin\/wp-content\/uploads\/sites\/38\/Marktsommer-Zernikow-Termine.jpg\"><img aria-describedby=\"caption-attachment-15692\" decoding=\"async\" loading=\"lazy\" class=\"wp-image-15692 size-full\" src=\"https:\/\/www.naturparkmagazin.de\/stechlin\/wp-content\/uploads\/sites\/38\/Marktsommer-Zernikow-Termine.jpg\" alt=\"\" width=\"500\" height=\"300\" srcset=\"https:\/\/www.naturparkmagazin.de\/stechlin\/wp-content\/uploads\/sites\/38\/Marktsommer-Zernikow-Termine.jpg 500w, https:\/\/www.naturparkmagazin.de\/stechlin\/wp-content\/uploads\/sites\/38\/Marktsommer-Zernikow-Termine-300x180.jpg 300w, https:\/\/www.naturparkmagazin.de\/stechlin\/wp-content\/uploads\/sites\/38\/Marktsommer-Zernikow-Termine-200x120.jpg 200w\" sizes=\"(max-width: 500px) 100vw, 500px\" \/><\/a><p id=\"caption-attachment-15692\" class=\"wp-caption-text\">Termine f\u00fcr das Markttreiben in Zernikow\u00a9 Anke Nicolai<\/p><\/div>\n<p><span style=\"color: black\">N\u00e4heres zu den Workshop-Angeboten unter <a href=\"https:\/\/gut-zernikow.de\/\">www.gut-zernikow.de<\/a>.<\/span><\/p>\n","protected":false},"excerpt":{"rendered":"<p>Auf dem Zernikower Gutshof bieten die sommerlichen M\u00e4rkte Kunsthandwerk, Tr\u00f6del, regionale Produkte und Workshop-Angebote f\u00fcr Kinder.<\/p>\n","protected":false},"author":39,"featured_media":15693,"comment_status":"open","ping_status":"open","sticky":false,"template":"","format":"standard","meta":[],"categories":[11],"tags":[],"yoast_head":"<!-- This site is optimized with the Yoast SEO plugin v19.10 - https:\/\/yoast.com\/wordpress\/plugins\/seo\/ -->\n<title>Sommerm\u00e4rkte auf Gut Zernikow (2024) - Naturpark Stechlin-Ruppiner Land<\/title>\n<meta name=\"robots\" content=\"index, follow, max-snippet:-1, max-image-preview:large, max-video-preview:-1\" \/>\n<link rel=\"canonical\" href=\"https:\/\/www.naturparkmagazin.de\/stechlin\/sommermaerkte-auf-gut-zernikow\/\" \/>\n<meta property=\"og:locale\" content=\"de_DE\" \/>\n<meta property=\"og:type\" content=\"article\" \/>\n<meta property=\"og:title\" content=\"Sommerm\u00e4rkte auf Gut Zernikow (2024) - Naturpark Stechlin-Ruppiner Land\" \/>\n<meta property=\"og:description\" content=\"Auf dem Zernikower Gutshof bieten die sommerlichen M\u00e4rkte Kunsthandwerk, Tr\u00f6del, regionale Produkte und Workshop-Angebote f\u00fcr Kinder.\" \/>\n<meta property=\"og:url\" content=\"https:\/\/www.naturparkmagazin.de\/stechlin\/sommermaerkte-auf-gut-zernikow\/\" \/>\n<meta property=\"og:site_name\" content=\"Naturpark Stechlin-Ruppiner Land\" \/>\n<meta property=\"article:published_time\" content=\"2024-06-20T14:05:48+00:00\" \/>\n<meta property=\"article:modified_time\" content=\"2025-05-14T10:01:19+00:00\" \/>\n<meta property=\"og:image\" content=\"https:\/\/www.naturparkmagazin.de\/stechlin\/wp-content\/uploads\/sites\/38\/Markttreiben-Vorschau.jpg\" \/>\n\t<meta property=\"og:image:width\" content=\"200\" \/>\n\t<meta property=\"og:image:height\" content=\"200\" \/>\n\t<meta property=\"og:image:type\" content=\"image\/jpeg\" \/>\n<meta name=\"author\" content=\"marioschrumpf\" \/>\n<meta name=\"twitter:label1\" content=\"Verfasst von\" \/>\n\t<meta name=\"twitter:data1\" content=\"marioschrumpf\" \/>\n\t<meta name=\"twitter:label2\" content=\"Gesch\u00e4tzte Lesezeit\" \/>\n\t<meta name=\"twitter:data2\" content=\"1\u00a0Minute\" \/>\n<script type=\"application\/ld+json\" class=\"yoast-schema-graph\">{\"@context\":\"https:\/\/schema.org\",\"@graph\":[{\"@type\":\"WebPage\",\"@id\":\"https:\/\/www.naturparkmagazin.de\/stechlin\/sommermaerkte-auf-gut-zernikow\/\",\"url\":\"https:\/\/www.naturparkmagazin.de\/stechlin\/sommermaerkte-auf-gut-zernikow\/\",\"name\":\"Sommerm\u00e4rkte auf Gut Zernikow (2024) - Naturpark Stechlin-Ruppiner Land\",\"isPartOf\":{\"@id\":\"https:\/\/www.naturparkmagazin.de\/stechlin\/#website\"},\"datePublished\":\"2024-06-20T14:05:48+00:00\",\"dateModified\":\"2025-05-14T10:01:19+00:00\",\"author\":{\"@id\":\"https:\/\/www.naturparkmagazin.de\/stechlin\/#\/schema\/person\/3f0d93203df21c806dd63c76d9bb28bc\"},\"breadcrumb\":{\"@id\":\"https:\/\/www.naturparkmagazin.de\/stechlin\/sommermaerkte-auf-gut-zernikow\/#breadcrumb\"},\"inLanguage\":\"de\",\"potentialAction\":[{\"@type\":\"ReadAction\",\"target\":[\"https:\/\/www.naturparkmagazin.de\/stechlin\/sommermaerkte-auf-gut-zernikow\/\"]}]},{\"@type\":\"BreadcrumbList\",\"@id\":\"https:\/\/www.naturparkmagazin.de\/stechlin\/sommermaerkte-auf-gut-zernikow\/#breadcrumb\",\"itemListElement\":[{\"@type\":\"ListItem\",\"position\":1,\"name\":\"Home\",\"item\":\"https:\/\/www.naturparkmagazin.de\/stechlin\/\"},{\"@type\":\"ListItem\",\"position\":2,\"name\":\"Sommerm\u00e4rkte auf Gut Zernikow (2024)\"}]},{\"@type\":\"WebSite\",\"@id\":\"https:\/\/www.naturparkmagazin.de\/stechlin\/#website\",\"url\":\"https:\/\/www.naturparkmagazin.de\/stechlin\/\",\"name\":\"Naturpark Stechlin-Ruppiner Land\",\"description\":\"\",\"potentialAction\":[{\"@type\":\"SearchAction\",\"target\":{\"@type\":\"EntryPoint\",\"urlTemplate\":\"https:\/\/www.naturparkmagazin.de\/stechlin\/?s={search_term_string}\"},\"query-input\":\"required name=search_term_string\"}],\"inLanguage\":\"de\"},{\"@type\":\"Person\",\"@id\":\"https:\/\/www.naturparkmagazin.de\/stechlin\/#\/schema\/person\/3f0d93203df21c806dd63c76d9bb28bc\",\"name\":\"marioschrumpf\",\"url\":\"https:\/\/www.naturparkmagazin.de\/stechlin\/author\/marioschrumpf\/\"}]}<\/script>\n<!-- \/ Yoast SEO plugin. -->","yoast_head_json":{"title":"Sommerm\u00e4rkte auf Gut Zernikow (2024) - Naturpark Stechlin-Ruppiner Land","robots":{"index":"index","follow":"follow","max-snippet":"max-snippet:-1","max-image-preview":"max-image-preview:large","max-video-preview":"max-video-preview:-1"},"canonical":"https:\/\/www.naturparkmagazin.de\/stechlin\/sommermaerkte-auf-gut-zernikow\/","og_locale":"de_DE","og_type":"article","og_title":"Sommerm\u00e4rkte auf Gut Zernikow (2024) - Naturpark Stechlin-Ruppiner Land","og_description":"Auf dem Zernikower Gutshof bieten die sommerlichen M\u00e4rkte Kunsthandwerk, Tr\u00f6del, regionale Produkte und Workshop-Angebote f\u00fcr Kinder.","og_url":"https:\/\/www.naturparkmagazin.de\/stechlin\/sommermaerkte-auf-gut-zernikow\/","og_site_name":"Naturpark Stechlin-Ruppiner Land","article_published_time":"2024-06-20T14:05:48+00:00","article_modified_time":"2025-05-14T10:01:19+00:00","og_image":[{"width":200,"height":200,"url":"https:\/\/www.naturparkmagazin.de\/stechlin\/wp-content\/uploads\/sites\/38\/Markttreiben-Vorschau.jpg","type":"image\/jpeg"}],"author":"marioschrumpf","twitter_misc":{"Verfasst von":"marioschrumpf","Gesch\u00e4tzte Lesezeit":"1\u00a0Minute"},"schema":{"@context":"https:\/\/schema.org","@graph":[{"@type":"WebPage","@id":"https:\/\/www.naturparkmagazin.de\/stechlin\/sommermaerkte-auf-gut-zernikow\/","url":"https:\/\/www.naturparkmagazin.de\/stechlin\/sommermaerkte-auf-gut-zernikow\/","name":"Sommerm\u00e4rkte auf Gut Zernikow (2024) - Naturpark Stechlin-Ruppiner Land","isPartOf":{"@id":"https:\/\/www.naturparkmagazin.de\/stechlin\/#website"},"datePublished":"2024-06-20T14:05:48+00:00","dateModified":"2025-05-14T10:01:19+00:00","author":{"@id":"https:\/\/www.naturparkmagazin.de\/stechlin\/#\/schema\/person\/3f0d93203df21c806dd63c76d9bb28bc"},"breadcrumb":{"@id":"https:\/\/www.naturparkmagazin.de\/stechlin\/sommermaerkte-auf-gut-zernikow\/#breadcrumb"},"inLanguage":"de","potentialAction":[{"@type":"ReadAction","target":["https:\/\/www.naturparkmagazin.de\/stechlin\/sommermaerkte-auf-gut-zernikow\/"]}]},{"@type":"BreadcrumbList","@id":"https:\/\/www.naturparkmagazin.de\/stechlin\/sommermaerkte-auf-gut-zernikow\/#breadcrumb","itemListElement":[{"@type":"ListItem","position":1,"name":"Home","item":"https:\/\/www.naturparkmagazin.de\/stechlin\/"},{"@type":"ListItem","position":2,"name":"Sommerm\u00e4rkte auf Gut Zernikow (2024)"}]},{"@type":"WebSite","@id":"https:\/\/www.naturparkmagazin.de\/stechlin\/#website","url":"https:\/\/www.naturparkmagazin.de\/stechlin\/","name":"Naturpark Stechlin-Ruppiner Land","description":"","potentialAction":[{"@type":"SearchAction","target":{"@type":"EntryPoint","urlTemplate":"https:\/\/www.naturparkmagazin.de\/stechlin\/?s={search_term_string}"},"query-input":"required name=search_term_string"}],"inLanguage":"de"},{"@type":"Person","@id":"https:\/\/www.naturparkmagazin.de\/stechlin\/#\/schema\/person\/3f0d93203df21c806dd63c76d9bb28bc","name":"marioschrumpf","url":"https:\/\/www.naturparkmagazin.de\/stechlin\/author\/marioschrumpf\/"}]}},"_links":{"self":[{"href":"https:\/\/www.naturparkmagazin.de\/stechlin\/wp-json\/wp\/v2\/posts\/15662"}],"collection":[{"href":"https:\/\/www.naturparkmagazin.de\/stechlin\/wp-json\/wp\/v2\/posts"}],"about":[{"href":"https:\/\/www.naturparkmagazin.de\/stechlin\/wp-json\/wp\/v2\/types\/post"}],"author":[{"embeddable":true,"href":"https:\/\/www.naturparkmagazin.de\/stechlin\/wp-json\/wp\/v2\/users\/39"}],"replies":[{"embeddable":true,"href":"https:\/\/www.naturparkmagazin.de\/stechlin\/wp-json\/wp\/v2\/comments?post=15662"}],"version-history":[{"count":6,"href":"https:\/\/www.naturparkmagazin.de\/stechlin\/wp-json\/wp\/v2\/posts\/15662\/revisions"}],"predecessor-version":[{"id":17266,"href":"https:\/\/www.naturparkmagazin.de\/stechlin\/wp-json\/wp\/v2\/posts\/15662\/revisions\/17266"}],"wp:featuredmedia":[{"embeddable":true,"href":"https:\/\/www.naturparkmagazin.de\/stechlin\/wp-json\/wp\/v2\/media\/15693"}],"wp:attachment":[{"href":"https:\/\/www.naturparkmagazin.de\/stechlin\/wp-json\/wp\/v2\/media?parent=15662"}],"wp:term":[{"taxonomy":"category","embeddable":true,"href":"https:\/\/www.naturparkmagazin.de\/stechlin\/wp-json\/wp\/v2\/categories?post=15662"},{"taxonomy":"post_tag","embeddable":true,"href":"https:\/\/www.naturparkmagazin.de\/stechlin\/wp-json\/wp\/v2\/tags?post=15662"}],"curies":[{"name":"wp","href":"https:\/\/api.w.org\/{rel}","templated":true}]}}