{"id":1568,"date":"2014-11-19T07:44:45","date_gmt":"2014-11-19T06:44:45","guid":{"rendered":"http:\/\/www.naturparkmagazin.de\/stechlin\/?p=1568"},"modified":"2014-11-27T14:10:00","modified_gmt":"2014-11-27T13:10:00","slug":"tagung-der-gentechnikfreien-region-stechlin-ruppiner-land-2","status":"publish","type":"post","link":"https:\/\/www.naturparkmagazin.de\/stechlin\/tagung-der-gentechnikfreien-region-stechlin-ruppiner-land-2\/","title":{"rendered":"Tagung der gentechnikfreien Region Stechlin-Ruppiner Land"},"content":{"rendered":"<p><a href=\"https:\/\/www.naturparkmagazin.de\/stechlin\/wp-content\/uploads\/sites\/38\/k-DSC_00044.jpg\"><img decoding=\"async\" loading=\"lazy\" class=\"alignnone size-medium wp-image-1625\" alt=\"NP SRL\/Heiko Strobel\" src=\"https:\/\/www.naturparkmagazin.de\/stechlin\/wp-content\/uploads\/sites\/38\/k-DSC_00044-620x415.jpg\" width=\"620\" height=\"415\" srcset=\"https:\/\/www.naturparkmagazin.de\/stechlin\/wp-content\/uploads\/sites\/38\/k-DSC_00044-620x415.jpg 620w, https:\/\/www.naturparkmagazin.de\/stechlin\/wp-content\/uploads\/sites\/38\/k-DSC_00044-300x201.jpg 300w, https:\/\/www.naturparkmagazin.de\/stechlin\/wp-content\/uploads\/sites\/38\/k-DSC_00044-940x629.jpg 940w, https:\/\/www.naturparkmagazin.de\/stechlin\/wp-content\/uploads\/sites\/38\/k-DSC_00044-670x449.jpg 670w, https:\/\/www.naturparkmagazin.de\/stechlin\/wp-content\/uploads\/sites\/38\/k-DSC_00044-200x134.jpg 200w, https:\/\/www.naturparkmagazin.de\/stechlin\/wp-content\/uploads\/sites\/38\/k-DSC_00044.jpg 1936w\" sizes=\"(max-width: 620px) 100vw, 620px\" \/><\/a><\/p>\n<p>Am 26. November trafen sich Landwirte, Imker, Fischer, Kirchenvertreter und weitere Interessenten der gentechnikfreien Region Stechlin-Ruppiner Land in Menz zu ihrer Tagung.<\/p>\n<p>Aufgrund der positiven Resonanz der letzten Tagung im Januar rund um das Thema regionale Eiwei\u00dfpflanzen wurde das Veranstaltungsformat fortgesetzt. Im ersten Teil der Veranstaltung standen die Auswirkungen des aktuell verhandelten transatlantischen Freihandelsabkommens auf der Tagesordnung. F\u00fchrt die \u00d6ffnung des transatlantischen Handelsraumes zu neuen Arbeitspl\u00e4tzen? Und kann die Einf\u00fchrung von Klonfleisch, gechlorten H\u00fchnchen und neue GVO nach sich ziehen? Ein zweiter Themenbereich zeigte regionale Entwicklungen, Chancen und Zukunftsmodelle f\u00fcr die Landwirtschaft in Brandenburg auf. Zwei Absolventinnen der Hochschule f\u00fcr nachhaltige Entwicklung stellten ihre Ideen f\u00fcr die Neugr\u00fcndung ihrer landwirtschaftlichen Unternehmen vor.<\/p>\n","protected":false},"excerpt":{"rendered":"<p>Am 26. November trafen sich Landwirte, Imker, Fischer, Kirchenvertreter und weitere Interessenten der gentechnikfreien Region Stechlin-Ruppiner Land in Menz zu ihrer Tagung.<\/p>\n","protected":false},"author":39,"featured_media":1466,"comment_status":"open","ping_status":"open","sticky":false,"template":"","format":"standard","meta":[],"categories":[7],"tags":[],"yoast_head":"<!-- This site is optimized with the Yoast SEO plugin v19.10 - https:\/\/yoast.com\/wordpress\/plugins\/seo\/ -->\n<title>Tagung der gentechnikfreien Region Stechlin-Ruppiner Land - Naturpark Stechlin-Ruppiner Land<\/title>\n<meta name=\"robots\" content=\"index, follow, max-snippet:-1, max-image-preview:large, max-video-preview:-1\" \/>\n<link rel=\"canonical\" href=\"https:\/\/www.naturparkmagazin.de\/stechlin\/tagung-der-gentechnikfreien-region-stechlin-ruppiner-land-2\/\" \/>\n<meta property=\"og:locale\" content=\"de_DE\" \/>\n<meta property=\"og:type\" content=\"article\" \/>\n<meta property=\"og:title\" content=\"Tagung der gentechnikfreien Region Stechlin-Ruppiner Land - Naturpark Stechlin-Ruppiner Land\" \/>\n<meta property=\"og:description\" content=\"Am 26. November trafen sich Landwirte, Imker, Fischer, Kirchenvertreter und weitere Interessenten der gentechnikfreien Region Stechlin-Ruppiner Land in Menz zu ihrer Tagung.\" \/>\n<meta property=\"og:url\" content=\"https:\/\/www.naturparkmagazin.de\/stechlin\/tagung-der-gentechnikfreien-region-stechlin-ruppiner-land-2\/\" \/>\n<meta property=\"og:site_name\" content=\"Naturpark Stechlin-Ruppiner Land\" \/>\n<meta property=\"article:published_time\" content=\"2014-11-19T06:44:45+00:00\" \/>\n<meta property=\"article:modified_time\" content=\"2014-11-27T13:10:00+00:00\" \/>\n<meta property=\"og:image\" content=\"https:\/\/www.naturparkmagazin.de\/stechlin\/wp-content\/uploads\/sites\/38\/k-DSC_00141.jpg\" \/>\n\t<meta property=\"og:image:width\" content=\"640\" \/>\n\t<meta property=\"og:image:height\" content=\"480\" \/>\n\t<meta property=\"og:image:type\" content=\"image\/jpeg\" \/>\n<meta name=\"author\" content=\"marioschrumpf\" \/>\n<meta name=\"twitter:label1\" content=\"Verfasst von\" \/>\n\t<meta name=\"twitter:data1\" content=\"marioschrumpf\" \/>\n\t<meta name=\"twitter:label2\" content=\"Gesch\u00e4tzte Lesezeit\" \/>\n\t<meta name=\"twitter:data2\" content=\"1\u00a0Minute\" \/>\n<script type=\"application\/ld+json\" class=\"yoast-schema-graph\">{\"@context\":\"https:\/\/schema.org\",\"@graph\":[{\"@type\":\"WebPage\",\"@id\":\"https:\/\/www.naturparkmagazin.de\/stechlin\/tagung-der-gentechnikfreien-region-stechlin-ruppiner-land-2\/\",\"url\":\"https:\/\/www.naturparkmagazin.de\/stechlin\/tagung-der-gentechnikfreien-region-stechlin-ruppiner-land-2\/\",\"name\":\"Tagung der gentechnikfreien Region Stechlin-Ruppiner Land - Naturpark Stechlin-Ruppiner Land\",\"isPartOf\":{\"@id\":\"https:\/\/www.naturparkmagazin.de\/stechlin\/#website\"},\"datePublished\":\"2014-11-19T06:44:45+00:00\",\"dateModified\":\"2014-11-27T13:10:00+00:00\",\"author\":{\"@id\":\"https:\/\/www.naturparkmagazin.de\/stechlin\/#\/schema\/person\/3f0d93203df21c806dd63c76d9bb28bc\"},\"breadcrumb\":{\"@id\":\"https:\/\/www.naturparkmagazin.de\/stechlin\/tagung-der-gentechnikfreien-region-stechlin-ruppiner-land-2\/#breadcrumb\"},\"inLanguage\":\"de\",\"potentialAction\":[{\"@type\":\"ReadAction\",\"target\":[\"https:\/\/www.naturparkmagazin.de\/stechlin\/tagung-der-gentechnikfreien-region-stechlin-ruppiner-land-2\/\"]}]},{\"@type\":\"BreadcrumbList\",\"@id\":\"https:\/\/www.naturparkmagazin.de\/stechlin\/tagung-der-gentechnikfreien-region-stechlin-ruppiner-land-2\/#breadcrumb\",\"itemListElement\":[{\"@type\":\"ListItem\",\"position\":1,\"name\":\"Home\",\"item\":\"https:\/\/www.naturparkmagazin.de\/stechlin\/\"},{\"@type\":\"ListItem\",\"position\":2,\"name\":\"Tagung der gentechnikfreien Region Stechlin-Ruppiner Land\"}]},{\"@type\":\"WebSite\",\"@id\":\"https:\/\/www.naturparkmagazin.de\/stechlin\/#website\",\"url\":\"https:\/\/www.naturparkmagazin.de\/stechlin\/\",\"name\":\"Naturpark Stechlin-Ruppiner Land\",\"description\":\"\",\"potentialAction\":[{\"@type\":\"SearchAction\",\"target\":{\"@type\":\"EntryPoint\",\"urlTemplate\":\"https:\/\/www.naturparkmagazin.de\/stechlin\/?s={search_term_string}\"},\"query-input\":\"required name=search_term_string\"}],\"inLanguage\":\"de\"},{\"@type\":\"Person\",\"@id\":\"https:\/\/www.naturparkmagazin.de\/stechlin\/#\/schema\/person\/3f0d93203df21c806dd63c76d9bb28bc\",\"name\":\"marioschrumpf\",\"url\":\"https:\/\/www.naturparkmagazin.de\/stechlin\/author\/marioschrumpf\/\"}]}<\/script>\n<!-- \/ Yoast SEO plugin. -->","yoast_head_json":{"title":"Tagung der gentechnikfreien Region Stechlin-Ruppiner Land - Naturpark Stechlin-Ruppiner Land","robots":{"index":"index","follow":"follow","max-snippet":"max-snippet:-1","max-image-preview":"max-image-preview:large","max-video-preview":"max-video-preview:-1"},"canonical":"https:\/\/www.naturparkmagazin.de\/stechlin\/tagung-der-gentechnikfreien-region-stechlin-ruppiner-land-2\/","og_locale":"de_DE","og_type":"article","og_title":"Tagung der gentechnikfreien Region Stechlin-Ruppiner Land - Naturpark Stechlin-Ruppiner Land","og_description":"Am 26. November trafen sich Landwirte, Imker, Fischer, Kirchenvertreter und weitere Interessenten der gentechnikfreien Region Stechlin-Ruppiner Land in Menz zu ihrer Tagung.","og_url":"https:\/\/www.naturparkmagazin.de\/stechlin\/tagung-der-gentechnikfreien-region-stechlin-ruppiner-land-2\/","og_site_name":"Naturpark Stechlin-Ruppiner Land","article_published_time":"2014-11-19T06:44:45+00:00","article_modified_time":"2014-11-27T13:10:00+00:00","og_image":[{"width":640,"height":480,"url":"https:\/\/www.naturparkmagazin.de\/stechlin\/wp-content\/uploads\/sites\/38\/k-DSC_00141.jpg","type":"image\/jpeg"}],"author":"marioschrumpf","twitter_misc":{"Verfasst von":"marioschrumpf","Gesch\u00e4tzte Lesezeit":"1\u00a0Minute"},"schema":{"@context":"https:\/\/schema.org","@graph":[{"@type":"WebPage","@id":"https:\/\/www.naturparkmagazin.de\/stechlin\/tagung-der-gentechnikfreien-region-stechlin-ruppiner-land-2\/","url":"https:\/\/www.naturparkmagazin.de\/stechlin\/tagung-der-gentechnikfreien-region-stechlin-ruppiner-land-2\/","name":"Tagung der gentechnikfreien Region Stechlin-Ruppiner Land - Naturpark Stechlin-Ruppiner Land","isPartOf":{"@id":"https:\/\/www.naturparkmagazin.de\/stechlin\/#website"},"datePublished":"2014-11-19T06:44:45+00:00","dateModified":"2014-11-27T13:10:00+00:00","author":{"@id":"https:\/\/www.naturparkmagazin.de\/stechlin\/#\/schema\/person\/3f0d93203df21c806dd63c76d9bb28bc"},"breadcrumb":{"@id":"https:\/\/www.naturparkmagazin.de\/stechlin\/tagung-der-gentechnikfreien-region-stechlin-ruppiner-land-2\/#breadcrumb"},"inLanguage":"de","potentialAction":[{"@type":"ReadAction","target":["https:\/\/www.naturparkmagazin.de\/stechlin\/tagung-der-gentechnikfreien-region-stechlin-ruppiner-land-2\/"]}]},{"@type":"BreadcrumbList","@id":"https:\/\/www.naturparkmagazin.de\/stechlin\/tagung-der-gentechnikfreien-region-stechlin-ruppiner-land-2\/#breadcrumb","itemListElement":[{"@type":"ListItem","position":1,"name":"Home","item":"https:\/\/www.naturparkmagazin.de\/stechlin\/"},{"@type":"ListItem","position":2,"name":"Tagung der gentechnikfreien Region Stechlin-Ruppiner Land"}]},{"@type":"WebSite","@id":"https:\/\/www.naturparkmagazin.de\/stechlin\/#website","url":"https:\/\/www.naturparkmagazin.de\/stechlin\/","name":"Naturpark Stechlin-Ruppiner Land","description":"","potentialAction":[{"@type":"SearchAction","target":{"@type":"EntryPoint","urlTemplate":"https:\/\/www.naturparkmagazin.de\/stechlin\/?s={search_term_string}"},"query-input":"required name=search_term_string"}],"inLanguage":"de"},{"@type":"Person","@id":"https:\/\/www.naturparkmagazin.de\/stechlin\/#\/schema\/person\/3f0d93203df21c806dd63c76d9bb28bc","name":"marioschrumpf","url":"https:\/\/www.naturparkmagazin.de\/stechlin\/author\/marioschrumpf\/"}]}},"_links":{"self":[{"href":"https:\/\/www.naturparkmagazin.de\/stechlin\/wp-json\/wp\/v2\/posts\/1568"}],"collection":[{"href":"https:\/\/www.naturparkmagazin.de\/stechlin\/wp-json\/wp\/v2\/posts"}],"about":[{"href":"https:\/\/www.naturparkmagazin.de\/stechlin\/wp-json\/wp\/v2\/types\/post"}],"author":[{"embeddable":true,"href":"https:\/\/www.naturparkmagazin.de\/stechlin\/wp-json\/wp\/v2\/users\/39"}],"replies":[{"embeddable":true,"href":"https:\/\/www.naturparkmagazin.de\/stechlin\/wp-json\/wp\/v2\/comments?post=1568"}],"version-history":[{"count":6,"href":"https:\/\/www.naturparkmagazin.de\/stechlin\/wp-json\/wp\/v2\/posts\/1568\/revisions"}],"predecessor-version":[{"id":1630,"href":"https:\/\/www.naturparkmagazin.de\/stechlin\/wp-json\/wp\/v2\/posts\/1568\/revisions\/1630"}],"wp:featuredmedia":[{"embeddable":true,"href":"https:\/\/www.naturparkmagazin.de\/stechlin\/wp-json\/wp\/v2\/media\/1466"}],"wp:attachment":[{"href":"https:\/\/www.naturparkmagazin.de\/stechlin\/wp-json\/wp\/v2\/media?parent=1568"}],"wp:term":[{"taxonomy":"category","embeddable":true,"href":"https:\/\/www.naturparkmagazin.de\/stechlin\/wp-json\/wp\/v2\/categories?post=1568"},{"taxonomy":"post_tag","embeddable":true,"href":"https:\/\/www.naturparkmagazin.de\/stechlin\/wp-json\/wp\/v2\/tags?post=1568"}],"curies":[{"name":"wp","href":"https:\/\/api.w.org\/{rel}","templated":true}]}}