{"id":15840,"date":"2024-07-23T15:01:37","date_gmt":"2024-07-23T13:01:37","guid":{"rendered":"https:\/\/www.naturparkmagazin.de\/stechlin\/?p=15840"},"modified":"2024-07-24T09:58:12","modified_gmt":"2024-07-24T07:58:12","slug":"feldtag-in-kuhlmuehle","status":"publish","type":"post","link":"https:\/\/www.naturparkmagazin.de\/stechlin\/feldtag-in-kuhlmuehle\/","title":{"rendered":"Feldtag in Kuhlm\u00fchle"},"content":{"rendered":"<p>Ein Feldtag f\u00fcr Grenzg\u00e4nger. Denn bei der Veranstaltung am 19. Juli in der Gemarkung Dranse bewegten sich die Veranstalter fast direkt an der Landesgrenze zwischen Brandenburg und Mecklenburg-Vorpommern.<\/p>\n<p>Der <strong>Landschaftspflegeverband (LPV) Prignitz\u2013Ruppiner Land e.V.<\/strong> organisierte diesen Feldtag mit den Kooperationspartnern Naturpark Stechlin\u2013Ruppiner Land und Rheinsberger Preussenquelle. Trotz Hitze und Urlaubssaison folgten Menschen der Einladung: Urlauber:innen, Jagdp\u00e4chter und Einwohner:innen der Region.<\/p>\n<div id=\"attachment_15895\" style=\"width: 510px\" class=\"wp-caption aligncenter\"><a href=\"https:\/\/www.naturparkmagazin.de\/stechlin\/wp-content\/uploads\/sites\/38\/Der-Fund-des-aeusserst-seltenen-Laemmersalat-begeisterte-das-Publikum-beim-Feldtag..jpg\"><img aria-describedby=\"caption-attachment-15895\" decoding=\"async\" loading=\"lazy\" class=\"size-full wp-image-15895\" src=\"https:\/\/www.naturparkmagazin.de\/stechlin\/wp-content\/uploads\/sites\/38\/Der-Fund-des-aeusserst-seltenen-Laemmersalat-begeisterte-das-Publikum-beim-Feldtag..jpg\" alt=\"\" width=\"500\" height=\"300\" srcset=\"https:\/\/www.naturparkmagazin.de\/stechlin\/wp-content\/uploads\/sites\/38\/Der-Fund-des-aeusserst-seltenen-Laemmersalat-begeisterte-das-Publikum-beim-Feldtag..jpg 500w, https:\/\/www.naturparkmagazin.de\/stechlin\/wp-content\/uploads\/sites\/38\/Der-Fund-des-aeusserst-seltenen-Laemmersalat-begeisterte-das-Publikum-beim-Feldtag.-300x180.jpg 300w, https:\/\/www.naturparkmagazin.de\/stechlin\/wp-content\/uploads\/sites\/38\/Der-Fund-des-aeusserst-seltenen-Laemmersalat-begeisterte-das-Publikum-beim-Feldtag.-200x120.jpg 200w\" sizes=\"(max-width: 500px) 100vw, 500px\" \/><\/a><p id=\"caption-attachment-15895\" class=\"wp-caption-text\">Der Fund des \u00e4u\u00dferst seltenen L\u00e4mmersalat begeisterte das Publikum beim Feldtag.\u00a9 Christamaria Ruch<\/p><\/div>\n<p>Im Mittelpunkt standen der Fund von f\u00fcnf Rote-Liste-Arten und die \u00f6kologische Bewirtschaftung der Agrarfl\u00e4chen zwischen Kuhlm\u00fchle und Zempow. Der Feldtag bot den geeigneten Rahmen, das alles \u00f6ffentlichkeitswirksam vorzustellen.<\/p>\n<p><em>\u201eIm Juni wurde hier eine Agrarnaturschutzfl\u00e4che kartiert\u201c<\/em>, sagte LPV-Vorsitzender <strong>Andreas Bergmann<\/strong> zum Auftakt der Veranstaltung. Diese Kartierung geht auf einen Zufallsfund des \u00e4u\u00dferst seltenen L\u00e4mmersalat (<em>Arnoseris minima<\/em>) zur\u00fcck. Der weltweite Verbreitungsschwerpunkt von L\u00e4mmersalat befindet sich in Nordostdeutschland.<\/p>\n<div id=\"attachment_15893\" style=\"width: 510px\" class=\"wp-caption aligncenter\"><a href=\"https:\/\/www.naturparkmagazin.de\/stechlin\/wp-content\/uploads\/sites\/38\/Vortrag-Heiko-Strobel-zu-Vertragsnaturschutz-im-Naturpark-Stechlin-Ruppiner-Land.jpg\"><img aria-describedby=\"caption-attachment-15893\" decoding=\"async\" loading=\"lazy\" class=\"size-full wp-image-15893\" src=\"https:\/\/www.naturparkmagazin.de\/stechlin\/wp-content\/uploads\/sites\/38\/Vortrag-Heiko-Strobel-zu-Vertragsnaturschutz-im-Naturpark-Stechlin-Ruppiner-Land.jpg\" alt=\"\" width=\"500\" height=\"300\" srcset=\"https:\/\/www.naturparkmagazin.de\/stechlin\/wp-content\/uploads\/sites\/38\/Vortrag-Heiko-Strobel-zu-Vertragsnaturschutz-im-Naturpark-Stechlin-Ruppiner-Land.jpg 500w, https:\/\/www.naturparkmagazin.de\/stechlin\/wp-content\/uploads\/sites\/38\/Vortrag-Heiko-Strobel-zu-Vertragsnaturschutz-im-Naturpark-Stechlin-Ruppiner-Land-300x180.jpg 300w, https:\/\/www.naturparkmagazin.de\/stechlin\/wp-content\/uploads\/sites\/38\/Vortrag-Heiko-Strobel-zu-Vertragsnaturschutz-im-Naturpark-Stechlin-Ruppiner-Land-200x120.jpg 200w\" sizes=\"(max-width: 500px) 100vw, 500px\" \/><\/a><p id=\"caption-attachment-15893\" class=\"wp-caption-text\">Vortrag Heiko Strobel zu Vertragsnaturschutz im Naturpark Stechlin-Ruppiner Land\u00a9 Frank Stieldorf<\/p><\/div>\n<p>Im <strong>Naturpark Stechlin-Ruppiner Land<\/strong> ist Heiko Strobel unter anderem f\u00fcr den Vertragsnaturschutz zust\u00e4ndig. Er stellte den Besucherinnen und Besuchern das Schutzgebiet vor. <em>\u201eNaturparke engagieren sich in der Regionalentwicklung. Sie kooperieren mit Kommunen und Landwirten, \u00e4hnlich wie die Landschaftspflegeverb\u00e4nde\u201c<\/em>, sagte <strong>Heiko Strobel<\/strong>. Mit dem Stechlin befindet sich eines der \u00e4ltesten Naturschutzgebiete Deutschlands im Bereich des Naturparks. Zum Kerngebiet des Stechlin geh\u00f6ren wertvolle Klarwasserseen.<\/p>\n<p>Die <strong>Rheinsberger Preu\u00dfenquelle<\/strong> ist ein Bio-Mineralwasserproduzent. Das Unternehmen setzt auf den regionalen Vertrieb in Brandenburg, Berlin und Mecklenburg. <em>\u201eWir brauchen eine gesunde Landschaft, denn Wasser ist \u00fcberall ein Untermieter\u201c<\/em>, sagte Gesch\u00e4ftsf\u00fchrer<strong> Frank Stieldorf<\/strong>. Landwirtschaft und Feldtage wie dieser in der Gemarkung Dranse sind f\u00fcr die Rheinsberger Preu\u00dfenquelle <em>\u201ewichtig, denn damit sensibilisieren wir die Menschen und erkl\u00e4ren vor Ort den \u00f6kologischen Landbau<\/em>\u201c, so Frank Stieldorf.<\/p>\n<div id=\"attachment_15892\" style=\"width: 510px\" class=\"wp-caption aligncenter\"><a href=\"https:\/\/www.naturparkmagazin.de\/stechlin\/wp-content\/uploads\/sites\/38\/Fachgespraeche-beim-Feldtag..jpg\"><img aria-describedby=\"caption-attachment-15892\" decoding=\"async\" loading=\"lazy\" class=\"size-full wp-image-15892\" src=\"https:\/\/www.naturparkmagazin.de\/stechlin\/wp-content\/uploads\/sites\/38\/Fachgespraeche-beim-Feldtag..jpg\" alt=\"\" width=\"500\" height=\"300\" srcset=\"https:\/\/www.naturparkmagazin.de\/stechlin\/wp-content\/uploads\/sites\/38\/Fachgespraeche-beim-Feldtag..jpg 500w, https:\/\/www.naturparkmagazin.de\/stechlin\/wp-content\/uploads\/sites\/38\/Fachgespraeche-beim-Feldtag.-300x180.jpg 300w, https:\/\/www.naturparkmagazin.de\/stechlin\/wp-content\/uploads\/sites\/38\/Fachgespraeche-beim-Feldtag.-200x120.jpg 200w\" sizes=\"(max-width: 500px) 100vw, 500px\" \/><\/a><p id=\"caption-attachment-15892\" class=\"wp-caption-text\">Fachgespr\u00e4che beim Feldtag\u00a9 Christamaria Ruch<\/p><\/div>\n<p><em>\u201eAuch Brachen sind \u00f6kologisch wertvoll\u201c<\/em>, sagte <strong>Andreas Bergmann<\/strong>. Dabei zeigte er auf eine Fl\u00e4che mit Bl\u00fchpflanzen. Stand dort im vergangenen Jahr noch Hafer, bieten die Bl\u00fchpflanzen nun unterschiedlichen Insekten einen Lebensraum. <em>\u201eHier wird Biodiversit\u00e4t gef\u00f6rdert\u201c<\/em>, so Andreas Bergmann.<\/p>\n<p>Auszug aus dem Artikel von Christamaria Ruch.<\/p>\n<p><a href=\"http:\/\/neu.lpv-prignitz-ruppin.de\/nachrichten\/feldtag-in-dranse.html\">Zum kompletten Artikel geht es hier!<\/a><\/p>\n","protected":false},"excerpt":{"rendered":"<p>Ein Feldtag f\u00fcr Grenzg\u00e4nger. Denn bei der Veranstaltung am 19. Juli in der Gemarkung Dranse bewegten sich die Veranstalter direkt an der Landesgrenze zwischen Brandenburg und Mecklenburg-Vorpommern.<\/p>\n","protected":false},"author":39,"featured_media":15891,"comment_status":"open","ping_status":"open","sticky":false,"template":"","format":"standard","meta":[],"categories":[7],"tags":[],"yoast_head":"<!-- This site is optimized with the Yoast SEO plugin v19.10 - https:\/\/yoast.com\/wordpress\/plugins\/seo\/ -->\n<title>Feldtag in Kuhlm\u00fchle - Naturpark Stechlin-Ruppiner Land<\/title>\n<meta name=\"robots\" content=\"index, follow, max-snippet:-1, max-image-preview:large, max-video-preview:-1\" \/>\n<link rel=\"canonical\" href=\"https:\/\/www.naturparkmagazin.de\/stechlin\/feldtag-in-kuhlmuehle\/\" \/>\n<meta property=\"og:locale\" content=\"de_DE\" \/>\n<meta property=\"og:type\" content=\"article\" \/>\n<meta property=\"og:title\" content=\"Feldtag in Kuhlm\u00fchle - Naturpark Stechlin-Ruppiner Land\" \/>\n<meta property=\"og:description\" content=\"Ein Feldtag f\u00fcr Grenzg\u00e4nger. Denn bei der Veranstaltung am 19. Juli in der Gemarkung Dranse bewegten sich die Veranstalter direkt an der Landesgrenze zwischen Brandenburg und Mecklenburg-Vorpommern.\" \/>\n<meta property=\"og:url\" content=\"https:\/\/www.naturparkmagazin.de\/stechlin\/feldtag-in-kuhlmuehle\/\" \/>\n<meta property=\"og:site_name\" content=\"Naturpark Stechlin-Ruppiner Land\" \/>\n<meta property=\"article:published_time\" content=\"2024-07-23T13:01:37+00:00\" \/>\n<meta property=\"article:modified_time\" content=\"2024-07-24T07:58:12+00:00\" \/>\n<meta property=\"og:image\" content=\"https:\/\/www.naturparkmagazin.de\/stechlin\/wp-content\/uploads\/sites\/38\/aufmacher-6.jpg\" \/>\n\t<meta property=\"og:image:width\" content=\"200\" \/>\n\t<meta property=\"og:image:height\" content=\"200\" \/>\n\t<meta property=\"og:image:type\" content=\"image\/jpeg\" \/>\n<meta name=\"author\" content=\"marioschrumpf\" \/>\n<meta name=\"twitter:label1\" content=\"Verfasst von\" \/>\n\t<meta name=\"twitter:data1\" content=\"marioschrumpf\" \/>\n\t<meta name=\"twitter:label2\" content=\"Gesch\u00e4tzte Lesezeit\" \/>\n\t<meta name=\"twitter:data2\" content=\"3\u00a0Minuten\" \/>\n<script type=\"application\/ld+json\" class=\"yoast-schema-graph\">{\"@context\":\"https:\/\/schema.org\",\"@graph\":[{\"@type\":\"WebPage\",\"@id\":\"https:\/\/www.naturparkmagazin.de\/stechlin\/feldtag-in-kuhlmuehle\/\",\"url\":\"https:\/\/www.naturparkmagazin.de\/stechlin\/feldtag-in-kuhlmuehle\/\",\"name\":\"Feldtag in Kuhlm\u00fchle - Naturpark Stechlin-Ruppiner Land\",\"isPartOf\":{\"@id\":\"https:\/\/www.naturparkmagazin.de\/stechlin\/#website\"},\"datePublished\":\"2024-07-23T13:01:37+00:00\",\"dateModified\":\"2024-07-24T07:58:12+00:00\",\"author\":{\"@id\":\"https:\/\/www.naturparkmagazin.de\/stechlin\/#\/schema\/person\/3f0d93203df21c806dd63c76d9bb28bc\"},\"breadcrumb\":{\"@id\":\"https:\/\/www.naturparkmagazin.de\/stechlin\/feldtag-in-kuhlmuehle\/#breadcrumb\"},\"inLanguage\":\"de\",\"potentialAction\":[{\"@type\":\"ReadAction\",\"target\":[\"https:\/\/www.naturparkmagazin.de\/stechlin\/feldtag-in-kuhlmuehle\/\"]}]},{\"@type\":\"BreadcrumbList\",\"@id\":\"https:\/\/www.naturparkmagazin.de\/stechlin\/feldtag-in-kuhlmuehle\/#breadcrumb\",\"itemListElement\":[{\"@type\":\"ListItem\",\"position\":1,\"name\":\"Home\",\"item\":\"https:\/\/www.naturparkmagazin.de\/stechlin\/\"},{\"@type\":\"ListItem\",\"position\":2,\"name\":\"Feldtag in Kuhlm\u00fchle\"}]},{\"@type\":\"WebSite\",\"@id\":\"https:\/\/www.naturparkmagazin.de\/stechlin\/#website\",\"url\":\"https:\/\/www.naturparkmagazin.de\/stechlin\/\",\"name\":\"Naturpark Stechlin-Ruppiner Land\",\"description\":\"\",\"potentialAction\":[{\"@type\":\"SearchAction\",\"target\":{\"@type\":\"EntryPoint\",\"urlTemplate\":\"https:\/\/www.naturparkmagazin.de\/stechlin\/?s={search_term_string}\"},\"query-input\":\"required name=search_term_string\"}],\"inLanguage\":\"de\"},{\"@type\":\"Person\",\"@id\":\"https:\/\/www.naturparkmagazin.de\/stechlin\/#\/schema\/person\/3f0d93203df21c806dd63c76d9bb28bc\",\"name\":\"marioschrumpf\",\"url\":\"https:\/\/www.naturparkmagazin.de\/stechlin\/author\/marioschrumpf\/\"}]}<\/script>\n<!-- \/ Yoast SEO plugin. -->","yoast_head_json":{"title":"Feldtag in Kuhlm\u00fchle - Naturpark Stechlin-Ruppiner Land","robots":{"index":"index","follow":"follow","max-snippet":"max-snippet:-1","max-image-preview":"max-image-preview:large","max-video-preview":"max-video-preview:-1"},"canonical":"https:\/\/www.naturparkmagazin.de\/stechlin\/feldtag-in-kuhlmuehle\/","og_locale":"de_DE","og_type":"article","og_title":"Feldtag in Kuhlm\u00fchle - Naturpark Stechlin-Ruppiner Land","og_description":"Ein Feldtag f\u00fcr Grenzg\u00e4nger. Denn bei der Veranstaltung am 19. Juli in der Gemarkung Dranse bewegten sich die Veranstalter direkt an der Landesgrenze zwischen Brandenburg und Mecklenburg-Vorpommern.","og_url":"https:\/\/www.naturparkmagazin.de\/stechlin\/feldtag-in-kuhlmuehle\/","og_site_name":"Naturpark Stechlin-Ruppiner Land","article_published_time":"2024-07-23T13:01:37+00:00","article_modified_time":"2024-07-24T07:58:12+00:00","og_image":[{"width":200,"height":200,"url":"https:\/\/www.naturparkmagazin.de\/stechlin\/wp-content\/uploads\/sites\/38\/aufmacher-6.jpg","type":"image\/jpeg"}],"author":"marioschrumpf","twitter_misc":{"Verfasst von":"marioschrumpf","Gesch\u00e4tzte Lesezeit":"3\u00a0Minuten"},"schema":{"@context":"https:\/\/schema.org","@graph":[{"@type":"WebPage","@id":"https:\/\/www.naturparkmagazin.de\/stechlin\/feldtag-in-kuhlmuehle\/","url":"https:\/\/www.naturparkmagazin.de\/stechlin\/feldtag-in-kuhlmuehle\/","name":"Feldtag in Kuhlm\u00fchle - Naturpark Stechlin-Ruppiner Land","isPartOf":{"@id":"https:\/\/www.naturparkmagazin.de\/stechlin\/#website"},"datePublished":"2024-07-23T13:01:37+00:00","dateModified":"2024-07-24T07:58:12+00:00","author":{"@id":"https:\/\/www.naturparkmagazin.de\/stechlin\/#\/schema\/person\/3f0d93203df21c806dd63c76d9bb28bc"},"breadcrumb":{"@id":"https:\/\/www.naturparkmagazin.de\/stechlin\/feldtag-in-kuhlmuehle\/#breadcrumb"},"inLanguage":"de","potentialAction":[{"@type":"ReadAction","target":["https:\/\/www.naturparkmagazin.de\/stechlin\/feldtag-in-kuhlmuehle\/"]}]},{"@type":"BreadcrumbList","@id":"https:\/\/www.naturparkmagazin.de\/stechlin\/feldtag-in-kuhlmuehle\/#breadcrumb","itemListElement":[{"@type":"ListItem","position":1,"name":"Home","item":"https:\/\/www.naturparkmagazin.de\/stechlin\/"},{"@type":"ListItem","position":2,"name":"Feldtag in Kuhlm\u00fchle"}]},{"@type":"WebSite","@id":"https:\/\/www.naturparkmagazin.de\/stechlin\/#website","url":"https:\/\/www.naturparkmagazin.de\/stechlin\/","name":"Naturpark Stechlin-Ruppiner Land","description":"","potentialAction":[{"@type":"SearchAction","target":{"@type":"EntryPoint","urlTemplate":"https:\/\/www.naturparkmagazin.de\/stechlin\/?s={search_term_string}"},"query-input":"required name=search_term_string"}],"inLanguage":"de"},{"@type":"Person","@id":"https:\/\/www.naturparkmagazin.de\/stechlin\/#\/schema\/person\/3f0d93203df21c806dd63c76d9bb28bc","name":"marioschrumpf","url":"https:\/\/www.naturparkmagazin.de\/stechlin\/author\/marioschrumpf\/"}]}},"_links":{"self":[{"href":"https:\/\/www.naturparkmagazin.de\/stechlin\/wp-json\/wp\/v2\/posts\/15840"}],"collection":[{"href":"https:\/\/www.naturparkmagazin.de\/stechlin\/wp-json\/wp\/v2\/posts"}],"about":[{"href":"https:\/\/www.naturparkmagazin.de\/stechlin\/wp-json\/wp\/v2\/types\/post"}],"author":[{"embeddable":true,"href":"https:\/\/www.naturparkmagazin.de\/stechlin\/wp-json\/wp\/v2\/users\/39"}],"replies":[{"embeddable":true,"href":"https:\/\/www.naturparkmagazin.de\/stechlin\/wp-json\/wp\/v2\/comments?post=15840"}],"version-history":[{"count":10,"href":"https:\/\/www.naturparkmagazin.de\/stechlin\/wp-json\/wp\/v2\/posts\/15840\/revisions"}],"predecessor-version":[{"id":15951,"href":"https:\/\/www.naturparkmagazin.de\/stechlin\/wp-json\/wp\/v2\/posts\/15840\/revisions\/15951"}],"wp:featuredmedia":[{"embeddable":true,"href":"https:\/\/www.naturparkmagazin.de\/stechlin\/wp-json\/wp\/v2\/media\/15891"}],"wp:attachment":[{"href":"https:\/\/www.naturparkmagazin.de\/stechlin\/wp-json\/wp\/v2\/media?parent=15840"}],"wp:term":[{"taxonomy":"category","embeddable":true,"href":"https:\/\/www.naturparkmagazin.de\/stechlin\/wp-json\/wp\/v2\/categories?post=15840"},{"taxonomy":"post_tag","embeddable":true,"href":"https:\/\/www.naturparkmagazin.de\/stechlin\/wp-json\/wp\/v2\/tags?post=15840"}],"curies":[{"name":"wp","href":"https:\/\/api.w.org\/{rel}","templated":true}]}}