{"id":15842,"date":"2024-07-23T15:04:23","date_gmt":"2024-07-23T13:04:23","guid":{"rendered":"https:\/\/www.naturparkmagazin.de\/stechlin\/?p=15842"},"modified":"2025-01-24T10:16:09","modified_gmt":"2025-01-24T09:16:09","slug":"rueckblick-auf-das-28-menzer-waldfest","status":"publish","type":"post","link":"https:\/\/www.naturparkmagazin.de\/stechlin\/rueckblick-auf-das-28-menzer-waldfest\/","title":{"rendered":"R\u00fcckblick auf das 28. Menzer Waldfest (2024)"},"content":{"rendered":"<p>Mehr als 2.000 Besucher:innen haben sich das diesj\u00e4hrige Menzer Waldfest nicht entgehen lassen.<\/p>\n<p>Traditionell startete die Veranstaltung Freitag Abend mit einem <strong>Vortrag in der Dorfkirche<\/strong>. Die Multivisionsshow von <strong>Michael Feierabend<\/strong> stand unter dem Titel <em>\u201eKlarwasserseen und Moore\u201c<\/em>. Anschlie\u00dfend stimmten sich die Menzer und ihre G\u00e4ste am Lagerfeuer am Roofensee bei Livemusik von Paul Davis und Friends auf das Festwochenende ein.<\/p>\n<div id=\"attachment_15878\" style=\"width: 510px\" class=\"wp-caption aligncenter\"><a href=\"https:\/\/www.naturparkmagazin.de\/stechlin\/wp-content\/uploads\/sites\/38\/Eroeffnung-durch-die-Jagdhornblaeser.jpg\"><img aria-describedby=\"caption-attachment-15878\" decoding=\"async\" loading=\"lazy\" class=\"size-full wp-image-15878\" src=\"https:\/\/www.naturparkmagazin.de\/stechlin\/wp-content\/uploads\/sites\/38\/Eroeffnung-durch-die-Jagdhornblaeser.jpg\" alt=\"\" width=\"500\" height=\"300\" srcset=\"https:\/\/www.naturparkmagazin.de\/stechlin\/wp-content\/uploads\/sites\/38\/Eroeffnung-durch-die-Jagdhornblaeser.jpg 500w, https:\/\/www.naturparkmagazin.de\/stechlin\/wp-content\/uploads\/sites\/38\/Eroeffnung-durch-die-Jagdhornblaeser-300x180.jpg 300w, https:\/\/www.naturparkmagazin.de\/stechlin\/wp-content\/uploads\/sites\/38\/Eroeffnung-durch-die-Jagdhornblaeser-200x120.jpg 200w\" sizes=\"(max-width: 500px) 100vw, 500px\" \/><\/a><p id=\"caption-attachment-15878\" class=\"wp-caption-text\">Er\u00f6ffnung durch die Jagdhornbl\u00e4ser\u00a9 Dr. Mario Schrumpf<\/p><\/div>\n<p>Der Samstag stand ganz im Zeichen des traditionellen <strong>Waldmarktes<\/strong>. Bei bestem Wetter flanierten die G\u00e4ste entlang der vielf\u00e4ltigen St\u00e4nde auf dem Friedensplatz unter den schattenspendenden Linden. Carla Kniestedt moderierte das bunte B\u00fchnenprogramm.<\/p>\n<div id=\"attachment_15880\" style=\"width: 510px\" class=\"wp-caption aligncenter\"><a href=\"https:\/\/www.naturparkmagazin.de\/stechlin\/wp-content\/uploads\/sites\/38\/Moderatorin-Carla-Kniestedt-im-Interview-mit-dem-Chef-der-Menzer-Feuerwehr.jpg\"><img aria-describedby=\"caption-attachment-15880\" decoding=\"async\" loading=\"lazy\" class=\"size-full wp-image-15880\" src=\"https:\/\/www.naturparkmagazin.de\/stechlin\/wp-content\/uploads\/sites\/38\/Moderatorin-Carla-Kniestedt-im-Interview-mit-dem-Chef-der-Menzer-Feuerwehr.jpg\" alt=\"\" width=\"500\" height=\"300\" srcset=\"https:\/\/www.naturparkmagazin.de\/stechlin\/wp-content\/uploads\/sites\/38\/Moderatorin-Carla-Kniestedt-im-Interview-mit-dem-Chef-der-Menzer-Feuerwehr.jpg 500w, https:\/\/www.naturparkmagazin.de\/stechlin\/wp-content\/uploads\/sites\/38\/Moderatorin-Carla-Kniestedt-im-Interview-mit-dem-Chef-der-Menzer-Feuerwehr-300x180.jpg 300w, https:\/\/www.naturparkmagazin.de\/stechlin\/wp-content\/uploads\/sites\/38\/Moderatorin-Carla-Kniestedt-im-Interview-mit-dem-Chef-der-Menzer-Feuerwehr-200x120.jpg 200w\" sizes=\"(max-width: 500px) 100vw, 500px\" \/><\/a><p id=\"caption-attachment-15880\" class=\"wp-caption-text\">Moderatorin Carla Kniestedt im Interview mit dem Chef der Menzer Feuerwehr\u00a9 Dr. Mario Schrumpf<\/p><\/div>\n<p>Die Startpl\u00e4tze f\u00fcr den Triathlon <strong>\u201eIron Menz\u201c<\/strong> waren wieder hei\u00df begehrt. Schwimmen im Roofensee, Radfahren und Laufen standen auf dem Programm.<\/p>\n<div id=\"attachment_15879\" style=\"width: 510px\" class=\"wp-caption aligncenter\"><a href=\"https:\/\/www.naturparkmagazin.de\/stechlin\/wp-content\/uploads\/sites\/38\/Grosser-Andrang-an-der-Startplatzvergabe-fuer-den-Iron-Menz.jpg\"><img aria-describedby=\"caption-attachment-15879\" decoding=\"async\" loading=\"lazy\" class=\"size-full wp-image-15879\" src=\"https:\/\/www.naturparkmagazin.de\/stechlin\/wp-content\/uploads\/sites\/38\/Grosser-Andrang-an-der-Startplatzvergabe-fuer-den-Iron-Menz.jpg\" alt=\"\" width=\"500\" height=\"300\" srcset=\"https:\/\/www.naturparkmagazin.de\/stechlin\/wp-content\/uploads\/sites\/38\/Grosser-Andrang-an-der-Startplatzvergabe-fuer-den-Iron-Menz.jpg 500w, https:\/\/www.naturparkmagazin.de\/stechlin\/wp-content\/uploads\/sites\/38\/Grosser-Andrang-an-der-Startplatzvergabe-fuer-den-Iron-Menz-300x180.jpg 300w, https:\/\/www.naturparkmagazin.de\/stechlin\/wp-content\/uploads\/sites\/38\/Grosser-Andrang-an-der-Startplatzvergabe-fuer-den-Iron-Menz-200x120.jpg 200w\" sizes=\"(max-width: 500px) 100vw, 500px\" \/><\/a><p id=\"caption-attachment-15879\" class=\"wp-caption-text\">Gro\u00dfer Andrang an der Startplatzvergabe f\u00fcr den Iron Menz\u00a9 Dr. Mario Schrumpf<\/p><\/div>\n<div id=\"attachment_15881\" style=\"width: 510px\" class=\"wp-caption aligncenter\"><a href=\"https:\/\/www.naturparkmagazin.de\/stechlin\/wp-content\/uploads\/sites\/38\/Siegerehrung-fuer-die-juengsten-Teilnehmer-am-Iron-Menz.jpg\"><img aria-describedby=\"caption-attachment-15881\" decoding=\"async\" loading=\"lazy\" class=\"size-full wp-image-15881\" src=\"https:\/\/www.naturparkmagazin.de\/stechlin\/wp-content\/uploads\/sites\/38\/Siegerehrung-fuer-die-juengsten-Teilnehmer-am-Iron-Menz.jpg\" alt=\"\" width=\"500\" height=\"300\" srcset=\"https:\/\/www.naturparkmagazin.de\/stechlin\/wp-content\/uploads\/sites\/38\/Siegerehrung-fuer-die-juengsten-Teilnehmer-am-Iron-Menz.jpg 500w, https:\/\/www.naturparkmagazin.de\/stechlin\/wp-content\/uploads\/sites\/38\/Siegerehrung-fuer-die-juengsten-Teilnehmer-am-Iron-Menz-300x180.jpg 300w, https:\/\/www.naturparkmagazin.de\/stechlin\/wp-content\/uploads\/sites\/38\/Siegerehrung-fuer-die-juengsten-Teilnehmer-am-Iron-Menz-200x120.jpg 200w\" sizes=\"(max-width: 500px) 100vw, 500px\" \/><\/a><p id=\"caption-attachment-15881\" class=\"wp-caption-text\">Siegerehrung f\u00fcr die j\u00fcngsten Teilnehmer am Iron Menz\u00a9 Dr. Mario Schrumpf<\/p><\/div>\n<div id=\"attachment_15876\" style=\"width: 510px\" class=\"wp-caption aligncenter\"><a href=\"https:\/\/www.naturparkmagazin.de\/stechlin\/wp-content\/uploads\/sites\/38\/Der-Schrotsaegenwettbewerb-hatte-viele-Teilnehmer.jpg\"><img aria-describedby=\"caption-attachment-15876\" decoding=\"async\" loading=\"lazy\" class=\"size-full wp-image-15876\" src=\"https:\/\/www.naturparkmagazin.de\/stechlin\/wp-content\/uploads\/sites\/38\/Der-Schrotsaegenwettbewerb-hatte-viele-Teilnehmer.jpg\" alt=\"\" width=\"500\" height=\"300\" srcset=\"https:\/\/www.naturparkmagazin.de\/stechlin\/wp-content\/uploads\/sites\/38\/Der-Schrotsaegenwettbewerb-hatte-viele-Teilnehmer.jpg 500w, https:\/\/www.naturparkmagazin.de\/stechlin\/wp-content\/uploads\/sites\/38\/Der-Schrotsaegenwettbewerb-hatte-viele-Teilnehmer-300x180.jpg 300w, https:\/\/www.naturparkmagazin.de\/stechlin\/wp-content\/uploads\/sites\/38\/Der-Schrotsaegenwettbewerb-hatte-viele-Teilnehmer-200x120.jpg 200w\" sizes=\"(max-width: 500px) 100vw, 500px\" \/><\/a><p id=\"caption-attachment-15876\" class=\"wp-caption-text\">Der Schrots\u00e4genwettbewerb hatte viele Teilnehmer\u00a9 Dr. Mario Schrumpf<\/p><\/div>\n<div id=\"attachment_15877\" style=\"width: 510px\" class=\"wp-caption aligncenter\"><a href=\"https:\/\/www.naturparkmagazin.de\/stechlin\/wp-content\/uploads\/sites\/38\/Die-Juengsten-beim-Basteln-mit-Naturmaterialien-im-Kinderforstamt-Eichkater.jpg\"><img aria-describedby=\"caption-attachment-15877\" decoding=\"async\" loading=\"lazy\" class=\"size-full wp-image-15877\" src=\"https:\/\/www.naturparkmagazin.de\/stechlin\/wp-content\/uploads\/sites\/38\/Die-Juengsten-beim-Basteln-mit-Naturmaterialien-im-Kinderforstamt-Eichkater.jpg\" alt=\"\" width=\"500\" height=\"300\" srcset=\"https:\/\/www.naturparkmagazin.de\/stechlin\/wp-content\/uploads\/sites\/38\/Die-Juengsten-beim-Basteln-mit-Naturmaterialien-im-Kinderforstamt-Eichkater.jpg 500w, https:\/\/www.naturparkmagazin.de\/stechlin\/wp-content\/uploads\/sites\/38\/Die-Juengsten-beim-Basteln-mit-Naturmaterialien-im-Kinderforstamt-Eichkater-300x180.jpg 300w, https:\/\/www.naturparkmagazin.de\/stechlin\/wp-content\/uploads\/sites\/38\/Die-Juengsten-beim-Basteln-mit-Naturmaterialien-im-Kinderforstamt-Eichkater-200x120.jpg 200w\" sizes=\"(max-width: 500px) 100vw, 500px\" \/><\/a><p id=\"caption-attachment-15877\" class=\"wp-caption-text\">Die J\u00fcngsten beim Basteln mit Naturmaterialien im Kinderforstamt Eichkater\u00a9 Dr. Mario Schrumpf<\/p><\/div>\n<div id=\"attachment_15875\" style=\"width: 310px\" class=\"wp-caption aligncenter\"><a href=\"https:\/\/www.naturparkmagazin.de\/stechlin\/wp-content\/uploads\/sites\/38\/Beim-Kistenklettern-war-Geschicklichkeit-gefragt.jpg\"><img aria-describedby=\"caption-attachment-15875\" decoding=\"async\" loading=\"lazy\" class=\"size-full wp-image-15875\" src=\"https:\/\/www.naturparkmagazin.de\/stechlin\/wp-content\/uploads\/sites\/38\/Beim-Kistenklettern-war-Geschicklichkeit-gefragt.jpg\" alt=\"\" width=\"300\" height=\"500\" srcset=\"https:\/\/www.naturparkmagazin.de\/stechlin\/wp-content\/uploads\/sites\/38\/Beim-Kistenklettern-war-Geschicklichkeit-gefragt.jpg 300w, https:\/\/www.naturparkmagazin.de\/stechlin\/wp-content\/uploads\/sites\/38\/Beim-Kistenklettern-war-Geschicklichkeit-gefragt-200x333.jpg 200w\" sizes=\"(max-width: 300px) 100vw, 300px\" \/><\/a><p id=\"caption-attachment-15875\" class=\"wp-caption-text\">Beim Kistenklettern war Geschicklichkeit gefragt\u00a9 Dr. Mario Schrumpf<\/p><\/div>\n<p>Der Sonntag begann mit einer <strong>Waldandacht auf dem Wallberg<\/strong> mit Pfarrer Jens Jacobi. Danach gingen die Wanderer mit F\u00f6rster Wolfgang L\u00fctzow auf <strong>Tour ins Naturschutzgebiet Stechlin<\/strong>.\nDas Waldfest klang am Sonntag Nachmittag mit einem <strong>Konzert mit dem Pippo Miller Duo in der Menzer Kirche<\/strong> aus.<\/p>\n<p>Ein herzliches <strong>Dankesch\u00f6n<\/strong> an die vielen flei\u00dfigen ehrenamtlichen Helfer, die bereits seit Monaten vor und hinter den Kulissen f\u00fcr einen reibungslosen Ablauf gesorgt haben!<\/p>\n","protected":false},"excerpt":{"rendered":"<p>Mehr als 2.000 Besucher:innen haben sich das diesj\u00e4hrige Menzer Waldfest nicht entgehen lassen.<\/p>\n","protected":false},"author":39,"featured_media":15874,"comment_status":"open","ping_status":"open","sticky":false,"template":"","format":"standard","meta":[],"categories":[7],"tags":[],"yoast_head":"<!-- This site is optimized with the Yoast SEO plugin v19.10 - https:\/\/yoast.com\/wordpress\/plugins\/seo\/ -->\n<title>R\u00fcckblick auf das 28. Menzer Waldfest (2024) - Naturpark Stechlin-Ruppiner Land<\/title>\n<meta name=\"robots\" content=\"index, follow, max-snippet:-1, max-image-preview:large, max-video-preview:-1\" \/>\n<link rel=\"canonical\" href=\"https:\/\/www.naturparkmagazin.de\/stechlin\/rueckblick-auf-das-28-menzer-waldfest\/\" \/>\n<meta property=\"og:locale\" content=\"de_DE\" \/>\n<meta property=\"og:type\" content=\"article\" \/>\n<meta property=\"og:title\" content=\"R\u00fcckblick auf das 28. Menzer Waldfest (2024) - Naturpark Stechlin-Ruppiner Land\" \/>\n<meta property=\"og:description\" content=\"Mehr als 2.000 Besucher:innen haben sich das diesj\u00e4hrige Menzer Waldfest nicht entgehen lassen.\" \/>\n<meta property=\"og:url\" content=\"https:\/\/www.naturparkmagazin.de\/stechlin\/rueckblick-auf-das-28-menzer-waldfest\/\" \/>\n<meta property=\"og:site_name\" content=\"Naturpark Stechlin-Ruppiner Land\" \/>\n<meta property=\"article:published_time\" content=\"2024-07-23T13:04:23+00:00\" \/>\n<meta property=\"article:modified_time\" content=\"2025-01-24T09:16:09+00:00\" \/>\n<meta property=\"og:image\" content=\"https:\/\/www.naturparkmagazin.de\/stechlin\/wp-content\/uploads\/sites\/38\/Aufmacher-4.jpg\" \/>\n\t<meta property=\"og:image:width\" content=\"200\" \/>\n\t<meta property=\"og:image:height\" content=\"200\" \/>\n\t<meta property=\"og:image:type\" content=\"image\/jpeg\" \/>\n<meta name=\"author\" content=\"marioschrumpf\" \/>\n<meta name=\"twitter:label1\" content=\"Verfasst von\" \/>\n\t<meta name=\"twitter:data1\" content=\"marioschrumpf\" \/>\n\t<meta name=\"twitter:label2\" content=\"Gesch\u00e4tzte Lesezeit\" \/>\n\t<meta name=\"twitter:data2\" content=\"3\u00a0Minuten\" \/>\n<script type=\"application\/ld+json\" class=\"yoast-schema-graph\">{\"@context\":\"https:\/\/schema.org\",\"@graph\":[{\"@type\":\"WebPage\",\"@id\":\"https:\/\/www.naturparkmagazin.de\/stechlin\/rueckblick-auf-das-28-menzer-waldfest\/\",\"url\":\"https:\/\/www.naturparkmagazin.de\/stechlin\/rueckblick-auf-das-28-menzer-waldfest\/\",\"name\":\"R\u00fcckblick auf das 28. Menzer Waldfest (2024) - Naturpark Stechlin-Ruppiner Land\",\"isPartOf\":{\"@id\":\"https:\/\/www.naturparkmagazin.de\/stechlin\/#website\"},\"datePublished\":\"2024-07-23T13:04:23+00:00\",\"dateModified\":\"2025-01-24T09:16:09+00:00\",\"author\":{\"@id\":\"https:\/\/www.naturparkmagazin.de\/stechlin\/#\/schema\/person\/3f0d93203df21c806dd63c76d9bb28bc\"},\"breadcrumb\":{\"@id\":\"https:\/\/www.naturparkmagazin.de\/stechlin\/rueckblick-auf-das-28-menzer-waldfest\/#breadcrumb\"},\"inLanguage\":\"de\",\"potentialAction\":[{\"@type\":\"ReadAction\",\"target\":[\"https:\/\/www.naturparkmagazin.de\/stechlin\/rueckblick-auf-das-28-menzer-waldfest\/\"]}]},{\"@type\":\"BreadcrumbList\",\"@id\":\"https:\/\/www.naturparkmagazin.de\/stechlin\/rueckblick-auf-das-28-menzer-waldfest\/#breadcrumb\",\"itemListElement\":[{\"@type\":\"ListItem\",\"position\":1,\"name\":\"Home\",\"item\":\"https:\/\/www.naturparkmagazin.de\/stechlin\/\"},{\"@type\":\"ListItem\",\"position\":2,\"name\":\"R\u00fcckblick auf das 28. Menzer Waldfest (2024)\"}]},{\"@type\":\"WebSite\",\"@id\":\"https:\/\/www.naturparkmagazin.de\/stechlin\/#website\",\"url\":\"https:\/\/www.naturparkmagazin.de\/stechlin\/\",\"name\":\"Naturpark Stechlin-Ruppiner Land\",\"description\":\"\",\"potentialAction\":[{\"@type\":\"SearchAction\",\"target\":{\"@type\":\"EntryPoint\",\"urlTemplate\":\"https:\/\/www.naturparkmagazin.de\/stechlin\/?s={search_term_string}\"},\"query-input\":\"required name=search_term_string\"}],\"inLanguage\":\"de\"},{\"@type\":\"Person\",\"@id\":\"https:\/\/www.naturparkmagazin.de\/stechlin\/#\/schema\/person\/3f0d93203df21c806dd63c76d9bb28bc\",\"name\":\"marioschrumpf\",\"url\":\"https:\/\/www.naturparkmagazin.de\/stechlin\/author\/marioschrumpf\/\"}]}<\/script>\n<!-- \/ Yoast SEO plugin. -->","yoast_head_json":{"title":"R\u00fcckblick auf das 28. Menzer Waldfest (2024) - Naturpark Stechlin-Ruppiner Land","robots":{"index":"index","follow":"follow","max-snippet":"max-snippet:-1","max-image-preview":"max-image-preview:large","max-video-preview":"max-video-preview:-1"},"canonical":"https:\/\/www.naturparkmagazin.de\/stechlin\/rueckblick-auf-das-28-menzer-waldfest\/","og_locale":"de_DE","og_type":"article","og_title":"R\u00fcckblick auf das 28. Menzer Waldfest (2024) - Naturpark Stechlin-Ruppiner Land","og_description":"Mehr als 2.000 Besucher:innen haben sich das diesj\u00e4hrige Menzer Waldfest nicht entgehen lassen.","og_url":"https:\/\/www.naturparkmagazin.de\/stechlin\/rueckblick-auf-das-28-menzer-waldfest\/","og_site_name":"Naturpark Stechlin-Ruppiner Land","article_published_time":"2024-07-23T13:04:23+00:00","article_modified_time":"2025-01-24T09:16:09+00:00","og_image":[{"width":200,"height":200,"url":"https:\/\/www.naturparkmagazin.de\/stechlin\/wp-content\/uploads\/sites\/38\/Aufmacher-4.jpg","type":"image\/jpeg"}],"author":"marioschrumpf","twitter_misc":{"Verfasst von":"marioschrumpf","Gesch\u00e4tzte Lesezeit":"3\u00a0Minuten"},"schema":{"@context":"https:\/\/schema.org","@graph":[{"@type":"WebPage","@id":"https:\/\/www.naturparkmagazin.de\/stechlin\/rueckblick-auf-das-28-menzer-waldfest\/","url":"https:\/\/www.naturparkmagazin.de\/stechlin\/rueckblick-auf-das-28-menzer-waldfest\/","name":"R\u00fcckblick auf das 28. Menzer Waldfest (2024) - Naturpark Stechlin-Ruppiner Land","isPartOf":{"@id":"https:\/\/www.naturparkmagazin.de\/stechlin\/#website"},"datePublished":"2024-07-23T13:04:23+00:00","dateModified":"2025-01-24T09:16:09+00:00","author":{"@id":"https:\/\/www.naturparkmagazin.de\/stechlin\/#\/schema\/person\/3f0d93203df21c806dd63c76d9bb28bc"},"breadcrumb":{"@id":"https:\/\/www.naturparkmagazin.de\/stechlin\/rueckblick-auf-das-28-menzer-waldfest\/#breadcrumb"},"inLanguage":"de","potentialAction":[{"@type":"ReadAction","target":["https:\/\/www.naturparkmagazin.de\/stechlin\/rueckblick-auf-das-28-menzer-waldfest\/"]}]},{"@type":"BreadcrumbList","@id":"https:\/\/www.naturparkmagazin.de\/stechlin\/rueckblick-auf-das-28-menzer-waldfest\/#breadcrumb","itemListElement":[{"@type":"ListItem","position":1,"name":"Home","item":"https:\/\/www.naturparkmagazin.de\/stechlin\/"},{"@type":"ListItem","position":2,"name":"R\u00fcckblick auf das 28. Menzer Waldfest (2024)"}]},{"@type":"WebSite","@id":"https:\/\/www.naturparkmagazin.de\/stechlin\/#website","url":"https:\/\/www.naturparkmagazin.de\/stechlin\/","name":"Naturpark Stechlin-Ruppiner Land","description":"","potentialAction":[{"@type":"SearchAction","target":{"@type":"EntryPoint","urlTemplate":"https:\/\/www.naturparkmagazin.de\/stechlin\/?s={search_term_string}"},"query-input":"required name=search_term_string"}],"inLanguage":"de"},{"@type":"Person","@id":"https:\/\/www.naturparkmagazin.de\/stechlin\/#\/schema\/person\/3f0d93203df21c806dd63c76d9bb28bc","name":"marioschrumpf","url":"https:\/\/www.naturparkmagazin.de\/stechlin\/author\/marioschrumpf\/"}]}},"_links":{"self":[{"href":"https:\/\/www.naturparkmagazin.de\/stechlin\/wp-json\/wp\/v2\/posts\/15842"}],"collection":[{"href":"https:\/\/www.naturparkmagazin.de\/stechlin\/wp-json\/wp\/v2\/posts"}],"about":[{"href":"https:\/\/www.naturparkmagazin.de\/stechlin\/wp-json\/wp\/v2\/types\/post"}],"author":[{"embeddable":true,"href":"https:\/\/www.naturparkmagazin.de\/stechlin\/wp-json\/wp\/v2\/users\/39"}],"replies":[{"embeddable":true,"href":"https:\/\/www.naturparkmagazin.de\/stechlin\/wp-json\/wp\/v2\/comments?post=15842"}],"version-history":[{"count":6,"href":"https:\/\/www.naturparkmagazin.de\/stechlin\/wp-json\/wp\/v2\/posts\/15842\/revisions"}],"predecessor-version":[{"id":16599,"href":"https:\/\/www.naturparkmagazin.de\/stechlin\/wp-json\/wp\/v2\/posts\/15842\/revisions\/16599"}],"wp:featuredmedia":[{"embeddable":true,"href":"https:\/\/www.naturparkmagazin.de\/stechlin\/wp-json\/wp\/v2\/media\/15874"}],"wp:attachment":[{"href":"https:\/\/www.naturparkmagazin.de\/stechlin\/wp-json\/wp\/v2\/media?parent=15842"}],"wp:term":[{"taxonomy":"category","embeddable":true,"href":"https:\/\/www.naturparkmagazin.de\/stechlin\/wp-json\/wp\/v2\/categories?post=15842"},{"taxonomy":"post_tag","embeddable":true,"href":"https:\/\/www.naturparkmagazin.de\/stechlin\/wp-json\/wp\/v2\/tags?post=15842"}],"curies":[{"name":"wp","href":"https:\/\/api.w.org\/{rel}","templated":true}]}}