{"id":15844,"date":"2024-07-23T15:05:59","date_gmt":"2024-07-23T13:05:59","guid":{"rendered":"https:\/\/www.naturparkmagazin.de\/stechlin\/?p=15844"},"modified":"2025-01-24T10:06:48","modified_gmt":"2025-01-24T09:06:48","slug":"theodor-fontane-schule-menz-verteidigt-titel-naturparkschule","status":"publish","type":"post","link":"https:\/\/www.naturparkmagazin.de\/stechlin\/theodor-fontane-schule-menz-verteidigt-titel-naturparkschule\/","title":{"rendered":"Theodor-Fontane-Schule Menz verteidigt Titel Naturparkschule (2024)"},"content":{"rendered":"<p>Zur Er\u00f6ffnung auf der B\u00fchne des Menzer Waldfest hat Naturparkleiter Dr. Mario Schrumpf die Menzer Schule ausgezeichnet. Schulleiterin Katrin Alexandrin und ihr Stellvertreter Dr. Andreas Pansch nahmen die Rezertifizierungsurkunde als <strong>Naturparkschule<\/strong> entgegen.<\/p>\n<div id=\"attachment_15885\" style=\"width: 510px\" class=\"wp-caption aligncenter\"><a href=\"https:\/\/www.naturparkmagazin.de\/stechlin\/wp-content\/uploads\/sites\/38\/Die-Uebergabe-der-Auszeichnung-erfolgte-auf-der-Buehne-des-Menzer-Waldfestes.jpg\"><img aria-describedby=\"caption-attachment-15885\" decoding=\"async\" loading=\"lazy\" class=\"size-full wp-image-15885\" src=\"https:\/\/www.naturparkmagazin.de\/stechlin\/wp-content\/uploads\/sites\/38\/Die-Uebergabe-der-Auszeichnung-erfolgte-auf-der-Buehne-des-Menzer-Waldfestes.jpg\" alt=\"\" width=\"500\" height=\"300\" srcset=\"https:\/\/www.naturparkmagazin.de\/stechlin\/wp-content\/uploads\/sites\/38\/Die-Uebergabe-der-Auszeichnung-erfolgte-auf-der-Buehne-des-Menzer-Waldfestes.jpg 500w, https:\/\/www.naturparkmagazin.de\/stechlin\/wp-content\/uploads\/sites\/38\/Die-Uebergabe-der-Auszeichnung-erfolgte-auf-der-Buehne-des-Menzer-Waldfestes-300x180.jpg 300w, https:\/\/www.naturparkmagazin.de\/stechlin\/wp-content\/uploads\/sites\/38\/Die-Uebergabe-der-Auszeichnung-erfolgte-auf-der-Buehne-des-Menzer-Waldfestes-200x120.jpg 200w\" sizes=\"(max-width: 500px) 100vw, 500px\" \/><\/a><p id=\"caption-attachment-15885\" class=\"wp-caption-text\">Die \u00dcbergabe der Auszeichnung erfolgte auf der B\u00fchne des Menzer Waldfestes gemeinsam durch den neuen B\u00fcrgermeister der Gemeinde Stechlin, Mario Ledderhose, und den neuen Menzer Ortsvorsteher, Enrico Runge.\u00a9 Dr. Mario Schrumpf<\/p><\/div>\n<p>Seit Bekanntmachung des Naturparks in 2001 verbindet die Theodor Fontane Schule Menz eine <strong>langj\u00e4hrige Partnerschaft<\/strong> mit dem Naturpark. In 2006 wurde gemeinsam eine Kooperationsvereinbarung unterschrieben.<\/p>\n<div id=\"attachment_15886\" style=\"width: 510px\" class=\"wp-caption aligncenter\"><a href=\"https:\/\/www.naturparkmagazin.de\/stechlin\/wp-content\/uploads\/sites\/38\/Schulleiterin-Katrin-Alexandrin-und-ihr-Stellvertreter-Dr.-Andreas-Pansch-praesentieren-stolz-die-Urkunde.jpg\"><img aria-describedby=\"caption-attachment-15886\" decoding=\"async\" loading=\"lazy\" class=\"size-full wp-image-15886\" src=\"https:\/\/www.naturparkmagazin.de\/stechlin\/wp-content\/uploads\/sites\/38\/Schulleiterin-Katrin-Alexandrin-und-ihr-Stellvertreter-Dr.-Andreas-Pansch-praesentieren-stolz-die-Urkunde.jpg\" alt=\"\" width=\"500\" height=\"300\" srcset=\"https:\/\/www.naturparkmagazin.de\/stechlin\/wp-content\/uploads\/sites\/38\/Schulleiterin-Katrin-Alexandrin-und-ihr-Stellvertreter-Dr.-Andreas-Pansch-praesentieren-stolz-die-Urkunde.jpg 500w, https:\/\/www.naturparkmagazin.de\/stechlin\/wp-content\/uploads\/sites\/38\/Schulleiterin-Katrin-Alexandrin-und-ihr-Stellvertreter-Dr.-Andreas-Pansch-praesentieren-stolz-die-Urkunde-300x180.jpg 300w, https:\/\/www.naturparkmagazin.de\/stechlin\/wp-content\/uploads\/sites\/38\/Schulleiterin-Katrin-Alexandrin-und-ihr-Stellvertreter-Dr.-Andreas-Pansch-praesentieren-stolz-die-Urkunde-200x120.jpg 200w\" sizes=\"(max-width: 500px) 100vw, 500px\" \/><\/a><p id=\"caption-attachment-15886\" class=\"wp-caption-text\">Schulleiterin Katrin Alexandrin und ihr Stellvertreter Dr. Andreas Pansch pr\u00e4sentieren stolz die Urkunde\u00a9 Dr. Mario Schrumpf<\/p><\/div>\n<p>In 2015 wurde die Menzer Schule erstmalig als Naturparkschule ausgezeichnet. In diesem Jahr konnte sie im Rahmen der Rezertifizierung diesen Titel erfolgreich verteidigen.<\/p>\n<div id=\"attachment_15887\" style=\"width: 310px\" class=\"wp-caption aligncenter\"><a href=\"https:\/\/www.naturparkmagazin.de\/stechlin\/wp-content\/uploads\/sites\/38\/urkunde-1.jpg\"><img aria-describedby=\"caption-attachment-15887\" decoding=\"async\" loading=\"lazy\" class=\"size-full wp-image-15887\" src=\"https:\/\/www.naturparkmagazin.de\/stechlin\/wp-content\/uploads\/sites\/38\/urkunde-1.jpg\" alt=\"\" width=\"300\" height=\"439\" srcset=\"https:\/\/www.naturparkmagazin.de\/stechlin\/wp-content\/uploads\/sites\/38\/urkunde-1.jpg 300w, https:\/\/www.naturparkmagazin.de\/stechlin\/wp-content\/uploads\/sites\/38\/urkunde-1-200x293.jpg 200w\" sizes=\"(max-width: 300px) 100vw, 300px\" \/><\/a><p id=\"caption-attachment-15887\" class=\"wp-caption-text\">Urkunde zur Rezertifizierung\u00a9 Dr. Mario Schrumpf<\/p><\/div>\n<p>Das Projekt Naturparkschule ist ein bundesweites Programm des Verbandes Deutscher Naturparke im Rahmen der Bildung f\u00fcr nachhaltige Entwicklung.<\/p>\n","protected":false},"excerpt":{"rendered":"<p>Zur Er\u00f6ffnung auf der B\u00fchne des Menzer Waldfest hat Naturparkleiter Dr. Mario Schrumpf die Menzer Schule ausgezeichnet.<\/p>\n","protected":false},"author":39,"featured_media":15884,"comment_status":"open","ping_status":"open","sticky":false,"template":"","format":"standard","meta":[],"categories":[7],"tags":[],"yoast_head":"<!-- This site is optimized with the Yoast SEO plugin v19.10 - https:\/\/yoast.com\/wordpress\/plugins\/seo\/ -->\n<title>Theodor-Fontane-Schule Menz verteidigt Titel Naturparkschule (2024) - Naturpark Stechlin-Ruppiner Land<\/title>\n<meta name=\"robots\" content=\"index, follow, max-snippet:-1, max-image-preview:large, max-video-preview:-1\" \/>\n<link rel=\"canonical\" href=\"https:\/\/www.naturparkmagazin.de\/stechlin\/theodor-fontane-schule-menz-verteidigt-titel-naturparkschule\/\" \/>\n<meta property=\"og:locale\" content=\"de_DE\" \/>\n<meta property=\"og:type\" content=\"article\" \/>\n<meta property=\"og:title\" content=\"Theodor-Fontane-Schule Menz verteidigt Titel Naturparkschule (2024) - Naturpark Stechlin-Ruppiner Land\" \/>\n<meta property=\"og:description\" content=\"Zur Er\u00f6ffnung auf der B\u00fchne des Menzer Waldfest hat Naturparkleiter Dr. Mario Schrumpf die Menzer Schule ausgezeichnet.\" \/>\n<meta property=\"og:url\" content=\"https:\/\/www.naturparkmagazin.de\/stechlin\/theodor-fontane-schule-menz-verteidigt-titel-naturparkschule\/\" \/>\n<meta property=\"og:site_name\" content=\"Naturpark Stechlin-Ruppiner Land\" \/>\n<meta property=\"article:published_time\" content=\"2024-07-23T13:05:59+00:00\" \/>\n<meta property=\"article:modified_time\" content=\"2025-01-24T09:06:48+00:00\" \/>\n<meta property=\"og:image\" content=\"https:\/\/www.naturparkmagazin.de\/stechlin\/wp-content\/uploads\/sites\/38\/aufmacher-5.jpg\" \/>\n\t<meta property=\"og:image:width\" content=\"200\" \/>\n\t<meta property=\"og:image:height\" content=\"200\" \/>\n\t<meta property=\"og:image:type\" content=\"image\/jpeg\" \/>\n<meta name=\"author\" content=\"marioschrumpf\" \/>\n<meta name=\"twitter:label1\" content=\"Verfasst von\" \/>\n\t<meta name=\"twitter:data1\" content=\"marioschrumpf\" \/>\n\t<meta name=\"twitter:label2\" content=\"Gesch\u00e4tzte Lesezeit\" \/>\n\t<meta name=\"twitter:data2\" content=\"2\u00a0Minuten\" \/>\n<script type=\"application\/ld+json\" class=\"yoast-schema-graph\">{\"@context\":\"https:\/\/schema.org\",\"@graph\":[{\"@type\":\"WebPage\",\"@id\":\"https:\/\/www.naturparkmagazin.de\/stechlin\/theodor-fontane-schule-menz-verteidigt-titel-naturparkschule\/\",\"url\":\"https:\/\/www.naturparkmagazin.de\/stechlin\/theodor-fontane-schule-menz-verteidigt-titel-naturparkschule\/\",\"name\":\"Theodor-Fontane-Schule Menz verteidigt Titel Naturparkschule (2024) - Naturpark Stechlin-Ruppiner Land\",\"isPartOf\":{\"@id\":\"https:\/\/www.naturparkmagazin.de\/stechlin\/#website\"},\"datePublished\":\"2024-07-23T13:05:59+00:00\",\"dateModified\":\"2025-01-24T09:06:48+00:00\",\"author\":{\"@id\":\"https:\/\/www.naturparkmagazin.de\/stechlin\/#\/schema\/person\/3f0d93203df21c806dd63c76d9bb28bc\"},\"breadcrumb\":{\"@id\":\"https:\/\/www.naturparkmagazin.de\/stechlin\/theodor-fontane-schule-menz-verteidigt-titel-naturparkschule\/#breadcrumb\"},\"inLanguage\":\"de\",\"potentialAction\":[{\"@type\":\"ReadAction\",\"target\":[\"https:\/\/www.naturparkmagazin.de\/stechlin\/theodor-fontane-schule-menz-verteidigt-titel-naturparkschule\/\"]}]},{\"@type\":\"BreadcrumbList\",\"@id\":\"https:\/\/www.naturparkmagazin.de\/stechlin\/theodor-fontane-schule-menz-verteidigt-titel-naturparkschule\/#breadcrumb\",\"itemListElement\":[{\"@type\":\"ListItem\",\"position\":1,\"name\":\"Home\",\"item\":\"https:\/\/www.naturparkmagazin.de\/stechlin\/\"},{\"@type\":\"ListItem\",\"position\":2,\"name\":\"Theodor-Fontane-Schule Menz verteidigt Titel Naturparkschule (2024)\"}]},{\"@type\":\"WebSite\",\"@id\":\"https:\/\/www.naturparkmagazin.de\/stechlin\/#website\",\"url\":\"https:\/\/www.naturparkmagazin.de\/stechlin\/\",\"name\":\"Naturpark Stechlin-Ruppiner Land\",\"description\":\"\",\"potentialAction\":[{\"@type\":\"SearchAction\",\"target\":{\"@type\":\"EntryPoint\",\"urlTemplate\":\"https:\/\/www.naturparkmagazin.de\/stechlin\/?s={search_term_string}\"},\"query-input\":\"required name=search_term_string\"}],\"inLanguage\":\"de\"},{\"@type\":\"Person\",\"@id\":\"https:\/\/www.naturparkmagazin.de\/stechlin\/#\/schema\/person\/3f0d93203df21c806dd63c76d9bb28bc\",\"name\":\"marioschrumpf\",\"url\":\"https:\/\/www.naturparkmagazin.de\/stechlin\/author\/marioschrumpf\/\"}]}<\/script>\n<!-- \/ Yoast SEO plugin. -->","yoast_head_json":{"title":"Theodor-Fontane-Schule Menz verteidigt Titel Naturparkschule (2024) - Naturpark Stechlin-Ruppiner Land","robots":{"index":"index","follow":"follow","max-snippet":"max-snippet:-1","max-image-preview":"max-image-preview:large","max-video-preview":"max-video-preview:-1"},"canonical":"https:\/\/www.naturparkmagazin.de\/stechlin\/theodor-fontane-schule-menz-verteidigt-titel-naturparkschule\/","og_locale":"de_DE","og_type":"article","og_title":"Theodor-Fontane-Schule Menz verteidigt Titel Naturparkschule (2024) - Naturpark Stechlin-Ruppiner Land","og_description":"Zur Er\u00f6ffnung auf der B\u00fchne des Menzer Waldfest hat Naturparkleiter Dr. Mario Schrumpf die Menzer Schule ausgezeichnet.","og_url":"https:\/\/www.naturparkmagazin.de\/stechlin\/theodor-fontane-schule-menz-verteidigt-titel-naturparkschule\/","og_site_name":"Naturpark Stechlin-Ruppiner Land","article_published_time":"2024-07-23T13:05:59+00:00","article_modified_time":"2025-01-24T09:06:48+00:00","og_image":[{"width":200,"height":200,"url":"https:\/\/www.naturparkmagazin.de\/stechlin\/wp-content\/uploads\/sites\/38\/aufmacher-5.jpg","type":"image\/jpeg"}],"author":"marioschrumpf","twitter_misc":{"Verfasst von":"marioschrumpf","Gesch\u00e4tzte Lesezeit":"2\u00a0Minuten"},"schema":{"@context":"https:\/\/schema.org","@graph":[{"@type":"WebPage","@id":"https:\/\/www.naturparkmagazin.de\/stechlin\/theodor-fontane-schule-menz-verteidigt-titel-naturparkschule\/","url":"https:\/\/www.naturparkmagazin.de\/stechlin\/theodor-fontane-schule-menz-verteidigt-titel-naturparkschule\/","name":"Theodor-Fontane-Schule Menz verteidigt Titel Naturparkschule (2024) - Naturpark Stechlin-Ruppiner Land","isPartOf":{"@id":"https:\/\/www.naturparkmagazin.de\/stechlin\/#website"},"datePublished":"2024-07-23T13:05:59+00:00","dateModified":"2025-01-24T09:06:48+00:00","author":{"@id":"https:\/\/www.naturparkmagazin.de\/stechlin\/#\/schema\/person\/3f0d93203df21c806dd63c76d9bb28bc"},"breadcrumb":{"@id":"https:\/\/www.naturparkmagazin.de\/stechlin\/theodor-fontane-schule-menz-verteidigt-titel-naturparkschule\/#breadcrumb"},"inLanguage":"de","potentialAction":[{"@type":"ReadAction","target":["https:\/\/www.naturparkmagazin.de\/stechlin\/theodor-fontane-schule-menz-verteidigt-titel-naturparkschule\/"]}]},{"@type":"BreadcrumbList","@id":"https:\/\/www.naturparkmagazin.de\/stechlin\/theodor-fontane-schule-menz-verteidigt-titel-naturparkschule\/#breadcrumb","itemListElement":[{"@type":"ListItem","position":1,"name":"Home","item":"https:\/\/www.naturparkmagazin.de\/stechlin\/"},{"@type":"ListItem","position":2,"name":"Theodor-Fontane-Schule Menz verteidigt Titel Naturparkschule (2024)"}]},{"@type":"WebSite","@id":"https:\/\/www.naturparkmagazin.de\/stechlin\/#website","url":"https:\/\/www.naturparkmagazin.de\/stechlin\/","name":"Naturpark Stechlin-Ruppiner Land","description":"","potentialAction":[{"@type":"SearchAction","target":{"@type":"EntryPoint","urlTemplate":"https:\/\/www.naturparkmagazin.de\/stechlin\/?s={search_term_string}"},"query-input":"required name=search_term_string"}],"inLanguage":"de"},{"@type":"Person","@id":"https:\/\/www.naturparkmagazin.de\/stechlin\/#\/schema\/person\/3f0d93203df21c806dd63c76d9bb28bc","name":"marioschrumpf","url":"https:\/\/www.naturparkmagazin.de\/stechlin\/author\/marioschrumpf\/"}]}},"_links":{"self":[{"href":"https:\/\/www.naturparkmagazin.de\/stechlin\/wp-json\/wp\/v2\/posts\/15844"}],"collection":[{"href":"https:\/\/www.naturparkmagazin.de\/stechlin\/wp-json\/wp\/v2\/posts"}],"about":[{"href":"https:\/\/www.naturparkmagazin.de\/stechlin\/wp-json\/wp\/v2\/types\/post"}],"author":[{"embeddable":true,"href":"https:\/\/www.naturparkmagazin.de\/stechlin\/wp-json\/wp\/v2\/users\/39"}],"replies":[{"embeddable":true,"href":"https:\/\/www.naturparkmagazin.de\/stechlin\/wp-json\/wp\/v2\/comments?post=15844"}],"version-history":[{"count":6,"href":"https:\/\/www.naturparkmagazin.de\/stechlin\/wp-json\/wp\/v2\/posts\/15844\/revisions"}],"predecessor-version":[{"id":16587,"href":"https:\/\/www.naturparkmagazin.de\/stechlin\/wp-json\/wp\/v2\/posts\/15844\/revisions\/16587"}],"wp:featuredmedia":[{"embeddable":true,"href":"https:\/\/www.naturparkmagazin.de\/stechlin\/wp-json\/wp\/v2\/media\/15884"}],"wp:attachment":[{"href":"https:\/\/www.naturparkmagazin.de\/stechlin\/wp-json\/wp\/v2\/media?parent=15844"}],"wp:term":[{"taxonomy":"category","embeddable":true,"href":"https:\/\/www.naturparkmagazin.de\/stechlin\/wp-json\/wp\/v2\/categories?post=15844"},{"taxonomy":"post_tag","embeddable":true,"href":"https:\/\/www.naturparkmagazin.de\/stechlin\/wp-json\/wp\/v2\/tags?post=15844"}],"curies":[{"name":"wp","href":"https:\/\/api.w.org\/{rel}","templated":true}]}}