{"id":15846,"date":"2024-07-23T16:01:14","date_gmt":"2024-07-23T14:01:14","guid":{"rendered":"https:\/\/www.naturparkmagazin.de\/stechlin\/?p=15846"},"modified":"2025-04-25T08:45:40","modified_gmt":"2025-04-25T06:45:40","slug":"lange-naturwachtnacht","status":"publish","type":"post","link":"https:\/\/www.naturparkmagazin.de\/stechlin\/lange-naturwachtnacht\/","title":{"rendered":"Lange Naturwachtnacht (2024)"},"content":{"rendered":"<p>Begleiten Sie unsere Naturwacht zu ungew\u00f6hnlicher Stunde durch das NaturParkHaus Stechlin und in den dazugeh\u00f6renden Sinnesgarten.<\/p>\n<div id=\"attachment_15903\" style=\"width: 510px\" class=\"wp-caption aligncenter\"><a href=\"https:\/\/www.naturparkmagazin.de\/stechlin\/wp-content\/uploads\/sites\/38\/Fahrland_Michael_Zauft_1.jpg\"><img aria-describedby=\"caption-attachment-15903\" decoding=\"async\" loading=\"lazy\" class=\"size-full wp-image-15903\" src=\"https:\/\/www.naturparkmagazin.de\/stechlin\/wp-content\/uploads\/sites\/38\/Fahrland_Michael_Zauft_1.jpg\" alt=\"\" width=\"500\" height=\"300\" srcset=\"https:\/\/www.naturparkmagazin.de\/stechlin\/wp-content\/uploads\/sites\/38\/Fahrland_Michael_Zauft_1.jpg 500w, https:\/\/www.naturparkmagazin.de\/stechlin\/wp-content\/uploads\/sites\/38\/Fahrland_Michael_Zauft_1-300x180.jpg 300w, https:\/\/www.naturparkmagazin.de\/stechlin\/wp-content\/uploads\/sites\/38\/Fahrland_Michael_Zauft_1-200x120.jpg 200w\" sizes=\"(max-width: 500px) 100vw, 500px\" \/><\/a><p id=\"caption-attachment-15903\" class=\"wp-caption-text\">Sonnenuntergang\u00a9 Michael Zauft<\/p><\/div>\n<p>Bei einer Reise durch den Abend in die Nacht, treffen wir auf Flederm\u00e4use und andere nachtaktive Tiere; jedoch auch ungew\u00f6hnliche Begegnungen mit Eisenbahnen, wei\u00dfen Frauen und langen Schatten stehen uns bevor.<\/p>\n<p>Lassen Sie sich von der Stimmung, den Ger\u00e4uschen und der Musik der Nacht (ver)f\u00fchren.<\/p>\n<p>Ranger Tour: \u201eNacht\u2019s im Museum\u201c<\/p>\n<p><strong>Datum<\/strong>: 16.8. 2024\n<strong>Zeit<\/strong>: 19.00 Uhr bis ca. 22.00 Uhr\n<strong>Treffpunkt<\/strong>: NaturParkHaus Stechlin in Menz, Kirchstrasse 4<\/p>\n<p>Um eine <strong>Voranmeldung<\/strong> <span style=\"color: #ff0000\"><strong>bis zum 15.8. 2024<\/strong><\/span> wird gebeten!\n<strong>Kontakt<\/strong>: 0170\/7926947 oder 033082\/ 50214<\/p>\n<p>Der Eintritt ist frei, Spenden f\u00fcr das Haus werden jedoch gerne angenommen.<\/p>\n<div id=\"attachment_15904\" style=\"width: 510px\" class=\"wp-caption aligncenter\"><a href=\"https:\/\/www.naturparkmagazin.de\/stechlin\/wp-content\/uploads\/sites\/38\/Mohnfeld_Michael_Zauft_2-1.jpg\"><img aria-describedby=\"caption-attachment-15904\" decoding=\"async\" loading=\"lazy\" class=\"size-full wp-image-15904\" src=\"https:\/\/www.naturparkmagazin.de\/stechlin\/wp-content\/uploads\/sites\/38\/Mohnfeld_Michael_Zauft_2-1.jpg\" alt=\"\" width=\"500\" height=\"300\" srcset=\"https:\/\/www.naturparkmagazin.de\/stechlin\/wp-content\/uploads\/sites\/38\/Mohnfeld_Michael_Zauft_2-1.jpg 500w, https:\/\/www.naturparkmagazin.de\/stechlin\/wp-content\/uploads\/sites\/38\/Mohnfeld_Michael_Zauft_2-1-300x180.jpg 300w, https:\/\/www.naturparkmagazin.de\/stechlin\/wp-content\/uploads\/sites\/38\/Mohnfeld_Michael_Zauft_2-1-200x120.jpg 200w\" sizes=\"(max-width: 500px) 100vw, 500px\" \/><\/a><p id=\"caption-attachment-15904\" class=\"wp-caption-text\">Mohnfeld\u00a9 Michael Zauft<\/p><\/div>\n","protected":false},"excerpt":{"rendered":"<p>Begleiten Sie unsere Naturwacht zu ungew\u00f6hnlicher Stunde durch das NaturParkHaus Stechlin und in den dazugeh\u00f6renden Sinnesgarten.<\/p>\n","protected":false},"author":39,"featured_media":15905,"comment_status":"open","ping_status":"open","sticky":false,"template":"","format":"standard","meta":[],"categories":[11],"tags":[],"yoast_head":"<!-- This site is optimized with the Yoast SEO plugin v19.10 - https:\/\/yoast.com\/wordpress\/plugins\/seo\/ -->\n<title>Lange Naturwachtnacht (2024) - Naturpark Stechlin-Ruppiner Land<\/title>\n<meta name=\"robots\" content=\"index, follow, max-snippet:-1, max-image-preview:large, max-video-preview:-1\" \/>\n<link rel=\"canonical\" href=\"https:\/\/www.naturparkmagazin.de\/stechlin\/lange-naturwachtnacht\/\" \/>\n<meta property=\"og:locale\" content=\"de_DE\" \/>\n<meta property=\"og:type\" content=\"article\" \/>\n<meta property=\"og:title\" content=\"Lange Naturwachtnacht (2024) - Naturpark Stechlin-Ruppiner Land\" \/>\n<meta property=\"og:description\" content=\"Begleiten Sie unsere Naturwacht zu ungew\u00f6hnlicher Stunde durch das NaturParkHaus Stechlin und in den dazugeh\u00f6renden Sinnesgarten.\" \/>\n<meta property=\"og:url\" content=\"https:\/\/www.naturparkmagazin.de\/stechlin\/lange-naturwachtnacht\/\" \/>\n<meta property=\"og:site_name\" content=\"Naturpark Stechlin-Ruppiner Land\" \/>\n<meta property=\"article:published_time\" content=\"2024-07-23T14:01:14+00:00\" \/>\n<meta property=\"article:modified_time\" content=\"2025-04-25T06:45:40+00:00\" \/>\n<meta property=\"og:image\" content=\"https:\/\/www.naturparkmagazin.de\/stechlin\/wp-content\/uploads\/sites\/38\/Mohnfeld_Michael_Zauft_2-2.jpg\" \/>\n\t<meta property=\"og:image:width\" content=\"200\" \/>\n\t<meta property=\"og:image:height\" content=\"200\" \/>\n\t<meta property=\"og:image:type\" content=\"image\/jpeg\" \/>\n<meta name=\"author\" content=\"marioschrumpf\" \/>\n<meta name=\"twitter:label1\" content=\"Verfasst von\" \/>\n\t<meta name=\"twitter:data1\" content=\"marioschrumpf\" \/>\n\t<meta name=\"twitter:label2\" content=\"Gesch\u00e4tzte Lesezeit\" \/>\n\t<meta name=\"twitter:data2\" content=\"2\u00a0Minuten\" \/>\n<script type=\"application\/ld+json\" class=\"yoast-schema-graph\">{\"@context\":\"https:\/\/schema.org\",\"@graph\":[{\"@type\":\"WebPage\",\"@id\":\"https:\/\/www.naturparkmagazin.de\/stechlin\/lange-naturwachtnacht\/\",\"url\":\"https:\/\/www.naturparkmagazin.de\/stechlin\/lange-naturwachtnacht\/\",\"name\":\"Lange Naturwachtnacht (2024) - Naturpark Stechlin-Ruppiner Land\",\"isPartOf\":{\"@id\":\"https:\/\/www.naturparkmagazin.de\/stechlin\/#website\"},\"datePublished\":\"2024-07-23T14:01:14+00:00\",\"dateModified\":\"2025-04-25T06:45:40+00:00\",\"author\":{\"@id\":\"https:\/\/www.naturparkmagazin.de\/stechlin\/#\/schema\/person\/3f0d93203df21c806dd63c76d9bb28bc\"},\"breadcrumb\":{\"@id\":\"https:\/\/www.naturparkmagazin.de\/stechlin\/lange-naturwachtnacht\/#breadcrumb\"},\"inLanguage\":\"de\",\"potentialAction\":[{\"@type\":\"ReadAction\",\"target\":[\"https:\/\/www.naturparkmagazin.de\/stechlin\/lange-naturwachtnacht\/\"]}]},{\"@type\":\"BreadcrumbList\",\"@id\":\"https:\/\/www.naturparkmagazin.de\/stechlin\/lange-naturwachtnacht\/#breadcrumb\",\"itemListElement\":[{\"@type\":\"ListItem\",\"position\":1,\"name\":\"Home\",\"item\":\"https:\/\/www.naturparkmagazin.de\/stechlin\/\"},{\"@type\":\"ListItem\",\"position\":2,\"name\":\"Lange Naturwachtnacht (2024)\"}]},{\"@type\":\"WebSite\",\"@id\":\"https:\/\/www.naturparkmagazin.de\/stechlin\/#website\",\"url\":\"https:\/\/www.naturparkmagazin.de\/stechlin\/\",\"name\":\"Naturpark Stechlin-Ruppiner Land\",\"description\":\"\",\"potentialAction\":[{\"@type\":\"SearchAction\",\"target\":{\"@type\":\"EntryPoint\",\"urlTemplate\":\"https:\/\/www.naturparkmagazin.de\/stechlin\/?s={search_term_string}\"},\"query-input\":\"required name=search_term_string\"}],\"inLanguage\":\"de\"},{\"@type\":\"Person\",\"@id\":\"https:\/\/www.naturparkmagazin.de\/stechlin\/#\/schema\/person\/3f0d93203df21c806dd63c76d9bb28bc\",\"name\":\"marioschrumpf\",\"url\":\"https:\/\/www.naturparkmagazin.de\/stechlin\/author\/marioschrumpf\/\"}]}<\/script>\n<!-- \/ Yoast SEO plugin. -->","yoast_head_json":{"title":"Lange Naturwachtnacht (2024) - Naturpark Stechlin-Ruppiner Land","robots":{"index":"index","follow":"follow","max-snippet":"max-snippet:-1","max-image-preview":"max-image-preview:large","max-video-preview":"max-video-preview:-1"},"canonical":"https:\/\/www.naturparkmagazin.de\/stechlin\/lange-naturwachtnacht\/","og_locale":"de_DE","og_type":"article","og_title":"Lange Naturwachtnacht (2024) - Naturpark Stechlin-Ruppiner Land","og_description":"Begleiten Sie unsere Naturwacht zu ungew\u00f6hnlicher Stunde durch das NaturParkHaus Stechlin und in den dazugeh\u00f6renden Sinnesgarten.","og_url":"https:\/\/www.naturparkmagazin.de\/stechlin\/lange-naturwachtnacht\/","og_site_name":"Naturpark Stechlin-Ruppiner Land","article_published_time":"2024-07-23T14:01:14+00:00","article_modified_time":"2025-04-25T06:45:40+00:00","og_image":[{"width":200,"height":200,"url":"https:\/\/www.naturparkmagazin.de\/stechlin\/wp-content\/uploads\/sites\/38\/Mohnfeld_Michael_Zauft_2-2.jpg","type":"image\/jpeg"}],"author":"marioschrumpf","twitter_misc":{"Verfasst von":"marioschrumpf","Gesch\u00e4tzte Lesezeit":"2\u00a0Minuten"},"schema":{"@context":"https:\/\/schema.org","@graph":[{"@type":"WebPage","@id":"https:\/\/www.naturparkmagazin.de\/stechlin\/lange-naturwachtnacht\/","url":"https:\/\/www.naturparkmagazin.de\/stechlin\/lange-naturwachtnacht\/","name":"Lange Naturwachtnacht (2024) - Naturpark Stechlin-Ruppiner Land","isPartOf":{"@id":"https:\/\/www.naturparkmagazin.de\/stechlin\/#website"},"datePublished":"2024-07-23T14:01:14+00:00","dateModified":"2025-04-25T06:45:40+00:00","author":{"@id":"https:\/\/www.naturparkmagazin.de\/stechlin\/#\/schema\/person\/3f0d93203df21c806dd63c76d9bb28bc"},"breadcrumb":{"@id":"https:\/\/www.naturparkmagazin.de\/stechlin\/lange-naturwachtnacht\/#breadcrumb"},"inLanguage":"de","potentialAction":[{"@type":"ReadAction","target":["https:\/\/www.naturparkmagazin.de\/stechlin\/lange-naturwachtnacht\/"]}]},{"@type":"BreadcrumbList","@id":"https:\/\/www.naturparkmagazin.de\/stechlin\/lange-naturwachtnacht\/#breadcrumb","itemListElement":[{"@type":"ListItem","position":1,"name":"Home","item":"https:\/\/www.naturparkmagazin.de\/stechlin\/"},{"@type":"ListItem","position":2,"name":"Lange Naturwachtnacht (2024)"}]},{"@type":"WebSite","@id":"https:\/\/www.naturparkmagazin.de\/stechlin\/#website","url":"https:\/\/www.naturparkmagazin.de\/stechlin\/","name":"Naturpark Stechlin-Ruppiner Land","description":"","potentialAction":[{"@type":"SearchAction","target":{"@type":"EntryPoint","urlTemplate":"https:\/\/www.naturparkmagazin.de\/stechlin\/?s={search_term_string}"},"query-input":"required name=search_term_string"}],"inLanguage":"de"},{"@type":"Person","@id":"https:\/\/www.naturparkmagazin.de\/stechlin\/#\/schema\/person\/3f0d93203df21c806dd63c76d9bb28bc","name":"marioschrumpf","url":"https:\/\/www.naturparkmagazin.de\/stechlin\/author\/marioschrumpf\/"}]}},"_links":{"self":[{"href":"https:\/\/www.naturparkmagazin.de\/stechlin\/wp-json\/wp\/v2\/posts\/15846"}],"collection":[{"href":"https:\/\/www.naturparkmagazin.de\/stechlin\/wp-json\/wp\/v2\/posts"}],"about":[{"href":"https:\/\/www.naturparkmagazin.de\/stechlin\/wp-json\/wp\/v2\/types\/post"}],"author":[{"embeddable":true,"href":"https:\/\/www.naturparkmagazin.de\/stechlin\/wp-json\/wp\/v2\/users\/39"}],"replies":[{"embeddable":true,"href":"https:\/\/www.naturparkmagazin.de\/stechlin\/wp-json\/wp\/v2\/comments?post=15846"}],"version-history":[{"count":5,"href":"https:\/\/www.naturparkmagazin.de\/stechlin\/wp-json\/wp\/v2\/posts\/15846\/revisions"}],"predecessor-version":[{"id":17167,"href":"https:\/\/www.naturparkmagazin.de\/stechlin\/wp-json\/wp\/v2\/posts\/15846\/revisions\/17167"}],"wp:featuredmedia":[{"embeddable":true,"href":"https:\/\/www.naturparkmagazin.de\/stechlin\/wp-json\/wp\/v2\/media\/15905"}],"wp:attachment":[{"href":"https:\/\/www.naturparkmagazin.de\/stechlin\/wp-json\/wp\/v2\/media?parent=15846"}],"wp:term":[{"taxonomy":"category","embeddable":true,"href":"https:\/\/www.naturparkmagazin.de\/stechlin\/wp-json\/wp\/v2\/categories?post=15846"},{"taxonomy":"post_tag","embeddable":true,"href":"https:\/\/www.naturparkmagazin.de\/stechlin\/wp-json\/wp\/v2\/tags?post=15846"}],"curies":[{"name":"wp","href":"https:\/\/api.w.org\/{rel}","templated":true}]}}