{"id":15987,"date":"2024-08-22T15:00:12","date_gmt":"2024-08-22T13:00:12","guid":{"rendered":"https:\/\/www.naturparkmagazin.de\/stechlin\/?p=15987"},"modified":"2024-08-28T15:59:32","modified_gmt":"2024-08-28T13:59:32","slug":"jens-teubner","status":"publish","type":"post","link":"https:\/\/www.naturparkmagazin.de\/stechlin\/jens-teubner\/","title":{"rendered":"Jens Teubner"},"content":{"rendered":"<p>Seit 1990 arbeitet der Diplombiologe Jens Teubner als Leiter der Naturschutzstation Zippelsf\u00f6rde. Diese ist eine der drei Brandenburger Naturschutzstationen unter dem Dach des Landesamtes f\u00fcr Umwelt. W\u00e4hrend sich die Station Rhinluch in Linum um Amphibien und Reptilien k\u00fcmmert und die Staatliche Vogelschutzwarte in Buckow\/Nennhausen ganz ihrem Namen gerecht wird, stehen hier in Zippelsf\u00f6rde vor allem S\u00e4ugetiere wie z.B. Fischotter, Flederm\u00e4use, W\u00f6lfe und die Wildkatze im Mittelpunkt.<\/p>\n<p>Die kompetente und wertvolle Arbeit der Stationen w\u00e4re ohne hohes Engagement und zus\u00e4tzliches Ehrenamt nicht denkbar. Wegen ihrer hohen Bedeutung f\u00fcr die Biodiversit\u00e4t im Land sollen die Naturschutzstationen zu Artenkompetenzzentren weiterentwickelt werden.<\/p>\n<div id=\"attachment_16036\" style=\"width: 510px\" class=\"wp-caption aligncenter\"><a href=\"https:\/\/www.naturparkmagazin.de\/stechlin\/wp-content\/uploads\/sites\/38\/jens-teubner_b.jpg\"><img aria-describedby=\"caption-attachment-16036\" decoding=\"async\" loading=\"lazy\" class=\"size-full wp-image-16036\" src=\"https:\/\/www.naturparkmagazin.de\/stechlin\/wp-content\/uploads\/sites\/38\/jens-teubner_b.jpg\" alt=\"\" width=\"500\" height=\"300\" srcset=\"https:\/\/www.naturparkmagazin.de\/stechlin\/wp-content\/uploads\/sites\/38\/jens-teubner_b.jpg 500w, https:\/\/www.naturparkmagazin.de\/stechlin\/wp-content\/uploads\/sites\/38\/jens-teubner_b-300x180.jpg 300w, https:\/\/www.naturparkmagazin.de\/stechlin\/wp-content\/uploads\/sites\/38\/jens-teubner_b-200x120.jpg 200w\" sizes=\"(max-width: 500px) 100vw, 500px\" \/><\/a><p id=\"caption-attachment-16036\" class=\"wp-caption-text\">Jens Teubner (links) zusammen mit Naturparkleiter Dr. Mario Schrumpf auf dem 16. Kleinen Naturschutztag in Neuglobsow.\u00a9 Heiko Strobel<\/p><\/div>\n<p>Jens Teubner stellte im Rahmen der &#8222;<em>Naturschutz-Tour<\/em>&#8220; des Brandenburgischen Umweltministers, Axel Vogel, am 1. August die landesweite Koordinierung des S\u00e4ugetierschutzes und das Monitoring am Beispiel der Wildkatze vor. In den letzten zwei Jahren konnte best\u00e4tigt werden, dass die Wildkatze im Land Brandenburg auf nat\u00fcrlichem Wege wieder heimisch geworden ist. Durch genetische Analysen ist es gelungen, allein f\u00fcr den Hohen Fl\u00e4ming insgesamt neun Individuen nachzuweisen. Dar\u00fcber hinaus wurde mittels Fotofallenmonitoring dort auch der erste Reproduktionsnachweis f\u00fcr Brandenburg erbracht. Drei weitere Wildkatzenweibchen wurden im Bereich des Wildnisgebiets J\u00fcterbog sicher genetisch bestimmt. In der Uckermark wurde im Februar 2023 ein Wildkater auf der Autobahn A11 in H\u00f6he Pfingstberg \u00fcberfahren. Nach derzeitigem Stand ist davon auszugehen, dass sich in Brandenburg \u2013 das am nord\u00f6stlichen Verbreitungsrand der Wildkatze liegt \u2013 die Art au\u00dfer im Hohen und Niederen Fl\u00e4ming sowie in der Schorfheide auch in weiteren Gebieten, unter anderem dem Niederlausitzer Landr\u00fccken, etablieren k\u00f6nnte.<\/p>\n<div id=\"attachment_14811\" style=\"width: 510px\" class=\"wp-caption aligncenter\"><a href=\"https:\/\/www.naturparkmagazin.de\/stechlin\/wp-content\/uploads\/sites\/38\/katzenhimmel_b.jpg\"><img aria-describedby=\"caption-attachment-14811\" decoding=\"async\" loading=\"lazy\" class=\"size-full wp-image-14811\" src=\"https:\/\/www.naturparkmagazin.de\/stechlin\/wp-content\/uploads\/sites\/38\/katzenhimmel_b.jpg\" alt=\"\" width=\"500\" height=\"300\" srcset=\"https:\/\/www.naturparkmagazin.de\/stechlin\/wp-content\/uploads\/sites\/38\/katzenhimmel_b.jpg 500w, https:\/\/www.naturparkmagazin.de\/stechlin\/wp-content\/uploads\/sites\/38\/katzenhimmel_b-300x180.jpg 300w, https:\/\/www.naturparkmagazin.de\/stechlin\/wp-content\/uploads\/sites\/38\/katzenhimmel_b-200x120.jpg 200w\" sizes=\"(max-width: 500px) 100vw, 500px\" \/><\/a><p id=\"caption-attachment-14811\" class=\"wp-caption-text\">Wildkatze in den Wolken &#8211; Aufgenommen im Tierfreigel\u00e4nde im Naturpark Bayerischer Wald durch die schneebedeckten Zweige einer Fichte hindurch.\u00a9 Peter Lindel (Copyright by Fotoportal &#8211; Verband Deutscher Naturparke e.V.(VDN))<\/p><\/div>\n<p>Der Nachweis von Wildkatzen erfolgt \u00fcber die Lockstockmethode. Hierbei werden in den Waldboden eingebrachte St\u00f6cke mit Baldrianessenz bespr\u00fcht, die Wildkatzen beider Geschlechter vor allem w\u00e4hrend ihrer Paarungszeit anlockt. Die Katzen reiben sich an den aufgerauten St\u00f6cken und hinterlassen dabei Haare, die im Labor des Zentrums f\u00fcr Wildtiergenetik der Senckenberg Gesellschaft f\u00fcr Naturforschung anhand genetischer Analysen der Wildkatze und sogar einzelnen Individuen zugeordnet werden k\u00f6nnen. Die Wildkatze ist \u00e4u\u00dferst scheu und jagt in der D\u00e4mmerung. Begegnungen oder Sichtungen sind deshalb sehr unwahrscheinlich. F\u00fcr Menschen stellt sie keine Bedrohung dar.<\/p>\n<p>Die Wildkatze ist im Anhang der europ\u00e4ischen Fauna-Flora-Habitat-Richtlinie gelistet. Deshalb beobachtet das Landesamt f\u00fcr Umwelt (LfU), als die im Land Brandenburg f\u00fcr das Monitoring besonders gesch\u00fctzter S\u00e4ugetierarten zust\u00e4ndige Landesbeh\u00f6rde, die R\u00fcckkehr der Art aufmerksam. Eine aktive Wiederansiedelung erfolgt nicht.<\/p>\n","protected":false},"excerpt":{"rendered":"<p>Seit 1990 arbeitet Jens Teubner als Leiter der Naturschutzstation Zippelsf\u00f6rde im Landesamt f\u00fcr Umwelt.<\/p>\n","protected":false},"author":39,"featured_media":16035,"comment_status":"open","ping_status":"open","sticky":false,"template":"","format":"standard","meta":[],"categories":[8],"tags":[],"yoast_head":"<!-- This site is optimized with the Yoast SEO plugin v19.10 - https:\/\/yoast.com\/wordpress\/plugins\/seo\/ -->\n<title>Jens Teubner - Naturpark Stechlin-Ruppiner Land<\/title>\n<meta name=\"robots\" content=\"index, follow, max-snippet:-1, max-image-preview:large, max-video-preview:-1\" \/>\n<link rel=\"canonical\" href=\"https:\/\/www.naturparkmagazin.de\/stechlin\/jens-teubner\/\" \/>\n<meta property=\"og:locale\" content=\"de_DE\" \/>\n<meta property=\"og:type\" content=\"article\" \/>\n<meta property=\"og:title\" content=\"Jens Teubner - Naturpark Stechlin-Ruppiner Land\" \/>\n<meta property=\"og:description\" content=\"Seit 1990 arbeitet Jens Teubner als Leiter der Naturschutzstation Zippelsf\u00f6rde im Landesamt f\u00fcr Umwelt.\" \/>\n<meta property=\"og:url\" content=\"https:\/\/www.naturparkmagazin.de\/stechlin\/jens-teubner\/\" \/>\n<meta property=\"og:site_name\" content=\"Naturpark Stechlin-Ruppiner Land\" \/>\n<meta property=\"article:published_time\" content=\"2024-08-22T13:00:12+00:00\" \/>\n<meta property=\"article:modified_time\" content=\"2024-08-28T13:59:32+00:00\" \/>\n<meta property=\"og:image\" content=\"https:\/\/www.naturparkmagazin.de\/stechlin\/wp-content\/uploads\/sites\/38\/jens-teubner_a.jpg\" \/>\n\t<meta property=\"og:image:width\" content=\"200\" \/>\n\t<meta property=\"og:image:height\" content=\"200\" \/>\n\t<meta property=\"og:image:type\" content=\"image\/jpeg\" \/>\n<meta name=\"author\" content=\"marioschrumpf\" \/>\n<meta name=\"twitter:label1\" content=\"Verfasst von\" \/>\n\t<meta name=\"twitter:data1\" content=\"marioschrumpf\" \/>\n\t<meta name=\"twitter:label2\" content=\"Gesch\u00e4tzte Lesezeit\" \/>\n\t<meta name=\"twitter:data2\" content=\"3\u00a0Minuten\" \/>\n<script type=\"application\/ld+json\" class=\"yoast-schema-graph\">{\"@context\":\"https:\/\/schema.org\",\"@graph\":[{\"@type\":\"WebPage\",\"@id\":\"https:\/\/www.naturparkmagazin.de\/stechlin\/jens-teubner\/\",\"url\":\"https:\/\/www.naturparkmagazin.de\/stechlin\/jens-teubner\/\",\"name\":\"Jens Teubner - Naturpark Stechlin-Ruppiner Land\",\"isPartOf\":{\"@id\":\"https:\/\/www.naturparkmagazin.de\/stechlin\/#website\"},\"datePublished\":\"2024-08-22T13:00:12+00:00\",\"dateModified\":\"2024-08-28T13:59:32+00:00\",\"author\":{\"@id\":\"https:\/\/www.naturparkmagazin.de\/stechlin\/#\/schema\/person\/3f0d93203df21c806dd63c76d9bb28bc\"},\"breadcrumb\":{\"@id\":\"https:\/\/www.naturparkmagazin.de\/stechlin\/jens-teubner\/#breadcrumb\"},\"inLanguage\":\"de\",\"potentialAction\":[{\"@type\":\"ReadAction\",\"target\":[\"https:\/\/www.naturparkmagazin.de\/stechlin\/jens-teubner\/\"]}]},{\"@type\":\"BreadcrumbList\",\"@id\":\"https:\/\/www.naturparkmagazin.de\/stechlin\/jens-teubner\/#breadcrumb\",\"itemListElement\":[{\"@type\":\"ListItem\",\"position\":1,\"name\":\"Home\",\"item\":\"https:\/\/www.naturparkmagazin.de\/stechlin\/\"},{\"@type\":\"ListItem\",\"position\":2,\"name\":\"Jens Teubner\"}]},{\"@type\":\"WebSite\",\"@id\":\"https:\/\/www.naturparkmagazin.de\/stechlin\/#website\",\"url\":\"https:\/\/www.naturparkmagazin.de\/stechlin\/\",\"name\":\"Naturpark Stechlin-Ruppiner Land\",\"description\":\"\",\"potentialAction\":[{\"@type\":\"SearchAction\",\"target\":{\"@type\":\"EntryPoint\",\"urlTemplate\":\"https:\/\/www.naturparkmagazin.de\/stechlin\/?s={search_term_string}\"},\"query-input\":\"required name=search_term_string\"}],\"inLanguage\":\"de\"},{\"@type\":\"Person\",\"@id\":\"https:\/\/www.naturparkmagazin.de\/stechlin\/#\/schema\/person\/3f0d93203df21c806dd63c76d9bb28bc\",\"name\":\"marioschrumpf\",\"url\":\"https:\/\/www.naturparkmagazin.de\/stechlin\/author\/marioschrumpf\/\"}]}<\/script>\n<!-- \/ Yoast SEO plugin. -->","yoast_head_json":{"title":"Jens Teubner - Naturpark Stechlin-Ruppiner Land","robots":{"index":"index","follow":"follow","max-snippet":"max-snippet:-1","max-image-preview":"max-image-preview:large","max-video-preview":"max-video-preview:-1"},"canonical":"https:\/\/www.naturparkmagazin.de\/stechlin\/jens-teubner\/","og_locale":"de_DE","og_type":"article","og_title":"Jens Teubner - Naturpark Stechlin-Ruppiner Land","og_description":"Seit 1990 arbeitet Jens Teubner als Leiter der Naturschutzstation Zippelsf\u00f6rde im Landesamt f\u00fcr Umwelt.","og_url":"https:\/\/www.naturparkmagazin.de\/stechlin\/jens-teubner\/","og_site_name":"Naturpark Stechlin-Ruppiner Land","article_published_time":"2024-08-22T13:00:12+00:00","article_modified_time":"2024-08-28T13:59:32+00:00","og_image":[{"width":200,"height":200,"url":"https:\/\/www.naturparkmagazin.de\/stechlin\/wp-content\/uploads\/sites\/38\/jens-teubner_a.jpg","type":"image\/jpeg"}],"author":"marioschrumpf","twitter_misc":{"Verfasst von":"marioschrumpf","Gesch\u00e4tzte Lesezeit":"3\u00a0Minuten"},"schema":{"@context":"https:\/\/schema.org","@graph":[{"@type":"WebPage","@id":"https:\/\/www.naturparkmagazin.de\/stechlin\/jens-teubner\/","url":"https:\/\/www.naturparkmagazin.de\/stechlin\/jens-teubner\/","name":"Jens Teubner - Naturpark Stechlin-Ruppiner Land","isPartOf":{"@id":"https:\/\/www.naturparkmagazin.de\/stechlin\/#website"},"datePublished":"2024-08-22T13:00:12+00:00","dateModified":"2024-08-28T13:59:32+00:00","author":{"@id":"https:\/\/www.naturparkmagazin.de\/stechlin\/#\/schema\/person\/3f0d93203df21c806dd63c76d9bb28bc"},"breadcrumb":{"@id":"https:\/\/www.naturparkmagazin.de\/stechlin\/jens-teubner\/#breadcrumb"},"inLanguage":"de","potentialAction":[{"@type":"ReadAction","target":["https:\/\/www.naturparkmagazin.de\/stechlin\/jens-teubner\/"]}]},{"@type":"BreadcrumbList","@id":"https:\/\/www.naturparkmagazin.de\/stechlin\/jens-teubner\/#breadcrumb","itemListElement":[{"@type":"ListItem","position":1,"name":"Home","item":"https:\/\/www.naturparkmagazin.de\/stechlin\/"},{"@type":"ListItem","position":2,"name":"Jens Teubner"}]},{"@type":"WebSite","@id":"https:\/\/www.naturparkmagazin.de\/stechlin\/#website","url":"https:\/\/www.naturparkmagazin.de\/stechlin\/","name":"Naturpark Stechlin-Ruppiner Land","description":"","potentialAction":[{"@type":"SearchAction","target":{"@type":"EntryPoint","urlTemplate":"https:\/\/www.naturparkmagazin.de\/stechlin\/?s={search_term_string}"},"query-input":"required name=search_term_string"}],"inLanguage":"de"},{"@type":"Person","@id":"https:\/\/www.naturparkmagazin.de\/stechlin\/#\/schema\/person\/3f0d93203df21c806dd63c76d9bb28bc","name":"marioschrumpf","url":"https:\/\/www.naturparkmagazin.de\/stechlin\/author\/marioschrumpf\/"}]}},"_links":{"self":[{"href":"https:\/\/www.naturparkmagazin.de\/stechlin\/wp-json\/wp\/v2\/posts\/15987"}],"collection":[{"href":"https:\/\/www.naturparkmagazin.de\/stechlin\/wp-json\/wp\/v2\/posts"}],"about":[{"href":"https:\/\/www.naturparkmagazin.de\/stechlin\/wp-json\/wp\/v2\/types\/post"}],"author":[{"embeddable":true,"href":"https:\/\/www.naturparkmagazin.de\/stechlin\/wp-json\/wp\/v2\/users\/39"}],"replies":[{"embeddable":true,"href":"https:\/\/www.naturparkmagazin.de\/stechlin\/wp-json\/wp\/v2\/comments?post=15987"}],"version-history":[{"count":7,"href":"https:\/\/www.naturparkmagazin.de\/stechlin\/wp-json\/wp\/v2\/posts\/15987\/revisions"}],"predecessor-version":[{"id":16160,"href":"https:\/\/www.naturparkmagazin.de\/stechlin\/wp-json\/wp\/v2\/posts\/15987\/revisions\/16160"}],"wp:featuredmedia":[{"embeddable":true,"href":"https:\/\/www.naturparkmagazin.de\/stechlin\/wp-json\/wp\/v2\/media\/16035"}],"wp:attachment":[{"href":"https:\/\/www.naturparkmagazin.de\/stechlin\/wp-json\/wp\/v2\/media?parent=15987"}],"wp:term":[{"taxonomy":"category","embeddable":true,"href":"https:\/\/www.naturparkmagazin.de\/stechlin\/wp-json\/wp\/v2\/categories?post=15987"},{"taxonomy":"post_tag","embeddable":true,"href":"https:\/\/www.naturparkmagazin.de\/stechlin\/wp-json\/wp\/v2\/tags?post=15987"}],"curies":[{"name":"wp","href":"https:\/\/api.w.org\/{rel}","templated":true}]}}